{"id":8885,"date":"2017-07-30T16:52:06","date_gmt":"2017-07-30T21:52:06","guid":{"rendered":"http:\/\/escatuninter.blog\/?p=8885"},"modified":"2017-07-30T16:52:06","modified_gmt":"2017-07-30T21:52:06","slug":"grupo-calidra-impartiendo-el-taller-de-uso-y-aplicaciones-de-cal-en-uninter-uninterescat-arq-ici","status":"publish","type":"post","link":"https:\/\/blogs.uninter.edu.mx\/ESCAT2\/?p=8885","title":{"rendered":"&#8220;Grupo Calidra&#8221; impartiendo el Taller de Uso y Aplicaciones de Cal en #Uninter #UninterESCAT #ARQ #ICI"},"content":{"rendered":"<p style=\"text-align:justify;\">Como parte de los complementos acad\u00e9micos\u00a0 programados para los estudiantes de la \u00a0<a href=\"http:\/\/www.universidad.uninter.edu.mx\/carreras\/ARQ\" target=\"_blank\" rel=\"noopener\">Licenciatura en Arquitectura<\/a> e <a href=\"http:\/\/www.universidad.uninter.edu.mx\/carreras\/ICI\" target=\"_blank\" rel=\"noopener\">Ingenier\u00eda Civil<\/a> de la <a href=\"https:\/\/www.uninter.edu.mx\/\" target=\"_blank\" rel=\"noopener\">Universidad Internacional<\/a> se invito a la Empresa <strong>&#8220;Grupo Calidra&#8221;<\/strong> quienes nos enriquecieron mediante una pl\u00e1tica \u00a0sobre su gama de productos, novedades, \u00e1reas de aplicaci\u00f3n y tendencias en la edificaci\u00f3n despu\u00e9s realizamos una \u00a0pr\u00e1ctica del uso y manejo de la cal.<\/p>\n<p style=\"text-align:justify;\"><strong><em>Tips donde la puedes utilizar:<\/em><\/strong><\/p>\n<ol>\n<li style=\"text-align:justify;\">Para cocinar algunos platillos o desinfectar frutas y verduras<\/li>\n<li style=\"text-align:justify;\">En la construcci\u00f3n para asfaltos, estabilizaci\u00f3n de suelos, mezclas, acabados, block de Tierra, Stuccos, concretos<\/li>\n<li style=\"text-align:justify;\">Impermeabilizar<\/li>\n<li style=\"text-align:justify;\">Hacer pintura<\/li>\n<li style=\"text-align:justify;\">Como material de construcci\u00f3n de casas ecol\u00f3gicas<\/li>\n<li style=\"text-align:justify;\">Neutralizar y proteger el ambiente<\/li>\n<li style=\"text-align:justify;\">Construcci\u00f3n de casas ecol\u00f3gicas<\/li>\n<li style=\"text-align:justify;\">Desinfectar ba\u00f1os<\/li>\n<li style=\"text-align:justify;\">Radicar plagas en jardines<\/li>\n<li style=\"text-align:justify;\">Eliminar malos olores<\/li>\n<li style=\"text-align:justify;\">El tratamiento de aguas residuales<\/li>\n<li style=\"text-align:justify;\">En restauraciones de patrimonios y centros hist\u00f3ricos<\/li>\n<li style=\"text-align:justify;\">En desastres naturales<\/li>\n<li style=\"text-align:justify;\">En la agricultura como fertilizante<\/li>\n<li style=\"text-align:justify;\">Rellenos Sanitarios<\/li>\n<\/ol>\n<p>&nbsp;<\/p>\n<p>&nbsp;<\/p>\n\n<p>&nbsp;<\/p>\n<p style=\"text-align:right;\">\u00a0<a href=\"https:\/\/www.uninter.edu.mx\/\" target=\"_blank\" rel=\"noopener\">Universidad Internacional<\/a><\/p>\n<p style=\"text-align:right;\"><a href=\"http:\/\/www.universidad.uninter.edu.mx\/carreras\/ARQ\" target=\"_blank\" rel=\"noopener\">Licenciatura en Arquitectura<\/a><\/p>\n<p style=\"text-align:right;\">\u00a0<a href=\"http:\/\/www.universidad.uninter.edu.mx\/carreras\/ICI\" target=\"_blank\" rel=\"noopener\">Ingenier\u00eda Civil<\/a><\/p>\n","protected":false},"excerpt":{"rendered":"<p>Como parte de los complementos acad\u00e9micos\u00a0 programados para los estudiantes de la \u00a0Licenciatura en Arquitectura e Ingenier\u00eda Civil de la Universidad Internacional se invito a la Empresa &#8220;Grupo Calidra&#8221; quienes nos enriquecieron mediante una pl\u00e1tica \u00a0sobre su gama de productos, novedades, \u00e1reas de aplicaci\u00f3n y tendencias en la edificaci\u00f3n despu\u00e9s realizamos una \u00a0pr\u00e1ctica del uso&hellip;<\/p>\n","protected":false},"author":1,"featured_media":8956,"comment_status":"closed","ping_status":"open","sticky":false,"template":"","format":"standard","meta":[],"categories":[4,14,15,16,22],"tags":[],"_links":{"self":[{"href":"https:\/\/blogs.uninter.edu.mx\/ESCAT2\/index.php?rest_route=\/wp\/v2\/posts\/8885"}],"collection":[{"href":"https:\/\/blogs.uninter.edu.mx\/ESCAT2\/index.php?rest_route=\/wp\/v2\/posts"}],"about":[{"href":"https:\/\/blogs.uninter.edu.mx\/ESCAT2\/index.php?rest_route=\/wp\/v2\/types\/post"}],"author":[{"embeddable":true,"href":"https:\/\/blogs.uninter.edu.mx\/ESCAT2\/index.php?rest_route=\/wp\/v2\/users\/1"}],"replies":[{"embeddable":true,"href":"https:\/\/blogs.uninter.edu.mx\/ESCAT2\/index.php?rest_route=%2Fwp%2Fv2%2Fcomments&post=8885"}],"version-history":[{"count":0,"href":"https:\/\/blogs.uninter.edu.mx\/ESCAT2\/index.php?rest_route=\/wp\/v2\/posts\/8885\/revisions"}],"wp:featuredmedia":[{"embeddable":true,"href":"https:\/\/blogs.uninter.edu.mx\/ESCAT2\/index.php?rest_route=\/wp\/v2\/media\/8956"}],"wp:attachment":[{"href":"https:\/\/blogs.uninter.edu.mx\/ESCAT2\/index.php?rest_route=%2Fwp%2Fv2%2Fmedia&parent=8885"}],"wp:term":[{"taxonomy":"category","embeddable":true,"href":"https:\/\/blogs.uninter.edu.mx\/ESCAT2\/index.php?rest_route=%2Fwp%2Fv2%2Fcategories&post=8885"},{"taxonomy":"post_tag","embeddable":true,"href":"https:\/\/blogs.uninter.edu.mx\/ESCAT2\/index.php?rest_route=%2Fwp%2Fv2%2Ftags&post=8885"}],"curies":[{"name":"wp","href":"https:\/\/api.w.org\/{rel}","templated":true}]}}