{"id":897,"date":"2013-05-09T13:51:13","date_gmt":"2013-05-09T18:51:13","guid":{"rendered":"http:\/\/dicaduninter.wordpress.com\/?p=897"},"modified":"2013-05-09T13:51:13","modified_gmt":"2013-05-09T18:51:13","slug":"reunion-de-trabajo-uninter-upemor","status":"publish","type":"post","link":"https:\/\/blogs.uninter.edu.mx\/ESCAT2\/?p=897","title":{"rendered":"REUNI\u00d3N DE TRABAJO UNINTER-UPEMOR"},"content":{"rendered":"<p>El 29 de abril directivos de Uninter tuvieron una reuni\u00f3n de trabajo con directivos de Upermor en sus instalaciones. La reuni\u00f3n tuvo como objetivo fortalecer vinculos de ense\u00f1anza y movilidad por parte de ambas instituciones.<\/p>\n<p><a href=\"http:\/\/dicaduninter.files.wordpress.com\/2013\/05\/la-foto-48.jpg\"><img loading=\"lazy\" alt=\"la foto (48)\" src=\"http:\/\/dicaduninter.files.wordpress.com\/2013\/05\/la-foto-48.jpg\" width=\"640\" height=\"478\" \/><\/a><\/p>\n<p><a href=\"http:\/\/dicaduninter.files.wordpress.com\/2013\/05\/la-foto-54.jpg\"><img loading=\"lazy\" alt=\"la foto (54)\" src=\"http:\/\/dicaduninter.files.wordpress.com\/2013\/05\/la-foto-54.jpg\" width=\"640\" height=\"478\" \/><\/a><\/p>\n<p><a href=\"http:\/\/dicaduninter.files.wordpress.com\/2013\/05\/la-foto-30.jpg\"><img loading=\"lazy\" class=\"aligncenter size-full wp-image-898\" alt=\"la foto (30)\" src=\"http:\/\/dicaduninter.files.wordpress.com\/2013\/05\/la-foto-30.jpg\" width=\"640\" height=\"478\" \/><\/a> <a href=\"http:\/\/dicaduninter.files.wordpress.com\/2013\/05\/la-foto-31.jpg\"><img loading=\"lazy\" class=\"aligncenter size-full wp-image-899\" alt=\"la foto (31)\" src=\"http:\/\/dicaduninter.files.wordpress.com\/2013\/05\/la-foto-31.jpg\" width=\"640\" height=\"478\" \/><\/a> <a href=\"http:\/\/dicaduninter.files.wordpress.com\/2013\/05\/la-foto-39.jpg\"><img loading=\"lazy\" class=\"aligncenter size-full wp-image-900\" alt=\"la foto (39)\" src=\"http:\/\/dicaduninter.files.wordpress.com\/2013\/05\/la-foto-39.jpg\" width=\"640\" height=\"478\" \/><\/a><\/p>\n","protected":false},"excerpt":{"rendered":"<p>El 29 de abril directivos de Uninter tuvieron una reuni\u00f3n de trabajo con directivos de Upermor en sus instalaciones. La reuni\u00f3n tuvo como objetivo fortalecer vinculos de ense\u00f1anza y movilidad por parte de ambas instituciones.<\/p>\n","protected":false},"author":1,"featured_media":0,"comment_status":"closed","ping_status":"open","sticky":false,"template":"","format":"standard","meta":[],"categories":[14,15,16,18,19,20,21,22],"tags":[],"_links":{"self":[{"href":"https:\/\/blogs.uninter.edu.mx\/ESCAT2\/index.php?rest_route=\/wp\/v2\/posts\/897"}],"collection":[{"href":"https:\/\/blogs.uninter.edu.mx\/ESCAT2\/index.php?rest_route=\/wp\/v2\/posts"}],"about":[{"href":"https:\/\/blogs.uninter.edu.mx\/ESCAT2\/index.php?rest_route=\/wp\/v2\/types\/post"}],"author":[{"embeddable":true,"href":"https:\/\/blogs.uninter.edu.mx\/ESCAT2\/index.php?rest_route=\/wp\/v2\/users\/1"}],"replies":[{"embeddable":true,"href":"https:\/\/blogs.uninter.edu.mx\/ESCAT2\/index.php?rest_route=%2Fwp%2Fv2%2Fcomments&post=897"}],"version-history":[{"count":0,"href":"https:\/\/blogs.uninter.edu.mx\/ESCAT2\/index.php?rest_route=\/wp\/v2\/posts\/897\/revisions"}],"wp:attachment":[{"href":"https:\/\/blogs.uninter.edu.mx\/ESCAT2\/index.php?rest_route=%2Fwp%2Fv2%2Fmedia&parent=897"}],"wp:term":[{"taxonomy":"category","embeddable":true,"href":"https:\/\/blogs.uninter.edu.mx\/ESCAT2\/index.php?rest_route=%2Fwp%2Fv2%2Fcategories&post=897"},{"taxonomy":"post_tag","embeddable":true,"href":"https:\/\/blogs.uninter.edu.mx\/ESCAT2\/index.php?rest_route=%2Fwp%2Fv2%2Ftags&post=897"}],"curies":[{"name":"wp","href":"https:\/\/api.w.org\/{rel}","templated":true}]}}