{"id":916,"date":"2013-05-13T18:05:23","date_gmt":"2013-05-13T23:05:23","guid":{"rendered":"http:\/\/dicaduninter.wordpress.com\/?p=916"},"modified":"2013-05-13T18:05:23","modified_gmt":"2013-05-13T23:05:23","slug":"docente-uninter-participa-en-foro-de-informacion-y-consulta-sobre-reforma-educativa","status":"publish","type":"post","link":"https:\/\/blogs.uninter.edu.mx\/ESCAT2\/?p=916","title":{"rendered":"Docente Uninter participa en &#8220;Foro de Informaci\u00f3n y Consulta sobre Reforma Educativa&#8221;"},"content":{"rendered":"<p><img loading=\"lazy\" class=\"size-full wp-image-914 alignnone\" alt=\"Nota Foro de Informaci\u00f3n y Consulta.fw\" src=\"http:\/\/dicaduninter.files.wordpress.com\/2013\/05\/nota-foro-de-informacic3b3n-y-consulta-fw.png\" width=\"630\" height=\"441\" \/><\/p>\n<p><img loading=\"lazy\" class=\"aligncenter size-full wp-image-917\" alt=\"Foto Foro.fw\" src=\"http:\/\/dicaduninter.files.wordpress.com\/2013\/05\/foto-foro-fw.png\" width=\"630\" height=\"441\" \/><\/p>\n<p>El <strong>Mtro. Armando Reyna Ballesteros<\/strong>, particip\u00f3 dentro del \u00e1rea de <strong>\u201cInnovaci\u00f3n y Tecnolog\u00eda Educativa: Detonador para Servicio Profesional Docente\u201d<\/strong>. Evento organizado por el <strong>Gobierno Estatal, la Secretaria de Educaci\u00f3n P\u00fablica y la C\u00e1mara de Diputados<\/strong>; que re\u00fane a docentes, directivos, investigadores, acad\u00e9micos, organizaciones sindicales magisteriales y sociales para establecer los lineamientos y acuerdos que permitir\u00e1n definir acciones en materia de educaci\u00f3n, como el servicio profesional docente, la evaluaci\u00f3n de la educaci\u00f3n, la autonom\u00eda de gesti\u00f3n de las escuelas, entre otros temas de car\u00e1cter educativo. El evento tuvo lugar el 13 de mayo en las instalaciones de la <strong>Universidad Aut\u00f3noma del Estado de Morelos<\/strong>.<\/p>\n","protected":false},"excerpt":{"rendered":"<p>El Mtro. Armando Reyna Ballesteros, particip\u00f3 dentro del \u00e1rea de \u201cInnovaci\u00f3n y Tecnolog\u00eda Educativa: Detonador para Servicio Profesional Docente\u201d. Evento organizado por el Gobierno Estatal, la Secretaria de Educaci\u00f3n P\u00fablica y la C\u00e1mara de Diputados; que re\u00fane a docentes, directivos, investigadores, acad\u00e9micos, organizaciones sindicales magisteriales y sociales para establecer los lineamientos y acuerdos que permitir\u00e1n&hellip;<\/p>\n","protected":false},"author":1,"featured_media":0,"comment_status":"closed","ping_status":"open","sticky":false,"template":"","format":"standard","meta":[],"categories":[18],"tags":[],"_links":{"self":[{"href":"https:\/\/blogs.uninter.edu.mx\/ESCAT2\/index.php?rest_route=\/wp\/v2\/posts\/916"}],"collection":[{"href":"https:\/\/blogs.uninter.edu.mx\/ESCAT2\/index.php?rest_route=\/wp\/v2\/posts"}],"about":[{"href":"https:\/\/blogs.uninter.edu.mx\/ESCAT2\/index.php?rest_route=\/wp\/v2\/types\/post"}],"author":[{"embeddable":true,"href":"https:\/\/blogs.uninter.edu.mx\/ESCAT2\/index.php?rest_route=\/wp\/v2\/users\/1"}],"replies":[{"embeddable":true,"href":"https:\/\/blogs.uninter.edu.mx\/ESCAT2\/index.php?rest_route=%2Fwp%2Fv2%2Fcomments&post=916"}],"version-history":[{"count":0,"href":"https:\/\/blogs.uninter.edu.mx\/ESCAT2\/index.php?rest_route=\/wp\/v2\/posts\/916\/revisions"}],"wp:attachment":[{"href":"https:\/\/blogs.uninter.edu.mx\/ESCAT2\/index.php?rest_route=%2Fwp%2Fv2%2Fmedia&parent=916"}],"wp:term":[{"taxonomy":"category","embeddable":true,"href":"https:\/\/blogs.uninter.edu.mx\/ESCAT2\/index.php?rest_route=%2Fwp%2Fv2%2Fcategories&post=916"},{"taxonomy":"post_tag","embeddable":true,"href":"https:\/\/blogs.uninter.edu.mx\/ESCAT2\/index.php?rest_route=%2Fwp%2Fv2%2Ftags&post=916"}],"curies":[{"name":"wp","href":"https:\/\/api.w.org\/{rel}","templated":true}]}}