{"id":9742,"date":"2017-08-01T09:41:11","date_gmt":"2017-08-01T14:41:11","guid":{"rendered":"http:\/\/escatuninter.blog\/?p=9742"},"modified":"2017-08-01T09:41:11","modified_gmt":"2017-08-01T14:41:11","slug":"update-de-tendencias-2017-noticiasescat-uninter","status":"publish","type":"post","link":"https:\/\/blogs.uninter.edu.mx\/ESCAT2\/?p=9742","title":{"rendered":"Update de Tendencias 2017 #NoticiasESCAT #Uninter"},"content":{"rendered":"<p style=\"text-align:justify;\">Ya se fue la mitad del a\u00f1o y con \u00e9l algunas tendencias que no alcanzaron a despegar, mientras que otras se arraigaron con fuerza. Descubre el pron\u00f3stico interiorista para los siguientes meses.<\/p>\n<p>La mayor\u00eda de los colores Pantone 2017 hacen referencia a conectarnos con el exterior, as\u00ed que los espacios siguieron esa l\u00ednea con grandes ventanales y jardines interiores.<\/p>\n<div id=\"attachment_9746\" style=\"width: 621px\" class=\"wp-caption alignnone\"><img aria-describedby=\"caption-attachment-9746\" loading=\"lazy\" class=\"alignnone size-full wp-image-9746\" src=\"https:\/\/dicaduninter.files.wordpress.com\/2017\/07\/sims-hilditch-interiors.jpg\" alt=\"Sims Hilditch Interiors\" width=\"615\" height=\"434\" \/><p id=\"caption-attachment-9746\" class=\"wp-caption-text\">Update de Tendencias 2017<\/p><\/div>\n<p style=\"text-align:justify;\">Seg\u00fan Pinterest, la palabra m\u00e1s buscada en la categor\u00eda de decoraci\u00f3n es \u201cacuarela\u201d. Los colores pastel deslavados comienzan a liderar la paleta de interiorismo.<\/p>\n<div id=\"attachment_9749\" style=\"width: 621px\" class=\"wp-caption alignnone\"><img aria-describedby=\"caption-attachment-9749\" loading=\"lazy\" class=\"alignnone size-full wp-image-9749\" src=\"https:\/\/dicaduninter.files.wordpress.com\/2017\/07\/french-design-pedia.jpg\" alt=\"French Design Pedia\" width=\"615\" height=\"434\" \/><p id=\"caption-attachment-9749\" class=\"wp-caption-text\">Update de Tendencias 2017<\/p><\/div>\n<p style=\"text-align:justify;\">En enero se anunciaba que los a\u00f1os 70 renacer\u00edan, y as\u00ed ha sido, pero a\u00fan con m\u00e1s impulso del que se esperaba. Las l\u00edneas, colores y estampados de la \u00e9poca fascinan.<\/p>\n<div id=\"attachment_9753\" style=\"width: 621px\" class=\"wp-caption alignnone\"><img aria-describedby=\"caption-attachment-9753\" loading=\"lazy\" class=\"alignnone size-full wp-image-9753\" src=\"https:\/\/dicaduninter.files.wordpress.com\/2017\/07\/room-mate-hotels.jpg\" alt=\"Room Mate Hotels\" width=\"615\" height=\"435\" \/><p id=\"caption-attachment-9753\" class=\"wp-caption-text\">Update de Tendencias 2017<\/p><\/div>\n<p>Se est\u00e1 yendo\u2026 el color mostaza. Quiz\u00e1 tuvimos una sobrecarga de \u00e9l, y aunque sigue presente en la mayor\u00eda de las tiendas, \u00bfcomienza a cansarte cierto?<\/p>\n<p><img loading=\"lazy\" class=\"alignnone size-full wp-image-9756\" src=\"https:\/\/dicaduninter.files.wordpress.com\/2017\/07\/drawing-room-architecture.jpg\" alt=\"Drawing Room Architecture\" width=\"615\" height=\"434\" \/><\/p>\n<p style=\"text-align:justify;\">Los mosaicos color verde y las plantas en conjunto son otra de las tendencias que despega con mucha fuerza.<\/p>\n<p><img loading=\"lazy\" class=\"alignnone size-full wp-image-9759\" src=\"https:\/\/dicaduninter.files.wordpress.com\/2017\/07\/frenchy-fancy.jpg\" alt=\"Frenchy Fancy\" width=\"546\" height=\"720\" \/><\/p>\n<p style=\"text-align:justify;\">Las decoraciones ex\u00f3ticas eran una buena idea, pero en exceso pueden hacer del ambiente una fiesta tem\u00e1tica, quiz\u00e1 por eso han quedado rezagadas en el lejano oriente.<\/p>\n<div id=\"attachment_9763\" style=\"width: 552px\" class=\"wp-caption alignnone\"><img aria-describedby=\"caption-attachment-9763\" loading=\"lazy\" class=\"alignnone size-full wp-image-9763\" src=\"https:\/\/dicaduninter.files.wordpress.com\/2017\/07\/avenue-lifestyle.jpg\" alt=\"Avenue Lifestyle\" width=\"546\" height=\"720\" \/><p id=\"caption-attachment-9763\" class=\"wp-caption-text\">Update de Tendencias 2017<\/p><\/div>\n<p style=\"text-align:justify;\">El panorama decorativo anuncia que los acabados de madera cruda seguir\u00e1n a la vanguardia, siempre y cuando tengan certificaci\u00f3n de procedencia sustentable.<\/p>\n<p><img loading=\"lazy\" class=\"alignnone size-full wp-image-9767\" src=\"https:\/\/dicaduninter.files.wordpress.com\/2017\/07\/tim-voi.jpg\" alt=\"Tim Voi\" width=\"615\" height=\"434\" \/><\/p>\n<p style=\"text-align:justify;\">Decimos adi\u00f3s al dise\u00f1o industrial, aunque contin\u00faa siendo un estilo atemporal, perdi\u00f3 su fuerza dentro de las principales corrientes de decoraci\u00f3n.<\/p>\n<p>Fuente: Architectural Digest<\/p>\n<p>&nbsp;<\/p>\n<p style=\"text-align:right;\"><a href=\"https:\/\/www.uninter.edu.mx\/\">Universidad Internacional<\/a><\/p>\n<p style=\"text-align:right;\"><a href=\"http:\/\/www.universidad.uninter.edu.mx\/carreras\/LDI\">Licenciatura en Dise\u00f1o Industrial<\/a><\/p>\n<p style=\"text-align:right;\"><a href=\"http:\/\/www.educacioncontinua.uninter.edu.mx\/Dip-Dise%C3%B1o-de-Interiores\">Diplomado en Dise\u00f1o de Interiores<\/a><\/p>\n","protected":false},"excerpt":{"rendered":"<p>Ya se fue la mitad del a\u00f1o y con \u00e9l algunas tendencias que no alcanzaron a despegar, mientras que otras se arraigaron con fuerza. Descubre el pron\u00f3stico interiorista para los siguientes meses. La mayor\u00eda de los colores Pantone 2017 hacen referencia a conectarnos con el exterior, as\u00ed que los espacios siguieron esa l\u00ednea con grandes&hellip;<\/p>\n","protected":false},"author":1,"featured_media":9743,"comment_status":"closed","ping_status":"open","sticky":false,"template":"","format":"standard","meta":[],"categories":[7,10,27],"tags":[31,462,528,906,1548],"_links":{"self":[{"href":"https:\/\/blogs.uninter.edu.mx\/ESCAT2\/index.php?rest_route=\/wp\/v2\/posts\/9742"}],"collection":[{"href":"https:\/\/blogs.uninter.edu.mx\/ESCAT2\/index.php?rest_route=\/wp\/v2\/posts"}],"about":[{"href":"https:\/\/blogs.uninter.edu.mx\/ESCAT2\/index.php?rest_route=\/wp\/v2\/types\/post"}],"author":[{"embeddable":true,"href":"https:\/\/blogs.uninter.edu.mx\/ESCAT2\/index.php?rest_route=\/wp\/v2\/users\/1"}],"replies":[{"embeddable":true,"href":"https:\/\/blogs.uninter.edu.mx\/ESCAT2\/index.php?rest_route=%2Fwp%2Fv2%2Fcomments&post=9742"}],"version-history":[{"count":0,"href":"https:\/\/blogs.uninter.edu.mx\/ESCAT2\/index.php?rest_route=\/wp\/v2\/posts\/9742\/revisions"}],"wp:featuredmedia":[{"embeddable":true,"href":"https:\/\/blogs.uninter.edu.mx\/ESCAT2\/index.php?rest_route=\/wp\/v2\/media\/9743"}],"wp:attachment":[{"href":"https:\/\/blogs.uninter.edu.mx\/ESCAT2\/index.php?rest_route=%2Fwp%2Fv2%2Fmedia&parent=9742"}],"wp:term":[{"taxonomy":"category","embeddable":true,"href":"https:\/\/blogs.uninter.edu.mx\/ESCAT2\/index.php?rest_route=%2Fwp%2Fv2%2Fcategories&post=9742"},{"taxonomy":"post_tag","embeddable":true,"href":"https:\/\/blogs.uninter.edu.mx\/ESCAT2\/index.php?rest_route=%2Fwp%2Fv2%2Ftags&post=9742"}],"curies":[{"name":"wp","href":"https:\/\/api.w.org\/{rel}","templated":true}]}}