{"id":2769,"date":"2016-06-16T12:00:21","date_gmt":"2016-06-16T17:00:21","guid":{"rendered":"http:\/\/filarmonicadecuernavaca.mx\/?p=2769"},"modified":"2016-06-16T12:00:21","modified_gmt":"2016-06-16T17:00:21","slug":"ranking-mejores-compositores-clasicos","status":"publish","type":"post","link":"https:\/\/blogs.uninter.edu.mx\/Filarmonica\/index.php\/2016\/06\/16\/ranking-mejores-compositores-clasicos\/","title":{"rendered":"Ranking mejores Compositores Cl\u00e1sicos"},"content":{"rendered":"<div class=\"elemento \">\n<div class=\"info \">\n<h3><strong>1.<\/strong> Ludwig Van Beethoven<\/h3>\n<p class=\"fotolista\"><a class=\"cbox-item cboxElement\" title=\"1. Ludwing Van Beethoven\" href=\"http:\/\/st-listas.20minutos.es\/images\/2007-10\/1514\/18325_640px.jpg?1193136707\"><img decoding=\"async\" class=\"lazy aligncenter\" src=\"http:\/\/st-listas.20minutos.es\/images\/2007-10\/1514\/18325_249px.jpg?1193136707\" alt=\"Ludwing Van Beethoven\" width=\"249\" \/><\/a><\/p>\n<div class=\"estirar\"><\/div>\n<div class=\"hotwords\">\n<div class=\"descripcion_elemento\" style=\"text-align:justify;\">Ludwig van Beethoven (Bonn, 16 de diciembre de 1770 &#8211; Viena, 26 de marzo de 1827), compositor alem\u00e1n de m\u00fasica acad\u00e9mica (o m\u00fasica cl\u00e1sica). Se le considera como el principal precursor de la transici\u00f3n del clasicismo al romanticismo.<\/div>\n<\/div>\n<\/div>\n<\/div>\n<div class=\"elemento \">\n<div class=\"info \">\n<h3><strong>2.<\/strong> Wolfgang Amadeus Mozart<\/h3>\n<p class=\"fotolista\"><a class=\"cbox-item cboxElement\" title=\"2. Wolfgang Amadeus Mozart\" href=\"http:\/\/st-listas.20minutos.es\/images\/2007-10\/1514\/18328_640px.jpg?1193136707\"><img decoding=\"async\" class=\"lazy aligncenter\" src=\"http:\/\/st-listas.20minutos.es\/images\/2007-10\/1514\/18328_249px.jpg?1193136707\" alt=\"Wolfgang Amadeus Mozart\" width=\"249\" \/><\/a><\/p>\n<div class=\"estirar\"><\/div>\n<div class=\"hotwords\">\n<div class=\"descripcion_elemento\" style=\"text-align:justify;\">Johannes Chrysostomus Wolfgangus Theophilus Mozart ,m\u00e1s conocido con el nombre de Wolfgang Amadeus Mozart (Salzburgo, actual Austria, 27 de enero de 1756 &#8211; Viena, 5 de diciembre de 1791), es considerado como uno de los m\u00e1s grandes compositores de m\u00fasica cl\u00e1sica del mundo occidental.<\/div>\n<\/div>\n<\/div>\n<\/div>\n<div class=\"elemento \">\n<div class=\"info \">\n<h3><strong>3.<\/strong> Johan Sebastian Bach<\/h3>\n<p class=\"fotolista\"><a class=\"cbox-item cboxElement\" title=\"3. Johan Sebastian Bach\" href=\"http:\/\/st-listas.20minutos.es\/images\/2007-10\/1514\/18324_640px.jpg?1193136707\"><img decoding=\"async\" class=\"lazy aligncenter\" src=\"http:\/\/st-listas.20minutos.es\/images\/2007-10\/1514\/18324_249px.jpg?1193136707\" alt=\"Johan Sebastian Bach\" width=\"249\" \/><\/a><\/p>\n<div class=\"estirar\"><\/div>\n<div class=\"hotwords\">\n<div class=\"descripcion_elemento\" style=\"text-align:justify;\">Johann Sebastian Bach (Eisenach, Turingia, 21 de marzo de 1685 &#8211; Leipzig, 28 de julio de 1750) fue un organista y compositor de m\u00fasica cl\u00e1sica del barroco, miembro de una de las familias de m\u00fasicos m\u00e1s extraordinarias de la historia<\/div>\n<\/div>\n<\/div>\n<\/div>\n<div class=\"elemento \">\n<div class=\"info \">\n<h3><strong>4.<\/strong> Antonio Vivaldi<\/h3>\n<p class=\"fotolista\"><a class=\"cbox-item cboxElement\" title=\"4. Antonio Vivaldi\" href=\"http:\/\/st-listas.20minutos.es\/images\/2007-10\/1514\/18333_640px.jpg?1193136707\"><img decoding=\"async\" class=\"lazy aligncenter\" src=\"http:\/\/st-listas.20minutos.es\/images\/2007-10\/1514\/18333_249px.jpg?1193136707\" alt=\"Antonio Vivaldi\" width=\"249\" \/><\/a><\/p>\n<div class=\"estirar\"><\/div>\n<div class=\"hotwords\">\n<div class=\"descripcion_elemento\" style=\"text-align:justify;\">Antonio Lucio Vivaldi (Venecia, 4 de marzo de 1678 &#8211; Viena, 28 de julio de 1741). Compositor del alto barroco, apodado il prete rosso (&#8220;el cura rojo&#8221;) por ser sacerdote y pelirrojo<\/div>\n<\/div>\n<\/div>\n<\/div>\n<div class=\"elemento \">\n<div class=\"info \">\n<h3><strong>5.<\/strong> Frederick Chopin<\/h3>\n<p class=\"fotolista\"><a class=\"cbox-item cboxElement\" title=\"5. Frederick Chopin\" href=\"http:\/\/st-listas.20minutos.es\/images\/2007-10\/1514\/18326_640px.jpg?1193136707\"><img decoding=\"async\" class=\"lazy aligncenter\" src=\"http:\/\/st-listas.20minutos.es\/images\/2007-10\/1514\/18326_249px.jpg?1193136707\" alt=\"Frederick Chopin\" width=\"249\" \/><\/a><\/p>\n<div class=\"estirar\" style=\"text-align:justify;\"><\/div>\n<div class=\"hotwords\">\n<div class=\"descripcion_elemento\" style=\"text-align:justify;\">Fryderyk Franciszek Chopin, \u017belazowa Wola, Polonia, 1 de marzo de 1810 &#8212; Par\u00eds, 17 de octubre de 1849) es considerado el m\u00e1s grande compositor polaco, y tambi\u00e9n uno de los m\u00e1s importantes pianistas de la historia.<\/div>\n<\/div>\n<div class=\"puntos\"><\/div>\n<\/div>\n<\/div>\n<div id=\"ultimedia_wrapper\"><\/div>\n<div class=\"elemento \">\n<div class=\"info \">\n<h3><strong>6.<\/strong> Tchaikovsky<\/h3>\n<p class=\"fotolista\"><a class=\"cbox-item cboxElement\" title=\"6. Tchaikovsky\" href=\"http:\/\/st-listas.20minutos.es\/images\/2007-10\/1514\/18331_640px.jpg?1193136707\"><img decoding=\"async\" class=\"lazy aligncenter\" src=\"http:\/\/st-listas.20minutos.es\/images\/2007-10\/1514\/18331_249px.jpg?1193136707\" alt=\"Tchaikovsky\" width=\"249\" \/><\/a><\/p>\n<div class=\"estirar\" style=\"text-align:justify;\"><\/div>\n<div class=\"hotwords\">\n<div class=\"descripcion_elemento\" style=\"text-align:justify;\">Piotr Ilich Chaikovski,Votkinsk, 7 de mayo de 1840 &#8211; San Petersburgo, 6 de noviembre de 1893 es uno de los compositores rusos m\u00e1s importantes del siglo XIX<\/div>\n<\/div>\n<\/div>\n<\/div>\n<div class=\"elemento \">\n<div class=\"info \">\n<h3><strong>7.<\/strong> Richard Wagner<\/h3>\n<p class=\"fotolista\"><a class=\"cbox-item cboxElement\" title=\"7. Richard Wagner\" href=\"http:\/\/st-listas.20minutos.es\/images\/2007-10\/1514\/18323_640px.jpg?1193136707\"><img decoding=\"async\" class=\"lazy aligncenter\" src=\"http:\/\/st-listas.20minutos.es\/images\/2007-10\/1514\/18323_249px.jpg?1193136707\" alt=\"Richard Wagner\" width=\"249\" \/><\/a><\/p>\n<div class=\"estirar\"><\/div>\n<div class=\"hotwords\">\n<div class=\"descripcion_elemento\">Richard Wagner naci\u00f3 en Leipzig el 22 de mayo de 1813.<\/div>\n<\/div>\n<\/div>\n<\/div>\n<div class=\"elemento \">\n<div class=\"info \">\n<h3><strong>8.<\/strong> Johann Strauss<\/h3>\n<p class=\"fotolista\"><a class=\"cbox-item cboxElement\" title=\"8. Johann Strauss\" href=\"http:\/\/st-listas.20minutos.es\/images\/2007-10\/1514\/18383_640px.jpg?1193136707\"><img decoding=\"async\" class=\"lazy aligncenter\" src=\"http:\/\/st-listas.20minutos.es\/images\/2007-10\/1514\/18383_249px.jpg?1193136707\" alt=\"Johann Strauss\" width=\"249\" \/><\/a><\/p>\n<div class=\"estirar\"><\/div>\n<div class=\"hotwords\">\n<div class=\"descripcion_elemento\" style=\"text-align:justify;\">Johann Strauss I (; Viena, 14 de marzo de 1804 &#8211; 25 de septiembre de 1849) fue un compositor austriaco conocido particularmente por sus valses<\/div>\n<\/div>\n<\/div>\n<\/div>\n<div class=\"elemento \">\n<div class=\"info \">\n<h3><strong>9.<\/strong> Manuel De Falla<\/h3>\n<p class=\"fotolista\"><a class=\"cbox-item cboxElement\" title=\"9. Manuel De Falla\" href=\"http:\/\/st-listas.20minutos.es\/images\/2007-10\/1514\/18327_640px.jpg?1193136707\"><img decoding=\"async\" class=\"lazy aligncenter\" src=\"http:\/\/st-listas.20minutos.es\/images\/2007-10\/1514\/18327_249px.jpg?1193136707\" alt=\"Manuel De Falla\" width=\"249\" \/><\/a><\/p>\n<div class=\"estirar\"><\/div>\n<div class=\"hotwords\">\n<div class=\"descripcion_elemento\" style=\"text-align:justify;\">Manuel de Falla y Matheu (C\u00e1diz, 23 de noviembre de 1876 &#8211; &#8224; Alta Gracia (Argentina), 14 de noviembre de 1946), fue un compositor espa\u00f1ol de m\u00fasica cl\u00e1sica, que junto a Isaac Alb\u00e9niz y Enrique Granados, es considerado uno de los pilares de la m\u00fasica nacional de Espa\u00f1a.<\/div>\n<\/div>\n<\/div>\n<\/div>\n<div class=\"elemento \">\n<div class=\"info \">\n<h3><strong>10.<\/strong> Giuseppe Verdi<\/h3>\n<p class=\"fotolista\"><a class=\"cbox-item cboxElement\" title=\"10. Giuseppe Verdi\" href=\"http:\/\/st-listas.20minutos.es\/images\/2007-10\/1514\/18332_640px.jpg?1193136707\"><img decoding=\"async\" class=\"lazy aligncenter\" src=\"http:\/\/st-listas.20minutos.es\/images\/2007-10\/1514\/18332_249px.jpg?1193136707\" alt=\"Giuseppe Verdi\" width=\"249\" \/><\/a><\/p>\n<div class=\"hotwords\">\n<div class=\"descripcion_elemento\" style=\"text-align:justify;\">Giuseppe Fortunino Francesco Verdi (Roncole, 10 de octubre de 1813 &#8211; Mil\u00e1n, 27 de enero de 1901), compositor rom\u00e1ntico italiano de \u00f3pera del siglo XIX muy conocido<\/div>\n<\/div>\n<\/div>\n<\/div>\n<div class=\"elemento ultimo\">\n<div class=\"info \">\n<h3><strong>11.<\/strong> Igor Stravinsky<\/h3>\n<p class=\"fotolista\"><a class=\"cbox-item cboxElement\" title=\"11. Igor Stravinsky\" href=\"http:\/\/st-listas.20minutos.es\/images\/2007-10\/1514\/18382_640px.jpg?1193136707\"><img decoding=\"async\" class=\"lazy aligncenter\" src=\"http:\/\/st-listas.20minutos.es\/images\/2007-10\/1514\/18382_249px.jpg?1193136707\" alt=\"Igor Stravinsky\" width=\"249\" \/><\/a><\/p>\n<div class=\"hotwords\">\n<div class=\"descripcion_elemento\">\u00cdgor Fi\u00f3dorovich Stravinsky (Oranienbaum, 17 de junio de 1882 &#8211; &#8224; Nueva York, 6 de abril de 1971) fue un compositor y director de orquesta ruso, uno de los m\u00e1s importantes y trascendentales del siglo XX.<\/div>\n<\/div>\n<\/div>\n<\/div>\n","protected":false},"excerpt":{"rendered":"<p>1. Ludwig Van Beethoven Ludwig van Beethoven (Bonn, 16 de diciembre de 1770 &#8211; Viena, 26 de marzo de 1827), compositor alem\u00e1n de m\u00fasica acad\u00e9mica (o m\u00fasica cl\u00e1sica). Se le considera como el principal precursor de la transici\u00f3n del clasicismo al romanticismo. 2. Wolfgang Amadeus Mozart Johannes Chrysostomus Wolfgangus Theophilus Mozart ,m\u00e1s conocido con el&hellip;<\/p>\n","protected":false},"author":4,"featured_media":0,"comment_status":"closed","ping_status":"open","sticky":false,"template":"","format":"standard","meta":{"_jetpack_memberships_contains_paid_content":false,"footnotes":"","jetpack_publicize_message":"","jetpack_publicize_feature_enabled":true,"jetpack_social_post_already_shared":false,"jetpack_social_options":{"image_generator_settings":{"template":"highway","enabled":false}}},"categories":[1],"tags":[],"class_list":["post-2769","post","type-post","status-publish","format-standard","hentry","category-sin-categoria"],"jetpack_publicize_connections":[],"yoast_head":"<!-- This site is optimized with the Yoast SEO plugin v22.8 - https:\/\/yoast.com\/wordpress\/plugins\/seo\/ -->\r\n<title>Ranking mejores Compositores Cl\u00e1sicos - Filarmonica UNINTER<\/title>\r\n<meta name=\"robots\" content=\"index, follow, max-snippet:-1, max-image-preview:large, max-video-preview:-1\" \/>\r\n<link rel=\"canonical\" href=\"https:\/\/blogs.uninter.edu.mx\/Filarmonica\/index.php\/2016\/06\/16\/ranking-mejores-compositores-clasicos\/\" \/>\r\n<meta property=\"og:locale\" content=\"es_MX\" \/>\r\n<meta property=\"og:type\" content=\"article\" \/>\r\n<meta property=\"og:title\" content=\"Ranking mejores Compositores Cl\u00e1sicos - Filarmonica UNINTER\" \/>\r\n<meta property=\"og:description\" content=\"1. Ludwig Van Beethoven Ludwig van Beethoven (Bonn, 16 de diciembre de 1770 &#8211; Viena, 26 de marzo de 1827), compositor alem\u00e1n de m\u00fasica acad\u00e9mica (o m\u00fasica cl\u00e1sica). Se le considera como el principal precursor de la transici\u00f3n del clasicismo al romanticismo. 2. Wolfgang Amadeus Mozart Johannes Chrysostomus Wolfgangus Theophilus Mozart ,m\u00e1s conocido con el&hellip;\" \/>\r\n<meta property=\"og:url\" content=\"https:\/\/blogs.uninter.edu.mx\/Filarmonica\/index.php\/2016\/06\/16\/ranking-mejores-compositores-clasicos\/\" \/>\r\n<meta property=\"og:site_name\" content=\"Filarmonica UNINTER\" \/>\r\n<meta property=\"article:published_time\" content=\"2016-06-16T17:00:21+00:00\" \/>\r\n<meta property=\"og:image\" content=\"http:\/\/st-listas.20minutos.es\/images\/2007-10\/1514\/18325_249px.jpg?1193136707\" \/>\r\n<meta name=\"author\" content=\"luzgalvez\" \/>\r\n<meta name=\"twitter:card\" content=\"summary_large_image\" \/>\r\n<meta name=\"twitter:label1\" content=\"Escrito por\" \/>\n\t<meta name=\"twitter:data1\" content=\"luzgalvez\" \/>\n\t<meta name=\"twitter:label2\" content=\"Tiempo de lectura\" \/>\n\t<meta name=\"twitter:data2\" content=\"2 minutos\" \/>\r\n<script type=\"application\/ld+json\" class=\"yoast-schema-graph\">{\"@context\":\"https:\/\/schema.org\",\"@graph\":[{\"@type\":\"WebPage\",\"@id\":\"https:\/\/blogs.uninter.edu.mx\/Filarmonica\/index.php\/2016\/06\/16\/ranking-mejores-compositores-clasicos\/\",\"url\":\"https:\/\/blogs.uninter.edu.mx\/Filarmonica\/index.php\/2016\/06\/16\/ranking-mejores-compositores-clasicos\/\",\"name\":\"Ranking mejores Compositores Cl\u00e1sicos - Filarmonica UNINTER\",\"isPartOf\":{\"@id\":\"https:\/\/blogs.uninter.edu.mx\/Filarmonica\/#website\"},\"primaryImageOfPage\":{\"@id\":\"https:\/\/blogs.uninter.edu.mx\/Filarmonica\/index.php\/2016\/06\/16\/ranking-mejores-compositores-clasicos\/#primaryimage\"},\"image\":{\"@id\":\"https:\/\/blogs.uninter.edu.mx\/Filarmonica\/index.php\/2016\/06\/16\/ranking-mejores-compositores-clasicos\/#primaryimage\"},\"thumbnailUrl\":\"http:\/\/st-listas.20minutos.es\/images\/2007-10\/1514\/18325_249px.jpg?1193136707\",\"datePublished\":\"2016-06-16T17:00:21+00:00\",\"dateModified\":\"2016-06-16T17:00:21+00:00\",\"author\":{\"@id\":\"https:\/\/blogs.uninter.edu.mx\/Filarmonica\/#\/schema\/person\/5fdfc9be41d7a26b139afd4de61c3664\"},\"breadcrumb\":{\"@id\":\"https:\/\/blogs.uninter.edu.mx\/Filarmonica\/index.php\/2016\/06\/16\/ranking-mejores-compositores-clasicos\/#breadcrumb\"},\"inLanguage\":\"es-MX\",\"potentialAction\":[{\"@type\":\"ReadAction\",\"target\":[\"https:\/\/blogs.uninter.edu.mx\/Filarmonica\/index.php\/2016\/06\/16\/ranking-mejores-compositores-clasicos\/\"]}]},{\"@type\":\"ImageObject\",\"inLanguage\":\"es-MX\",\"@id\":\"https:\/\/blogs.uninter.edu.mx\/Filarmonica\/index.php\/2016\/06\/16\/ranking-mejores-compositores-clasicos\/#primaryimage\",\"url\":\"http:\/\/st-listas.20minutos.es\/images\/2007-10\/1514\/18325_249px.jpg?1193136707\",\"contentUrl\":\"http:\/\/st-listas.20minutos.es\/images\/2007-10\/1514\/18325_249px.jpg?1193136707\"},{\"@type\":\"BreadcrumbList\",\"@id\":\"https:\/\/blogs.uninter.edu.mx\/Filarmonica\/index.php\/2016\/06\/16\/ranking-mejores-compositores-clasicos\/#breadcrumb\",\"itemListElement\":[{\"@type\":\"ListItem\",\"position\":1,\"name\":\"Inicio\",\"item\":\"https:\/\/blogs.uninter.edu.mx\/Filarmonica\/\"},{\"@type\":\"ListItem\",\"position\":2,\"name\":\"Ranking mejores Compositores Cl\u00e1sicos\"}]},{\"@type\":\"WebSite\",\"@id\":\"https:\/\/blogs.uninter.edu.mx\/Filarmonica\/#website\",\"url\":\"https:\/\/blogs.uninter.edu.mx\/Filarmonica\/\",\"name\":\"Filarmonica UNINTER\",\"description\":\"\",\"potentialAction\":[{\"@type\":\"SearchAction\",\"target\":{\"@type\":\"EntryPoint\",\"urlTemplate\":\"https:\/\/blogs.uninter.edu.mx\/Filarmonica\/?s={search_term_string}\"},\"query-input\":\"required name=search_term_string\"}],\"inLanguage\":\"es-MX\"},{\"@type\":\"Person\",\"@id\":\"https:\/\/blogs.uninter.edu.mx\/Filarmonica\/#\/schema\/person\/5fdfc9be41d7a26b139afd4de61c3664\",\"name\":\"luzgalvez\",\"image\":{\"@type\":\"ImageObject\",\"inLanguage\":\"es-MX\",\"@id\":\"https:\/\/blogs.uninter.edu.mx\/Filarmonica\/#\/schema\/person\/image\/\",\"url\":\"https:\/\/secure.gravatar.com\/avatar\/cf42be0541bffe97edcfdd314483f26481497b0a6a32669684590878e1ee0288?s=96&d=mm&r=g\",\"contentUrl\":\"https:\/\/secure.gravatar.com\/avatar\/cf42be0541bffe97edcfdd314483f26481497b0a6a32669684590878e1ee0288?s=96&d=mm&r=g\",\"caption\":\"luzgalvez\"},\"url\":\"https:\/\/blogs.uninter.edu.mx\/Filarmonica\/index.php\/author\/luzgalvez\/\"}]}<\/script>\r\n<!-- \/ Yoast SEO plugin. -->","yoast_head_json":{"title":"Ranking mejores Compositores Cl\u00e1sicos - Filarmonica UNINTER","robots":{"index":"index","follow":"follow","max-snippet":"max-snippet:-1","max-image-preview":"max-image-preview:large","max-video-preview":"max-video-preview:-1"},"canonical":"https:\/\/blogs.uninter.edu.mx\/Filarmonica\/index.php\/2016\/06\/16\/ranking-mejores-compositores-clasicos\/","og_locale":"es_MX","og_type":"article","og_title":"Ranking mejores Compositores Cl\u00e1sicos - Filarmonica UNINTER","og_description":"1. Ludwig Van Beethoven Ludwig van Beethoven (Bonn, 16 de diciembre de 1770 &#8211; Viena, 26 de marzo de 1827), compositor alem\u00e1n de m\u00fasica acad\u00e9mica (o m\u00fasica cl\u00e1sica). Se le considera como el principal precursor de la transici\u00f3n del clasicismo al romanticismo. 2. Wolfgang Amadeus Mozart Johannes Chrysostomus Wolfgangus Theophilus Mozart ,m\u00e1s conocido con el&hellip;","og_url":"https:\/\/blogs.uninter.edu.mx\/Filarmonica\/index.php\/2016\/06\/16\/ranking-mejores-compositores-clasicos\/","og_site_name":"Filarmonica UNINTER","article_published_time":"2016-06-16T17:00:21+00:00","og_image":[{"url":"http:\/\/st-listas.20minutos.es\/images\/2007-10\/1514\/18325_249px.jpg?1193136707"}],"author":"luzgalvez","twitter_card":"summary_large_image","twitter_misc":{"Escrito por":"luzgalvez","Tiempo de lectura":"2 minutos"},"schema":{"@context":"https:\/\/schema.org","@graph":[{"@type":"WebPage","@id":"https:\/\/blogs.uninter.edu.mx\/Filarmonica\/index.php\/2016\/06\/16\/ranking-mejores-compositores-clasicos\/","url":"https:\/\/blogs.uninter.edu.mx\/Filarmonica\/index.php\/2016\/06\/16\/ranking-mejores-compositores-clasicos\/","name":"Ranking mejores Compositores Cl\u00e1sicos - Filarmonica UNINTER","isPartOf":{"@id":"https:\/\/blogs.uninter.edu.mx\/Filarmonica\/#website"},"primaryImageOfPage":{"@id":"https:\/\/blogs.uninter.edu.mx\/Filarmonica\/index.php\/2016\/06\/16\/ranking-mejores-compositores-clasicos\/#primaryimage"},"image":{"@id":"https:\/\/blogs.uninter.edu.mx\/Filarmonica\/index.php\/2016\/06\/16\/ranking-mejores-compositores-clasicos\/#primaryimage"},"thumbnailUrl":"http:\/\/st-listas.20minutos.es\/images\/2007-10\/1514\/18325_249px.jpg?1193136707","datePublished":"2016-06-16T17:00:21+00:00","dateModified":"2016-06-16T17:00:21+00:00","author":{"@id":"https:\/\/blogs.uninter.edu.mx\/Filarmonica\/#\/schema\/person\/5fdfc9be41d7a26b139afd4de61c3664"},"breadcrumb":{"@id":"https:\/\/blogs.uninter.edu.mx\/Filarmonica\/index.php\/2016\/06\/16\/ranking-mejores-compositores-clasicos\/#breadcrumb"},"inLanguage":"es-MX","potentialAction":[{"@type":"ReadAction","target":["https:\/\/blogs.uninter.edu.mx\/Filarmonica\/index.php\/2016\/06\/16\/ranking-mejores-compositores-clasicos\/"]}]},{"@type":"ImageObject","inLanguage":"es-MX","@id":"https:\/\/blogs.uninter.edu.mx\/Filarmonica\/index.php\/2016\/06\/16\/ranking-mejores-compositores-clasicos\/#primaryimage","url":"http:\/\/st-listas.20minutos.es\/images\/2007-10\/1514\/18325_249px.jpg?1193136707","contentUrl":"http:\/\/st-listas.20minutos.es\/images\/2007-10\/1514\/18325_249px.jpg?1193136707"},{"@type":"BreadcrumbList","@id":"https:\/\/blogs.uninter.edu.mx\/Filarmonica\/index.php\/2016\/06\/16\/ranking-mejores-compositores-clasicos\/#breadcrumb","itemListElement":[{"@type":"ListItem","position":1,"name":"Inicio","item":"https:\/\/blogs.uninter.edu.mx\/Filarmonica\/"},{"@type":"ListItem","position":2,"name":"Ranking mejores Compositores Cl\u00e1sicos"}]},{"@type":"WebSite","@id":"https:\/\/blogs.uninter.edu.mx\/Filarmonica\/#website","url":"https:\/\/blogs.uninter.edu.mx\/Filarmonica\/","name":"Filarmonica UNINTER","description":"","potentialAction":[{"@type":"SearchAction","target":{"@type":"EntryPoint","urlTemplate":"https:\/\/blogs.uninter.edu.mx\/Filarmonica\/?s={search_term_string}"},"query-input":"required name=search_term_string"}],"inLanguage":"es-MX"},{"@type":"Person","@id":"https:\/\/blogs.uninter.edu.mx\/Filarmonica\/#\/schema\/person\/5fdfc9be41d7a26b139afd4de61c3664","name":"luzgalvez","image":{"@type":"ImageObject","inLanguage":"es-MX","@id":"https:\/\/blogs.uninter.edu.mx\/Filarmonica\/#\/schema\/person\/image\/","url":"https:\/\/secure.gravatar.com\/avatar\/cf42be0541bffe97edcfdd314483f26481497b0a6a32669684590878e1ee0288?s=96&d=mm&r=g","contentUrl":"https:\/\/secure.gravatar.com\/avatar\/cf42be0541bffe97edcfdd314483f26481497b0a6a32669684590878e1ee0288?s=96&d=mm&r=g","caption":"luzgalvez"},"url":"https:\/\/blogs.uninter.edu.mx\/Filarmonica\/index.php\/author\/luzgalvez\/"}]}},"jetpack_featured_media_url":"","jetpack_sharing_enabled":true,"_links":{"self":[{"href":"https:\/\/blogs.uninter.edu.mx\/Filarmonica\/index.php\/wp-json\/wp\/v2\/posts\/2769","targetHints":{"allow":["GET"]}}],"collection":[{"href":"https:\/\/blogs.uninter.edu.mx\/Filarmonica\/index.php\/wp-json\/wp\/v2\/posts"}],"about":[{"href":"https:\/\/blogs.uninter.edu.mx\/Filarmonica\/index.php\/wp-json\/wp\/v2\/types\/post"}],"author":[{"embeddable":true,"href":"https:\/\/blogs.uninter.edu.mx\/Filarmonica\/index.php\/wp-json\/wp\/v2\/users\/4"}],"replies":[{"embeddable":true,"href":"https:\/\/blogs.uninter.edu.mx\/Filarmonica\/index.php\/wp-json\/wp\/v2\/comments?post=2769"}],"version-history":[{"count":0,"href":"https:\/\/blogs.uninter.edu.mx\/Filarmonica\/index.php\/wp-json\/wp\/v2\/posts\/2769\/revisions"}],"wp:attachment":[{"href":"https:\/\/blogs.uninter.edu.mx\/Filarmonica\/index.php\/wp-json\/wp\/v2\/media?parent=2769"}],"wp:term":[{"taxonomy":"category","embeddable":true,"href":"https:\/\/blogs.uninter.edu.mx\/Filarmonica\/index.php\/wp-json\/wp\/v2\/categories?post=2769"},{"taxonomy":"post_tag","embeddable":true,"href":"https:\/\/blogs.uninter.edu.mx\/Filarmonica\/index.php\/wp-json\/wp\/v2\/tags?post=2769"}],"curies":[{"name":"wp","href":"https:\/\/api.w.org\/{rel}","templated":true}]}}