{"id":3332,"date":"2016-10-24T17:46:32","date_gmt":"2016-10-24T22:46:32","guid":{"rendered":"http:\/\/filarmonicadecuernavaca.com\/?p=3332"},"modified":"2016-10-24T17:46:32","modified_gmt":"2016-10-24T22:46:32","slug":"escucha-esta-banda-de-jazz-integrada-por-jovenes-desde-7-a-20-anos","status":"publish","type":"post","link":"https:\/\/blogs.uninter.edu.mx\/Filarmonica\/index.php\/2016\/10\/24\/escucha-esta-banda-de-jazz-integrada-por-jovenes-desde-7-a-20-anos\/","title":{"rendered":"Escucha esta banda de Jazz integrada por j\u00f3venes desde 7 a 20 a\u00f1os"},"content":{"rendered":"<p>La Sant Andreu Jazz Band es una banda de Jazz de barcelona que bajo la direcci\u00f3n de\u00a0Joan Chamorro apoya a estos jovenes para lograr estas interpretaciones que vemos en el siguiente video.<\/p>\n<p><iframe loading=\"lazy\" title=\"2011-Easy money  SANT ANDREU JAZZ BAND &amp; JESSE DAVIS ( JOAN CHAMORRO DIRECCION )\" width=\"700\" height=\"394\" src=\"https:\/\/www.youtube.com\/embed\/Fjo75CFJjG4?feature=oembed\" frameborder=\"0\" allow=\"accelerometer; autoplay; clipboard-write; encrypted-media; gyroscope; picture-in-picture; web-share\" referrerpolicy=\"strict-origin-when-cross-origin\" allowfullscreen><\/iframe><\/p>\n<p>La idea de esta banda surgi\u00f3 en\u00a0\u00a0la\u00a0Escola Municipal de M\u00fasica de Sant Andreu ubicada en Barcelona y nos confirma que para crear buena m\u00fasica no existen limitaciones de edad.<\/p>\n","protected":false},"excerpt":{"rendered":"<p>La Sant Andreu Jazz Band es una banda de Jazz de barcelona que bajo la direcci\u00f3n de\u00a0Joan Chamorro apoya a estos jovenes para lograr estas interpretaciones que vemos en el siguiente video. La idea de esta banda surgi\u00f3 en\u00a0\u00a0la\u00a0Escola Municipal de M\u00fasica de Sant Andreu ubicada en Barcelona y nos confirma que para crear buena&hellip;<\/p>\n","protected":false},"author":4,"featured_media":3336,"comment_status":"closed","ping_status":"open","sticky":false,"template":"","format":"standard","meta":{"_jetpack_memberships_contains_paid_content":false,"footnotes":"","jetpack_publicize_message":"","jetpack_publicize_feature_enabled":true,"jetpack_social_post_already_shared":false,"jetpack_social_options":{"image_generator_settings":{"template":"highway","enabled":false}}},"categories":[1],"tags":[],"class_list":["post-3332","post","type-post","status-publish","format-standard","has-post-thumbnail","hentry","category-sin-categoria"],"jetpack_publicize_connections":[],"yoast_head":"<!-- This site is optimized with the Yoast SEO plugin v22.8 - https:\/\/yoast.com\/wordpress\/plugins\/seo\/ -->\r\n<title>Escucha esta banda de Jazz integrada por j\u00f3venes desde 7 a 20 a\u00f1os - Filarmonica UNINTER<\/title>\r\n<meta name=\"robots\" content=\"index, follow, max-snippet:-1, max-image-preview:large, max-video-preview:-1\" \/>\r\n<link rel=\"canonical\" href=\"https:\/\/blogs.uninter.edu.mx\/Filarmonica\/index.php\/2016\/10\/24\/escucha-esta-banda-de-jazz-integrada-por-jovenes-desde-7-a-20-anos\/\" \/>\r\n<meta property=\"og:locale\" content=\"es_MX\" \/>\r\n<meta property=\"og:type\" content=\"article\" \/>\r\n<meta property=\"og:title\" content=\"Escucha esta banda de Jazz integrada por j\u00f3venes desde 7 a 20 a\u00f1os - Filarmonica UNINTER\" \/>\r\n<meta property=\"og:description\" content=\"La Sant Andreu Jazz Band es una banda de Jazz de barcelona que bajo la direcci\u00f3n de\u00a0Joan Chamorro apoya a estos jovenes para lograr estas interpretaciones que vemos en el siguiente video. La idea de esta banda surgi\u00f3 en\u00a0\u00a0la\u00a0Escola Municipal de M\u00fasica de Sant Andreu ubicada en Barcelona y nos confirma que para crear buena&hellip;\" \/>\r\n<meta property=\"og:url\" content=\"https:\/\/blogs.uninter.edu.mx\/Filarmonica\/index.php\/2016\/10\/24\/escucha-esta-banda-de-jazz-integrada-por-jovenes-desde-7-a-20-anos\/\" \/>\r\n<meta property=\"og:site_name\" content=\"Filarmonica UNINTER\" \/>\r\n<meta property=\"article:published_time\" content=\"2016-10-24T22:46:32+00:00\" \/>\r\n<meta name=\"author\" content=\"luzgalvez\" \/>\r\n<meta name=\"twitter:card\" content=\"summary_large_image\" \/>\r\n<meta name=\"twitter:label1\" content=\"Escrito por\" \/>\n\t<meta name=\"twitter:data1\" content=\"luzgalvez\" \/>\r\n<script type=\"application\/ld+json\" class=\"yoast-schema-graph\">{\"@context\":\"https:\/\/schema.org\",\"@graph\":[{\"@type\":\"WebPage\",\"@id\":\"https:\/\/blogs.uninter.edu.mx\/Filarmonica\/index.php\/2016\/10\/24\/escucha-esta-banda-de-jazz-integrada-por-jovenes-desde-7-a-20-anos\/\",\"url\":\"https:\/\/blogs.uninter.edu.mx\/Filarmonica\/index.php\/2016\/10\/24\/escucha-esta-banda-de-jazz-integrada-por-jovenes-desde-7-a-20-anos\/\",\"name\":\"Escucha esta banda de Jazz integrada por j\u00f3venes desde 7 a 20 a\u00f1os - Filarmonica UNINTER\",\"isPartOf\":{\"@id\":\"https:\/\/blogs.uninter.edu.mx\/Filarmonica\/#website\"},\"primaryImageOfPage\":{\"@id\":\"https:\/\/blogs.uninter.edu.mx\/Filarmonica\/index.php\/2016\/10\/24\/escucha-esta-banda-de-jazz-integrada-por-jovenes-desde-7-a-20-anos\/#primaryimage\"},\"image\":{\"@id\":\"https:\/\/blogs.uninter.edu.mx\/Filarmonica\/index.php\/2016\/10\/24\/escucha-esta-banda-de-jazz-integrada-por-jovenes-desde-7-a-20-anos\/#primaryimage\"},\"thumbnailUrl\":\"\",\"datePublished\":\"2016-10-24T22:46:32+00:00\",\"dateModified\":\"2016-10-24T22:46:32+00:00\",\"author\":{\"@id\":\"https:\/\/blogs.uninter.edu.mx\/Filarmonica\/#\/schema\/person\/5fdfc9be41d7a26b139afd4de61c3664\"},\"breadcrumb\":{\"@id\":\"https:\/\/blogs.uninter.edu.mx\/Filarmonica\/index.php\/2016\/10\/24\/escucha-esta-banda-de-jazz-integrada-por-jovenes-desde-7-a-20-anos\/#breadcrumb\"},\"inLanguage\":\"es-MX\",\"potentialAction\":[{\"@type\":\"ReadAction\",\"target\":[\"https:\/\/blogs.uninter.edu.mx\/Filarmonica\/index.php\/2016\/10\/24\/escucha-esta-banda-de-jazz-integrada-por-jovenes-desde-7-a-20-anos\/\"]}]},{\"@type\":\"ImageObject\",\"inLanguage\":\"es-MX\",\"@id\":\"https:\/\/blogs.uninter.edu.mx\/Filarmonica\/index.php\/2016\/10\/24\/escucha-esta-banda-de-jazz-integrada-por-jovenes-desde-7-a-20-anos\/#primaryimage\",\"url\":\"\",\"contentUrl\":\"\"},{\"@type\":\"BreadcrumbList\",\"@id\":\"https:\/\/blogs.uninter.edu.mx\/Filarmonica\/index.php\/2016\/10\/24\/escucha-esta-banda-de-jazz-integrada-por-jovenes-desde-7-a-20-anos\/#breadcrumb\",\"itemListElement\":[{\"@type\":\"ListItem\",\"position\":1,\"name\":\"Inicio\",\"item\":\"https:\/\/blogs.uninter.edu.mx\/Filarmonica\/\"},{\"@type\":\"ListItem\",\"position\":2,\"name\":\"Escucha esta banda de Jazz integrada por j\u00f3venes desde 7 a 20 a\u00f1os\"}]},{\"@type\":\"WebSite\",\"@id\":\"https:\/\/blogs.uninter.edu.mx\/Filarmonica\/#website\",\"url\":\"https:\/\/blogs.uninter.edu.mx\/Filarmonica\/\",\"name\":\"Filarmonica UNINTER\",\"description\":\"\",\"potentialAction\":[{\"@type\":\"SearchAction\",\"target\":{\"@type\":\"EntryPoint\",\"urlTemplate\":\"https:\/\/blogs.uninter.edu.mx\/Filarmonica\/?s={search_term_string}\"},\"query-input\":\"required name=search_term_string\"}],\"inLanguage\":\"es-MX\"},{\"@type\":\"Person\",\"@id\":\"https:\/\/blogs.uninter.edu.mx\/Filarmonica\/#\/schema\/person\/5fdfc9be41d7a26b139afd4de61c3664\",\"name\":\"luzgalvez\",\"image\":{\"@type\":\"ImageObject\",\"inLanguage\":\"es-MX\",\"@id\":\"https:\/\/blogs.uninter.edu.mx\/Filarmonica\/#\/schema\/person\/image\/\",\"url\":\"https:\/\/secure.gravatar.com\/avatar\/cf42be0541bffe97edcfdd314483f26481497b0a6a32669684590878e1ee0288?s=96&d=mm&r=g\",\"contentUrl\":\"https:\/\/secure.gravatar.com\/avatar\/cf42be0541bffe97edcfdd314483f26481497b0a6a32669684590878e1ee0288?s=96&d=mm&r=g\",\"caption\":\"luzgalvez\"},\"url\":\"https:\/\/blogs.uninter.edu.mx\/Filarmonica\/index.php\/author\/luzgalvez\/\"}]}<\/script>\r\n<!-- \/ Yoast SEO plugin. -->","yoast_head_json":{"title":"Escucha esta banda de Jazz integrada por j\u00f3venes desde 7 a 20 a\u00f1os - Filarmonica UNINTER","robots":{"index":"index","follow":"follow","max-snippet":"max-snippet:-1","max-image-preview":"max-image-preview:large","max-video-preview":"max-video-preview:-1"},"canonical":"https:\/\/blogs.uninter.edu.mx\/Filarmonica\/index.php\/2016\/10\/24\/escucha-esta-banda-de-jazz-integrada-por-jovenes-desde-7-a-20-anos\/","og_locale":"es_MX","og_type":"article","og_title":"Escucha esta banda de Jazz integrada por j\u00f3venes desde 7 a 20 a\u00f1os - Filarmonica UNINTER","og_description":"La Sant Andreu Jazz Band es una banda de Jazz de barcelona que bajo la direcci\u00f3n de\u00a0Joan Chamorro apoya a estos jovenes para lograr estas interpretaciones que vemos en el siguiente video. La idea de esta banda surgi\u00f3 en\u00a0\u00a0la\u00a0Escola Municipal de M\u00fasica de Sant Andreu ubicada en Barcelona y nos confirma que para crear buena&hellip;","og_url":"https:\/\/blogs.uninter.edu.mx\/Filarmonica\/index.php\/2016\/10\/24\/escucha-esta-banda-de-jazz-integrada-por-jovenes-desde-7-a-20-anos\/","og_site_name":"Filarmonica UNINTER","article_published_time":"2016-10-24T22:46:32+00:00","author":"luzgalvez","twitter_card":"summary_large_image","twitter_misc":{"Escrito por":"luzgalvez"},"schema":{"@context":"https:\/\/schema.org","@graph":[{"@type":"WebPage","@id":"https:\/\/blogs.uninter.edu.mx\/Filarmonica\/index.php\/2016\/10\/24\/escucha-esta-banda-de-jazz-integrada-por-jovenes-desde-7-a-20-anos\/","url":"https:\/\/blogs.uninter.edu.mx\/Filarmonica\/index.php\/2016\/10\/24\/escucha-esta-banda-de-jazz-integrada-por-jovenes-desde-7-a-20-anos\/","name":"Escucha esta banda de Jazz integrada por j\u00f3venes desde 7 a 20 a\u00f1os - Filarmonica UNINTER","isPartOf":{"@id":"https:\/\/blogs.uninter.edu.mx\/Filarmonica\/#website"},"primaryImageOfPage":{"@id":"https:\/\/blogs.uninter.edu.mx\/Filarmonica\/index.php\/2016\/10\/24\/escucha-esta-banda-de-jazz-integrada-por-jovenes-desde-7-a-20-anos\/#primaryimage"},"image":{"@id":"https:\/\/blogs.uninter.edu.mx\/Filarmonica\/index.php\/2016\/10\/24\/escucha-esta-banda-de-jazz-integrada-por-jovenes-desde-7-a-20-anos\/#primaryimage"},"thumbnailUrl":"","datePublished":"2016-10-24T22:46:32+00:00","dateModified":"2016-10-24T22:46:32+00:00","author":{"@id":"https:\/\/blogs.uninter.edu.mx\/Filarmonica\/#\/schema\/person\/5fdfc9be41d7a26b139afd4de61c3664"},"breadcrumb":{"@id":"https:\/\/blogs.uninter.edu.mx\/Filarmonica\/index.php\/2016\/10\/24\/escucha-esta-banda-de-jazz-integrada-por-jovenes-desde-7-a-20-anos\/#breadcrumb"},"inLanguage":"es-MX","potentialAction":[{"@type":"ReadAction","target":["https:\/\/blogs.uninter.edu.mx\/Filarmonica\/index.php\/2016\/10\/24\/escucha-esta-banda-de-jazz-integrada-por-jovenes-desde-7-a-20-anos\/"]}]},{"@type":"ImageObject","inLanguage":"es-MX","@id":"https:\/\/blogs.uninter.edu.mx\/Filarmonica\/index.php\/2016\/10\/24\/escucha-esta-banda-de-jazz-integrada-por-jovenes-desde-7-a-20-anos\/#primaryimage","url":"","contentUrl":""},{"@type":"BreadcrumbList","@id":"https:\/\/blogs.uninter.edu.mx\/Filarmonica\/index.php\/2016\/10\/24\/escucha-esta-banda-de-jazz-integrada-por-jovenes-desde-7-a-20-anos\/#breadcrumb","itemListElement":[{"@type":"ListItem","position":1,"name":"Inicio","item":"https:\/\/blogs.uninter.edu.mx\/Filarmonica\/"},{"@type":"ListItem","position":2,"name":"Escucha esta banda de Jazz integrada por j\u00f3venes desde 7 a 20 a\u00f1os"}]},{"@type":"WebSite","@id":"https:\/\/blogs.uninter.edu.mx\/Filarmonica\/#website","url":"https:\/\/blogs.uninter.edu.mx\/Filarmonica\/","name":"Filarmonica UNINTER","description":"","potentialAction":[{"@type":"SearchAction","target":{"@type":"EntryPoint","urlTemplate":"https:\/\/blogs.uninter.edu.mx\/Filarmonica\/?s={search_term_string}"},"query-input":"required name=search_term_string"}],"inLanguage":"es-MX"},{"@type":"Person","@id":"https:\/\/blogs.uninter.edu.mx\/Filarmonica\/#\/schema\/person\/5fdfc9be41d7a26b139afd4de61c3664","name":"luzgalvez","image":{"@type":"ImageObject","inLanguage":"es-MX","@id":"https:\/\/blogs.uninter.edu.mx\/Filarmonica\/#\/schema\/person\/image\/","url":"https:\/\/secure.gravatar.com\/avatar\/cf42be0541bffe97edcfdd314483f26481497b0a6a32669684590878e1ee0288?s=96&d=mm&r=g","contentUrl":"https:\/\/secure.gravatar.com\/avatar\/cf42be0541bffe97edcfdd314483f26481497b0a6a32669684590878e1ee0288?s=96&d=mm&r=g","caption":"luzgalvez"},"url":"https:\/\/blogs.uninter.edu.mx\/Filarmonica\/index.php\/author\/luzgalvez\/"}]}},"jetpack_featured_media_url":"","jetpack_sharing_enabled":true,"_links":{"self":[{"href":"https:\/\/blogs.uninter.edu.mx\/Filarmonica\/index.php\/wp-json\/wp\/v2\/posts\/3332","targetHints":{"allow":["GET"]}}],"collection":[{"href":"https:\/\/blogs.uninter.edu.mx\/Filarmonica\/index.php\/wp-json\/wp\/v2\/posts"}],"about":[{"href":"https:\/\/blogs.uninter.edu.mx\/Filarmonica\/index.php\/wp-json\/wp\/v2\/types\/post"}],"author":[{"embeddable":true,"href":"https:\/\/blogs.uninter.edu.mx\/Filarmonica\/index.php\/wp-json\/wp\/v2\/users\/4"}],"replies":[{"embeddable":true,"href":"https:\/\/blogs.uninter.edu.mx\/Filarmonica\/index.php\/wp-json\/wp\/v2\/comments?post=3332"}],"version-history":[{"count":0,"href":"https:\/\/blogs.uninter.edu.mx\/Filarmonica\/index.php\/wp-json\/wp\/v2\/posts\/3332\/revisions"}],"wp:featuredmedia":[{"embeddable":true,"href":"https:\/\/blogs.uninter.edu.mx\/Filarmonica\/index.php\/wp-json\/"}],"wp:attachment":[{"href":"https:\/\/blogs.uninter.edu.mx\/Filarmonica\/index.php\/wp-json\/wp\/v2\/media?parent=3332"}],"wp:term":[{"taxonomy":"category","embeddable":true,"href":"https:\/\/blogs.uninter.edu.mx\/Filarmonica\/index.php\/wp-json\/wp\/v2\/categories?post=3332"},{"taxonomy":"post_tag","embeddable":true,"href":"https:\/\/blogs.uninter.edu.mx\/Filarmonica\/index.php\/wp-json\/wp\/v2\/tags?post=3332"}],"curies":[{"name":"wp","href":"https:\/\/api.w.org\/{rel}","templated":true}]}}