{"id":3746,"date":"2017-04-15T09:32:42","date_gmt":"2017-04-15T14:32:42","guid":{"rendered":"http:\/\/filarmonicadecuernavaca.com\/?p=3746"},"modified":"2017-04-15T09:32:42","modified_gmt":"2017-04-15T14:32:42","slug":"dia-mundial-del-arte","status":"publish","type":"post","link":"https:\/\/blogs.uninter.edu.mx\/Filarmonica\/index.php\/2017\/04\/15\/dia-mundial-del-arte\/","title":{"rendered":"D\u00eda Mundial del Arte"},"content":{"rendered":"<p><strong>El D\u00eda Mundial del Arte<\/strong> es una celebraci\u00f3n internacional de las artes, la cual fue declarada por la Asociaci\u00f3n Internacional del Arte con el fin de promover conciencia de la actividad creativa en todo el mundo.<\/p>\n<p>Este d\u00eda naci\u00f3 despu\u00e9s de una propuesta presentada en la d\u00e9cimo s\u00e9ptima Asamblea General de la Asociaci\u00f3n Internacional de Arte en Guadalajara para declarar el 15 de Abril como el D\u00eda Mundial del Arte, propuesta que fue aceptada por unanimidad.<\/p>\n<h2>\u00bfPor qu\u00e9 el 15 de abril?<\/h2>\n<p>La fecha se eligi\u00f3 en honor al d\u00eda del nacimiento de Leonardo da Vinci. Da Vinci fue seleccionado como un s\u00edmbolo mundial de paz, libertad de expresi\u00f3n, tolerancia, fraternidad y multiculturalismo, adem\u00e1s que Leonardo Da Vinci fue pintor, anatomista, arquitecto, paleont\u00f3logo, artista, bot\u00e1nico, cient\u00edfico, escritor, escultor, fil\u00f3sofo, ingeniero, inventor, m\u00fasico, poeta y urbanista.<\/p>\n<h2>La celebraci\u00f3n<\/h2>\n<p>Aunque lo ideal ser\u00eda que esta celebraci\u00f3n tuviera un alcance inmenso y todas las personas o entidades que tienen que ver con el arte estuvieran involucrados, la propuesta de la Asociaci\u00f3n Internacional del arte es que este d\u00eda los museos sean gratuitos y que existan fiestas donde se celebre la creaci\u00f3n. Esperemos que poco a poco esta fecha celebre las artes y se involucre a los artistas as\u00ed como a las personas que no tienen un conocimiento del quehacer art\u00edstico en cualquiera de sus modalidades.<\/p>\n<p>Ahora que lo sabes \u00bfC\u00f3mo celebrar\u00e1s este d\u00eda internacional del Arte?<\/p>\n<p><img decoding=\"async\" src=\"https:\/\/i1.wp.com\/quetescuchen.com\/wp-content\/uploads\/2016\/04\/dia-internacional-de-arte.jpg?resize=800%2C417\" alt=\"dia-internacional-de-arte\" \/><\/p>\n","protected":false},"excerpt":{"rendered":"<p>El D\u00eda Mundial del Arte es una celebraci\u00f3n internacional de las artes, la cual fue declarada por la Asociaci\u00f3n Internacional del Arte con el fin de promover conciencia de la actividad creativa en todo el mundo. Este d\u00eda naci\u00f3 despu\u00e9s de una propuesta presentada en la d\u00e9cimo s\u00e9ptima Asamblea General de la Asociaci\u00f3n Internacional de&hellip;<\/p>\n","protected":false},"author":4,"featured_media":3748,"comment_status":"closed","ping_status":"open","sticky":false,"template":"","format":"standard","meta":{"_jetpack_memberships_contains_paid_content":false,"footnotes":"","jetpack_publicize_message":"","jetpack_publicize_feature_enabled":true,"jetpack_social_post_already_shared":false,"jetpack_social_options":{"image_generator_settings":{"template":"highway","enabled":false}}},"categories":[1],"tags":[],"class_list":["post-3746","post","type-post","status-publish","format-standard","has-post-thumbnail","hentry","category-sin-categoria"],"jetpack_publicize_connections":[],"yoast_head":"<!-- This site is optimized with the Yoast SEO plugin v22.8 - https:\/\/yoast.com\/wordpress\/plugins\/seo\/ -->\r\n<title>D\u00eda Mundial del Arte - Filarmonica UNINTER<\/title>\r\n<meta name=\"robots\" content=\"index, follow, max-snippet:-1, max-image-preview:large, max-video-preview:-1\" \/>\r\n<link rel=\"canonical\" href=\"https:\/\/blogs.uninter.edu.mx\/Filarmonica\/index.php\/2017\/04\/15\/dia-mundial-del-arte\/\" \/>\r\n<meta property=\"og:locale\" content=\"es_MX\" \/>\r\n<meta property=\"og:type\" content=\"article\" \/>\r\n<meta property=\"og:title\" content=\"D\u00eda Mundial del Arte - Filarmonica UNINTER\" \/>\r\n<meta property=\"og:description\" content=\"El D\u00eda Mundial del Arte es una celebraci\u00f3n internacional de las artes, la cual fue declarada por la Asociaci\u00f3n Internacional del Arte con el fin de promover conciencia de la actividad creativa en todo el mundo. Este d\u00eda naci\u00f3 despu\u00e9s de una propuesta presentada en la d\u00e9cimo s\u00e9ptima Asamblea General de la Asociaci\u00f3n Internacional de&hellip;\" \/>\r\n<meta property=\"og:url\" content=\"https:\/\/blogs.uninter.edu.mx\/Filarmonica\/index.php\/2017\/04\/15\/dia-mundial-del-arte\/\" \/>\r\n<meta property=\"og:site_name\" content=\"Filarmonica UNINTER\" \/>\r\n<meta property=\"article:published_time\" content=\"2017-04-15T14:32:42+00:00\" \/>\r\n<meta name=\"author\" content=\"luzgalvez\" \/>\r\n<meta name=\"twitter:card\" content=\"summary_large_image\" \/>\r\n<meta name=\"twitter:label1\" content=\"Escrito por\" \/>\n\t<meta name=\"twitter:data1\" content=\"luzgalvez\" \/>\n\t<meta name=\"twitter:label2\" content=\"Tiempo de lectura\" \/>\n\t<meta name=\"twitter:data2\" content=\"1 minuto\" \/>\r\n<script type=\"application\/ld+json\" class=\"yoast-schema-graph\">{\"@context\":\"https:\/\/schema.org\",\"@graph\":[{\"@type\":\"WebPage\",\"@id\":\"https:\/\/blogs.uninter.edu.mx\/Filarmonica\/index.php\/2017\/04\/15\/dia-mundial-del-arte\/\",\"url\":\"https:\/\/blogs.uninter.edu.mx\/Filarmonica\/index.php\/2017\/04\/15\/dia-mundial-del-arte\/\",\"name\":\"D\u00eda Mundial del Arte - Filarmonica UNINTER\",\"isPartOf\":{\"@id\":\"https:\/\/blogs.uninter.edu.mx\/Filarmonica\/#website\"},\"primaryImageOfPage\":{\"@id\":\"https:\/\/blogs.uninter.edu.mx\/Filarmonica\/index.php\/2017\/04\/15\/dia-mundial-del-arte\/#primaryimage\"},\"image\":{\"@id\":\"https:\/\/blogs.uninter.edu.mx\/Filarmonica\/index.php\/2017\/04\/15\/dia-mundial-del-arte\/#primaryimage\"},\"thumbnailUrl\":\"\",\"datePublished\":\"2017-04-15T14:32:42+00:00\",\"dateModified\":\"2017-04-15T14:32:42+00:00\",\"author\":{\"@id\":\"https:\/\/blogs.uninter.edu.mx\/Filarmonica\/#\/schema\/person\/5fdfc9be41d7a26b139afd4de61c3664\"},\"breadcrumb\":{\"@id\":\"https:\/\/blogs.uninter.edu.mx\/Filarmonica\/index.php\/2017\/04\/15\/dia-mundial-del-arte\/#breadcrumb\"},\"inLanguage\":\"es-MX\",\"potentialAction\":[{\"@type\":\"ReadAction\",\"target\":[\"https:\/\/blogs.uninter.edu.mx\/Filarmonica\/index.php\/2017\/04\/15\/dia-mundial-del-arte\/\"]}]},{\"@type\":\"ImageObject\",\"inLanguage\":\"es-MX\",\"@id\":\"https:\/\/blogs.uninter.edu.mx\/Filarmonica\/index.php\/2017\/04\/15\/dia-mundial-del-arte\/#primaryimage\",\"url\":\"\",\"contentUrl\":\"\"},{\"@type\":\"BreadcrumbList\",\"@id\":\"https:\/\/blogs.uninter.edu.mx\/Filarmonica\/index.php\/2017\/04\/15\/dia-mundial-del-arte\/#breadcrumb\",\"itemListElement\":[{\"@type\":\"ListItem\",\"position\":1,\"name\":\"Inicio\",\"item\":\"https:\/\/blogs.uninter.edu.mx\/Filarmonica\/\"},{\"@type\":\"ListItem\",\"position\":2,\"name\":\"D\u00eda Mundial del Arte\"}]},{\"@type\":\"WebSite\",\"@id\":\"https:\/\/blogs.uninter.edu.mx\/Filarmonica\/#website\",\"url\":\"https:\/\/blogs.uninter.edu.mx\/Filarmonica\/\",\"name\":\"Filarmonica UNINTER\",\"description\":\"\",\"potentialAction\":[{\"@type\":\"SearchAction\",\"target\":{\"@type\":\"EntryPoint\",\"urlTemplate\":\"https:\/\/blogs.uninter.edu.mx\/Filarmonica\/?s={search_term_string}\"},\"query-input\":\"required name=search_term_string\"}],\"inLanguage\":\"es-MX\"},{\"@type\":\"Person\",\"@id\":\"https:\/\/blogs.uninter.edu.mx\/Filarmonica\/#\/schema\/person\/5fdfc9be41d7a26b139afd4de61c3664\",\"name\":\"luzgalvez\",\"image\":{\"@type\":\"ImageObject\",\"inLanguage\":\"es-MX\",\"@id\":\"https:\/\/blogs.uninter.edu.mx\/Filarmonica\/#\/schema\/person\/image\/\",\"url\":\"https:\/\/secure.gravatar.com\/avatar\/cf42be0541bffe97edcfdd314483f26481497b0a6a32669684590878e1ee0288?s=96&d=mm&r=g\",\"contentUrl\":\"https:\/\/secure.gravatar.com\/avatar\/cf42be0541bffe97edcfdd314483f26481497b0a6a32669684590878e1ee0288?s=96&d=mm&r=g\",\"caption\":\"luzgalvez\"},\"url\":\"https:\/\/blogs.uninter.edu.mx\/Filarmonica\/index.php\/author\/luzgalvez\/\"}]}<\/script>\r\n<!-- \/ Yoast SEO plugin. -->","yoast_head_json":{"title":"D\u00eda Mundial del Arte - Filarmonica UNINTER","robots":{"index":"index","follow":"follow","max-snippet":"max-snippet:-1","max-image-preview":"max-image-preview:large","max-video-preview":"max-video-preview:-1"},"canonical":"https:\/\/blogs.uninter.edu.mx\/Filarmonica\/index.php\/2017\/04\/15\/dia-mundial-del-arte\/","og_locale":"es_MX","og_type":"article","og_title":"D\u00eda Mundial del Arte - Filarmonica UNINTER","og_description":"El D\u00eda Mundial del Arte es una celebraci\u00f3n internacional de las artes, la cual fue declarada por la Asociaci\u00f3n Internacional del Arte con el fin de promover conciencia de la actividad creativa en todo el mundo. Este d\u00eda naci\u00f3 despu\u00e9s de una propuesta presentada en la d\u00e9cimo s\u00e9ptima Asamblea General de la Asociaci\u00f3n Internacional de&hellip;","og_url":"https:\/\/blogs.uninter.edu.mx\/Filarmonica\/index.php\/2017\/04\/15\/dia-mundial-del-arte\/","og_site_name":"Filarmonica UNINTER","article_published_time":"2017-04-15T14:32:42+00:00","author":"luzgalvez","twitter_card":"summary_large_image","twitter_misc":{"Escrito por":"luzgalvez","Tiempo de lectura":"1 minuto"},"schema":{"@context":"https:\/\/schema.org","@graph":[{"@type":"WebPage","@id":"https:\/\/blogs.uninter.edu.mx\/Filarmonica\/index.php\/2017\/04\/15\/dia-mundial-del-arte\/","url":"https:\/\/blogs.uninter.edu.mx\/Filarmonica\/index.php\/2017\/04\/15\/dia-mundial-del-arte\/","name":"D\u00eda Mundial del Arte - Filarmonica UNINTER","isPartOf":{"@id":"https:\/\/blogs.uninter.edu.mx\/Filarmonica\/#website"},"primaryImageOfPage":{"@id":"https:\/\/blogs.uninter.edu.mx\/Filarmonica\/index.php\/2017\/04\/15\/dia-mundial-del-arte\/#primaryimage"},"image":{"@id":"https:\/\/blogs.uninter.edu.mx\/Filarmonica\/index.php\/2017\/04\/15\/dia-mundial-del-arte\/#primaryimage"},"thumbnailUrl":"","datePublished":"2017-04-15T14:32:42+00:00","dateModified":"2017-04-15T14:32:42+00:00","author":{"@id":"https:\/\/blogs.uninter.edu.mx\/Filarmonica\/#\/schema\/person\/5fdfc9be41d7a26b139afd4de61c3664"},"breadcrumb":{"@id":"https:\/\/blogs.uninter.edu.mx\/Filarmonica\/index.php\/2017\/04\/15\/dia-mundial-del-arte\/#breadcrumb"},"inLanguage":"es-MX","potentialAction":[{"@type":"ReadAction","target":["https:\/\/blogs.uninter.edu.mx\/Filarmonica\/index.php\/2017\/04\/15\/dia-mundial-del-arte\/"]}]},{"@type":"ImageObject","inLanguage":"es-MX","@id":"https:\/\/blogs.uninter.edu.mx\/Filarmonica\/index.php\/2017\/04\/15\/dia-mundial-del-arte\/#primaryimage","url":"","contentUrl":""},{"@type":"BreadcrumbList","@id":"https:\/\/blogs.uninter.edu.mx\/Filarmonica\/index.php\/2017\/04\/15\/dia-mundial-del-arte\/#breadcrumb","itemListElement":[{"@type":"ListItem","position":1,"name":"Inicio","item":"https:\/\/blogs.uninter.edu.mx\/Filarmonica\/"},{"@type":"ListItem","position":2,"name":"D\u00eda Mundial del Arte"}]},{"@type":"WebSite","@id":"https:\/\/blogs.uninter.edu.mx\/Filarmonica\/#website","url":"https:\/\/blogs.uninter.edu.mx\/Filarmonica\/","name":"Filarmonica UNINTER","description":"","potentialAction":[{"@type":"SearchAction","target":{"@type":"EntryPoint","urlTemplate":"https:\/\/blogs.uninter.edu.mx\/Filarmonica\/?s={search_term_string}"},"query-input":"required name=search_term_string"}],"inLanguage":"es-MX"},{"@type":"Person","@id":"https:\/\/blogs.uninter.edu.mx\/Filarmonica\/#\/schema\/person\/5fdfc9be41d7a26b139afd4de61c3664","name":"luzgalvez","image":{"@type":"ImageObject","inLanguage":"es-MX","@id":"https:\/\/blogs.uninter.edu.mx\/Filarmonica\/#\/schema\/person\/image\/","url":"https:\/\/secure.gravatar.com\/avatar\/cf42be0541bffe97edcfdd314483f26481497b0a6a32669684590878e1ee0288?s=96&d=mm&r=g","contentUrl":"https:\/\/secure.gravatar.com\/avatar\/cf42be0541bffe97edcfdd314483f26481497b0a6a32669684590878e1ee0288?s=96&d=mm&r=g","caption":"luzgalvez"},"url":"https:\/\/blogs.uninter.edu.mx\/Filarmonica\/index.php\/author\/luzgalvez\/"}]}},"jetpack_featured_media_url":"","jetpack_sharing_enabled":true,"_links":{"self":[{"href":"https:\/\/blogs.uninter.edu.mx\/Filarmonica\/index.php\/wp-json\/wp\/v2\/posts\/3746","targetHints":{"allow":["GET"]}}],"collection":[{"href":"https:\/\/blogs.uninter.edu.mx\/Filarmonica\/index.php\/wp-json\/wp\/v2\/posts"}],"about":[{"href":"https:\/\/blogs.uninter.edu.mx\/Filarmonica\/index.php\/wp-json\/wp\/v2\/types\/post"}],"author":[{"embeddable":true,"href":"https:\/\/blogs.uninter.edu.mx\/Filarmonica\/index.php\/wp-json\/wp\/v2\/users\/4"}],"replies":[{"embeddable":true,"href":"https:\/\/blogs.uninter.edu.mx\/Filarmonica\/index.php\/wp-json\/wp\/v2\/comments?post=3746"}],"version-history":[{"count":0,"href":"https:\/\/blogs.uninter.edu.mx\/Filarmonica\/index.php\/wp-json\/wp\/v2\/posts\/3746\/revisions"}],"wp:featuredmedia":[{"embeddable":true,"href":"https:\/\/blogs.uninter.edu.mx\/Filarmonica\/index.php\/wp-json\/"}],"wp:attachment":[{"href":"https:\/\/blogs.uninter.edu.mx\/Filarmonica\/index.php\/wp-json\/wp\/v2\/media?parent=3746"}],"wp:term":[{"taxonomy":"category","embeddable":true,"href":"https:\/\/blogs.uninter.edu.mx\/Filarmonica\/index.php\/wp-json\/wp\/v2\/categories?post=3746"},{"taxonomy":"post_tag","embeddable":true,"href":"https:\/\/blogs.uninter.edu.mx\/Filarmonica\/index.php\/wp-json\/wp\/v2\/tags?post=3746"}],"curies":[{"name":"wp","href":"https:\/\/api.w.org\/{rel}","templated":true}]}}