{"id":3847,"date":"2017-03-20T11:58:11","date_gmt":"2017-03-20T17:58:11","guid":{"rendered":"http:\/\/filarmonicadecuernavaca.com\/?p=3847"},"modified":"2017-03-20T11:58:11","modified_gmt":"2017-03-20T17:58:11","slug":"jazz","status":"publish","type":"post","link":"https:\/\/blogs.uninter.edu.mx\/Filarmonica\/index.php\/2017\/03\/20\/jazz\/","title":{"rendered":"Jazz"},"content":{"rendered":"<p><img loading=\"lazy\" decoding=\"async\" class=\"alignnone size-full wp-image-3846\" src=\"https:\/\/filarmonicadecuernavaca.com\/wp-content\/uploads\/2017\/03\/800px-eddie_condon_gottlieb_01651-300x220.jpg\" alt=\"800px-Eddie_Condon_Gottlieb_01651-300x220\" width=\"300\" height=\"220\" \/><\/p>\n<pre>El as\u00ed llamado jazz mel\u00f3dico representa la vertiente m\u00e1s comercial y estereotipada del jazz comercial, l\u00e9ase  m\u00fasica \ncantable o bailable, que se impon\u00eda desde  los a\u00f1os 20. Correspond\u00eda  a  la m\u00fasica popular de ra\u00edz    jazz\u00edstica que se \nrotulaba con el nombre del baile de moda importado desde EE.UU, ya sea charleston, one step,  shimmy o foxtrot.\nDesde los a\u00f1os 20 hasta mediados de los a\u00f1os 40 el jazz en Chile tuvo el rango  de m\u00fasica popular, debido a su masividad \ny funcionalidad al baile y canto. A fines de los a\u00f1os cuarenta dej\u00f3 ser m\u00fasica popular, para ser desplazado por la m\u00fasica \ntropical, que lo desbanc\u00f3 del sitial de m\u00fasica bailable de moda. El Hot jazz por su parte deriv\u00f3 en otro estilo, el jazz \nmoderno, en donde predomin\u00f3 un af\u00e1n est\u00e9tico por sobre la antigua funci\u00f3n bailable.\nEn el contexto de la historia del jazz en EE.UU, los a\u00f1os 30 corresponden al periodo de mayor gloria de esta m\u00fasica.  La\ndenominada Era del Swing, o era de las Big Bands, constituy\u00f3 la etapa de mayor masividad en la historia del jazz.<\/pre>\n","protected":false},"excerpt":{"rendered":"<p>El as\u00ed llamado jazz mel\u00f3dico representa la vertiente m\u00e1s comercial y estereotipada del jazz comercial, l\u00e9ase m\u00fasica cantable o bailable, que se impon\u00eda desde los a\u00f1os 20. Correspond\u00eda a la m\u00fasica popular de ra\u00edz jazz\u00edstica que se rotulaba con el nombre del baile de moda importado desde EE.UU, ya sea charleston, one step, shimmy o&hellip;<\/p>\n","protected":false},"author":4,"featured_media":0,"comment_status":"closed","ping_status":"open","sticky":false,"template":"","format":"standard","meta":{"_jetpack_memberships_contains_paid_content":false,"footnotes":"","jetpack_publicize_message":"","jetpack_publicize_feature_enabled":true,"jetpack_social_post_already_shared":false,"jetpack_social_options":{"image_generator_settings":{"template":"highway","enabled":false}}},"categories":[1],"tags":[],"class_list":["post-3847","post","type-post","status-publish","format-standard","hentry","category-sin-categoria"],"jetpack_publicize_connections":[],"yoast_head":"<!-- This site is optimized with the Yoast SEO plugin v22.8 - https:\/\/yoast.com\/wordpress\/plugins\/seo\/ -->\r\n<title>Jazz - Filarmonica UNINTER<\/title>\r\n<meta name=\"robots\" content=\"index, follow, max-snippet:-1, max-image-preview:large, max-video-preview:-1\" \/>\r\n<link rel=\"canonical\" href=\"https:\/\/blogs.uninter.edu.mx\/Filarmonica\/index.php\/2017\/03\/20\/jazz\/\" \/>\r\n<meta property=\"og:locale\" content=\"es_MX\" \/>\r\n<meta property=\"og:type\" content=\"article\" \/>\r\n<meta property=\"og:title\" content=\"Jazz - Filarmonica UNINTER\" \/>\r\n<meta property=\"og:description\" content=\"El as\u00ed llamado jazz mel\u00f3dico representa la vertiente m\u00e1s comercial y estereotipada del jazz comercial, l\u00e9ase m\u00fasica cantable o bailable, que se impon\u00eda desde los a\u00f1os 20. Correspond\u00eda a la m\u00fasica popular de ra\u00edz jazz\u00edstica que se rotulaba con el nombre del baile de moda importado desde EE.UU, ya sea charleston, one step, shimmy o&hellip;\" \/>\r\n<meta property=\"og:url\" content=\"https:\/\/blogs.uninter.edu.mx\/Filarmonica\/index.php\/2017\/03\/20\/jazz\/\" \/>\r\n<meta property=\"og:site_name\" content=\"Filarmonica UNINTER\" \/>\r\n<meta property=\"article:published_time\" content=\"2017-03-20T17:58:11+00:00\" \/>\r\n<meta property=\"og:image\" content=\"https:\/\/filarmonicadecuernavaca.com\/wp-content\/uploads\/2017\/03\/800px-eddie_condon_gottlieb_01651-300x220.jpg\" \/>\r\n<meta name=\"author\" content=\"luzgalvez\" \/>\r\n<meta name=\"twitter:card\" content=\"summary_large_image\" \/>\r\n<meta name=\"twitter:label1\" content=\"Escrito por\" \/>\n\t<meta name=\"twitter:data1\" content=\"luzgalvez\" \/>\n\t<meta name=\"twitter:label2\" content=\"Tiempo de lectura\" \/>\n\t<meta name=\"twitter:data2\" content=\"1 minuto\" \/>\r\n<script type=\"application\/ld+json\" class=\"yoast-schema-graph\">{\"@context\":\"https:\/\/schema.org\",\"@graph\":[{\"@type\":\"WebPage\",\"@id\":\"https:\/\/blogs.uninter.edu.mx\/Filarmonica\/index.php\/2017\/03\/20\/jazz\/\",\"url\":\"https:\/\/blogs.uninter.edu.mx\/Filarmonica\/index.php\/2017\/03\/20\/jazz\/\",\"name\":\"Jazz - Filarmonica UNINTER\",\"isPartOf\":{\"@id\":\"https:\/\/blogs.uninter.edu.mx\/Filarmonica\/#website\"},\"primaryImageOfPage\":{\"@id\":\"https:\/\/blogs.uninter.edu.mx\/Filarmonica\/index.php\/2017\/03\/20\/jazz\/#primaryimage\"},\"image\":{\"@id\":\"https:\/\/blogs.uninter.edu.mx\/Filarmonica\/index.php\/2017\/03\/20\/jazz\/#primaryimage\"},\"thumbnailUrl\":\"https:\/\/filarmonicadecuernavaca.com\/wp-content\/uploads\/2017\/03\/800px-eddie_condon_gottlieb_01651-300x220.jpg\",\"datePublished\":\"2017-03-20T17:58:11+00:00\",\"dateModified\":\"2017-03-20T17:58:11+00:00\",\"author\":{\"@id\":\"https:\/\/blogs.uninter.edu.mx\/Filarmonica\/#\/schema\/person\/5fdfc9be41d7a26b139afd4de61c3664\"},\"breadcrumb\":{\"@id\":\"https:\/\/blogs.uninter.edu.mx\/Filarmonica\/index.php\/2017\/03\/20\/jazz\/#breadcrumb\"},\"inLanguage\":\"es-MX\",\"potentialAction\":[{\"@type\":\"ReadAction\",\"target\":[\"https:\/\/blogs.uninter.edu.mx\/Filarmonica\/index.php\/2017\/03\/20\/jazz\/\"]}]},{\"@type\":\"ImageObject\",\"inLanguage\":\"es-MX\",\"@id\":\"https:\/\/blogs.uninter.edu.mx\/Filarmonica\/index.php\/2017\/03\/20\/jazz\/#primaryimage\",\"url\":\"https:\/\/filarmonicadecuernavaca.com\/wp-content\/uploads\/2017\/03\/800px-eddie_condon_gottlieb_01651-300x220.jpg\",\"contentUrl\":\"https:\/\/filarmonicadecuernavaca.com\/wp-content\/uploads\/2017\/03\/800px-eddie_condon_gottlieb_01651-300x220.jpg\"},{\"@type\":\"BreadcrumbList\",\"@id\":\"https:\/\/blogs.uninter.edu.mx\/Filarmonica\/index.php\/2017\/03\/20\/jazz\/#breadcrumb\",\"itemListElement\":[{\"@type\":\"ListItem\",\"position\":1,\"name\":\"Inicio\",\"item\":\"https:\/\/blogs.uninter.edu.mx\/Filarmonica\/\"},{\"@type\":\"ListItem\",\"position\":2,\"name\":\"Jazz\"}]},{\"@type\":\"WebSite\",\"@id\":\"https:\/\/blogs.uninter.edu.mx\/Filarmonica\/#website\",\"url\":\"https:\/\/blogs.uninter.edu.mx\/Filarmonica\/\",\"name\":\"Filarmonica UNINTER\",\"description\":\"\",\"potentialAction\":[{\"@type\":\"SearchAction\",\"target\":{\"@type\":\"EntryPoint\",\"urlTemplate\":\"https:\/\/blogs.uninter.edu.mx\/Filarmonica\/?s={search_term_string}\"},\"query-input\":\"required name=search_term_string\"}],\"inLanguage\":\"es-MX\"},{\"@type\":\"Person\",\"@id\":\"https:\/\/blogs.uninter.edu.mx\/Filarmonica\/#\/schema\/person\/5fdfc9be41d7a26b139afd4de61c3664\",\"name\":\"luzgalvez\",\"image\":{\"@type\":\"ImageObject\",\"inLanguage\":\"es-MX\",\"@id\":\"https:\/\/blogs.uninter.edu.mx\/Filarmonica\/#\/schema\/person\/image\/\",\"url\":\"https:\/\/secure.gravatar.com\/avatar\/cf42be0541bffe97edcfdd314483f26481497b0a6a32669684590878e1ee0288?s=96&d=mm&r=g\",\"contentUrl\":\"https:\/\/secure.gravatar.com\/avatar\/cf42be0541bffe97edcfdd314483f26481497b0a6a32669684590878e1ee0288?s=96&d=mm&r=g\",\"caption\":\"luzgalvez\"},\"url\":\"https:\/\/blogs.uninter.edu.mx\/Filarmonica\/index.php\/author\/luzgalvez\/\"}]}<\/script>\r\n<!-- \/ Yoast SEO plugin. -->","yoast_head_json":{"title":"Jazz - Filarmonica UNINTER","robots":{"index":"index","follow":"follow","max-snippet":"max-snippet:-1","max-image-preview":"max-image-preview:large","max-video-preview":"max-video-preview:-1"},"canonical":"https:\/\/blogs.uninter.edu.mx\/Filarmonica\/index.php\/2017\/03\/20\/jazz\/","og_locale":"es_MX","og_type":"article","og_title":"Jazz - Filarmonica UNINTER","og_description":"El as\u00ed llamado jazz mel\u00f3dico representa la vertiente m\u00e1s comercial y estereotipada del jazz comercial, l\u00e9ase m\u00fasica cantable o bailable, que se impon\u00eda desde los a\u00f1os 20. Correspond\u00eda a la m\u00fasica popular de ra\u00edz jazz\u00edstica que se rotulaba con el nombre del baile de moda importado desde EE.UU, ya sea charleston, one step, shimmy o&hellip;","og_url":"https:\/\/blogs.uninter.edu.mx\/Filarmonica\/index.php\/2017\/03\/20\/jazz\/","og_site_name":"Filarmonica UNINTER","article_published_time":"2017-03-20T17:58:11+00:00","og_image":[{"url":"https:\/\/filarmonicadecuernavaca.com\/wp-content\/uploads\/2017\/03\/800px-eddie_condon_gottlieb_01651-300x220.jpg"}],"author":"luzgalvez","twitter_card":"summary_large_image","twitter_misc":{"Escrito por":"luzgalvez","Tiempo de lectura":"1 minuto"},"schema":{"@context":"https:\/\/schema.org","@graph":[{"@type":"WebPage","@id":"https:\/\/blogs.uninter.edu.mx\/Filarmonica\/index.php\/2017\/03\/20\/jazz\/","url":"https:\/\/blogs.uninter.edu.mx\/Filarmonica\/index.php\/2017\/03\/20\/jazz\/","name":"Jazz - Filarmonica UNINTER","isPartOf":{"@id":"https:\/\/blogs.uninter.edu.mx\/Filarmonica\/#website"},"primaryImageOfPage":{"@id":"https:\/\/blogs.uninter.edu.mx\/Filarmonica\/index.php\/2017\/03\/20\/jazz\/#primaryimage"},"image":{"@id":"https:\/\/blogs.uninter.edu.mx\/Filarmonica\/index.php\/2017\/03\/20\/jazz\/#primaryimage"},"thumbnailUrl":"https:\/\/filarmonicadecuernavaca.com\/wp-content\/uploads\/2017\/03\/800px-eddie_condon_gottlieb_01651-300x220.jpg","datePublished":"2017-03-20T17:58:11+00:00","dateModified":"2017-03-20T17:58:11+00:00","author":{"@id":"https:\/\/blogs.uninter.edu.mx\/Filarmonica\/#\/schema\/person\/5fdfc9be41d7a26b139afd4de61c3664"},"breadcrumb":{"@id":"https:\/\/blogs.uninter.edu.mx\/Filarmonica\/index.php\/2017\/03\/20\/jazz\/#breadcrumb"},"inLanguage":"es-MX","potentialAction":[{"@type":"ReadAction","target":["https:\/\/blogs.uninter.edu.mx\/Filarmonica\/index.php\/2017\/03\/20\/jazz\/"]}]},{"@type":"ImageObject","inLanguage":"es-MX","@id":"https:\/\/blogs.uninter.edu.mx\/Filarmonica\/index.php\/2017\/03\/20\/jazz\/#primaryimage","url":"https:\/\/filarmonicadecuernavaca.com\/wp-content\/uploads\/2017\/03\/800px-eddie_condon_gottlieb_01651-300x220.jpg","contentUrl":"https:\/\/filarmonicadecuernavaca.com\/wp-content\/uploads\/2017\/03\/800px-eddie_condon_gottlieb_01651-300x220.jpg"},{"@type":"BreadcrumbList","@id":"https:\/\/blogs.uninter.edu.mx\/Filarmonica\/index.php\/2017\/03\/20\/jazz\/#breadcrumb","itemListElement":[{"@type":"ListItem","position":1,"name":"Inicio","item":"https:\/\/blogs.uninter.edu.mx\/Filarmonica\/"},{"@type":"ListItem","position":2,"name":"Jazz"}]},{"@type":"WebSite","@id":"https:\/\/blogs.uninter.edu.mx\/Filarmonica\/#website","url":"https:\/\/blogs.uninter.edu.mx\/Filarmonica\/","name":"Filarmonica UNINTER","description":"","potentialAction":[{"@type":"SearchAction","target":{"@type":"EntryPoint","urlTemplate":"https:\/\/blogs.uninter.edu.mx\/Filarmonica\/?s={search_term_string}"},"query-input":"required name=search_term_string"}],"inLanguage":"es-MX"},{"@type":"Person","@id":"https:\/\/blogs.uninter.edu.mx\/Filarmonica\/#\/schema\/person\/5fdfc9be41d7a26b139afd4de61c3664","name":"luzgalvez","image":{"@type":"ImageObject","inLanguage":"es-MX","@id":"https:\/\/blogs.uninter.edu.mx\/Filarmonica\/#\/schema\/person\/image\/","url":"https:\/\/secure.gravatar.com\/avatar\/cf42be0541bffe97edcfdd314483f26481497b0a6a32669684590878e1ee0288?s=96&d=mm&r=g","contentUrl":"https:\/\/secure.gravatar.com\/avatar\/cf42be0541bffe97edcfdd314483f26481497b0a6a32669684590878e1ee0288?s=96&d=mm&r=g","caption":"luzgalvez"},"url":"https:\/\/blogs.uninter.edu.mx\/Filarmonica\/index.php\/author\/luzgalvez\/"}]}},"jetpack_featured_media_url":"","jetpack_sharing_enabled":true,"_links":{"self":[{"href":"https:\/\/blogs.uninter.edu.mx\/Filarmonica\/index.php\/wp-json\/wp\/v2\/posts\/3847","targetHints":{"allow":["GET"]}}],"collection":[{"href":"https:\/\/blogs.uninter.edu.mx\/Filarmonica\/index.php\/wp-json\/wp\/v2\/posts"}],"about":[{"href":"https:\/\/blogs.uninter.edu.mx\/Filarmonica\/index.php\/wp-json\/wp\/v2\/types\/post"}],"author":[{"embeddable":true,"href":"https:\/\/blogs.uninter.edu.mx\/Filarmonica\/index.php\/wp-json\/wp\/v2\/users\/4"}],"replies":[{"embeddable":true,"href":"https:\/\/blogs.uninter.edu.mx\/Filarmonica\/index.php\/wp-json\/wp\/v2\/comments?post=3847"}],"version-history":[{"count":0,"href":"https:\/\/blogs.uninter.edu.mx\/Filarmonica\/index.php\/wp-json\/wp\/v2\/posts\/3847\/revisions"}],"wp:attachment":[{"href":"https:\/\/blogs.uninter.edu.mx\/Filarmonica\/index.php\/wp-json\/wp\/v2\/media?parent=3847"}],"wp:term":[{"taxonomy":"category","embeddable":true,"href":"https:\/\/blogs.uninter.edu.mx\/Filarmonica\/index.php\/wp-json\/wp\/v2\/categories?post=3847"},{"taxonomy":"post_tag","embeddable":true,"href":"https:\/\/blogs.uninter.edu.mx\/Filarmonica\/index.php\/wp-json\/wp\/v2\/tags?post=3847"}],"curies":[{"name":"wp","href":"https:\/\/api.w.org\/{rel}","templated":true}]}}