{"id":3966,"date":"2017-05-02T11:35:28","date_gmt":"2017-05-02T16:35:28","guid":{"rendered":"http:\/\/filarmonicadecuernavaca.com\/?p=3966"},"modified":"2017-05-02T11:35:28","modified_gmt":"2017-05-02T16:35:28","slug":"dia-internacional-de-la-danza","status":"publish","type":"post","link":"https:\/\/blogs.uninter.edu.mx\/Filarmonica\/index.php\/2017\/05\/02\/dia-internacional-de-la-danza\/","title":{"rendered":"D\u00eda Internacional de la Danza"},"content":{"rendered":"<p>El d\u00eda internacional de la danza se celebra el 29 de abril\u00a0fue establecido por la Unesco\u00a0en 1982, atendiendo a una iniciativa del Comit\u00e9 Internacional de Danza, perteneciente al Instituto Internacional de Teatro (ITI\/UNESCO). Para celebrar la danza, se eligi\u00f3 el 29 de abril, por ser el natalicio de Jean-Georges Noverre, innovador y estudioso de este arte, maestro y creador del ballet moderno.<\/p>\n<p>Cada a\u00f1o desde 1982 se celebra el D\u00eda Internacional de la Danza el 29 de abril, como una forma de atraer la atenci\u00f3n sobre el arte de la danza. Tambi\u00e9n se busca reunir a todos aquellos que han elegido la danza como medio de expresi\u00f3n para que, traspasando las barreras culturales, pol\u00edticas y \u00e9tnicas, celebren la danza y su diversidad.<\/p>\n<p>Cada a\u00f1o, la Unesco solicita a una personalidad reconocida de este arte, que redacte un mensaje que despu\u00e9s es difundido mundialmente.<\/p>\n<p>Ese d\u00eda las compa\u00f1\u00edas y escuelas de danza, organizaciones y particulares, llevan a cabo actividades dirigidas a una audiencia fuera de su \u00e1mbito habitual. Es un d\u00eda de fiesta que celebran todos los pa\u00edses del mundo con espect\u00e1culos especialmente dedicados a la danza a trav\u00e9s de: clases abiertas, ensayos al aire libre, conferencias, exposiciones, publicaciones en diarios y revistas, bailes populares, programas en radio y TV, espect\u00e1culos callejeros, entre otros.<\/p>\n","protected":false},"excerpt":{"rendered":"<p>El d\u00eda internacional de la danza se celebra el 29 de abril\u00a0fue establecido por la Unesco\u00a0en 1982, atendiendo a una iniciativa del Comit\u00e9 Internacional de Danza, perteneciente al Instituto Internacional de Teatro (ITI\/UNESCO). Para celebrar la danza, se eligi\u00f3 el 29 de abril, por ser el natalicio de Jean-Georges Noverre, innovador y estudioso de este&hellip;<\/p>\n","protected":false},"author":4,"featured_media":3976,"comment_status":"closed","ping_status":"open","sticky":false,"template":"","format":"standard","meta":{"_jetpack_memberships_contains_paid_content":false,"footnotes":"","jetpack_publicize_message":"","jetpack_publicize_feature_enabled":true,"jetpack_social_post_already_shared":false,"jetpack_social_options":{"image_generator_settings":{"template":"highway","enabled":false}}},"categories":[1],"tags":[],"class_list":["post-3966","post","type-post","status-publish","format-standard","has-post-thumbnail","hentry","category-sin-categoria"],"jetpack_publicize_connections":[],"yoast_head":"<!-- This site is optimized with the Yoast SEO plugin v22.8 - https:\/\/yoast.com\/wordpress\/plugins\/seo\/ -->\r\n<title>D\u00eda Internacional de la Danza - Filarmonica UNINTER<\/title>\r\n<meta name=\"robots\" content=\"index, follow, max-snippet:-1, max-image-preview:large, max-video-preview:-1\" \/>\r\n<link rel=\"canonical\" href=\"https:\/\/blogs.uninter.edu.mx\/Filarmonica\/index.php\/2017\/05\/02\/dia-internacional-de-la-danza\/\" \/>\r\n<meta property=\"og:locale\" content=\"es_MX\" \/>\r\n<meta property=\"og:type\" content=\"article\" \/>\r\n<meta property=\"og:title\" content=\"D\u00eda Internacional de la Danza - Filarmonica UNINTER\" \/>\r\n<meta property=\"og:description\" content=\"El d\u00eda internacional de la danza se celebra el 29 de abril\u00a0fue establecido por la Unesco\u00a0en 1982, atendiendo a una iniciativa del Comit\u00e9 Internacional de Danza, perteneciente al Instituto Internacional de Teatro (ITI\/UNESCO). Para celebrar la danza, se eligi\u00f3 el 29 de abril, por ser el natalicio de Jean-Georges Noverre, innovador y estudioso de este&hellip;\" \/>\r\n<meta property=\"og:url\" content=\"https:\/\/blogs.uninter.edu.mx\/Filarmonica\/index.php\/2017\/05\/02\/dia-internacional-de-la-danza\/\" \/>\r\n<meta property=\"og:site_name\" content=\"Filarmonica UNINTER\" \/>\r\n<meta property=\"article:published_time\" content=\"2017-05-02T16:35:28+00:00\" \/>\r\n<meta name=\"author\" content=\"luzgalvez\" \/>\r\n<meta name=\"twitter:card\" content=\"summary_large_image\" \/>\r\n<meta name=\"twitter:label1\" content=\"Escrito por\" \/>\n\t<meta name=\"twitter:data1\" content=\"luzgalvez\" \/>\n\t<meta name=\"twitter:label2\" content=\"Tiempo de lectura\" \/>\n\t<meta name=\"twitter:data2\" content=\"1 minuto\" \/>\r\n<script type=\"application\/ld+json\" class=\"yoast-schema-graph\">{\"@context\":\"https:\/\/schema.org\",\"@graph\":[{\"@type\":\"WebPage\",\"@id\":\"https:\/\/blogs.uninter.edu.mx\/Filarmonica\/index.php\/2017\/05\/02\/dia-internacional-de-la-danza\/\",\"url\":\"https:\/\/blogs.uninter.edu.mx\/Filarmonica\/index.php\/2017\/05\/02\/dia-internacional-de-la-danza\/\",\"name\":\"D\u00eda Internacional de la Danza - Filarmonica UNINTER\",\"isPartOf\":{\"@id\":\"https:\/\/blogs.uninter.edu.mx\/Filarmonica\/#website\"},\"primaryImageOfPage\":{\"@id\":\"https:\/\/blogs.uninter.edu.mx\/Filarmonica\/index.php\/2017\/05\/02\/dia-internacional-de-la-danza\/#primaryimage\"},\"image\":{\"@id\":\"https:\/\/blogs.uninter.edu.mx\/Filarmonica\/index.php\/2017\/05\/02\/dia-internacional-de-la-danza\/#primaryimage\"},\"thumbnailUrl\":\"\",\"datePublished\":\"2017-05-02T16:35:28+00:00\",\"dateModified\":\"2017-05-02T16:35:28+00:00\",\"author\":{\"@id\":\"https:\/\/blogs.uninter.edu.mx\/Filarmonica\/#\/schema\/person\/5fdfc9be41d7a26b139afd4de61c3664\"},\"breadcrumb\":{\"@id\":\"https:\/\/blogs.uninter.edu.mx\/Filarmonica\/index.php\/2017\/05\/02\/dia-internacional-de-la-danza\/#breadcrumb\"},\"inLanguage\":\"es-MX\",\"potentialAction\":[{\"@type\":\"ReadAction\",\"target\":[\"https:\/\/blogs.uninter.edu.mx\/Filarmonica\/index.php\/2017\/05\/02\/dia-internacional-de-la-danza\/\"]}]},{\"@type\":\"ImageObject\",\"inLanguage\":\"es-MX\",\"@id\":\"https:\/\/blogs.uninter.edu.mx\/Filarmonica\/index.php\/2017\/05\/02\/dia-internacional-de-la-danza\/#primaryimage\",\"url\":\"\",\"contentUrl\":\"\"},{\"@type\":\"BreadcrumbList\",\"@id\":\"https:\/\/blogs.uninter.edu.mx\/Filarmonica\/index.php\/2017\/05\/02\/dia-internacional-de-la-danza\/#breadcrumb\",\"itemListElement\":[{\"@type\":\"ListItem\",\"position\":1,\"name\":\"Inicio\",\"item\":\"https:\/\/blogs.uninter.edu.mx\/Filarmonica\/\"},{\"@type\":\"ListItem\",\"position\":2,\"name\":\"D\u00eda Internacional de la Danza\"}]},{\"@type\":\"WebSite\",\"@id\":\"https:\/\/blogs.uninter.edu.mx\/Filarmonica\/#website\",\"url\":\"https:\/\/blogs.uninter.edu.mx\/Filarmonica\/\",\"name\":\"Filarmonica UNINTER\",\"description\":\"\",\"potentialAction\":[{\"@type\":\"SearchAction\",\"target\":{\"@type\":\"EntryPoint\",\"urlTemplate\":\"https:\/\/blogs.uninter.edu.mx\/Filarmonica\/?s={search_term_string}\"},\"query-input\":\"required name=search_term_string\"}],\"inLanguage\":\"es-MX\"},{\"@type\":\"Person\",\"@id\":\"https:\/\/blogs.uninter.edu.mx\/Filarmonica\/#\/schema\/person\/5fdfc9be41d7a26b139afd4de61c3664\",\"name\":\"luzgalvez\",\"image\":{\"@type\":\"ImageObject\",\"inLanguage\":\"es-MX\",\"@id\":\"https:\/\/blogs.uninter.edu.mx\/Filarmonica\/#\/schema\/person\/image\/\",\"url\":\"https:\/\/secure.gravatar.com\/avatar\/cf42be0541bffe97edcfdd314483f26481497b0a6a32669684590878e1ee0288?s=96&d=mm&r=g\",\"contentUrl\":\"https:\/\/secure.gravatar.com\/avatar\/cf42be0541bffe97edcfdd314483f26481497b0a6a32669684590878e1ee0288?s=96&d=mm&r=g\",\"caption\":\"luzgalvez\"},\"url\":\"https:\/\/blogs.uninter.edu.mx\/Filarmonica\/index.php\/author\/luzgalvez\/\"}]}<\/script>\r\n<!-- \/ Yoast SEO plugin. -->","yoast_head_json":{"title":"D\u00eda Internacional de la Danza - Filarmonica UNINTER","robots":{"index":"index","follow":"follow","max-snippet":"max-snippet:-1","max-image-preview":"max-image-preview:large","max-video-preview":"max-video-preview:-1"},"canonical":"https:\/\/blogs.uninter.edu.mx\/Filarmonica\/index.php\/2017\/05\/02\/dia-internacional-de-la-danza\/","og_locale":"es_MX","og_type":"article","og_title":"D\u00eda Internacional de la Danza - Filarmonica UNINTER","og_description":"El d\u00eda internacional de la danza se celebra el 29 de abril\u00a0fue establecido por la Unesco\u00a0en 1982, atendiendo a una iniciativa del Comit\u00e9 Internacional de Danza, perteneciente al Instituto Internacional de Teatro (ITI\/UNESCO). Para celebrar la danza, se eligi\u00f3 el 29 de abril, por ser el natalicio de Jean-Georges Noverre, innovador y estudioso de este&hellip;","og_url":"https:\/\/blogs.uninter.edu.mx\/Filarmonica\/index.php\/2017\/05\/02\/dia-internacional-de-la-danza\/","og_site_name":"Filarmonica UNINTER","article_published_time":"2017-05-02T16:35:28+00:00","author":"luzgalvez","twitter_card":"summary_large_image","twitter_misc":{"Escrito por":"luzgalvez","Tiempo de lectura":"1 minuto"},"schema":{"@context":"https:\/\/schema.org","@graph":[{"@type":"WebPage","@id":"https:\/\/blogs.uninter.edu.mx\/Filarmonica\/index.php\/2017\/05\/02\/dia-internacional-de-la-danza\/","url":"https:\/\/blogs.uninter.edu.mx\/Filarmonica\/index.php\/2017\/05\/02\/dia-internacional-de-la-danza\/","name":"D\u00eda Internacional de la Danza - Filarmonica UNINTER","isPartOf":{"@id":"https:\/\/blogs.uninter.edu.mx\/Filarmonica\/#website"},"primaryImageOfPage":{"@id":"https:\/\/blogs.uninter.edu.mx\/Filarmonica\/index.php\/2017\/05\/02\/dia-internacional-de-la-danza\/#primaryimage"},"image":{"@id":"https:\/\/blogs.uninter.edu.mx\/Filarmonica\/index.php\/2017\/05\/02\/dia-internacional-de-la-danza\/#primaryimage"},"thumbnailUrl":"","datePublished":"2017-05-02T16:35:28+00:00","dateModified":"2017-05-02T16:35:28+00:00","author":{"@id":"https:\/\/blogs.uninter.edu.mx\/Filarmonica\/#\/schema\/person\/5fdfc9be41d7a26b139afd4de61c3664"},"breadcrumb":{"@id":"https:\/\/blogs.uninter.edu.mx\/Filarmonica\/index.php\/2017\/05\/02\/dia-internacional-de-la-danza\/#breadcrumb"},"inLanguage":"es-MX","potentialAction":[{"@type":"ReadAction","target":["https:\/\/blogs.uninter.edu.mx\/Filarmonica\/index.php\/2017\/05\/02\/dia-internacional-de-la-danza\/"]}]},{"@type":"ImageObject","inLanguage":"es-MX","@id":"https:\/\/blogs.uninter.edu.mx\/Filarmonica\/index.php\/2017\/05\/02\/dia-internacional-de-la-danza\/#primaryimage","url":"","contentUrl":""},{"@type":"BreadcrumbList","@id":"https:\/\/blogs.uninter.edu.mx\/Filarmonica\/index.php\/2017\/05\/02\/dia-internacional-de-la-danza\/#breadcrumb","itemListElement":[{"@type":"ListItem","position":1,"name":"Inicio","item":"https:\/\/blogs.uninter.edu.mx\/Filarmonica\/"},{"@type":"ListItem","position":2,"name":"D\u00eda Internacional de la Danza"}]},{"@type":"WebSite","@id":"https:\/\/blogs.uninter.edu.mx\/Filarmonica\/#website","url":"https:\/\/blogs.uninter.edu.mx\/Filarmonica\/","name":"Filarmonica UNINTER","description":"","potentialAction":[{"@type":"SearchAction","target":{"@type":"EntryPoint","urlTemplate":"https:\/\/blogs.uninter.edu.mx\/Filarmonica\/?s={search_term_string}"},"query-input":"required name=search_term_string"}],"inLanguage":"es-MX"},{"@type":"Person","@id":"https:\/\/blogs.uninter.edu.mx\/Filarmonica\/#\/schema\/person\/5fdfc9be41d7a26b139afd4de61c3664","name":"luzgalvez","image":{"@type":"ImageObject","inLanguage":"es-MX","@id":"https:\/\/blogs.uninter.edu.mx\/Filarmonica\/#\/schema\/person\/image\/","url":"https:\/\/secure.gravatar.com\/avatar\/cf42be0541bffe97edcfdd314483f26481497b0a6a32669684590878e1ee0288?s=96&d=mm&r=g","contentUrl":"https:\/\/secure.gravatar.com\/avatar\/cf42be0541bffe97edcfdd314483f26481497b0a6a32669684590878e1ee0288?s=96&d=mm&r=g","caption":"luzgalvez"},"url":"https:\/\/blogs.uninter.edu.mx\/Filarmonica\/index.php\/author\/luzgalvez\/"}]}},"jetpack_featured_media_url":"","jetpack_sharing_enabled":true,"_links":{"self":[{"href":"https:\/\/blogs.uninter.edu.mx\/Filarmonica\/index.php\/wp-json\/wp\/v2\/posts\/3966","targetHints":{"allow":["GET"]}}],"collection":[{"href":"https:\/\/blogs.uninter.edu.mx\/Filarmonica\/index.php\/wp-json\/wp\/v2\/posts"}],"about":[{"href":"https:\/\/blogs.uninter.edu.mx\/Filarmonica\/index.php\/wp-json\/wp\/v2\/types\/post"}],"author":[{"embeddable":true,"href":"https:\/\/blogs.uninter.edu.mx\/Filarmonica\/index.php\/wp-json\/wp\/v2\/users\/4"}],"replies":[{"embeddable":true,"href":"https:\/\/blogs.uninter.edu.mx\/Filarmonica\/index.php\/wp-json\/wp\/v2\/comments?post=3966"}],"version-history":[{"count":0,"href":"https:\/\/blogs.uninter.edu.mx\/Filarmonica\/index.php\/wp-json\/wp\/v2\/posts\/3966\/revisions"}],"wp:featuredmedia":[{"embeddable":true,"href":"https:\/\/blogs.uninter.edu.mx\/Filarmonica\/index.php\/wp-json\/"}],"wp:attachment":[{"href":"https:\/\/blogs.uninter.edu.mx\/Filarmonica\/index.php\/wp-json\/wp\/v2\/media?parent=3966"}],"wp:term":[{"taxonomy":"category","embeddable":true,"href":"https:\/\/blogs.uninter.edu.mx\/Filarmonica\/index.php\/wp-json\/wp\/v2\/categories?post=3966"},{"taxonomy":"post_tag","embeddable":true,"href":"https:\/\/blogs.uninter.edu.mx\/Filarmonica\/index.php\/wp-json\/wp\/v2\/tags?post=3966"}],"curies":[{"name":"wp","href":"https:\/\/api.w.org\/{rel}","templated":true}]}}