{"id":4023,"date":"2017-05-17T09:17:45","date_gmt":"2017-05-17T14:17:45","guid":{"rendered":"http:\/\/filarmonicadecuernavaca.com\/?p=4023"},"modified":"2017-05-17T09:17:45","modified_gmt":"2017-05-17T14:17:45","slug":"dia-del-maestro","status":"publish","type":"post","link":"https:\/\/blogs.uninter.edu.mx\/Filarmonica\/index.php\/2017\/05\/17\/dia-del-maestro\/","title":{"rendered":"D\u00cdA DEL MAESTRO"},"content":{"rendered":"<p class=\"text\">Desde aprender a leer hasta entender algunas complicadas teor\u00edas, estos seres humanos dedican su vida a mostrar lo que sabes y vale mucho reconocer su labor. <strong>Pero, \u00bfsabes por qu\u00e9 se celebra este d\u00eda?<\/strong><\/p>\n<div id=\"ad-video-inread--wrapper\"><\/div>\n<p class=\"text\">En 1918, se llev\u00f3 a cabo en M\u00e9xico la primera conmemoraci\u00f3n del D\u00eda el Maestro, <strong>el decreto fue firmado por el presidente Venustiano Carranza.<\/strong><\/p>\n<p class=\"text\"><strong>HISTORIA DEL D\u00cdA DEL MAESTRO<\/strong><\/p>\n<p class=\"text\">La propuesta pretend\u00eda que se instituyera un d\u00eda en homenaje a los maestros y que fuera el 15 de mayo, fecha conmemorativa de la toma de Quer\u00e9taro.<\/p>\n<p class=\"text\">La iniciativa fue aprobada en 1917, y un a\u00f1o despu\u00e9s se celebro por primera vez est\u00e1 fecha.<\/p>\n<p class=\"text\"><strong>Esta celebraci\u00f3n varia de d\u00eda seg\u00fan las naciones <\/strong>, pero el D\u00eda Mundial del Maestro, instituido por la UNESCO, se celebra el 5 de octubre.<\/p>\n<p class=\"text\">La Conferencia Interamericana de Educaci\u00f3n (celebrada en Panam\u00e1 en 1943) recomend\u00f3 celebrar el D\u00eda Panamericano del Maestro el 11 de septiembre (fallecimiento del educador y presidente argentino Domingo Faustino Sarmiento).<\/p>\n<p class=\"text\"><strong>CURIOSIDADES EN EL D\u00cdA DEL MAESTRO<\/strong><\/p>\n<p class=\"text\">Lo estados con m\u00e1s profesores son el Estado de M\u00e9xico y el Distrito Federal. <strong>Las entidades con menos maestros son Baja California Sur, Colima y Campeche.<\/strong><\/p>\n<p class=\"text\">Un 80% de los maestros, hombres, tienen escolaridad superior y un 72%<strong>en el caso de las maestras.<\/strong><\/p>\n<p class=\"text\">En M\u00e9xico hay un 1 mill\u00f3n 800 mil maestros, <strong>de los cuales un 61.3% son mujeres.<\/strong><\/p>\n<p class=\"text\">En M\u00e9xico <strong>hay 27 millones de estudiantes.<\/strong><\/p>\n<p class=\"text\"><strong>\u00bfPOR QU\u00c9 SE CELEBRA EL 15 DE MAYO?<\/strong><\/p>\n<p class=\"text\">Adem\u00e1s de conmemorar la toma de Quer\u00e9taro, para contestar esta pregunta debemos ubicar a un personaje central en la historia de la educaci\u00f3n religiosa: <strong>San Juan Bautista de La Salle, quien fue un sacerdote y pedagogo franc\u00e9s innovador <\/strong>, que consagr\u00f3 su vida a formar maestros destinados a la educaci\u00f3n de hijos de artesanos y de ni\u00f1os pobres de la \u00e9poca.<\/p>\n<p class=\"text\">As\u00ed, la celebraci\u00f3n a los maestros tambi\u00e9n se conmemora el 15 de mayo porque ese d\u00eda, pero de 1950, fue declarado patrono especial de todos los educadores de la infancia y de la juventud y Patrono universal de los educadores por el papa P\u00edo XII (1876-1958).<\/p>\n<p class=\"text\"><strong>JOS\u00c9 VASCONCELOS, UN MAESTRO EJEMPLAR<\/strong><\/p>\n<p class=\"text\">Uno de los educadores m\u00e1s destacados de M\u00e9xico <strong>es el oaxaque\u00f1o Jos\u00e9 Vasconcelos, nombrado Doctor Honoris Causa por la Universidad Nacional Aut\u00f3noma de M\u00e9xico (UNAM) <\/strong>y por las de Chile, Guatemala y otras naciones latinoamericanas.<\/p>\n<p class=\"text\">Fue tambi\u00e9n miembro de El Colegio Nacional y de la Academia Mexicana de la Lengua. Fue llamado el Maestro de Am\u00e9rica y <strong>cada 15 de mayo se entrega el reconocimiento que lleva su nombre, a los educadores destacados del pa\u00eds.<\/strong><\/p>\n","protected":false},"excerpt":{"rendered":"<p>Desde aprender a leer hasta entender algunas complicadas teor\u00edas, estos seres humanos dedican su vida a mostrar lo que sabes y vale mucho reconocer su labor. Pero, \u00bfsabes por qu\u00e9 se celebra este d\u00eda? En 1918, se llev\u00f3 a cabo en M\u00e9xico la primera conmemoraci\u00f3n del D\u00eda el Maestro, el decreto fue firmado por el&hellip;<\/p>\n","protected":false},"author":4,"featured_media":4029,"comment_status":"closed","ping_status":"open","sticky":false,"template":"","format":"standard","meta":{"_jetpack_memberships_contains_paid_content":false,"footnotes":"","jetpack_publicize_message":"","jetpack_publicize_feature_enabled":true,"jetpack_social_post_already_shared":false,"jetpack_social_options":{"image_generator_settings":{"template":"highway","enabled":false}}},"categories":[1],"tags":[],"class_list":["post-4023","post","type-post","status-publish","format-standard","has-post-thumbnail","hentry","category-sin-categoria"],"jetpack_publicize_connections":[],"yoast_head":"<!-- This site is optimized with the Yoast SEO plugin v22.8 - https:\/\/yoast.com\/wordpress\/plugins\/seo\/ -->\r\n<title>D\u00cdA DEL MAESTRO - Filarmonica UNINTER<\/title>\r\n<meta name=\"robots\" content=\"index, follow, max-snippet:-1, max-image-preview:large, max-video-preview:-1\" \/>\r\n<link rel=\"canonical\" href=\"https:\/\/blogs.uninter.edu.mx\/Filarmonica\/index.php\/2017\/05\/17\/dia-del-maestro\/\" \/>\r\n<meta property=\"og:locale\" content=\"es_MX\" \/>\r\n<meta property=\"og:type\" content=\"article\" \/>\r\n<meta property=\"og:title\" content=\"D\u00cdA DEL MAESTRO - Filarmonica UNINTER\" \/>\r\n<meta property=\"og:description\" content=\"Desde aprender a leer hasta entender algunas complicadas teor\u00edas, estos seres humanos dedican su vida a mostrar lo que sabes y vale mucho reconocer su labor. Pero, \u00bfsabes por qu\u00e9 se celebra este d\u00eda? En 1918, se llev\u00f3 a cabo en M\u00e9xico la primera conmemoraci\u00f3n del D\u00eda el Maestro, el decreto fue firmado por el&hellip;\" \/>\r\n<meta property=\"og:url\" content=\"https:\/\/blogs.uninter.edu.mx\/Filarmonica\/index.php\/2017\/05\/17\/dia-del-maestro\/\" \/>\r\n<meta property=\"og:site_name\" content=\"Filarmonica UNINTER\" \/>\r\n<meta property=\"article:published_time\" content=\"2017-05-17T14:17:45+00:00\" \/>\r\n<meta name=\"author\" content=\"luzgalvez\" \/>\r\n<meta name=\"twitter:card\" content=\"summary_large_image\" \/>\r\n<meta name=\"twitter:label1\" content=\"Escrito por\" \/>\n\t<meta name=\"twitter:data1\" content=\"luzgalvez\" \/>\n\t<meta name=\"twitter:label2\" content=\"Tiempo de lectura\" \/>\n\t<meta name=\"twitter:data2\" content=\"2 minutos\" \/>\r\n<script type=\"application\/ld+json\" class=\"yoast-schema-graph\">{\"@context\":\"https:\/\/schema.org\",\"@graph\":[{\"@type\":\"WebPage\",\"@id\":\"https:\/\/blogs.uninter.edu.mx\/Filarmonica\/index.php\/2017\/05\/17\/dia-del-maestro\/\",\"url\":\"https:\/\/blogs.uninter.edu.mx\/Filarmonica\/index.php\/2017\/05\/17\/dia-del-maestro\/\",\"name\":\"D\u00cdA DEL MAESTRO - Filarmonica UNINTER\",\"isPartOf\":{\"@id\":\"https:\/\/blogs.uninter.edu.mx\/Filarmonica\/#website\"},\"primaryImageOfPage\":{\"@id\":\"https:\/\/blogs.uninter.edu.mx\/Filarmonica\/index.php\/2017\/05\/17\/dia-del-maestro\/#primaryimage\"},\"image\":{\"@id\":\"https:\/\/blogs.uninter.edu.mx\/Filarmonica\/index.php\/2017\/05\/17\/dia-del-maestro\/#primaryimage\"},\"thumbnailUrl\":\"\",\"datePublished\":\"2017-05-17T14:17:45+00:00\",\"dateModified\":\"2017-05-17T14:17:45+00:00\",\"author\":{\"@id\":\"https:\/\/blogs.uninter.edu.mx\/Filarmonica\/#\/schema\/person\/5fdfc9be41d7a26b139afd4de61c3664\"},\"breadcrumb\":{\"@id\":\"https:\/\/blogs.uninter.edu.mx\/Filarmonica\/index.php\/2017\/05\/17\/dia-del-maestro\/#breadcrumb\"},\"inLanguage\":\"es-MX\",\"potentialAction\":[{\"@type\":\"ReadAction\",\"target\":[\"https:\/\/blogs.uninter.edu.mx\/Filarmonica\/index.php\/2017\/05\/17\/dia-del-maestro\/\"]}]},{\"@type\":\"ImageObject\",\"inLanguage\":\"es-MX\",\"@id\":\"https:\/\/blogs.uninter.edu.mx\/Filarmonica\/index.php\/2017\/05\/17\/dia-del-maestro\/#primaryimage\",\"url\":\"\",\"contentUrl\":\"\"},{\"@type\":\"BreadcrumbList\",\"@id\":\"https:\/\/blogs.uninter.edu.mx\/Filarmonica\/index.php\/2017\/05\/17\/dia-del-maestro\/#breadcrumb\",\"itemListElement\":[{\"@type\":\"ListItem\",\"position\":1,\"name\":\"Inicio\",\"item\":\"https:\/\/blogs.uninter.edu.mx\/Filarmonica\/\"},{\"@type\":\"ListItem\",\"position\":2,\"name\":\"D\u00cdA DEL MAESTRO\"}]},{\"@type\":\"WebSite\",\"@id\":\"https:\/\/blogs.uninter.edu.mx\/Filarmonica\/#website\",\"url\":\"https:\/\/blogs.uninter.edu.mx\/Filarmonica\/\",\"name\":\"Filarmonica UNINTER\",\"description\":\"\",\"potentialAction\":[{\"@type\":\"SearchAction\",\"target\":{\"@type\":\"EntryPoint\",\"urlTemplate\":\"https:\/\/blogs.uninter.edu.mx\/Filarmonica\/?s={search_term_string}\"},\"query-input\":\"required name=search_term_string\"}],\"inLanguage\":\"es-MX\"},{\"@type\":\"Person\",\"@id\":\"https:\/\/blogs.uninter.edu.mx\/Filarmonica\/#\/schema\/person\/5fdfc9be41d7a26b139afd4de61c3664\",\"name\":\"luzgalvez\",\"image\":{\"@type\":\"ImageObject\",\"inLanguage\":\"es-MX\",\"@id\":\"https:\/\/blogs.uninter.edu.mx\/Filarmonica\/#\/schema\/person\/image\/\",\"url\":\"https:\/\/secure.gravatar.com\/avatar\/cf42be0541bffe97edcfdd314483f26481497b0a6a32669684590878e1ee0288?s=96&d=mm&r=g\",\"contentUrl\":\"https:\/\/secure.gravatar.com\/avatar\/cf42be0541bffe97edcfdd314483f26481497b0a6a32669684590878e1ee0288?s=96&d=mm&r=g\",\"caption\":\"luzgalvez\"},\"url\":\"https:\/\/blogs.uninter.edu.mx\/Filarmonica\/index.php\/author\/luzgalvez\/\"}]}<\/script>\r\n<!-- \/ Yoast SEO plugin. -->","yoast_head_json":{"title":"D\u00cdA DEL MAESTRO - Filarmonica UNINTER","robots":{"index":"index","follow":"follow","max-snippet":"max-snippet:-1","max-image-preview":"max-image-preview:large","max-video-preview":"max-video-preview:-1"},"canonical":"https:\/\/blogs.uninter.edu.mx\/Filarmonica\/index.php\/2017\/05\/17\/dia-del-maestro\/","og_locale":"es_MX","og_type":"article","og_title":"D\u00cdA DEL MAESTRO - Filarmonica UNINTER","og_description":"Desde aprender a leer hasta entender algunas complicadas teor\u00edas, estos seres humanos dedican su vida a mostrar lo que sabes y vale mucho reconocer su labor. Pero, \u00bfsabes por qu\u00e9 se celebra este d\u00eda? En 1918, se llev\u00f3 a cabo en M\u00e9xico la primera conmemoraci\u00f3n del D\u00eda el Maestro, el decreto fue firmado por el&hellip;","og_url":"https:\/\/blogs.uninter.edu.mx\/Filarmonica\/index.php\/2017\/05\/17\/dia-del-maestro\/","og_site_name":"Filarmonica UNINTER","article_published_time":"2017-05-17T14:17:45+00:00","author":"luzgalvez","twitter_card":"summary_large_image","twitter_misc":{"Escrito por":"luzgalvez","Tiempo de lectura":"2 minutos"},"schema":{"@context":"https:\/\/schema.org","@graph":[{"@type":"WebPage","@id":"https:\/\/blogs.uninter.edu.mx\/Filarmonica\/index.php\/2017\/05\/17\/dia-del-maestro\/","url":"https:\/\/blogs.uninter.edu.mx\/Filarmonica\/index.php\/2017\/05\/17\/dia-del-maestro\/","name":"D\u00cdA DEL MAESTRO - Filarmonica UNINTER","isPartOf":{"@id":"https:\/\/blogs.uninter.edu.mx\/Filarmonica\/#website"},"primaryImageOfPage":{"@id":"https:\/\/blogs.uninter.edu.mx\/Filarmonica\/index.php\/2017\/05\/17\/dia-del-maestro\/#primaryimage"},"image":{"@id":"https:\/\/blogs.uninter.edu.mx\/Filarmonica\/index.php\/2017\/05\/17\/dia-del-maestro\/#primaryimage"},"thumbnailUrl":"","datePublished":"2017-05-17T14:17:45+00:00","dateModified":"2017-05-17T14:17:45+00:00","author":{"@id":"https:\/\/blogs.uninter.edu.mx\/Filarmonica\/#\/schema\/person\/5fdfc9be41d7a26b139afd4de61c3664"},"breadcrumb":{"@id":"https:\/\/blogs.uninter.edu.mx\/Filarmonica\/index.php\/2017\/05\/17\/dia-del-maestro\/#breadcrumb"},"inLanguage":"es-MX","potentialAction":[{"@type":"ReadAction","target":["https:\/\/blogs.uninter.edu.mx\/Filarmonica\/index.php\/2017\/05\/17\/dia-del-maestro\/"]}]},{"@type":"ImageObject","inLanguage":"es-MX","@id":"https:\/\/blogs.uninter.edu.mx\/Filarmonica\/index.php\/2017\/05\/17\/dia-del-maestro\/#primaryimage","url":"","contentUrl":""},{"@type":"BreadcrumbList","@id":"https:\/\/blogs.uninter.edu.mx\/Filarmonica\/index.php\/2017\/05\/17\/dia-del-maestro\/#breadcrumb","itemListElement":[{"@type":"ListItem","position":1,"name":"Inicio","item":"https:\/\/blogs.uninter.edu.mx\/Filarmonica\/"},{"@type":"ListItem","position":2,"name":"D\u00cdA DEL MAESTRO"}]},{"@type":"WebSite","@id":"https:\/\/blogs.uninter.edu.mx\/Filarmonica\/#website","url":"https:\/\/blogs.uninter.edu.mx\/Filarmonica\/","name":"Filarmonica UNINTER","description":"","potentialAction":[{"@type":"SearchAction","target":{"@type":"EntryPoint","urlTemplate":"https:\/\/blogs.uninter.edu.mx\/Filarmonica\/?s={search_term_string}"},"query-input":"required name=search_term_string"}],"inLanguage":"es-MX"},{"@type":"Person","@id":"https:\/\/blogs.uninter.edu.mx\/Filarmonica\/#\/schema\/person\/5fdfc9be41d7a26b139afd4de61c3664","name":"luzgalvez","image":{"@type":"ImageObject","inLanguage":"es-MX","@id":"https:\/\/blogs.uninter.edu.mx\/Filarmonica\/#\/schema\/person\/image\/","url":"https:\/\/secure.gravatar.com\/avatar\/cf42be0541bffe97edcfdd314483f26481497b0a6a32669684590878e1ee0288?s=96&d=mm&r=g","contentUrl":"https:\/\/secure.gravatar.com\/avatar\/cf42be0541bffe97edcfdd314483f26481497b0a6a32669684590878e1ee0288?s=96&d=mm&r=g","caption":"luzgalvez"},"url":"https:\/\/blogs.uninter.edu.mx\/Filarmonica\/index.php\/author\/luzgalvez\/"}]}},"jetpack_featured_media_url":"","jetpack_sharing_enabled":true,"_links":{"self":[{"href":"https:\/\/blogs.uninter.edu.mx\/Filarmonica\/index.php\/wp-json\/wp\/v2\/posts\/4023","targetHints":{"allow":["GET"]}}],"collection":[{"href":"https:\/\/blogs.uninter.edu.mx\/Filarmonica\/index.php\/wp-json\/wp\/v2\/posts"}],"about":[{"href":"https:\/\/blogs.uninter.edu.mx\/Filarmonica\/index.php\/wp-json\/wp\/v2\/types\/post"}],"author":[{"embeddable":true,"href":"https:\/\/blogs.uninter.edu.mx\/Filarmonica\/index.php\/wp-json\/wp\/v2\/users\/4"}],"replies":[{"embeddable":true,"href":"https:\/\/blogs.uninter.edu.mx\/Filarmonica\/index.php\/wp-json\/wp\/v2\/comments?post=4023"}],"version-history":[{"count":0,"href":"https:\/\/blogs.uninter.edu.mx\/Filarmonica\/index.php\/wp-json\/wp\/v2\/posts\/4023\/revisions"}],"wp:featuredmedia":[{"embeddable":true,"href":"https:\/\/blogs.uninter.edu.mx\/Filarmonica\/index.php\/wp-json\/"}],"wp:attachment":[{"href":"https:\/\/blogs.uninter.edu.mx\/Filarmonica\/index.php\/wp-json\/wp\/v2\/media?parent=4023"}],"wp:term":[{"taxonomy":"category","embeddable":true,"href":"https:\/\/blogs.uninter.edu.mx\/Filarmonica\/index.php\/wp-json\/wp\/v2\/categories?post=4023"},{"taxonomy":"post_tag","embeddable":true,"href":"https:\/\/blogs.uninter.edu.mx\/Filarmonica\/index.php\/wp-json\/wp\/v2\/tags?post=4023"}],"curies":[{"name":"wp","href":"https:\/\/api.w.org\/{rel}","templated":true}]}}