{"id":4064,"date":"2017-05-22T12:45:12","date_gmt":"2017-05-22T17:45:12","guid":{"rendered":"http:\/\/filarmonicadecuernavaca.com\/?p=4064"},"modified":"2017-05-22T12:45:12","modified_gmt":"2017-05-22T17:45:12","slug":"la-vida-boheme","status":"publish","type":"post","link":"https:\/\/blogs.uninter.edu.mx\/Filarmonica\/index.php\/2017\/05\/22\/la-vida-boheme\/","title":{"rendered":"La Vida Boh\u00e8me"},"content":{"rendered":"<p><b>La Vida Boh\u00e8me<\/b> es una banda de rock alternativo fundada en Caracas, Venezuela por Rafael P\u00e9rez, Daniel De Sousa, Sebasti\u00e1n Ayala, y Henry D&#8217;Arthenay a finales de 2006. La banda toma influencias del punk de los a\u00f1os 80, discoteca, funk, m\u00fasica electr\u00f3nica, jazz, salsa, reggae y m\u00fasica de baile. Su primer \u00e1lbum fue un EP hom\u00f3nimo al nombre de la banda, que incluye tres canciones (&#8220;Aprendiendo a Apagar el Cigarro con los Pies&#8221;, &#8220;Luz&#8221; e &#8220;I.P.O.S.T.E.L.&#8221;)<\/p>\n<p>El vocalista de la banda, Henry D&#8217;Arthenay, ha referido que se vio inspirado a ser m\u00fasico y a formar la banda luego de ver una presentaci\u00f3n de otra banda venezolana llamada <i>Todosantos<\/i>:<\/p>\n<p>&#8220;<i>Al segundo que sal\u00ed del recital, le escrib\u00ed a Rafael \u201cBoli\u201d P\u00e9rez \u2013 a qui\u00e9n recientemente hab\u00eda conocido en un modelo de las Naciones Unidas \u2013 y le dije por mensaje de texto (no hab\u00eda whatsapp) que acababa de ver algo que cambi\u00f3 la vida, y ten\u00edamos que formar una banda. No tardamos mucho desde ese momento en formar La Vida Boheme<\/i>.&#8221; (Henry D&#8217;Arthenay).<\/p>\n<p>El nombre de la banda fue escogido por el primer baterista mientras practicaban en Caracas. No tiene un origen particular, aunque se cree que lo tomaron de Giacomo Puccini, en la \u00f3pera La boh\u00e8me, o m\u00e1s probablemente del libro en que estuvo basada, La Vie de Boh\u00e9me de Henri Murger.<\/p>\n<h3><span id=\"Nuestra_.282010.29\" class=\"mw-headline\"><i>Nuestra<\/i> (2010)<\/span><\/h3>\n<p>Su \u00e1lbum de debut <i>Nuestra<\/i> fue grabado y producido en Venezuela por Rudy Pagliuca (guitarrista de Malanga) y mezclado por Leonel Carmona y masterizado en Argentina por Andr\u00e9s Mayo. Es uno de los primeros \u00e1lbumes producidos en Venezuela para descarga libre, a trav\u00e9s de la compa\u00f1\u00eda de grabaci\u00f3n <i>Todo del Encima.<\/i> Un CD de edici\u00f3n limitada fue liberado en febrero de 2010 y fue vendido directamente por la banda en espect\u00e1culos u otros acontecimientos.<\/p>\n<p>La banda ha firmado un autorizando para Nacional Records, la cual distribuir\u00e1 &#8220;Nuestra&#8221; en Estados Unidos, Canad\u00e1 y M\u00e9xico.<\/p>\n<p>La banda produjo adem\u00e1s v\u00eddeos para dos sencillos del \u00e1lbum: &#8220;Radio Capital&#8221;, el cual fue liberado en diciembre de 2009, y &#8220;Danz!&#8221;, liberado en agosto de 2010.<\/p>\n<p>En septiembre de 2011, la banda recibi\u00f3 dos Grammy Latinos, otorgados por la Academia Latina de Grabaci\u00f3n. &#8220;Nuestra&#8221; fue nominado para \u00c1lbum de Rock Mejor y &#8220;Radio Capital&#8221; fue nominada para Mejor Canci\u00f3n de Rock. En noviembre de 2011, &#8220;Nuestra&#8221; fue nominado para un Premio Grammy para Mejor \u00c1lbum de Rock, Pop Latino o G\u00e9nero Urbano.<\/p>\n<h3><span id=\"Ser.C3.A1_.282013.29\" class=\"mw-headline\"><i>Ser\u00e1<\/i> (2013)<\/span><\/h3>\n<p>La banda finaliz\u00f3 el proceso de grabaci\u00f3n para su segundo \u00e1lbum de estudio <i>Ser\u00e1<\/i> en febrero de 2013; est\u00e9 fue liberado el 14 de mayo y constaba de 15 temas.<\/p>\n<p>En noviembre de 2013, La Vida Boheme gan\u00f3 su primer Grammy Latino para el Mejor \u00c1lbum de Rock.<\/p>\n<p>El 9 de junio de 2016, a trav\u00e9s de un post en su cuenta oficial de instagram, la banda anunci\u00f3 la salida temporal de Rafael P\u00e9rez, &#8220;para atender y tratar asuntos personales&#8221;. En su reemplazo, se incorpor\u00f3 Daniel &#8220;Mono&#8221; Brice\u00f1o para ser el bajista.<\/p>\n<h3><span id=\"La_Lucha_.282017.29\" class=\"mw-headline\"><i>La Lucha<\/i> (2017)<\/span><\/h3>\n<p>Despu\u00e9s de largas giras por varios pa\u00edses de Latinoam\u00e9rica, entre ellos M\u00e9xico, Argentina y Puerto Rico, la banda mostr\u00f3 a mediados del 2015 a trav\u00e9s de Instagram lo que fue la grabaci\u00f3n de su pr\u00f3ximo \u00e1lbum. Una entrevista en la revista Billboard finales de septiembre de 2016 revel\u00f3 que el nombre del \u00e1lbum ser\u00eda <i>La Lucha<\/i>, y ten\u00eda una fecha tentativa de lanzamiento para inicios de 2017. El \u00e1lbum sali\u00f3 a la venta el 23 de marzo de 2017 para descarga totalmente gratuita desde su p\u00e1gina web.<\/p>\n<p>El primer sencillo de <i>La Lucha<\/i> lleva por nombre &#8220;Voc\u00e9&#8221; y fue lanzado el 10 de febrero de 2017, seguido por &#8220;Lejos&#8221;, el 24 de febrero del mismo a\u00f1o.<\/p>\n","protected":false},"excerpt":{"rendered":"<p>La Vida Boh\u00e8me es una banda de rock alternativo fundada en Caracas, Venezuela por Rafael P\u00e9rez, Daniel De Sousa, Sebasti\u00e1n Ayala, y Henry D&#8217;Arthenay a finales de 2006. La banda toma influencias del punk de los a\u00f1os 80, discoteca, funk, m\u00fasica electr\u00f3nica, jazz, salsa, reggae y m\u00fasica de baile. Su primer \u00e1lbum fue un EP&hellip;<\/p>\n","protected":false},"author":4,"featured_media":4065,"comment_status":"closed","ping_status":"open","sticky":false,"template":"","format":"standard","meta":{"_jetpack_memberships_contains_paid_content":false,"footnotes":"","jetpack_publicize_message":"","jetpack_publicize_feature_enabled":true,"jetpack_social_post_already_shared":false,"jetpack_social_options":{"image_generator_settings":{"template":"highway","enabled":false}}},"categories":[1],"tags":[],"class_list":["post-4064","post","type-post","status-publish","format-standard","has-post-thumbnail","hentry","category-sin-categoria"],"jetpack_publicize_connections":[],"yoast_head":"<!-- This site is optimized with the Yoast SEO plugin v22.8 - https:\/\/yoast.com\/wordpress\/plugins\/seo\/ -->\r\n<title>La Vida Boh\u00e8me - Filarmonica UNINTER<\/title>\r\n<meta name=\"robots\" content=\"index, follow, max-snippet:-1, max-image-preview:large, max-video-preview:-1\" \/>\r\n<link rel=\"canonical\" href=\"https:\/\/blogs.uninter.edu.mx\/Filarmonica\/index.php\/2017\/05\/22\/la-vida-boheme\/\" \/>\r\n<meta property=\"og:locale\" content=\"es_MX\" \/>\r\n<meta property=\"og:type\" content=\"article\" \/>\r\n<meta property=\"og:title\" content=\"La Vida Boh\u00e8me - Filarmonica UNINTER\" \/>\r\n<meta property=\"og:description\" content=\"La Vida Boh\u00e8me es una banda de rock alternativo fundada en Caracas, Venezuela por Rafael P\u00e9rez, Daniel De Sousa, Sebasti\u00e1n Ayala, y Henry D&#8217;Arthenay a finales de 2006. La banda toma influencias del punk de los a\u00f1os 80, discoteca, funk, m\u00fasica electr\u00f3nica, jazz, salsa, reggae y m\u00fasica de baile. Su primer \u00e1lbum fue un EP&hellip;\" \/>\r\n<meta property=\"og:url\" content=\"https:\/\/blogs.uninter.edu.mx\/Filarmonica\/index.php\/2017\/05\/22\/la-vida-boheme\/\" \/>\r\n<meta property=\"og:site_name\" content=\"Filarmonica UNINTER\" \/>\r\n<meta property=\"article:published_time\" content=\"2017-05-22T17:45:12+00:00\" \/>\r\n<meta name=\"author\" content=\"luzgalvez\" \/>\r\n<meta name=\"twitter:card\" content=\"summary_large_image\" \/>\r\n<meta name=\"twitter:label1\" content=\"Escrito por\" \/>\n\t<meta name=\"twitter:data1\" content=\"luzgalvez\" \/>\n\t<meta name=\"twitter:label2\" content=\"Tiempo de lectura\" \/>\n\t<meta name=\"twitter:data2\" content=\"3 minutos\" \/>\r\n<script type=\"application\/ld+json\" class=\"yoast-schema-graph\">{\"@context\":\"https:\/\/schema.org\",\"@graph\":[{\"@type\":\"WebPage\",\"@id\":\"https:\/\/blogs.uninter.edu.mx\/Filarmonica\/index.php\/2017\/05\/22\/la-vida-boheme\/\",\"url\":\"https:\/\/blogs.uninter.edu.mx\/Filarmonica\/index.php\/2017\/05\/22\/la-vida-boheme\/\",\"name\":\"La Vida Boh\u00e8me - Filarmonica UNINTER\",\"isPartOf\":{\"@id\":\"https:\/\/blogs.uninter.edu.mx\/Filarmonica\/#website\"},\"primaryImageOfPage\":{\"@id\":\"https:\/\/blogs.uninter.edu.mx\/Filarmonica\/index.php\/2017\/05\/22\/la-vida-boheme\/#primaryimage\"},\"image\":{\"@id\":\"https:\/\/blogs.uninter.edu.mx\/Filarmonica\/index.php\/2017\/05\/22\/la-vida-boheme\/#primaryimage\"},\"thumbnailUrl\":\"\",\"datePublished\":\"2017-05-22T17:45:12+00:00\",\"dateModified\":\"2017-05-22T17:45:12+00:00\",\"author\":{\"@id\":\"https:\/\/blogs.uninter.edu.mx\/Filarmonica\/#\/schema\/person\/5fdfc9be41d7a26b139afd4de61c3664\"},\"breadcrumb\":{\"@id\":\"https:\/\/blogs.uninter.edu.mx\/Filarmonica\/index.php\/2017\/05\/22\/la-vida-boheme\/#breadcrumb\"},\"inLanguage\":\"es-MX\",\"potentialAction\":[{\"@type\":\"ReadAction\",\"target\":[\"https:\/\/blogs.uninter.edu.mx\/Filarmonica\/index.php\/2017\/05\/22\/la-vida-boheme\/\"]}]},{\"@type\":\"ImageObject\",\"inLanguage\":\"es-MX\",\"@id\":\"https:\/\/blogs.uninter.edu.mx\/Filarmonica\/index.php\/2017\/05\/22\/la-vida-boheme\/#primaryimage\",\"url\":\"\",\"contentUrl\":\"\"},{\"@type\":\"BreadcrumbList\",\"@id\":\"https:\/\/blogs.uninter.edu.mx\/Filarmonica\/index.php\/2017\/05\/22\/la-vida-boheme\/#breadcrumb\",\"itemListElement\":[{\"@type\":\"ListItem\",\"position\":1,\"name\":\"Inicio\",\"item\":\"https:\/\/blogs.uninter.edu.mx\/Filarmonica\/\"},{\"@type\":\"ListItem\",\"position\":2,\"name\":\"La Vida Boh\u00e8me\"}]},{\"@type\":\"WebSite\",\"@id\":\"https:\/\/blogs.uninter.edu.mx\/Filarmonica\/#website\",\"url\":\"https:\/\/blogs.uninter.edu.mx\/Filarmonica\/\",\"name\":\"Filarmonica UNINTER\",\"description\":\"\",\"potentialAction\":[{\"@type\":\"SearchAction\",\"target\":{\"@type\":\"EntryPoint\",\"urlTemplate\":\"https:\/\/blogs.uninter.edu.mx\/Filarmonica\/?s={search_term_string}\"},\"query-input\":\"required name=search_term_string\"}],\"inLanguage\":\"es-MX\"},{\"@type\":\"Person\",\"@id\":\"https:\/\/blogs.uninter.edu.mx\/Filarmonica\/#\/schema\/person\/5fdfc9be41d7a26b139afd4de61c3664\",\"name\":\"luzgalvez\",\"image\":{\"@type\":\"ImageObject\",\"inLanguage\":\"es-MX\",\"@id\":\"https:\/\/blogs.uninter.edu.mx\/Filarmonica\/#\/schema\/person\/image\/\",\"url\":\"https:\/\/secure.gravatar.com\/avatar\/cf42be0541bffe97edcfdd314483f26481497b0a6a32669684590878e1ee0288?s=96&d=mm&r=g\",\"contentUrl\":\"https:\/\/secure.gravatar.com\/avatar\/cf42be0541bffe97edcfdd314483f26481497b0a6a32669684590878e1ee0288?s=96&d=mm&r=g\",\"caption\":\"luzgalvez\"},\"url\":\"https:\/\/blogs.uninter.edu.mx\/Filarmonica\/index.php\/author\/luzgalvez\/\"}]}<\/script>\r\n<!-- \/ Yoast SEO plugin. -->","yoast_head_json":{"title":"La Vida Boh\u00e8me - Filarmonica UNINTER","robots":{"index":"index","follow":"follow","max-snippet":"max-snippet:-1","max-image-preview":"max-image-preview:large","max-video-preview":"max-video-preview:-1"},"canonical":"https:\/\/blogs.uninter.edu.mx\/Filarmonica\/index.php\/2017\/05\/22\/la-vida-boheme\/","og_locale":"es_MX","og_type":"article","og_title":"La Vida Boh\u00e8me - Filarmonica UNINTER","og_description":"La Vida Boh\u00e8me es una banda de rock alternativo fundada en Caracas, Venezuela por Rafael P\u00e9rez, Daniel De Sousa, Sebasti\u00e1n Ayala, y Henry D&#8217;Arthenay a finales de 2006. La banda toma influencias del punk de los a\u00f1os 80, discoteca, funk, m\u00fasica electr\u00f3nica, jazz, salsa, reggae y m\u00fasica de baile. Su primer \u00e1lbum fue un EP&hellip;","og_url":"https:\/\/blogs.uninter.edu.mx\/Filarmonica\/index.php\/2017\/05\/22\/la-vida-boheme\/","og_site_name":"Filarmonica UNINTER","article_published_time":"2017-05-22T17:45:12+00:00","author":"luzgalvez","twitter_card":"summary_large_image","twitter_misc":{"Escrito por":"luzgalvez","Tiempo de lectura":"3 minutos"},"schema":{"@context":"https:\/\/schema.org","@graph":[{"@type":"WebPage","@id":"https:\/\/blogs.uninter.edu.mx\/Filarmonica\/index.php\/2017\/05\/22\/la-vida-boheme\/","url":"https:\/\/blogs.uninter.edu.mx\/Filarmonica\/index.php\/2017\/05\/22\/la-vida-boheme\/","name":"La Vida Boh\u00e8me - Filarmonica UNINTER","isPartOf":{"@id":"https:\/\/blogs.uninter.edu.mx\/Filarmonica\/#website"},"primaryImageOfPage":{"@id":"https:\/\/blogs.uninter.edu.mx\/Filarmonica\/index.php\/2017\/05\/22\/la-vida-boheme\/#primaryimage"},"image":{"@id":"https:\/\/blogs.uninter.edu.mx\/Filarmonica\/index.php\/2017\/05\/22\/la-vida-boheme\/#primaryimage"},"thumbnailUrl":"","datePublished":"2017-05-22T17:45:12+00:00","dateModified":"2017-05-22T17:45:12+00:00","author":{"@id":"https:\/\/blogs.uninter.edu.mx\/Filarmonica\/#\/schema\/person\/5fdfc9be41d7a26b139afd4de61c3664"},"breadcrumb":{"@id":"https:\/\/blogs.uninter.edu.mx\/Filarmonica\/index.php\/2017\/05\/22\/la-vida-boheme\/#breadcrumb"},"inLanguage":"es-MX","potentialAction":[{"@type":"ReadAction","target":["https:\/\/blogs.uninter.edu.mx\/Filarmonica\/index.php\/2017\/05\/22\/la-vida-boheme\/"]}]},{"@type":"ImageObject","inLanguage":"es-MX","@id":"https:\/\/blogs.uninter.edu.mx\/Filarmonica\/index.php\/2017\/05\/22\/la-vida-boheme\/#primaryimage","url":"","contentUrl":""},{"@type":"BreadcrumbList","@id":"https:\/\/blogs.uninter.edu.mx\/Filarmonica\/index.php\/2017\/05\/22\/la-vida-boheme\/#breadcrumb","itemListElement":[{"@type":"ListItem","position":1,"name":"Inicio","item":"https:\/\/blogs.uninter.edu.mx\/Filarmonica\/"},{"@type":"ListItem","position":2,"name":"La Vida Boh\u00e8me"}]},{"@type":"WebSite","@id":"https:\/\/blogs.uninter.edu.mx\/Filarmonica\/#website","url":"https:\/\/blogs.uninter.edu.mx\/Filarmonica\/","name":"Filarmonica UNINTER","description":"","potentialAction":[{"@type":"SearchAction","target":{"@type":"EntryPoint","urlTemplate":"https:\/\/blogs.uninter.edu.mx\/Filarmonica\/?s={search_term_string}"},"query-input":"required name=search_term_string"}],"inLanguage":"es-MX"},{"@type":"Person","@id":"https:\/\/blogs.uninter.edu.mx\/Filarmonica\/#\/schema\/person\/5fdfc9be41d7a26b139afd4de61c3664","name":"luzgalvez","image":{"@type":"ImageObject","inLanguage":"es-MX","@id":"https:\/\/blogs.uninter.edu.mx\/Filarmonica\/#\/schema\/person\/image\/","url":"https:\/\/secure.gravatar.com\/avatar\/cf42be0541bffe97edcfdd314483f26481497b0a6a32669684590878e1ee0288?s=96&d=mm&r=g","contentUrl":"https:\/\/secure.gravatar.com\/avatar\/cf42be0541bffe97edcfdd314483f26481497b0a6a32669684590878e1ee0288?s=96&d=mm&r=g","caption":"luzgalvez"},"url":"https:\/\/blogs.uninter.edu.mx\/Filarmonica\/index.php\/author\/luzgalvez\/"}]}},"jetpack_featured_media_url":"","jetpack_sharing_enabled":true,"_links":{"self":[{"href":"https:\/\/blogs.uninter.edu.mx\/Filarmonica\/index.php\/wp-json\/wp\/v2\/posts\/4064","targetHints":{"allow":["GET"]}}],"collection":[{"href":"https:\/\/blogs.uninter.edu.mx\/Filarmonica\/index.php\/wp-json\/wp\/v2\/posts"}],"about":[{"href":"https:\/\/blogs.uninter.edu.mx\/Filarmonica\/index.php\/wp-json\/wp\/v2\/types\/post"}],"author":[{"embeddable":true,"href":"https:\/\/blogs.uninter.edu.mx\/Filarmonica\/index.php\/wp-json\/wp\/v2\/users\/4"}],"replies":[{"embeddable":true,"href":"https:\/\/blogs.uninter.edu.mx\/Filarmonica\/index.php\/wp-json\/wp\/v2\/comments?post=4064"}],"version-history":[{"count":0,"href":"https:\/\/blogs.uninter.edu.mx\/Filarmonica\/index.php\/wp-json\/wp\/v2\/posts\/4064\/revisions"}],"wp:featuredmedia":[{"embeddable":true,"href":"https:\/\/blogs.uninter.edu.mx\/Filarmonica\/index.php\/wp-json\/"}],"wp:attachment":[{"href":"https:\/\/blogs.uninter.edu.mx\/Filarmonica\/index.php\/wp-json\/wp\/v2\/media?parent=4064"}],"wp:term":[{"taxonomy":"category","embeddable":true,"href":"https:\/\/blogs.uninter.edu.mx\/Filarmonica\/index.php\/wp-json\/wp\/v2\/categories?post=4064"},{"taxonomy":"post_tag","embeddable":true,"href":"https:\/\/blogs.uninter.edu.mx\/Filarmonica\/index.php\/wp-json\/wp\/v2\/tags?post=4064"}],"curies":[{"name":"wp","href":"https:\/\/api.w.org\/{rel}","templated":true}]}}