{"id":4117,"date":"2017-05-29T09:02:38","date_gmt":"2017-05-29T14:02:38","guid":{"rendered":"http:\/\/filarmonicadecuernavaca.com\/?p=4117"},"modified":"2017-05-29T09:02:38","modified_gmt":"2017-05-29T14:02:38","slug":"la-musica-y-el-cerebro","status":"publish","type":"post","link":"https:\/\/blogs.uninter.edu.mx\/Filarmonica\/index.php\/2017\/05\/29\/la-musica-y-el-cerebro\/","title":{"rendered":"La m\u00fasica y el cerebro"},"content":{"rendered":"<p><img loading=\"lazy\" decoding=\"async\" class=\" size-full wp-image-4116 aligncenter\" src=\"https:\/\/filarmonicadecuernavaca.com\/wp-content\/uploads\/2017\/05\/lmyec2.jpg\" alt=\"lmyec2\" width=\"216\" height=\"348\" \/><\/p>\n<p style=\"text-align:justify;\">Resultar\u00eda dif\u00edcil, y arriesgado, cualquier intento de aplicar a la personalidad m\u00faltiple de Oliver Sacks alguna de las clasificaciones que podr\u00edan servir al cr\u00edtico para orientar a los lectores sobre la naturaleza y calidad de sus obras. Excelente narrador y dotado prosista, como lo ha demostrado en la deliciosa autobiograf\u00eda <em>El t\u00edo Tungsteno<\/em>, asombra la finura intelectual y conocimientos m\u00e9dicos plasmados en su famoso estudio cl\u00ednico <em>Despertares<\/em>, llevado al cine con \u00e9xito notable, pese a que se trataba de un serio trabajo de investigaci\u00f3n neurol\u00f3gica. M\u00e9dico, cient\u00edfico, ensayista y ameno escritor, en el conjunto de su obra se percibe la importancia concedida al ser humano, en toda su amplia dimensi\u00f3n, cuya actividad cerebral aspira a conocer en profundidad. Trata as\u00ed de afinar en los diagn\u00f3sticos y aplicar luego el tratamiento m\u00e1s adecuado para corregir, o sanar, seg\u00fan las circunstancias, las enfermedades.<\/p>\n<p style=\"text-align:justify;\"><strong>EL FEN\u00d3MENO DE LA PERCEPCI\u00d3N MUSICAL<\/strong><br \/>\nDentro de esa t\u00f3nica, aborda en su \u00faltimo libro, <em>Musicofilia<\/em>, una de las vertientes m\u00e1s complejas y desconocidas del cerebro humano, la que se relaciona con el fen\u00f3meno de la percepci\u00f3n musical. Se trata de una capacidad que, si es dif\u00edcil definir por la diversidad de factores que intervienen en el proceso, es todav\u00eda m\u00e1s dif\u00edcil de localizar, al encontrarse dispersa en distintas \u00e1reas del cerebro. Planteamientos razonados que se hace el doctor Sacks y le llevan a indagar con su habitual sagacidad en torno al modo de abordar cuestiones sobre los mecanismos de la mente que no se deber\u00edan dar por supuestos. Para empezar, se plantea una cuesti\u00f3n previa: \u00bfqu\u00e9 es m\u00fasica?, \u00bfquiz\u00e1s un puro ruido que puede ser captado por el o\u00eddo? Evidentemente eso no es m\u00fasica. Entonces, hace falta ampliar y precisar el concepto. \u00bfEstamos en presencia de un fen\u00f3meno bastante m\u00e1s refinado y complejo?<\/p>\n<p style=\"text-align:justify;\">Parece que s\u00ed. En tal caso, \u00bfno ser\u00eda m\u00e1s exacto definir la m\u00fasica como un conjunto de sonidos arm\u00f3nicos relacionados unos con otros, que se suceden de acuerdo con un determinado ritmo o cadencia? Esta definici\u00f3n ya se aproxima bastante a la valoraci\u00f3n que realiza el autor en torno al papel y las relaciones de la m\u00fasica en relaci\u00f3n con el cerebro del hombre\u0097 -y, por supuesto con el de la mujer, para que no haya suspicacias-\u0097.<\/p>\n<p style=\"text-align:justify;\">Pero, adem\u00e1s, como aclara el autor, no hemos de olvidar otro aspecto fundamental a considerar: en la m\u00fasica los sonidos arm\u00f3nicos transmiten las sensaciones, emociones y sentimientos concebidos en la mente del compositor o del int\u00e9rprete, que el oyente percibe, y despu\u00e9s incorpora, \u00abalmacena\u00bb en su memoria de modo permanente y hasta prevalece, incluso, cuando ha perdido el recuerdo de otros acontecimientos del pasado.<\/p>\n<p style=\"text-align:justify;\"><strong>EL MISTERIO DE LA PERCEPCI\u00d3N MUSICAL<\/strong><br \/>\nDe cualquier modo que se mire, el proceso es, como reconoce expresamente Oliver Sacks, apasionante, en cuanto nos introduce en un terreno muy complejo que apunta a la presencia de facultades radicadas en la mente humana, cuyas funciones no pueden entenderse en su totalidad consideradas tan s\u00f3lo como ejercicio de las facultades racionales, puesto que son \u00abalgo m\u00e1s\u00bb: aluden a la presencia de valores intangibles del esp\u00edritu humano.<\/p>\n<p style=\"text-align:justify;\">\n<p style=\"text-align:justify;\">Al menos as\u00ed lo considera el neur\u00f3logo, como experimentado conocedor de la mente a cuyo estudio ha dedicado muchos a\u00f1os de intenso trabajo en el tratamiento de miles de pacientes, cuyas enfermedades mostraban alteraciones m\u00e1s o menos graves, estrechamente relacionadas con el fen\u00f3meno musical. De sus experiencias en el \u00e1mbito de la neurolog\u00eda, deduce el autor algunas conclusiones que resultan muy \u00fatiles para conocer c\u00f3mo funcionan algunos de los mecanismos que son comunes a sanos y enfermos. Y es que, como expone el autor de modo magistral: \u00abNuestros sistemas auditivos, nuestros sistemas nerviosos est\u00e1n exquisitamente afinados para la m\u00fasica. Hasta qu\u00e9 punto esto se debe a las caracter\u00edsticas intr\u00ednsecas de la propia m\u00fasica, sus complejas pautas s\u00f3nicas que se entretejen en el tiempo, su l\u00f3gica, su \u00edmpetu, sus secuencias inseparables, sus ritmos y repeticiones insistentes, la misteriosa manera en que encarna la emoci\u00f3n y la \u0091voluntad\u0092 y hasta qu\u00e9 punto obedece a resonancias especiales, sincronizaciones, excitaciones, oscilaciones mutuas o retroalimentaciones en el circuito nervioso inmensamente complejo y de muchos niveles que subyace a la percepci\u00f3n musical y la reproduce, es algo que todav\u00eda no sabemos\u00bb.<\/p>\n<p style=\"text-align:justify;\">Para que una primera autoridad cient\u00edfica, tal es el caso de Oliver Sacks, afirme desconocer algunos de los elementos sobre los que investiga, se requiere una fuerte dosis de humildad profesional muy poco frecuente en este tipo de obras. Pero, almismo tiempo, nos anima a los que sabemos todav\u00eda mucho menos que \u00e9l a seguirle en su discurrir por los vericuetos de la mente relacionados con los misteriosos y atractivos mundos del esp\u00edritu y del arte creativo. Setrata de campos de expresi\u00f3n abiertos al genio humano que se renuevan de modo constante y de formas distintas a trav\u00e9s de la historia, seg\u00fan las diversas \u00e9pocas, razas y culturas.<\/p>\n<p style=\"text-align:justify;\">Una vez acotados las l\u00edneas maestras por los que va a discurrir su trabajo como investigador y sanador de la mente, el autor se sit\u00faa en el terreno que m\u00e1s le gusta y en el que se encuentra m\u00e1s c\u00f3modo: el ser humano ante la m\u00fasica, bien sea en calidad de compositor, de int\u00e9rprete o de perceptor, estudiando las diversas formas conocidas de reaccionar ante ella.<\/p>\n<p style=\"text-align:justify;\">Como adelantaba en el citado p\u00e1rrafo anterior, un curioso fen\u00f3meno que llama la atenci\u00f3n de Sacks es la capacidad que tenemos la mayor\u00eda de las personas para captar la m\u00fasica en toda su integridad desde su \u00absentimiento original, hasta la melod\u00eda, su tono y tempo\u00bb. A\u00f1ade, adem\u00e1s, que nuestro cerebro no s\u00f3lo es capaz de \u00abcomprender\u00bb la m\u00fasica de este modo, sino tambi\u00e9n de recordarla a trav\u00e9s de los a\u00f1os, con la particularidad de que melod\u00edas y acordes musicales percibidos durante la infancia pueden permanecer grabadas en el cerebro con nitidez a lo largo de lavida y ser reproducidos fielmente con la voz o el instrumento adecuado en cada caso.<\/p>\n<p style=\"text-align:justify;\"><strong>M\u00daSICA Y EL CEREBROM\u00daSICA Y ALTERACIONES DE LA MENTE<\/strong><br \/>\nNo es de extra\u00f1ar, pues, que tal \u00abmaravillosa maquinaria, quiz\u00e1 por ser tan compleja y tan tremendamente desarrollada \u0097-contin\u00faa Sacks\u0097- es vulnerable a diversas distorsiones, excesos y aver\u00edas. La capacidad de percibir, de imaginar la m\u00fasica, puede verse afectada por diversas lesiones cerebrales: hay muchas formas de amusia. Por otro lado, la imaginer\u00eda musical puede volverse excesiva e incomunicable, lo que conduce a la repetici\u00f3n obsesiva incesante de melod\u00edas pegadizas o incluso de alucinaciones musicales. En algunas personas, la m\u00fasica puede provocar ataques\u00bb.<\/p>\n<p style=\"text-align:justify;\">As\u00ed, el autor nos lleva como de la mano al terreno de sus investigaciones sobre los efectos que la m\u00fasica produce sobre el cerebro humano. Unos efectos que no siempre son positivos y saludables, ya que en determinados casos desencadenan alteraciones que pueden ser graves y afectar en particular a los profesionales, sean compositores o int\u00e9rpretes. Ser\u00edan los llamados por Sacks \u00abtrastornos de destreza\u00bb generados por los esfuerzos derivados de la necesidad de fundir la actividad intelectual con la emocional, como ocurre a la hora de crear o interpretar partituras. Si es cierto que la m\u00fasica ejerce una influencia ben\u00e9fica en las personas normales, sean o no profesionales, sean o no aficionados, tambi\u00e9n lo es que no siempre sus efectos son igualmente saludables, cuando despierta sentimientos o recuerdos asociados a situaciones dram\u00e1ticas o dolorosas para el oyente.<\/p>\n<p style=\"text-align:justify;\">Mientras en determinadas circunstancias la m\u00fasica puede elevar los \u00e1nimos en declive, suscitar emociones o devolver la calma en momentos de fatiga o estr\u00e9s, como as\u00ed ocurre en gran parte de los casos, en otras los resultados no resultan igualmente favorables. En este sentido, aparecen referenciadas diversas anomal\u00edas de gran inter\u00e9s para orientar a los profesionales en el diagn\u00f3stico y tratamiento de enfermedades cuyos or\u00edgenes son dif\u00edcilmente localizables ya que el propio paciente no logra definir los s\u00edntomas ni orientar al especialista sobre las posibles causas de los trastornos.<\/p>\n<p style=\"text-align:justify;\">Se aprecia en las p\u00e1ginas del estudio, la realidad del dicho: no existen enfermedades, sino enfermos. Para Oliver Sacks, cada ser humano es un mundo, \u00fanico e imprevisible, cuyas reacciones, por diferentes, apenas se pueden generalizar puesto que exigen una atenci\u00f3n espec\u00edfica, adaptada a cada tipo de personalidad teniendo en cuenta sus circunstancias personales: edad, afectos, salud&#8230;<\/p>\n<p style=\"text-align:justify;\">Al considerar los efectos que despierta la m\u00fasica en las personas, el autor se\u00f1ala con acierto esas diferencias: \u00abAlgunas personas, en n\u00famero sorprendentemente elevado, ven colores o huelen o gustan o perciben diversas sensaciones cuando escuchan m\u00fasica aunque esta sinestesia se considere m\u00e1s un don que un s\u00edntoma\u00bb.<\/p>\n<p style=\"text-align:justify;\"><strong>VALOR TERAP\u00c9UTICO DE LA M\u00daSICA<\/strong><br \/>\nTras analizar y ordenar los datos extra\u00eddos de casos reales se ofrecen los resultados de experiencia reconociendo las ventajas y posibilidades, apenas exploradas, del valor terap\u00e9utico de la m\u00fasica en pacientes afectados por dolencias neurol\u00f3gicas de distinta \u00edndole y gravedad. Seg\u00fan las fichas personales manejadas por Sacks en numerosos casos, expuestos con detalle, los enfermos respondieron muy favorablemente a la m\u00fasica incluso en situaciones de demencia en fase muy avanzada. La conclusi\u00f3n es muy clara, al reconocer que la m\u00fasica posee \u00abun gran valor terap\u00e9utico para pacientes de diversas dolencias neurol\u00f3gicas. Estas personas podr\u00edan responder de manera intensa y espec\u00edfica a la m\u00fasica\u00bb. Sin embargo, el recurso no debe aplicarse con criterios generales o indiscriminados. Hay que estudiar las peculiaridades de cada tipo de anomal\u00eda antes de elegir el m\u00e9todo adecuado. Un error en esa elecci\u00f3n puede agravar o al menos resultar in\u00fatil para mitigar la enfermedad. Se trata de un asunto de gran importancia que exige, adem\u00e1s, el m\u00e1ximo cuidado por parte del especialista&#8230; teniendo en cuenta que \u00abel papel terap\u00e9utico de la m\u00fasica en la demencia es muy distinto del que juega en pacientes con trastornos motores o del habla, la m\u00fasica que ayuda a los pacientes parkinsonianos posee un fuerte car\u00e1cter r\u00edtmico pero no precisa resultar familiar o evocativa. En los af\u00e1sicos es fundamental contar con canciones con letras o frases entonadas e interactuar con un terapeuta\u00bb.<\/p>\n<p style=\"text-align:justify;\">Impresiona la forma como Oliver Sacks ilustra las tesis cient\u00edficas, basadas en hechos reales, con referencias directas, testimonios y cartas de pacientes, o de sus familiares, con valiosos datos que le sirven para fundamentar las teor\u00edas en s\u00f3lidos argumentos. Algunos de los testimonios seleccionados son profundamente conmovedores al mostrar esa vertiente de humanidad que rodea las diversas facetas de la actividad profesional y personal del autor. \u00abAunque mi esposa padece Alzheimer la persona esencial pervive de manera milagrosa. Toca el piano varias horas al d\u00eda y muy bien. Su ambici\u00f3n actual es memorizar el <em>Concierto para piano en La menor<\/em> de Schuman. Tiene 88 a\u00f1os y ha perdido el lenguaje pero toca cada d\u00eda. Cuando ensayamos Mozart se\u00f1ala adelante y atr\u00e1s adelant\u00e1ndose a las repeticiones. Hace dos a\u00f1os grabamos el repertorio completo a cuatro manos de Mozart que hab\u00eda grabado&#8230; en los a\u00f1os cincuenta. Aunque el lenguaje ha empezado a fallarle me encanta su concepci\u00f3n musical y su manera de tocar actual, m\u00e1s a\u00fan que en la grabaci\u00f3n anterior\u00bb.<\/p>\n","protected":false},"excerpt":{"rendered":"<p>Resultar\u00eda dif\u00edcil, y arriesgado, cualquier intento de aplicar a la personalidad m\u00faltiple de Oliver Sacks alguna de las clasificaciones que podr\u00edan servir al cr\u00edtico para orientar a los lectores sobre la naturaleza y calidad de sus obras. Excelente narrador y dotado prosista, como lo ha demostrado en la deliciosa autobiograf\u00eda El t\u00edo Tungsteno, asombra la&hellip;<\/p>\n","protected":false},"author":4,"featured_media":0,"comment_status":"closed","ping_status":"open","sticky":false,"template":"","format":"standard","meta":{"_jetpack_memberships_contains_paid_content":false,"footnotes":"","jetpack_publicize_message":"","jetpack_publicize_feature_enabled":true,"jetpack_social_post_already_shared":false,"jetpack_social_options":{"image_generator_settings":{"template":"highway","enabled":false}}},"categories":[1],"tags":[],"class_list":["post-4117","post","type-post","status-publish","format-standard","hentry","category-sin-categoria"],"jetpack_publicize_connections":[],"yoast_head":"<!-- This site is optimized with the Yoast SEO plugin v22.8 - https:\/\/yoast.com\/wordpress\/plugins\/seo\/ -->\r\n<title>La m\u00fasica y el cerebro - Filarmonica UNINTER<\/title>\r\n<meta name=\"robots\" content=\"index, follow, max-snippet:-1, max-image-preview:large, max-video-preview:-1\" \/>\r\n<link rel=\"canonical\" href=\"https:\/\/blogs.uninter.edu.mx\/Filarmonica\/index.php\/2017\/05\/29\/la-musica-y-el-cerebro\/\" \/>\r\n<meta property=\"og:locale\" content=\"es_MX\" \/>\r\n<meta property=\"og:type\" content=\"article\" \/>\r\n<meta property=\"og:title\" content=\"La m\u00fasica y el cerebro - Filarmonica UNINTER\" \/>\r\n<meta property=\"og:description\" content=\"Resultar\u00eda dif\u00edcil, y arriesgado, cualquier intento de aplicar a la personalidad m\u00faltiple de Oliver Sacks alguna de las clasificaciones que podr\u00edan servir al cr\u00edtico para orientar a los lectores sobre la naturaleza y calidad de sus obras. Excelente narrador y dotado prosista, como lo ha demostrado en la deliciosa autobiograf\u00eda El t\u00edo Tungsteno, asombra la&hellip;\" \/>\r\n<meta property=\"og:url\" content=\"https:\/\/blogs.uninter.edu.mx\/Filarmonica\/index.php\/2017\/05\/29\/la-musica-y-el-cerebro\/\" \/>\r\n<meta property=\"og:site_name\" content=\"Filarmonica UNINTER\" \/>\r\n<meta property=\"article:published_time\" content=\"2017-05-29T14:02:38+00:00\" \/>\r\n<meta property=\"og:image\" content=\"https:\/\/filarmonicadecuernavaca.com\/wp-content\/uploads\/2017\/05\/lmyec2.jpg\" \/>\r\n<meta name=\"author\" content=\"luzgalvez\" \/>\r\n<meta name=\"twitter:card\" content=\"summary_large_image\" \/>\r\n<meta name=\"twitter:label1\" content=\"Escrito por\" \/>\n\t<meta name=\"twitter:data1\" content=\"luzgalvez\" \/>\n\t<meta name=\"twitter:label2\" content=\"Tiempo de lectura\" \/>\n\t<meta name=\"twitter:data2\" content=\"10 minutos\" \/>\r\n<script type=\"application\/ld+json\" class=\"yoast-schema-graph\">{\"@context\":\"https:\/\/schema.org\",\"@graph\":[{\"@type\":\"WebPage\",\"@id\":\"https:\/\/blogs.uninter.edu.mx\/Filarmonica\/index.php\/2017\/05\/29\/la-musica-y-el-cerebro\/\",\"url\":\"https:\/\/blogs.uninter.edu.mx\/Filarmonica\/index.php\/2017\/05\/29\/la-musica-y-el-cerebro\/\",\"name\":\"La m\u00fasica y el cerebro - Filarmonica UNINTER\",\"isPartOf\":{\"@id\":\"https:\/\/blogs.uninter.edu.mx\/Filarmonica\/#website\"},\"primaryImageOfPage\":{\"@id\":\"https:\/\/blogs.uninter.edu.mx\/Filarmonica\/index.php\/2017\/05\/29\/la-musica-y-el-cerebro\/#primaryimage\"},\"image\":{\"@id\":\"https:\/\/blogs.uninter.edu.mx\/Filarmonica\/index.php\/2017\/05\/29\/la-musica-y-el-cerebro\/#primaryimage\"},\"thumbnailUrl\":\"https:\/\/filarmonicadecuernavaca.com\/wp-content\/uploads\/2017\/05\/lmyec2.jpg\",\"datePublished\":\"2017-05-29T14:02:38+00:00\",\"dateModified\":\"2017-05-29T14:02:38+00:00\",\"author\":{\"@id\":\"https:\/\/blogs.uninter.edu.mx\/Filarmonica\/#\/schema\/person\/5fdfc9be41d7a26b139afd4de61c3664\"},\"breadcrumb\":{\"@id\":\"https:\/\/blogs.uninter.edu.mx\/Filarmonica\/index.php\/2017\/05\/29\/la-musica-y-el-cerebro\/#breadcrumb\"},\"inLanguage\":\"es-MX\",\"potentialAction\":[{\"@type\":\"ReadAction\",\"target\":[\"https:\/\/blogs.uninter.edu.mx\/Filarmonica\/index.php\/2017\/05\/29\/la-musica-y-el-cerebro\/\"]}]},{\"@type\":\"ImageObject\",\"inLanguage\":\"es-MX\",\"@id\":\"https:\/\/blogs.uninter.edu.mx\/Filarmonica\/index.php\/2017\/05\/29\/la-musica-y-el-cerebro\/#primaryimage\",\"url\":\"https:\/\/filarmonicadecuernavaca.com\/wp-content\/uploads\/2017\/05\/lmyec2.jpg\",\"contentUrl\":\"https:\/\/filarmonicadecuernavaca.com\/wp-content\/uploads\/2017\/05\/lmyec2.jpg\"},{\"@type\":\"BreadcrumbList\",\"@id\":\"https:\/\/blogs.uninter.edu.mx\/Filarmonica\/index.php\/2017\/05\/29\/la-musica-y-el-cerebro\/#breadcrumb\",\"itemListElement\":[{\"@type\":\"ListItem\",\"position\":1,\"name\":\"Inicio\",\"item\":\"https:\/\/blogs.uninter.edu.mx\/Filarmonica\/\"},{\"@type\":\"ListItem\",\"position\":2,\"name\":\"La m\u00fasica y el cerebro\"}]},{\"@type\":\"WebSite\",\"@id\":\"https:\/\/blogs.uninter.edu.mx\/Filarmonica\/#website\",\"url\":\"https:\/\/blogs.uninter.edu.mx\/Filarmonica\/\",\"name\":\"Filarmonica UNINTER\",\"description\":\"\",\"potentialAction\":[{\"@type\":\"SearchAction\",\"target\":{\"@type\":\"EntryPoint\",\"urlTemplate\":\"https:\/\/blogs.uninter.edu.mx\/Filarmonica\/?s={search_term_string}\"},\"query-input\":\"required name=search_term_string\"}],\"inLanguage\":\"es-MX\"},{\"@type\":\"Person\",\"@id\":\"https:\/\/blogs.uninter.edu.mx\/Filarmonica\/#\/schema\/person\/5fdfc9be41d7a26b139afd4de61c3664\",\"name\":\"luzgalvez\",\"image\":{\"@type\":\"ImageObject\",\"inLanguage\":\"es-MX\",\"@id\":\"https:\/\/blogs.uninter.edu.mx\/Filarmonica\/#\/schema\/person\/image\/\",\"url\":\"https:\/\/secure.gravatar.com\/avatar\/cf42be0541bffe97edcfdd314483f26481497b0a6a32669684590878e1ee0288?s=96&d=mm&r=g\",\"contentUrl\":\"https:\/\/secure.gravatar.com\/avatar\/cf42be0541bffe97edcfdd314483f26481497b0a6a32669684590878e1ee0288?s=96&d=mm&r=g\",\"caption\":\"luzgalvez\"},\"url\":\"https:\/\/blogs.uninter.edu.mx\/Filarmonica\/index.php\/author\/luzgalvez\/\"}]}<\/script>\r\n<!-- \/ Yoast SEO plugin. -->","yoast_head_json":{"title":"La m\u00fasica y el cerebro - Filarmonica UNINTER","robots":{"index":"index","follow":"follow","max-snippet":"max-snippet:-1","max-image-preview":"max-image-preview:large","max-video-preview":"max-video-preview:-1"},"canonical":"https:\/\/blogs.uninter.edu.mx\/Filarmonica\/index.php\/2017\/05\/29\/la-musica-y-el-cerebro\/","og_locale":"es_MX","og_type":"article","og_title":"La m\u00fasica y el cerebro - Filarmonica UNINTER","og_description":"Resultar\u00eda dif\u00edcil, y arriesgado, cualquier intento de aplicar a la personalidad m\u00faltiple de Oliver Sacks alguna de las clasificaciones que podr\u00edan servir al cr\u00edtico para orientar a los lectores sobre la naturaleza y calidad de sus obras. Excelente narrador y dotado prosista, como lo ha demostrado en la deliciosa autobiograf\u00eda El t\u00edo Tungsteno, asombra la&hellip;","og_url":"https:\/\/blogs.uninter.edu.mx\/Filarmonica\/index.php\/2017\/05\/29\/la-musica-y-el-cerebro\/","og_site_name":"Filarmonica UNINTER","article_published_time":"2017-05-29T14:02:38+00:00","og_image":[{"url":"https:\/\/filarmonicadecuernavaca.com\/wp-content\/uploads\/2017\/05\/lmyec2.jpg"}],"author":"luzgalvez","twitter_card":"summary_large_image","twitter_misc":{"Escrito por":"luzgalvez","Tiempo de lectura":"10 minutos"},"schema":{"@context":"https:\/\/schema.org","@graph":[{"@type":"WebPage","@id":"https:\/\/blogs.uninter.edu.mx\/Filarmonica\/index.php\/2017\/05\/29\/la-musica-y-el-cerebro\/","url":"https:\/\/blogs.uninter.edu.mx\/Filarmonica\/index.php\/2017\/05\/29\/la-musica-y-el-cerebro\/","name":"La m\u00fasica y el cerebro - Filarmonica UNINTER","isPartOf":{"@id":"https:\/\/blogs.uninter.edu.mx\/Filarmonica\/#website"},"primaryImageOfPage":{"@id":"https:\/\/blogs.uninter.edu.mx\/Filarmonica\/index.php\/2017\/05\/29\/la-musica-y-el-cerebro\/#primaryimage"},"image":{"@id":"https:\/\/blogs.uninter.edu.mx\/Filarmonica\/index.php\/2017\/05\/29\/la-musica-y-el-cerebro\/#primaryimage"},"thumbnailUrl":"https:\/\/filarmonicadecuernavaca.com\/wp-content\/uploads\/2017\/05\/lmyec2.jpg","datePublished":"2017-05-29T14:02:38+00:00","dateModified":"2017-05-29T14:02:38+00:00","author":{"@id":"https:\/\/blogs.uninter.edu.mx\/Filarmonica\/#\/schema\/person\/5fdfc9be41d7a26b139afd4de61c3664"},"breadcrumb":{"@id":"https:\/\/blogs.uninter.edu.mx\/Filarmonica\/index.php\/2017\/05\/29\/la-musica-y-el-cerebro\/#breadcrumb"},"inLanguage":"es-MX","potentialAction":[{"@type":"ReadAction","target":["https:\/\/blogs.uninter.edu.mx\/Filarmonica\/index.php\/2017\/05\/29\/la-musica-y-el-cerebro\/"]}]},{"@type":"ImageObject","inLanguage":"es-MX","@id":"https:\/\/blogs.uninter.edu.mx\/Filarmonica\/index.php\/2017\/05\/29\/la-musica-y-el-cerebro\/#primaryimage","url":"https:\/\/filarmonicadecuernavaca.com\/wp-content\/uploads\/2017\/05\/lmyec2.jpg","contentUrl":"https:\/\/filarmonicadecuernavaca.com\/wp-content\/uploads\/2017\/05\/lmyec2.jpg"},{"@type":"BreadcrumbList","@id":"https:\/\/blogs.uninter.edu.mx\/Filarmonica\/index.php\/2017\/05\/29\/la-musica-y-el-cerebro\/#breadcrumb","itemListElement":[{"@type":"ListItem","position":1,"name":"Inicio","item":"https:\/\/blogs.uninter.edu.mx\/Filarmonica\/"},{"@type":"ListItem","position":2,"name":"La m\u00fasica y el cerebro"}]},{"@type":"WebSite","@id":"https:\/\/blogs.uninter.edu.mx\/Filarmonica\/#website","url":"https:\/\/blogs.uninter.edu.mx\/Filarmonica\/","name":"Filarmonica UNINTER","description":"","potentialAction":[{"@type":"SearchAction","target":{"@type":"EntryPoint","urlTemplate":"https:\/\/blogs.uninter.edu.mx\/Filarmonica\/?s={search_term_string}"},"query-input":"required name=search_term_string"}],"inLanguage":"es-MX"},{"@type":"Person","@id":"https:\/\/blogs.uninter.edu.mx\/Filarmonica\/#\/schema\/person\/5fdfc9be41d7a26b139afd4de61c3664","name":"luzgalvez","image":{"@type":"ImageObject","inLanguage":"es-MX","@id":"https:\/\/blogs.uninter.edu.mx\/Filarmonica\/#\/schema\/person\/image\/","url":"https:\/\/secure.gravatar.com\/avatar\/cf42be0541bffe97edcfdd314483f26481497b0a6a32669684590878e1ee0288?s=96&d=mm&r=g","contentUrl":"https:\/\/secure.gravatar.com\/avatar\/cf42be0541bffe97edcfdd314483f26481497b0a6a32669684590878e1ee0288?s=96&d=mm&r=g","caption":"luzgalvez"},"url":"https:\/\/blogs.uninter.edu.mx\/Filarmonica\/index.php\/author\/luzgalvez\/"}]}},"jetpack_featured_media_url":"","jetpack_sharing_enabled":true,"_links":{"self":[{"href":"https:\/\/blogs.uninter.edu.mx\/Filarmonica\/index.php\/wp-json\/wp\/v2\/posts\/4117","targetHints":{"allow":["GET"]}}],"collection":[{"href":"https:\/\/blogs.uninter.edu.mx\/Filarmonica\/index.php\/wp-json\/wp\/v2\/posts"}],"about":[{"href":"https:\/\/blogs.uninter.edu.mx\/Filarmonica\/index.php\/wp-json\/wp\/v2\/types\/post"}],"author":[{"embeddable":true,"href":"https:\/\/blogs.uninter.edu.mx\/Filarmonica\/index.php\/wp-json\/wp\/v2\/users\/4"}],"replies":[{"embeddable":true,"href":"https:\/\/blogs.uninter.edu.mx\/Filarmonica\/index.php\/wp-json\/wp\/v2\/comments?post=4117"}],"version-history":[{"count":0,"href":"https:\/\/blogs.uninter.edu.mx\/Filarmonica\/index.php\/wp-json\/wp\/v2\/posts\/4117\/revisions"}],"wp:attachment":[{"href":"https:\/\/blogs.uninter.edu.mx\/Filarmonica\/index.php\/wp-json\/wp\/v2\/media?parent=4117"}],"wp:term":[{"taxonomy":"category","embeddable":true,"href":"https:\/\/blogs.uninter.edu.mx\/Filarmonica\/index.php\/wp-json\/wp\/v2\/categories?post=4117"},{"taxonomy":"post_tag","embeddable":true,"href":"https:\/\/blogs.uninter.edu.mx\/Filarmonica\/index.php\/wp-json\/wp\/v2\/tags?post=4117"}],"curies":[{"name":"wp","href":"https:\/\/api.w.org\/{rel}","templated":true}]}}