{"id":4121,"date":"2017-05-30T09:12:55","date_gmt":"2017-05-30T14:12:55","guid":{"rendered":"http:\/\/filarmonicadecuernavaca.com\/?p=4121"},"modified":"2017-05-30T09:12:55","modified_gmt":"2017-05-30T14:12:55","slug":"impacto-de-la-musica","status":"publish","type":"post","link":"https:\/\/blogs.uninter.edu.mx\/Filarmonica\/index.php\/2017\/05\/30\/impacto-de-la-musica\/","title":{"rendered":"IMPACTO DE LA M\u00daSICA"},"content":{"rendered":"<p style=\"text-align:justify;\">La m\u00fasica tiene el poder especial de transportarnos en el tiempo, estimular nuestros sentimientos m\u00e1s profundos, las emociones, evocar recuerdos y brindarnos compa\u00f1\u00eda fiel toda la vida. \u00bfQuien no se ha sentido cautivado por el esplendor, la musicalidad virtuosa, apacible y majestuosa de las sinfon\u00edas de Mozart, Beethoven, H\u00e4ndel, Bach o Vivaldi, por ejemplo?<\/p>\n<p>Estos himnos a la paz y el reposo interior son solo un peque\u00f1\u00edsimo ejemplo de los millones de melod\u00edas, armon\u00edas y ritmos que cada amanecer, atardecer y anochecer han acompa\u00f1ado la cotidianidad, alegr\u00edas, festejos, amores, desamores, angustias y tristezas de la humanidad durante siglos.<\/p>\n<p>Y en nuestro c\u00e1lido ambiente tropical, no hay nada m\u00e1s emocionante que sentir el amor de patria, a trav\u00e9s de las notas de un bambuco, un pasillo, una cumbia, o un joropo. La expresi\u00f3n musical folcl\u00f3rica nos transporta al campo, a su agricultura, al olor de la tierra, al aire puro y saludable, a nuestro terru\u00f1o, y nos evoca momentos inolvidables.<\/p>\n<p>La m\u00fasica tambi\u00e9n impulsa y anima al campesino mientras toma tinto en la madrugada o desayuna, escucha su m\u00fasica favorita, y se alista para el trabajo en la finca. Estas situaciones cotidianas llevan a replantearnos la participaci\u00f3n que le damos a la m\u00fasica en nuestra vida, para encaminarnos hacia la armon\u00eda con nosotros mismos y con nuestro entorno.<\/p>\n<p>Estudios internacionales recientes abordan las siguientes reflexiones, basadas en estudios cl\u00ednicos y entrevistas, para desentra\u00f1ar el papel que juega la m\u00fasica en nuestra salud mental: \u00bfSabe que nuestra m\u00fasica preferida tiene mucho que ver con nuestro estado an\u00edmico, identidad, manera de ver la vida, salud mental y realidad espiritual? \u00bfPor qu\u00e9 nos gusta determinado tipo de m\u00fasica? \u00bfC\u00f3mo nos sentimos al escuchar m\u00fasica? \u00bfCu\u00e1l es nuestro estado an\u00edmico cuando escuchamos m\u00fasica en momentos de soledad? \u00bfPor qu\u00e9 la m\u00fasica a veces nos trae recuerdos del pasado o nos deprime? \u00bfEs bueno buscar refugio en la m\u00fasica en momentos de crisis?<\/p>\n<p>M\u00e1s all\u00e1 de los aspectos meramente recreativos y emocionales, de festejo, celebraci\u00f3n o afecto, la m\u00fasica juega papel primordial en todas las esferas de la sociedad, ya que toca las m\u00e1s \u00edntimas fibras del ser humano, incluida el \u00e1rea espiritual, como narran algunos textos milenarios.<\/p>\n<p><strong>Impacto en las emociones<\/strong><\/p>\n<p style=\"text-align:justify;\">German Aguirre Licht, m\u00e9dico siquiatra y sicoanalista, asegura que la m\u00fasica que cotidianamente nos acompa\u00f1a y que nos agrada escuchar, forma parte importante de nuestra salud emocional, ya que a trav\u00e9s de ella evocamos recuerdos, momentos y tambi\u00e9n puede ayudar a relajarnos, distraernos, a expresar nuestra alegr\u00eda y hasta nuestra propia identidad.<\/p>\n<p>Seg\u00fan el especialista, &#8220;la m\u00fasica es un est\u00edmulo o lenguaje que act\u00faa sobre el cerebro y las emociones. No obstante, puede afectar a un individuo en mayor o menor grado, dependiendo de la educaci\u00f3n y experiencias vividas.<\/p>\n<p>La m\u00fasica, a trav\u00e9s de su fuerza vibratoria, puede ayudar a relajarnos o por el contrario, puede indisponernos y convertirse en compa\u00f1\u00eda poco gratificante cuando pasamos por alg\u00fan momento depresivo, de angustia, estr\u00e9s o incertidumbre&#8221;.<\/p>\n<p style=\"text-align:justify;\"><strong>M\u00fasica y depresi\u00f3n<\/strong><\/p>\n<p style=\"text-align:justify;\">La depresi\u00f3n es uno de los grandes males de la sociedad de nuestro tiempo y afecta a todas las edades, principalmente a los j\u00f3venes debido a m\u00faltiples causas. Muchas veces, los j\u00f3venes con problemas se refugian en el alcohol, las drogas y la m\u00fasica para escaparse de la realidad y los conflictos.<\/p>\n<p>Por esta raz\u00f3n, Aguirre asegura que en estado de embriaguez o bajo efecto de drogas, la m\u00fasica contribuye a elevar los niveles de excitaci\u00f3n del cerebro. Es por eso que cuando una persona tiene un trastorno depresivo con tendencia al suicidio, llega a identificarse con el tipo de m\u00fasica que expresa su estado an\u00edmico.<\/p>\n<p>&#8220;Evidentemente, a trav\u00e9s de ciertos g\u00e9neros de m\u00fasica popular y moderna de connotaciones melanc\u00f3licas o mensajes depresivos, y si se escuchan acompa\u00f1ados de alcohol o droga en un coctel mortal, el impulso suicida se puede incrementar.<\/p>\n<p>Sin embargo, hay que aclarar que la m\u00fasica simplemente potencializa el estado an\u00edmico de la persona que la escucha, pero en s\u00ed no es la causante del estado depresivo&#8221;, afirma\u00a0 Aguirre Licht.<\/p>\n<p style=\"text-align:justify;\">Saida Castro, licenciada en sicolog\u00eda y pedagog\u00eda en la Universidad Nacional, y con experiencia como docente durante 19 a\u00f1os, ha observado la gran influencia que tiene la m\u00fasica en ni\u00f1os y adolescentes. &#8220;Los problemas son muy fuertes en los menores y est\u00e1n relacionados con el tipo de m\u00fasica que escuchan.<\/p>\n<p>De acuerdo con los gustos musicales, los menores adquieren un car\u00e1cter que los identifica, as\u00ed como su vestuario y hasta su forma de relacionarse con los dem\u00e1s. Simplemente adoptan la cosmovisi\u00f3n del g\u00e9nero musical y la filosof\u00eda de sus \u00eddolos (cantantes o m\u00fasicos)&#8221;.<\/p>\n<p>Anthony Storr, siguiatra y miembro del Royal College of Physicians y del Royal College of Psychiatrist de Londres, afirma en un estudio que la m\u00fasica puede hacernos llorar o generarnos placer intenso y agrega que, al igual que el enamoramiento, tiene la capacidad de transformar nuestra existencia por completo.<\/p>\n<p style=\"text-align:justify;\"><span class=\"intertitulo\"><strong>Reacci\u00f3n cerebral<\/strong><\/p>\n<p><\/span>Hace siete a\u00f1os, la Orquesta Filarm\u00f3nica de Bogot\u00e1, le sirvi\u00f3 como &#8216;conejillo de indias&#8217; al cient\u00edfico colombiano Rodolfo Llin\u00e1s, reconocida autoridad mundial en neurociencias, para mostrar c\u00f3mo se relacionan la m\u00fasica, el lenguaje y el pensamiento.<br \/>\nEn un informe divulgado por la Universidad Nacional, Llin\u00e1s afirm\u00f3 que &#8220;de la misma manera que los ni\u00f1os aprenden un idioma sin necesidad de estudiar previamente su gram\u00e1tica, el ritmo interior del cerebro nos permite sintonizarnos con una melod\u00eda y emocionarnos sin saber nada de teor\u00eda musical, porque en ambos casos se trata del desarrollo de sonidos que no requieren &#8220;traducci\u00f3n&#8221; por parte de la cabeza.<\/p>\n<p>&#8220;La m\u00fasica, que solo existe en el cerebro, es producida por \u00e9l sin necesidad de c\u00f3digos, entra directamente&#8221;. Adem\u00e1s, anot\u00f3 Llin\u00e1s, &#8220;las ra\u00edces del lenguaje y de la m\u00fasica son las mismas&#8221;. Quiz\u00e1 por esto la m\u00fasica sea reconocida como el lenguaje universal. Sin olvidar que es posible afinar el talento musical, especialmente a temprana edad, cuando las estructuras cerebrales son m\u00e1s flexibles.<\/p>\n<p><span class=\"intertitulo\"><strong>M\u00fasica sanadora<\/strong><br \/>\n<\/span><br \/>\nLa m\u00fasica ejerce tal poder sobre la salud del ser humano, que actualmente algunas \u00e1reas de la sicolog\u00eda y la medicina acuden a terapias musicales a trav\u00e9s de procedimientos especiales (conocidos como musicoterapia), para tratar dolencias de personas que tienen problemas de salud o del aprendizaje.<\/p>\n<p>As\u00ed mismo para aliviar trastornos cr\u00f3nicos y\/o degenerativos, problemas de farmacodependencia y da\u00f1o cerebral, entre otros. En personas saludables, estas t\u00e9cnicas pueden ayudar a manejar el peligroso estr\u00e9s, causante de muchas de las enfermedades que afectan al ser humano.<\/p>\n<p><span class=\"intertitulo\"><strong>Higiene mental<\/strong><br \/>\n<\/span><br \/>\nHay que tener en cuenta que el universo de la m\u00fasica es amplio y complejo, y est\u00e1 ligado a tradiciones culturales, nivel sociocultural, entorno familiar, educativo,\u00a0 principios \u00e9ticos, morales y condici\u00f3n espiritual. Tenga presente que si se siente deprimido o triste, no ingiera bebidas alcoh\u00f3licas, ni tampoco escuche m\u00fasica que le evoque situaciones negativas, principalmente si usted est\u00e1 solo.<\/p>\n<p>Estas personas deben buscar la compa\u00f1\u00eda de familiares o amigos que le brinden afecto y con quienes pueda dialogar, ser escuchado y recibir voces de \u00e1nimo y aliento espiritual permanente, acompa\u00f1ado de la oraci\u00f3n y el h\u00e1bito necesario de la pr\u00e1ctica deportiva habitual, para procurar bienestar y buena salud en general.<\/p>\n<p>Seg\u00fan estudios cl\u00ednicos en varias partes del mundo, hay que escuchar g\u00e9neros musicales que traigan paz, libertad y relajamiento que le ayuden a superar los miedos, y aprender a estar consigo mismo y en armon\u00eda.<\/p>\n<p>Algunos especialistas advierten que hay que tener cuidado cuando se conduce un veh\u00edculo ya sea de servicio p\u00fablico o particular, pues si se tiene el equipo de sonido a volumen alto como si se tratara de una discoteca ambulante, quien va manejando puede perder capacidad asociativa y de concentraci\u00f3n para responder adecuadamente ante un imprevisto. Esta situaci\u00f3n tambi\u00e9n estimula los niveles de agresividad.<\/p>\n<p style=\"text-align:justify;\">Por: Jorge E. Le\u00f3n Pineda<\/p>\n<p style=\"text-align:justify;\"><img loading=\"lazy\" decoding=\"async\" class=\" size-full wp-image-3652 aligncenter\" src=\"https:\/\/filarmonicadecuernavaca.com\/wp-content\/uploads\/2017\/02\/musica.jpg\" alt=\"musica\" width=\"470\" height=\"242\" \/><\/p>\n","protected":false},"excerpt":{"rendered":"<p>La m\u00fasica tiene el poder especial de transportarnos en el tiempo, estimular nuestros sentimientos m\u00e1s profundos, las emociones, evocar recuerdos y brindarnos compa\u00f1\u00eda fiel toda la vida. \u00bfQuien no se ha sentido cautivado por el esplendor, la musicalidad virtuosa, apacible y majestuosa de las sinfon\u00edas de Mozart, Beethoven, H\u00e4ndel, Bach o Vivaldi, por ejemplo? Estos&hellip;<\/p>\n","protected":false},"author":4,"featured_media":0,"comment_status":"closed","ping_status":"open","sticky":false,"template":"","format":"standard","meta":{"_jetpack_memberships_contains_paid_content":false,"footnotes":"","jetpack_publicize_message":"","jetpack_publicize_feature_enabled":true,"jetpack_social_post_already_shared":false,"jetpack_social_options":{"image_generator_settings":{"template":"highway","enabled":false}}},"categories":[1],"tags":[],"class_list":["post-4121","post","type-post","status-publish","format-standard","hentry","category-sin-categoria"],"jetpack_publicize_connections":[],"yoast_head":"<!-- This site is optimized with the Yoast SEO plugin v22.8 - https:\/\/yoast.com\/wordpress\/plugins\/seo\/ -->\r\n<title>IMPACTO DE LA M\u00daSICA - Filarmonica UNINTER<\/title>\r\n<meta name=\"robots\" content=\"index, follow, max-snippet:-1, max-image-preview:large, max-video-preview:-1\" \/>\r\n<link rel=\"canonical\" href=\"https:\/\/blogs.uninter.edu.mx\/Filarmonica\/index.php\/2017\/05\/30\/impacto-de-la-musica\/\" \/>\r\n<meta property=\"og:locale\" content=\"es_MX\" \/>\r\n<meta property=\"og:type\" content=\"article\" \/>\r\n<meta property=\"og:title\" content=\"IMPACTO DE LA M\u00daSICA - Filarmonica UNINTER\" \/>\r\n<meta property=\"og:description\" content=\"La m\u00fasica tiene el poder especial de transportarnos en el tiempo, estimular nuestros sentimientos m\u00e1s profundos, las emociones, evocar recuerdos y brindarnos compa\u00f1\u00eda fiel toda la vida. \u00bfQuien no se ha sentido cautivado por el esplendor, la musicalidad virtuosa, apacible y majestuosa de las sinfon\u00edas de Mozart, Beethoven, H\u00e4ndel, Bach o Vivaldi, por ejemplo? Estos&hellip;\" \/>\r\n<meta property=\"og:url\" content=\"https:\/\/blogs.uninter.edu.mx\/Filarmonica\/index.php\/2017\/05\/30\/impacto-de-la-musica\/\" \/>\r\n<meta property=\"og:site_name\" content=\"Filarmonica UNINTER\" \/>\r\n<meta property=\"article:published_time\" content=\"2017-05-30T14:12:55+00:00\" \/>\r\n<meta property=\"og:image\" content=\"https:\/\/filarmonicadecuernavaca.com\/wp-content\/uploads\/2017\/02\/musica.jpg\" \/>\r\n<meta name=\"author\" content=\"luzgalvez\" \/>\r\n<meta name=\"twitter:card\" content=\"summary_large_image\" \/>\r\n<meta name=\"twitter:label1\" content=\"Escrito por\" \/>\n\t<meta name=\"twitter:data1\" content=\"luzgalvez\" \/>\n\t<meta name=\"twitter:label2\" content=\"Tiempo de lectura\" \/>\n\t<meta name=\"twitter:data2\" content=\"7 minutos\" \/>\r\n<script type=\"application\/ld+json\" class=\"yoast-schema-graph\">{\"@context\":\"https:\/\/schema.org\",\"@graph\":[{\"@type\":\"WebPage\",\"@id\":\"https:\/\/blogs.uninter.edu.mx\/Filarmonica\/index.php\/2017\/05\/30\/impacto-de-la-musica\/\",\"url\":\"https:\/\/blogs.uninter.edu.mx\/Filarmonica\/index.php\/2017\/05\/30\/impacto-de-la-musica\/\",\"name\":\"IMPACTO DE LA M\u00daSICA - Filarmonica UNINTER\",\"isPartOf\":{\"@id\":\"https:\/\/blogs.uninter.edu.mx\/Filarmonica\/#website\"},\"primaryImageOfPage\":{\"@id\":\"https:\/\/blogs.uninter.edu.mx\/Filarmonica\/index.php\/2017\/05\/30\/impacto-de-la-musica\/#primaryimage\"},\"image\":{\"@id\":\"https:\/\/blogs.uninter.edu.mx\/Filarmonica\/index.php\/2017\/05\/30\/impacto-de-la-musica\/#primaryimage\"},\"thumbnailUrl\":\"https:\/\/filarmonicadecuernavaca.com\/wp-content\/uploads\/2017\/02\/musica.jpg\",\"datePublished\":\"2017-05-30T14:12:55+00:00\",\"dateModified\":\"2017-05-30T14:12:55+00:00\",\"author\":{\"@id\":\"https:\/\/blogs.uninter.edu.mx\/Filarmonica\/#\/schema\/person\/5fdfc9be41d7a26b139afd4de61c3664\"},\"breadcrumb\":{\"@id\":\"https:\/\/blogs.uninter.edu.mx\/Filarmonica\/index.php\/2017\/05\/30\/impacto-de-la-musica\/#breadcrumb\"},\"inLanguage\":\"es-MX\",\"potentialAction\":[{\"@type\":\"ReadAction\",\"target\":[\"https:\/\/blogs.uninter.edu.mx\/Filarmonica\/index.php\/2017\/05\/30\/impacto-de-la-musica\/\"]}]},{\"@type\":\"ImageObject\",\"inLanguage\":\"es-MX\",\"@id\":\"https:\/\/blogs.uninter.edu.mx\/Filarmonica\/index.php\/2017\/05\/30\/impacto-de-la-musica\/#primaryimage\",\"url\":\"https:\/\/filarmonicadecuernavaca.com\/wp-content\/uploads\/2017\/02\/musica.jpg\",\"contentUrl\":\"https:\/\/filarmonicadecuernavaca.com\/wp-content\/uploads\/2017\/02\/musica.jpg\"},{\"@type\":\"BreadcrumbList\",\"@id\":\"https:\/\/blogs.uninter.edu.mx\/Filarmonica\/index.php\/2017\/05\/30\/impacto-de-la-musica\/#breadcrumb\",\"itemListElement\":[{\"@type\":\"ListItem\",\"position\":1,\"name\":\"Inicio\",\"item\":\"https:\/\/blogs.uninter.edu.mx\/Filarmonica\/\"},{\"@type\":\"ListItem\",\"position\":2,\"name\":\"IMPACTO DE LA M\u00daSICA\"}]},{\"@type\":\"WebSite\",\"@id\":\"https:\/\/blogs.uninter.edu.mx\/Filarmonica\/#website\",\"url\":\"https:\/\/blogs.uninter.edu.mx\/Filarmonica\/\",\"name\":\"Filarmonica UNINTER\",\"description\":\"\",\"potentialAction\":[{\"@type\":\"SearchAction\",\"target\":{\"@type\":\"EntryPoint\",\"urlTemplate\":\"https:\/\/blogs.uninter.edu.mx\/Filarmonica\/?s={search_term_string}\"},\"query-input\":\"required name=search_term_string\"}],\"inLanguage\":\"es-MX\"},{\"@type\":\"Person\",\"@id\":\"https:\/\/blogs.uninter.edu.mx\/Filarmonica\/#\/schema\/person\/5fdfc9be41d7a26b139afd4de61c3664\",\"name\":\"luzgalvez\",\"image\":{\"@type\":\"ImageObject\",\"inLanguage\":\"es-MX\",\"@id\":\"https:\/\/blogs.uninter.edu.mx\/Filarmonica\/#\/schema\/person\/image\/\",\"url\":\"https:\/\/secure.gravatar.com\/avatar\/cf42be0541bffe97edcfdd314483f26481497b0a6a32669684590878e1ee0288?s=96&d=mm&r=g\",\"contentUrl\":\"https:\/\/secure.gravatar.com\/avatar\/cf42be0541bffe97edcfdd314483f26481497b0a6a32669684590878e1ee0288?s=96&d=mm&r=g\",\"caption\":\"luzgalvez\"},\"url\":\"https:\/\/blogs.uninter.edu.mx\/Filarmonica\/index.php\/author\/luzgalvez\/\"}]}<\/script>\r\n<!-- \/ Yoast SEO plugin. -->","yoast_head_json":{"title":"IMPACTO DE LA M\u00daSICA - Filarmonica UNINTER","robots":{"index":"index","follow":"follow","max-snippet":"max-snippet:-1","max-image-preview":"max-image-preview:large","max-video-preview":"max-video-preview:-1"},"canonical":"https:\/\/blogs.uninter.edu.mx\/Filarmonica\/index.php\/2017\/05\/30\/impacto-de-la-musica\/","og_locale":"es_MX","og_type":"article","og_title":"IMPACTO DE LA M\u00daSICA - Filarmonica UNINTER","og_description":"La m\u00fasica tiene el poder especial de transportarnos en el tiempo, estimular nuestros sentimientos m\u00e1s profundos, las emociones, evocar recuerdos y brindarnos compa\u00f1\u00eda fiel toda la vida. \u00bfQuien no se ha sentido cautivado por el esplendor, la musicalidad virtuosa, apacible y majestuosa de las sinfon\u00edas de Mozart, Beethoven, H\u00e4ndel, Bach o Vivaldi, por ejemplo? Estos&hellip;","og_url":"https:\/\/blogs.uninter.edu.mx\/Filarmonica\/index.php\/2017\/05\/30\/impacto-de-la-musica\/","og_site_name":"Filarmonica UNINTER","article_published_time":"2017-05-30T14:12:55+00:00","og_image":[{"url":"https:\/\/filarmonicadecuernavaca.com\/wp-content\/uploads\/2017\/02\/musica.jpg"}],"author":"luzgalvez","twitter_card":"summary_large_image","twitter_misc":{"Escrito por":"luzgalvez","Tiempo de lectura":"7 minutos"},"schema":{"@context":"https:\/\/schema.org","@graph":[{"@type":"WebPage","@id":"https:\/\/blogs.uninter.edu.mx\/Filarmonica\/index.php\/2017\/05\/30\/impacto-de-la-musica\/","url":"https:\/\/blogs.uninter.edu.mx\/Filarmonica\/index.php\/2017\/05\/30\/impacto-de-la-musica\/","name":"IMPACTO DE LA M\u00daSICA - Filarmonica UNINTER","isPartOf":{"@id":"https:\/\/blogs.uninter.edu.mx\/Filarmonica\/#website"},"primaryImageOfPage":{"@id":"https:\/\/blogs.uninter.edu.mx\/Filarmonica\/index.php\/2017\/05\/30\/impacto-de-la-musica\/#primaryimage"},"image":{"@id":"https:\/\/blogs.uninter.edu.mx\/Filarmonica\/index.php\/2017\/05\/30\/impacto-de-la-musica\/#primaryimage"},"thumbnailUrl":"https:\/\/filarmonicadecuernavaca.com\/wp-content\/uploads\/2017\/02\/musica.jpg","datePublished":"2017-05-30T14:12:55+00:00","dateModified":"2017-05-30T14:12:55+00:00","author":{"@id":"https:\/\/blogs.uninter.edu.mx\/Filarmonica\/#\/schema\/person\/5fdfc9be41d7a26b139afd4de61c3664"},"breadcrumb":{"@id":"https:\/\/blogs.uninter.edu.mx\/Filarmonica\/index.php\/2017\/05\/30\/impacto-de-la-musica\/#breadcrumb"},"inLanguage":"es-MX","potentialAction":[{"@type":"ReadAction","target":["https:\/\/blogs.uninter.edu.mx\/Filarmonica\/index.php\/2017\/05\/30\/impacto-de-la-musica\/"]}]},{"@type":"ImageObject","inLanguage":"es-MX","@id":"https:\/\/blogs.uninter.edu.mx\/Filarmonica\/index.php\/2017\/05\/30\/impacto-de-la-musica\/#primaryimage","url":"https:\/\/filarmonicadecuernavaca.com\/wp-content\/uploads\/2017\/02\/musica.jpg","contentUrl":"https:\/\/filarmonicadecuernavaca.com\/wp-content\/uploads\/2017\/02\/musica.jpg"},{"@type":"BreadcrumbList","@id":"https:\/\/blogs.uninter.edu.mx\/Filarmonica\/index.php\/2017\/05\/30\/impacto-de-la-musica\/#breadcrumb","itemListElement":[{"@type":"ListItem","position":1,"name":"Inicio","item":"https:\/\/blogs.uninter.edu.mx\/Filarmonica\/"},{"@type":"ListItem","position":2,"name":"IMPACTO DE LA M\u00daSICA"}]},{"@type":"WebSite","@id":"https:\/\/blogs.uninter.edu.mx\/Filarmonica\/#website","url":"https:\/\/blogs.uninter.edu.mx\/Filarmonica\/","name":"Filarmonica UNINTER","description":"","potentialAction":[{"@type":"SearchAction","target":{"@type":"EntryPoint","urlTemplate":"https:\/\/blogs.uninter.edu.mx\/Filarmonica\/?s={search_term_string}"},"query-input":"required name=search_term_string"}],"inLanguage":"es-MX"},{"@type":"Person","@id":"https:\/\/blogs.uninter.edu.mx\/Filarmonica\/#\/schema\/person\/5fdfc9be41d7a26b139afd4de61c3664","name":"luzgalvez","image":{"@type":"ImageObject","inLanguage":"es-MX","@id":"https:\/\/blogs.uninter.edu.mx\/Filarmonica\/#\/schema\/person\/image\/","url":"https:\/\/secure.gravatar.com\/avatar\/cf42be0541bffe97edcfdd314483f26481497b0a6a32669684590878e1ee0288?s=96&d=mm&r=g","contentUrl":"https:\/\/secure.gravatar.com\/avatar\/cf42be0541bffe97edcfdd314483f26481497b0a6a32669684590878e1ee0288?s=96&d=mm&r=g","caption":"luzgalvez"},"url":"https:\/\/blogs.uninter.edu.mx\/Filarmonica\/index.php\/author\/luzgalvez\/"}]}},"jetpack_featured_media_url":"","jetpack_sharing_enabled":true,"_links":{"self":[{"href":"https:\/\/blogs.uninter.edu.mx\/Filarmonica\/index.php\/wp-json\/wp\/v2\/posts\/4121","targetHints":{"allow":["GET"]}}],"collection":[{"href":"https:\/\/blogs.uninter.edu.mx\/Filarmonica\/index.php\/wp-json\/wp\/v2\/posts"}],"about":[{"href":"https:\/\/blogs.uninter.edu.mx\/Filarmonica\/index.php\/wp-json\/wp\/v2\/types\/post"}],"author":[{"embeddable":true,"href":"https:\/\/blogs.uninter.edu.mx\/Filarmonica\/index.php\/wp-json\/wp\/v2\/users\/4"}],"replies":[{"embeddable":true,"href":"https:\/\/blogs.uninter.edu.mx\/Filarmonica\/index.php\/wp-json\/wp\/v2\/comments?post=4121"}],"version-history":[{"count":0,"href":"https:\/\/blogs.uninter.edu.mx\/Filarmonica\/index.php\/wp-json\/wp\/v2\/posts\/4121\/revisions"}],"wp:attachment":[{"href":"https:\/\/blogs.uninter.edu.mx\/Filarmonica\/index.php\/wp-json\/wp\/v2\/media?parent=4121"}],"wp:term":[{"taxonomy":"category","embeddable":true,"href":"https:\/\/blogs.uninter.edu.mx\/Filarmonica\/index.php\/wp-json\/wp\/v2\/categories?post=4121"},{"taxonomy":"post_tag","embeddable":true,"href":"https:\/\/blogs.uninter.edu.mx\/Filarmonica\/index.php\/wp-json\/wp\/v2\/tags?post=4121"}],"curies":[{"name":"wp","href":"https:\/\/api.w.org\/{rel}","templated":true}]}}