{"id":4162,"date":"2017-06-14T13:11:08","date_gmt":"2017-06-14T18:11:08","guid":{"rendered":"http:\/\/filarmonicadecuernavaca.com\/?p=4162"},"modified":"2017-06-14T13:11:08","modified_gmt":"2017-06-14T18:11:08","slug":"quien-es-gustavo-dudamel-y-cual-es-su-influencia-en-la-musica-clasica-en-la-actualidad","status":"publish","type":"post","link":"https:\/\/blogs.uninter.edu.mx\/Filarmonica\/index.php\/2017\/06\/14\/quien-es-gustavo-dudamel-y-cual-es-su-influencia-en-la-musica-clasica-en-la-actualidad\/","title":{"rendered":"\u00bfQuien es Gustavo Dudamel y cual es su influencia en la m\u00fasica cl\u00e1sica en la actualidad?"},"content":{"rendered":"<p><img loading=\"lazy\" decoding=\"async\" class=\"alignnone size-full wp-image-4183\" src=\"https:\/\/filarmonicadecuernavaca.com\/wp-content\/uploads\/2017\/06\/dudamelenen4.jpg\" alt=\"dudamelenen.jpg\" width=\"1536\" height=\"1024\" \/>El venezolano que rejuvenece la m\u00fasica cl\u00e1sica,\u00a0M\u00fasico y considerado uno de los directores de orquesta m\u00e1s fascinantes y carism\u00e1ticos de la actualidad es calificado como un genio musical.<\/p>\n<p>Estudi\u00f3 viol\u00edn y composici\u00f3n musical. Asisti\u00f3 al Conservatorio Jacinto Lara, con el profesor Jos\u00e9 Luis Jim\u00e9nez y luego continu\u00f3 el estudio del viol\u00edn en la Academia Latinoamericana de Viol\u00edn con el Maestro Jos\u00e9 Francisco Del Castillo. En 1995 empez\u00f3 a estudiar direcci\u00f3n de orquesta, con Rodolfo Saglimbeni, luego con Jos\u00e9 Antonio Abreu.<\/p>\n<p>Gustavo Dudamel se di\u00f3 a conocer despu\u00e9s de ganar el concurso de direcci\u00f3n Gustav Mahler de la Sinf\u00f3nica de Bamberg (Alemania) en mayo de 2004. En 2005 realiz\u00f3 su debut en los Proms de Londres y recibi\u00f3 el Premio Anillo de Beethoven, creado por la Sociedad de amigos del Festival internacional de Beethoven de Bonn. En 2006 tambi\u00e9n fue nombrado director principal de Orquesta Sinf\u00f3nica de Gotemburgo (G\u00f6teborgs Symfoniker). En mayo de 2007, la organizaci\u00f3n Uni\u00f3n Latina le concedi\u00f3 el Premio de la Latinidad, un reconocimiento otorgado por contribuci\u00f3n excepcional a la vida cultural latina. En 2008, el Sistema Nacional de Orquestas Juveniles e Infantiles de Venezuela (FESNOJIV), del que la Sinf\u00f3nica de la Juventud Venezolana Sim\u00f3n Bol\u00edvar forma parte, recibi\u00f3 el prestigioso Premio Pr\u00edncipe de Asturias de las Artes. En 2007 Gustavo Dudamel obtuvo el Premio a J\u00f3venes Artistas concedido por la Royal Philharmonic Society y, m\u00e1s recientemente, fue galardonado junto con su mentor, el maestro Jos\u00e9 Antonio Abreu, con el \u201cPremio Q\u201d otorgado por la Universidad de Harvard por servicios excepcionales a la infancia.<\/p>\n<p>A sus 26 a\u00f1os de edad, Gustavo Dudamel es una de las m\u00e1ximas figuras de la direcci\u00f3n orquestal en el planeta. Su nombre figura junto a los de Claudio Abbado, Simon Rattle, Daniel Barenboim y Essa-Pekka Salonen, con quienes comparte la batuta de las filarm\u00f3nicas de Berl\u00edn, Viena, Los \u00c1ngeles, Nueva York, entre otras orquestas-topes, porque no hay mejores en el orbe.<\/p>\n<p>El maestro Gustavo Dudamel:\u00a0\u201cyo he visto c\u00f3mo la m\u00fasica ha salvado vidas: en cuanto un joven ingresa a una orquesta sinf\u00f3nica entra a una familia y se convierte en una mejor persona. Yo soy producto de ese cambio. Ahora que he cumplido mi sue\u00f1o de dirigir a las orquestas m\u00e1s grandes del mundo ciertamente mi vida cotidiana ha cambiado, pero te juro que sigo siendo el mismo. Si me tratan diferente es porque uno se convierte en una imagen. Y si esa imagen sirve para inspirar a los j\u00f3venes a superarse, si me ven y dicen: \u2018yo tambi\u00e9n quiero ser como \u00e9l\u2019, si soy un referente y un ejemplo, entonces s\u00ed me gusta ser una celebridad, porque soy \u00fatil a la sociedad\u201d.<\/p>\n<p>No olvides seguir a la\u00a0<strong>Filarmonica de Cuernavaca UNINTER\u00a0<\/strong>en facebook para enterarte de futuras presentaciones.<\/p>\n","protected":false},"excerpt":{"rendered":"<p>El venezolano que rejuvenece la m\u00fasica cl\u00e1sica,\u00a0M\u00fasico y considerado uno de los directores de orquesta m\u00e1s fascinantes y carism\u00e1ticos de la actualidad es calificado como un genio musical. Estudi\u00f3 viol\u00edn y composici\u00f3n musical. Asisti\u00f3 al Conservatorio Jacinto Lara, con el profesor Jos\u00e9 Luis Jim\u00e9nez y luego continu\u00f3 el estudio del viol\u00edn en la Academia Latinoamericana&hellip;<\/p>\n","protected":false},"author":4,"featured_media":0,"comment_status":"closed","ping_status":"open","sticky":false,"template":"","format":"standard","meta":{"_jetpack_memberships_contains_paid_content":false,"footnotes":"","jetpack_publicize_message":"","jetpack_publicize_feature_enabled":true,"jetpack_social_post_already_shared":false,"jetpack_social_options":{"image_generator_settings":{"template":"highway","enabled":false}}},"categories":[1],"tags":[],"class_list":["post-4162","post","type-post","status-publish","format-standard","hentry","category-sin-categoria"],"jetpack_publicize_connections":[],"yoast_head":"<!-- This site is optimized with the Yoast SEO plugin v22.8 - https:\/\/yoast.com\/wordpress\/plugins\/seo\/ -->\r\n<title>\u00bfQuien es Gustavo Dudamel y cual es su influencia en la m\u00fasica cl\u00e1sica en la actualidad? - Filarmonica UNINTER<\/title>\r\n<meta name=\"robots\" content=\"index, follow, max-snippet:-1, max-image-preview:large, max-video-preview:-1\" \/>\r\n<link rel=\"canonical\" href=\"https:\/\/blogs.uninter.edu.mx\/Filarmonica\/index.php\/2017\/06\/14\/quien-es-gustavo-dudamel-y-cual-es-su-influencia-en-la-musica-clasica-en-la-actualidad\/\" \/>\r\n<meta property=\"og:locale\" content=\"es_MX\" \/>\r\n<meta property=\"og:type\" content=\"article\" \/>\r\n<meta property=\"og:title\" content=\"\u00bfQuien es Gustavo Dudamel y cual es su influencia en la m\u00fasica cl\u00e1sica en la actualidad? - Filarmonica UNINTER\" \/>\r\n<meta property=\"og:description\" content=\"El venezolano que rejuvenece la m\u00fasica cl\u00e1sica,\u00a0M\u00fasico y considerado uno de los directores de orquesta m\u00e1s fascinantes y carism\u00e1ticos de la actualidad es calificado como un genio musical. Estudi\u00f3 viol\u00edn y composici\u00f3n musical. Asisti\u00f3 al Conservatorio Jacinto Lara, con el profesor Jos\u00e9 Luis Jim\u00e9nez y luego continu\u00f3 el estudio del viol\u00edn en la Academia Latinoamericana&hellip;\" \/>\r\n<meta property=\"og:url\" content=\"https:\/\/blogs.uninter.edu.mx\/Filarmonica\/index.php\/2017\/06\/14\/quien-es-gustavo-dudamel-y-cual-es-su-influencia-en-la-musica-clasica-en-la-actualidad\/\" \/>\r\n<meta property=\"og:site_name\" content=\"Filarmonica UNINTER\" \/>\r\n<meta property=\"article:published_time\" content=\"2017-06-14T18:11:08+00:00\" \/>\r\n<meta property=\"og:image\" content=\"https:\/\/filarmonicadecuernavaca.com\/wp-content\/uploads\/2017\/06\/dudamelenen4.jpg\" \/>\r\n<meta name=\"author\" content=\"luzgalvez\" \/>\r\n<meta name=\"twitter:card\" content=\"summary_large_image\" \/>\r\n<meta name=\"twitter:label1\" content=\"Escrito por\" \/>\n\t<meta name=\"twitter:data1\" content=\"luzgalvez\" \/>\n\t<meta name=\"twitter:label2\" content=\"Tiempo de lectura\" \/>\n\t<meta name=\"twitter:data2\" content=\"2 minutos\" \/>\r\n<script type=\"application\/ld+json\" class=\"yoast-schema-graph\">{\"@context\":\"https:\/\/schema.org\",\"@graph\":[{\"@type\":\"WebPage\",\"@id\":\"https:\/\/blogs.uninter.edu.mx\/Filarmonica\/index.php\/2017\/06\/14\/quien-es-gustavo-dudamel-y-cual-es-su-influencia-en-la-musica-clasica-en-la-actualidad\/\",\"url\":\"https:\/\/blogs.uninter.edu.mx\/Filarmonica\/index.php\/2017\/06\/14\/quien-es-gustavo-dudamel-y-cual-es-su-influencia-en-la-musica-clasica-en-la-actualidad\/\",\"name\":\"\u00bfQuien es Gustavo Dudamel y cual es su influencia en la m\u00fasica cl\u00e1sica en la actualidad? - Filarmonica UNINTER\",\"isPartOf\":{\"@id\":\"https:\/\/blogs.uninter.edu.mx\/Filarmonica\/#website\"},\"primaryImageOfPage\":{\"@id\":\"https:\/\/blogs.uninter.edu.mx\/Filarmonica\/index.php\/2017\/06\/14\/quien-es-gustavo-dudamel-y-cual-es-su-influencia-en-la-musica-clasica-en-la-actualidad\/#primaryimage\"},\"image\":{\"@id\":\"https:\/\/blogs.uninter.edu.mx\/Filarmonica\/index.php\/2017\/06\/14\/quien-es-gustavo-dudamel-y-cual-es-su-influencia-en-la-musica-clasica-en-la-actualidad\/#primaryimage\"},\"thumbnailUrl\":\"https:\/\/filarmonicadecuernavaca.com\/wp-content\/uploads\/2017\/06\/dudamelenen4.jpg\",\"datePublished\":\"2017-06-14T18:11:08+00:00\",\"dateModified\":\"2017-06-14T18:11:08+00:00\",\"author\":{\"@id\":\"https:\/\/blogs.uninter.edu.mx\/Filarmonica\/#\/schema\/person\/5fdfc9be41d7a26b139afd4de61c3664\"},\"breadcrumb\":{\"@id\":\"https:\/\/blogs.uninter.edu.mx\/Filarmonica\/index.php\/2017\/06\/14\/quien-es-gustavo-dudamel-y-cual-es-su-influencia-en-la-musica-clasica-en-la-actualidad\/#breadcrumb\"},\"inLanguage\":\"es-MX\",\"potentialAction\":[{\"@type\":\"ReadAction\",\"target\":[\"https:\/\/blogs.uninter.edu.mx\/Filarmonica\/index.php\/2017\/06\/14\/quien-es-gustavo-dudamel-y-cual-es-su-influencia-en-la-musica-clasica-en-la-actualidad\/\"]}]},{\"@type\":\"ImageObject\",\"inLanguage\":\"es-MX\",\"@id\":\"https:\/\/blogs.uninter.edu.mx\/Filarmonica\/index.php\/2017\/06\/14\/quien-es-gustavo-dudamel-y-cual-es-su-influencia-en-la-musica-clasica-en-la-actualidad\/#primaryimage\",\"url\":\"https:\/\/filarmonicadecuernavaca.com\/wp-content\/uploads\/2017\/06\/dudamelenen4.jpg\",\"contentUrl\":\"https:\/\/filarmonicadecuernavaca.com\/wp-content\/uploads\/2017\/06\/dudamelenen4.jpg\"},{\"@type\":\"BreadcrumbList\",\"@id\":\"https:\/\/blogs.uninter.edu.mx\/Filarmonica\/index.php\/2017\/06\/14\/quien-es-gustavo-dudamel-y-cual-es-su-influencia-en-la-musica-clasica-en-la-actualidad\/#breadcrumb\",\"itemListElement\":[{\"@type\":\"ListItem\",\"position\":1,\"name\":\"Inicio\",\"item\":\"https:\/\/blogs.uninter.edu.mx\/Filarmonica\/\"},{\"@type\":\"ListItem\",\"position\":2,\"name\":\"\u00bfQuien es Gustavo Dudamel y cual es su influencia en la m\u00fasica cl\u00e1sica en la actualidad?\"}]},{\"@type\":\"WebSite\",\"@id\":\"https:\/\/blogs.uninter.edu.mx\/Filarmonica\/#website\",\"url\":\"https:\/\/blogs.uninter.edu.mx\/Filarmonica\/\",\"name\":\"Filarmonica UNINTER\",\"description\":\"\",\"potentialAction\":[{\"@type\":\"SearchAction\",\"target\":{\"@type\":\"EntryPoint\",\"urlTemplate\":\"https:\/\/blogs.uninter.edu.mx\/Filarmonica\/?s={search_term_string}\"},\"query-input\":\"required name=search_term_string\"}],\"inLanguage\":\"es-MX\"},{\"@type\":\"Person\",\"@id\":\"https:\/\/blogs.uninter.edu.mx\/Filarmonica\/#\/schema\/person\/5fdfc9be41d7a26b139afd4de61c3664\",\"name\":\"luzgalvez\",\"image\":{\"@type\":\"ImageObject\",\"inLanguage\":\"es-MX\",\"@id\":\"https:\/\/blogs.uninter.edu.mx\/Filarmonica\/#\/schema\/person\/image\/\",\"url\":\"https:\/\/secure.gravatar.com\/avatar\/cf42be0541bffe97edcfdd314483f26481497b0a6a32669684590878e1ee0288?s=96&d=mm&r=g\",\"contentUrl\":\"https:\/\/secure.gravatar.com\/avatar\/cf42be0541bffe97edcfdd314483f26481497b0a6a32669684590878e1ee0288?s=96&d=mm&r=g\",\"caption\":\"luzgalvez\"},\"url\":\"https:\/\/blogs.uninter.edu.mx\/Filarmonica\/index.php\/author\/luzgalvez\/\"}]}<\/script>\r\n<!-- \/ Yoast SEO plugin. -->","yoast_head_json":{"title":"\u00bfQuien es Gustavo Dudamel y cual es su influencia en la m\u00fasica cl\u00e1sica en la actualidad? - Filarmonica UNINTER","robots":{"index":"index","follow":"follow","max-snippet":"max-snippet:-1","max-image-preview":"max-image-preview:large","max-video-preview":"max-video-preview:-1"},"canonical":"https:\/\/blogs.uninter.edu.mx\/Filarmonica\/index.php\/2017\/06\/14\/quien-es-gustavo-dudamel-y-cual-es-su-influencia-en-la-musica-clasica-en-la-actualidad\/","og_locale":"es_MX","og_type":"article","og_title":"\u00bfQuien es Gustavo Dudamel y cual es su influencia en la m\u00fasica cl\u00e1sica en la actualidad? - Filarmonica UNINTER","og_description":"El venezolano que rejuvenece la m\u00fasica cl\u00e1sica,\u00a0M\u00fasico y considerado uno de los directores de orquesta m\u00e1s fascinantes y carism\u00e1ticos de la actualidad es calificado como un genio musical. Estudi\u00f3 viol\u00edn y composici\u00f3n musical. Asisti\u00f3 al Conservatorio Jacinto Lara, con el profesor Jos\u00e9 Luis Jim\u00e9nez y luego continu\u00f3 el estudio del viol\u00edn en la Academia Latinoamericana&hellip;","og_url":"https:\/\/blogs.uninter.edu.mx\/Filarmonica\/index.php\/2017\/06\/14\/quien-es-gustavo-dudamel-y-cual-es-su-influencia-en-la-musica-clasica-en-la-actualidad\/","og_site_name":"Filarmonica UNINTER","article_published_time":"2017-06-14T18:11:08+00:00","og_image":[{"url":"https:\/\/filarmonicadecuernavaca.com\/wp-content\/uploads\/2017\/06\/dudamelenen4.jpg"}],"author":"luzgalvez","twitter_card":"summary_large_image","twitter_misc":{"Escrito por":"luzgalvez","Tiempo de lectura":"2 minutos"},"schema":{"@context":"https:\/\/schema.org","@graph":[{"@type":"WebPage","@id":"https:\/\/blogs.uninter.edu.mx\/Filarmonica\/index.php\/2017\/06\/14\/quien-es-gustavo-dudamel-y-cual-es-su-influencia-en-la-musica-clasica-en-la-actualidad\/","url":"https:\/\/blogs.uninter.edu.mx\/Filarmonica\/index.php\/2017\/06\/14\/quien-es-gustavo-dudamel-y-cual-es-su-influencia-en-la-musica-clasica-en-la-actualidad\/","name":"\u00bfQuien es Gustavo Dudamel y cual es su influencia en la m\u00fasica cl\u00e1sica en la actualidad? - Filarmonica UNINTER","isPartOf":{"@id":"https:\/\/blogs.uninter.edu.mx\/Filarmonica\/#website"},"primaryImageOfPage":{"@id":"https:\/\/blogs.uninter.edu.mx\/Filarmonica\/index.php\/2017\/06\/14\/quien-es-gustavo-dudamel-y-cual-es-su-influencia-en-la-musica-clasica-en-la-actualidad\/#primaryimage"},"image":{"@id":"https:\/\/blogs.uninter.edu.mx\/Filarmonica\/index.php\/2017\/06\/14\/quien-es-gustavo-dudamel-y-cual-es-su-influencia-en-la-musica-clasica-en-la-actualidad\/#primaryimage"},"thumbnailUrl":"https:\/\/filarmonicadecuernavaca.com\/wp-content\/uploads\/2017\/06\/dudamelenen4.jpg","datePublished":"2017-06-14T18:11:08+00:00","dateModified":"2017-06-14T18:11:08+00:00","author":{"@id":"https:\/\/blogs.uninter.edu.mx\/Filarmonica\/#\/schema\/person\/5fdfc9be41d7a26b139afd4de61c3664"},"breadcrumb":{"@id":"https:\/\/blogs.uninter.edu.mx\/Filarmonica\/index.php\/2017\/06\/14\/quien-es-gustavo-dudamel-y-cual-es-su-influencia-en-la-musica-clasica-en-la-actualidad\/#breadcrumb"},"inLanguage":"es-MX","potentialAction":[{"@type":"ReadAction","target":["https:\/\/blogs.uninter.edu.mx\/Filarmonica\/index.php\/2017\/06\/14\/quien-es-gustavo-dudamel-y-cual-es-su-influencia-en-la-musica-clasica-en-la-actualidad\/"]}]},{"@type":"ImageObject","inLanguage":"es-MX","@id":"https:\/\/blogs.uninter.edu.mx\/Filarmonica\/index.php\/2017\/06\/14\/quien-es-gustavo-dudamel-y-cual-es-su-influencia-en-la-musica-clasica-en-la-actualidad\/#primaryimage","url":"https:\/\/filarmonicadecuernavaca.com\/wp-content\/uploads\/2017\/06\/dudamelenen4.jpg","contentUrl":"https:\/\/filarmonicadecuernavaca.com\/wp-content\/uploads\/2017\/06\/dudamelenen4.jpg"},{"@type":"BreadcrumbList","@id":"https:\/\/blogs.uninter.edu.mx\/Filarmonica\/index.php\/2017\/06\/14\/quien-es-gustavo-dudamel-y-cual-es-su-influencia-en-la-musica-clasica-en-la-actualidad\/#breadcrumb","itemListElement":[{"@type":"ListItem","position":1,"name":"Inicio","item":"https:\/\/blogs.uninter.edu.mx\/Filarmonica\/"},{"@type":"ListItem","position":2,"name":"\u00bfQuien es Gustavo Dudamel y cual es su influencia en la m\u00fasica cl\u00e1sica en la actualidad?"}]},{"@type":"WebSite","@id":"https:\/\/blogs.uninter.edu.mx\/Filarmonica\/#website","url":"https:\/\/blogs.uninter.edu.mx\/Filarmonica\/","name":"Filarmonica UNINTER","description":"","potentialAction":[{"@type":"SearchAction","target":{"@type":"EntryPoint","urlTemplate":"https:\/\/blogs.uninter.edu.mx\/Filarmonica\/?s={search_term_string}"},"query-input":"required name=search_term_string"}],"inLanguage":"es-MX"},{"@type":"Person","@id":"https:\/\/blogs.uninter.edu.mx\/Filarmonica\/#\/schema\/person\/5fdfc9be41d7a26b139afd4de61c3664","name":"luzgalvez","image":{"@type":"ImageObject","inLanguage":"es-MX","@id":"https:\/\/blogs.uninter.edu.mx\/Filarmonica\/#\/schema\/person\/image\/","url":"https:\/\/secure.gravatar.com\/avatar\/cf42be0541bffe97edcfdd314483f26481497b0a6a32669684590878e1ee0288?s=96&d=mm&r=g","contentUrl":"https:\/\/secure.gravatar.com\/avatar\/cf42be0541bffe97edcfdd314483f26481497b0a6a32669684590878e1ee0288?s=96&d=mm&r=g","caption":"luzgalvez"},"url":"https:\/\/blogs.uninter.edu.mx\/Filarmonica\/index.php\/author\/luzgalvez\/"}]}},"jetpack_featured_media_url":"","jetpack_sharing_enabled":true,"_links":{"self":[{"href":"https:\/\/blogs.uninter.edu.mx\/Filarmonica\/index.php\/wp-json\/wp\/v2\/posts\/4162","targetHints":{"allow":["GET"]}}],"collection":[{"href":"https:\/\/blogs.uninter.edu.mx\/Filarmonica\/index.php\/wp-json\/wp\/v2\/posts"}],"about":[{"href":"https:\/\/blogs.uninter.edu.mx\/Filarmonica\/index.php\/wp-json\/wp\/v2\/types\/post"}],"author":[{"embeddable":true,"href":"https:\/\/blogs.uninter.edu.mx\/Filarmonica\/index.php\/wp-json\/wp\/v2\/users\/4"}],"replies":[{"embeddable":true,"href":"https:\/\/blogs.uninter.edu.mx\/Filarmonica\/index.php\/wp-json\/wp\/v2\/comments?post=4162"}],"version-history":[{"count":0,"href":"https:\/\/blogs.uninter.edu.mx\/Filarmonica\/index.php\/wp-json\/wp\/v2\/posts\/4162\/revisions"}],"wp:attachment":[{"href":"https:\/\/blogs.uninter.edu.mx\/Filarmonica\/index.php\/wp-json\/wp\/v2\/media?parent=4162"}],"wp:term":[{"taxonomy":"category","embeddable":true,"href":"https:\/\/blogs.uninter.edu.mx\/Filarmonica\/index.php\/wp-json\/wp\/v2\/categories?post=4162"},{"taxonomy":"post_tag","embeddable":true,"href":"https:\/\/blogs.uninter.edu.mx\/Filarmonica\/index.php\/wp-json\/wp\/v2\/tags?post=4162"}],"curies":[{"name":"wp","href":"https:\/\/api.w.org\/{rel}","templated":true}]}}