{"id":4368,"date":"2018-01-31T15:53:04","date_gmt":"2018-01-31T21:53:04","guid":{"rendered":"http:\/\/filarmonicadecuernavaca.com\/?p=4368"},"modified":"2018-01-31T15:53:04","modified_gmt":"2018-01-31T21:53:04","slug":"5-factores-clave-para-evitar-forzar-la-voz-al-cantar","status":"publish","type":"post","link":"https:\/\/blogs.uninter.edu.mx\/Filarmonica\/index.php\/2018\/01\/31\/5-factores-clave-para-evitar-forzar-la-voz-al-cantar\/","title":{"rendered":"5 factores clave para evitar forzar la voz al cantar"},"content":{"rendered":"<h2>\u00bfQuieres conocer las\u00a0claves para evitar forzar la voz al cantar?<\/h2>\n<h3>1. La famosa respiraci\u00f3n<\/h3>\n<p>La respiraci\u00f3n no te sirve para\u00a0aprender a cantar. De hecho, no te ayuda a mejorar como cantante y ni mucho menos es la base\u00a0del canto.<\/p>\n<p>En lo que s\u00ed que te ayuda es en\u00a0que relajes tu cuerpo y ese es el primer paso para dejar de forzar tu\u00a0voz.<\/p>\n<p>No es importante porque tengas que aprender a respirar. Ten en cuenta que t\u00fa ya sab\u00edas hacerlo de manera instintiva desde que el m\u00e9dico te sac\u00f3 del vientre de tu madre, sino no estar\u00edas leyendo este art\u00edculo ahora mismo.<\/p>\n<p>Lo clave de la respiraci\u00f3n en el canto es conseguir\u00a0<strong>no hacer nada diferente en ese sentido cuando cantas y\u00a0cuando hablas<\/strong>.<\/p>\n<p>Dependiendo del estilo que cantes vas a necesitar m\u00e1s o menos capacidad pulmonar, pero para cantar en s\u00ed, no necesitas m\u00e1s que lo que ya tienes y no necesitas saber m\u00e1s que lo que ya sabes.<\/p>\n<p>&nbsp;<\/p>\n<h3>2. Libera tu voz<\/h3>\n<p>&nbsp;<\/p>\n<p>Para evitar forzar la voz al cantar tienes que conseguir liberarla.<\/p>\n<p>Liberar la voz se consigue\u00a0permitiendo que entre en juego tu\u00a0voz de cabeza, es decir, dejando que suene mucho m\u00e1s ligera y mucho menos tensa.<\/p>\n<p>Esto puede resultar muy dif\u00edcil para algunas personas, sobretodo si lo que quieren es conseguir\u00a0sonar con m\u00e1s potencia y lo quieren ya.<\/p>\n<p>Eso por no mencionar que es algo nuevo y que al principio te va a dar la sensaci\u00f3n de que haces\u00a0falsete\u00a0y vas a tener una sensaci\u00f3n como de desequilibrio.<\/p>\n<p>&nbsp;<\/p>\n<h3>3. Bajar el volumen<\/h3>\n<p>Tambi\u00e9n es algo que te hemos repetido hasta la saciedad, pero es que es realmente importante.<\/p>\n<p>Aunque te parezca que lo has bajado lo suficiente, si a\u00fan no eres capaz de conseguir que tu voz suene m\u00e1s ligera, probablemente significa que a\u00fan puedes reducir un poco m\u00e1s el volumen.<\/p>\n<p>Queremos que reduzcas el volumen manteniendo tus cuerdas vocales juntas y reduciendo la presi\u00f3n de aire al exhalar.<\/p>\n<p>&nbsp;<\/p>\n<h3>4. No aprietes la barriga<\/h3>\n<p>Recuerda que no necesitas hacer esfuerzo f\u00edsico\u00a0para emitir el sonido.<\/p>\n<p>Si aprietas los m\u00fasculos como si quisieras levantar algo muy pesado vas a apretar tambi\u00e9n tus cuerdas vocales y eso va a hacer que no salga el sonido y que te hagas mucho da\u00f1o.<\/p>\n<p>&nbsp;<\/p>\n<h3>5. Date tiempo y ten paciencia<\/h3>\n<p>Aunque al principio te parezca que est\u00e1s haciendo falsete y que no est\u00e1s obteniendo la potencia que quieres, es necesario empezar por ah\u00ed y sobretodo, es mejor empezar con\u00a0un sonido m\u00e1s ligero que forzar tu voz.<\/p>\n<p>Poco a poco sentir\u00e1s como vas pudiendo a\u00f1adir m\u00e1s volumen sin esfuerzo.<\/p>\n<p>S\u00e9 que esto es duro, sobretodo si tienes actuaciones de manera regular.<\/p>\n<p>Es l\u00f3gico, no quieres retroceder o sonar peor durante un tiempo.<\/p>\n<p>Pero es importante\u00a0que cuando practiques sigas estas pautas, aunque despu\u00e9s en los conciertos no lo hagas.<\/p>\n<p>Es m\u00e1s, recuerda que en los conciertos tienes que olvidarte de todo y simplemente disfrutar.<\/p>\n<p>&nbsp;<\/p>\n","protected":false},"excerpt":{"rendered":"<p>\u00bfQuieres conocer las\u00a0claves para evitar forzar la voz al cantar? 1. La famosa respiraci\u00f3n La respiraci\u00f3n no te sirve para\u00a0aprender a cantar. De hecho, no te ayuda a mejorar como cantante y ni mucho menos es la base\u00a0del canto. En lo que s\u00ed que te ayuda es en\u00a0que relajes tu cuerpo y ese es el&hellip;<\/p>\n","protected":false},"author":4,"featured_media":0,"comment_status":"closed","ping_status":"open","sticky":false,"template":"","format":"standard","meta":{"_jetpack_memberships_contains_paid_content":false,"footnotes":"","jetpack_publicize_message":"","jetpack_publicize_feature_enabled":true,"jetpack_social_post_already_shared":false,"jetpack_social_options":{"image_generator_settings":{"template":"highway","enabled":false}}},"categories":[1],"tags":[],"class_list":["post-4368","post","type-post","status-publish","format-standard","hentry","category-sin-categoria"],"jetpack_publicize_connections":[],"yoast_head":"<!-- This site is optimized with the Yoast SEO plugin v22.8 - https:\/\/yoast.com\/wordpress\/plugins\/seo\/ -->\r\n<title>5 factores clave para evitar forzar la voz al cantar - Filarmonica UNINTER<\/title>\r\n<meta name=\"robots\" content=\"index, follow, max-snippet:-1, max-image-preview:large, max-video-preview:-1\" \/>\r\n<link rel=\"canonical\" href=\"https:\/\/blogs.uninter.edu.mx\/Filarmonica\/index.php\/2018\/01\/31\/5-factores-clave-para-evitar-forzar-la-voz-al-cantar\/\" \/>\r\n<meta property=\"og:locale\" content=\"es_MX\" \/>\r\n<meta property=\"og:type\" content=\"article\" \/>\r\n<meta property=\"og:title\" content=\"5 factores clave para evitar forzar la voz al cantar - Filarmonica UNINTER\" \/>\r\n<meta property=\"og:description\" content=\"\u00bfQuieres conocer las\u00a0claves para evitar forzar la voz al cantar? 1. La famosa respiraci\u00f3n La respiraci\u00f3n no te sirve para\u00a0aprender a cantar. De hecho, no te ayuda a mejorar como cantante y ni mucho menos es la base\u00a0del canto. En lo que s\u00ed que te ayuda es en\u00a0que relajes tu cuerpo y ese es el&hellip;\" \/>\r\n<meta property=\"og:url\" content=\"https:\/\/blogs.uninter.edu.mx\/Filarmonica\/index.php\/2018\/01\/31\/5-factores-clave-para-evitar-forzar-la-voz-al-cantar\/\" \/>\r\n<meta property=\"og:site_name\" content=\"Filarmonica UNINTER\" \/>\r\n<meta property=\"article:published_time\" content=\"2018-01-31T21:53:04+00:00\" \/>\r\n<meta name=\"author\" content=\"luzgalvez\" \/>\r\n<meta name=\"twitter:card\" content=\"summary_large_image\" \/>\r\n<meta name=\"twitter:label1\" content=\"Escrito por\" \/>\n\t<meta name=\"twitter:data1\" content=\"luzgalvez\" \/>\n\t<meta name=\"twitter:label2\" content=\"Tiempo de lectura\" \/>\n\t<meta name=\"twitter:data2\" content=\"3 minutos\" \/>\r\n<script type=\"application\/ld+json\" class=\"yoast-schema-graph\">{\"@context\":\"https:\/\/schema.org\",\"@graph\":[{\"@type\":\"WebPage\",\"@id\":\"https:\/\/blogs.uninter.edu.mx\/Filarmonica\/index.php\/2018\/01\/31\/5-factores-clave-para-evitar-forzar-la-voz-al-cantar\/\",\"url\":\"https:\/\/blogs.uninter.edu.mx\/Filarmonica\/index.php\/2018\/01\/31\/5-factores-clave-para-evitar-forzar-la-voz-al-cantar\/\",\"name\":\"5 factores clave para evitar forzar la voz al cantar - Filarmonica UNINTER\",\"isPartOf\":{\"@id\":\"https:\/\/blogs.uninter.edu.mx\/Filarmonica\/#website\"},\"datePublished\":\"2018-01-31T21:53:04+00:00\",\"dateModified\":\"2018-01-31T21:53:04+00:00\",\"author\":{\"@id\":\"https:\/\/blogs.uninter.edu.mx\/Filarmonica\/#\/schema\/person\/5fdfc9be41d7a26b139afd4de61c3664\"},\"breadcrumb\":{\"@id\":\"https:\/\/blogs.uninter.edu.mx\/Filarmonica\/index.php\/2018\/01\/31\/5-factores-clave-para-evitar-forzar-la-voz-al-cantar\/#breadcrumb\"},\"inLanguage\":\"es-MX\",\"potentialAction\":[{\"@type\":\"ReadAction\",\"target\":[\"https:\/\/blogs.uninter.edu.mx\/Filarmonica\/index.php\/2018\/01\/31\/5-factores-clave-para-evitar-forzar-la-voz-al-cantar\/\"]}]},{\"@type\":\"BreadcrumbList\",\"@id\":\"https:\/\/blogs.uninter.edu.mx\/Filarmonica\/index.php\/2018\/01\/31\/5-factores-clave-para-evitar-forzar-la-voz-al-cantar\/#breadcrumb\",\"itemListElement\":[{\"@type\":\"ListItem\",\"position\":1,\"name\":\"Inicio\",\"item\":\"https:\/\/blogs.uninter.edu.mx\/Filarmonica\/\"},{\"@type\":\"ListItem\",\"position\":2,\"name\":\"5 factores clave para evitar forzar la voz al cantar\"}]},{\"@type\":\"WebSite\",\"@id\":\"https:\/\/blogs.uninter.edu.mx\/Filarmonica\/#website\",\"url\":\"https:\/\/blogs.uninter.edu.mx\/Filarmonica\/\",\"name\":\"Filarmonica UNINTER\",\"description\":\"\",\"potentialAction\":[{\"@type\":\"SearchAction\",\"target\":{\"@type\":\"EntryPoint\",\"urlTemplate\":\"https:\/\/blogs.uninter.edu.mx\/Filarmonica\/?s={search_term_string}\"},\"query-input\":\"required name=search_term_string\"}],\"inLanguage\":\"es-MX\"},{\"@type\":\"Person\",\"@id\":\"https:\/\/blogs.uninter.edu.mx\/Filarmonica\/#\/schema\/person\/5fdfc9be41d7a26b139afd4de61c3664\",\"name\":\"luzgalvez\",\"image\":{\"@type\":\"ImageObject\",\"inLanguage\":\"es-MX\",\"@id\":\"https:\/\/blogs.uninter.edu.mx\/Filarmonica\/#\/schema\/person\/image\/\",\"url\":\"https:\/\/secure.gravatar.com\/avatar\/cf42be0541bffe97edcfdd314483f26481497b0a6a32669684590878e1ee0288?s=96&d=mm&r=g\",\"contentUrl\":\"https:\/\/secure.gravatar.com\/avatar\/cf42be0541bffe97edcfdd314483f26481497b0a6a32669684590878e1ee0288?s=96&d=mm&r=g\",\"caption\":\"luzgalvez\"},\"url\":\"https:\/\/blogs.uninter.edu.mx\/Filarmonica\/index.php\/author\/luzgalvez\/\"}]}<\/script>\r\n<!-- \/ Yoast SEO plugin. -->","yoast_head_json":{"title":"5 factores clave para evitar forzar la voz al cantar - Filarmonica UNINTER","robots":{"index":"index","follow":"follow","max-snippet":"max-snippet:-1","max-image-preview":"max-image-preview:large","max-video-preview":"max-video-preview:-1"},"canonical":"https:\/\/blogs.uninter.edu.mx\/Filarmonica\/index.php\/2018\/01\/31\/5-factores-clave-para-evitar-forzar-la-voz-al-cantar\/","og_locale":"es_MX","og_type":"article","og_title":"5 factores clave para evitar forzar la voz al cantar - Filarmonica UNINTER","og_description":"\u00bfQuieres conocer las\u00a0claves para evitar forzar la voz al cantar? 1. La famosa respiraci\u00f3n La respiraci\u00f3n no te sirve para\u00a0aprender a cantar. De hecho, no te ayuda a mejorar como cantante y ni mucho menos es la base\u00a0del canto. En lo que s\u00ed que te ayuda es en\u00a0que relajes tu cuerpo y ese es el&hellip;","og_url":"https:\/\/blogs.uninter.edu.mx\/Filarmonica\/index.php\/2018\/01\/31\/5-factores-clave-para-evitar-forzar-la-voz-al-cantar\/","og_site_name":"Filarmonica UNINTER","article_published_time":"2018-01-31T21:53:04+00:00","author":"luzgalvez","twitter_card":"summary_large_image","twitter_misc":{"Escrito por":"luzgalvez","Tiempo de lectura":"3 minutos"},"schema":{"@context":"https:\/\/schema.org","@graph":[{"@type":"WebPage","@id":"https:\/\/blogs.uninter.edu.mx\/Filarmonica\/index.php\/2018\/01\/31\/5-factores-clave-para-evitar-forzar-la-voz-al-cantar\/","url":"https:\/\/blogs.uninter.edu.mx\/Filarmonica\/index.php\/2018\/01\/31\/5-factores-clave-para-evitar-forzar-la-voz-al-cantar\/","name":"5 factores clave para evitar forzar la voz al cantar - Filarmonica UNINTER","isPartOf":{"@id":"https:\/\/blogs.uninter.edu.mx\/Filarmonica\/#website"},"datePublished":"2018-01-31T21:53:04+00:00","dateModified":"2018-01-31T21:53:04+00:00","author":{"@id":"https:\/\/blogs.uninter.edu.mx\/Filarmonica\/#\/schema\/person\/5fdfc9be41d7a26b139afd4de61c3664"},"breadcrumb":{"@id":"https:\/\/blogs.uninter.edu.mx\/Filarmonica\/index.php\/2018\/01\/31\/5-factores-clave-para-evitar-forzar-la-voz-al-cantar\/#breadcrumb"},"inLanguage":"es-MX","potentialAction":[{"@type":"ReadAction","target":["https:\/\/blogs.uninter.edu.mx\/Filarmonica\/index.php\/2018\/01\/31\/5-factores-clave-para-evitar-forzar-la-voz-al-cantar\/"]}]},{"@type":"BreadcrumbList","@id":"https:\/\/blogs.uninter.edu.mx\/Filarmonica\/index.php\/2018\/01\/31\/5-factores-clave-para-evitar-forzar-la-voz-al-cantar\/#breadcrumb","itemListElement":[{"@type":"ListItem","position":1,"name":"Inicio","item":"https:\/\/blogs.uninter.edu.mx\/Filarmonica\/"},{"@type":"ListItem","position":2,"name":"5 factores clave para evitar forzar la voz al cantar"}]},{"@type":"WebSite","@id":"https:\/\/blogs.uninter.edu.mx\/Filarmonica\/#website","url":"https:\/\/blogs.uninter.edu.mx\/Filarmonica\/","name":"Filarmonica UNINTER","description":"","potentialAction":[{"@type":"SearchAction","target":{"@type":"EntryPoint","urlTemplate":"https:\/\/blogs.uninter.edu.mx\/Filarmonica\/?s={search_term_string}"},"query-input":"required name=search_term_string"}],"inLanguage":"es-MX"},{"@type":"Person","@id":"https:\/\/blogs.uninter.edu.mx\/Filarmonica\/#\/schema\/person\/5fdfc9be41d7a26b139afd4de61c3664","name":"luzgalvez","image":{"@type":"ImageObject","inLanguage":"es-MX","@id":"https:\/\/blogs.uninter.edu.mx\/Filarmonica\/#\/schema\/person\/image\/","url":"https:\/\/secure.gravatar.com\/avatar\/cf42be0541bffe97edcfdd314483f26481497b0a6a32669684590878e1ee0288?s=96&d=mm&r=g","contentUrl":"https:\/\/secure.gravatar.com\/avatar\/cf42be0541bffe97edcfdd314483f26481497b0a6a32669684590878e1ee0288?s=96&d=mm&r=g","caption":"luzgalvez"},"url":"https:\/\/blogs.uninter.edu.mx\/Filarmonica\/index.php\/author\/luzgalvez\/"}]}},"jetpack_featured_media_url":"","jetpack_sharing_enabled":true,"_links":{"self":[{"href":"https:\/\/blogs.uninter.edu.mx\/Filarmonica\/index.php\/wp-json\/wp\/v2\/posts\/4368","targetHints":{"allow":["GET"]}}],"collection":[{"href":"https:\/\/blogs.uninter.edu.mx\/Filarmonica\/index.php\/wp-json\/wp\/v2\/posts"}],"about":[{"href":"https:\/\/blogs.uninter.edu.mx\/Filarmonica\/index.php\/wp-json\/wp\/v2\/types\/post"}],"author":[{"embeddable":true,"href":"https:\/\/blogs.uninter.edu.mx\/Filarmonica\/index.php\/wp-json\/wp\/v2\/users\/4"}],"replies":[{"embeddable":true,"href":"https:\/\/blogs.uninter.edu.mx\/Filarmonica\/index.php\/wp-json\/wp\/v2\/comments?post=4368"}],"version-history":[{"count":0,"href":"https:\/\/blogs.uninter.edu.mx\/Filarmonica\/index.php\/wp-json\/wp\/v2\/posts\/4368\/revisions"}],"wp:attachment":[{"href":"https:\/\/blogs.uninter.edu.mx\/Filarmonica\/index.php\/wp-json\/wp\/v2\/media?parent=4368"}],"wp:term":[{"taxonomy":"category","embeddable":true,"href":"https:\/\/blogs.uninter.edu.mx\/Filarmonica\/index.php\/wp-json\/wp\/v2\/categories?post=4368"},{"taxonomy":"post_tag","embeddable":true,"href":"https:\/\/blogs.uninter.edu.mx\/Filarmonica\/index.php\/wp-json\/wp\/v2\/tags?post=4368"}],"curies":[{"name":"wp","href":"https:\/\/api.w.org\/{rel}","templated":true}]}}