{"id":4386,"date":"2018-02-03T15:22:04","date_gmt":"2018-02-03T21:22:04","guid":{"rendered":"http:\/\/filarmonicadecuernavaca.com\/?p=4386"},"modified":"2018-02-03T15:22:04","modified_gmt":"2018-02-03T21:22:04","slug":"andrea-bocelli","status":"publish","type":"post","link":"https:\/\/blogs.uninter.edu.mx\/Filarmonica\/index.php\/2018\/02\/03\/andrea-bocelli\/","title":{"rendered":"Andrea Bocelli"},"content":{"rendered":"<p>Naci\u00f3 el 22 de septiembre de 1958 en Lajatico, un pueblo de la campi\u00f1a Toscana. Empez\u00f3 a estudiar piano y posteriormente flauta y saxof\u00f3n. Andrea Bocelli naci\u00f3 con glaucoma cong\u00e9nito que le dej\u00f3 parcialmente ciego. A la edad de 12 a\u00f1os, a causa de un golpe en la cabeza durante un partido de f\u00fatbol, la ceguera se hizo total. Decidido a no dejar que esto destruyera su carrera, sigui\u00f3 adelante con la gran fuerza de voluntad que pose\u00eda a esa edad. Su pasi\u00f3n por la m\u00fasica le llev\u00f3 a ofrecer peque\u00f1as actuaciones en celebraciones familiares. Al terminar la escuela media, se inscribi\u00f3 en la\u00a0Universidad de Pisa, llegando a licenciarse en Derecho, aunque en ning\u00fan momento dej\u00f3 de lado su verdadera pasi\u00f3n. Fue capaz de compatibilizar las clases de Derecho con las clases de canto que recibi\u00f3 del maestro y gran tenor italiano Franco Corelli. Tambi\u00e9n actu\u00f3 en numerosos locales, lo que le permiti\u00f3 perfeccionar su t\u00e9cnica vocal.<\/p>\n<p>En el a\u00f1o de la grabaci\u00f3n de su primer demo Bocelli contrajo matrimonio con Enrica Cenzatti, a quien conoci\u00f3 en 1987 cuando tocaba el piano en bares.<\/p>\n<p><iframe loading=\"lazy\" title=\"Andrea Bocelli, Marta S\u00e1nchez - Vivo Por Ella (Official Music Video)\" width=\"700\" height=\"525\" src=\"https:\/\/www.youtube.com\/embed\/m5UcZ9thgPI?feature=oembed\" frameborder=\"0\" allow=\"accelerometer; autoplay; clipboard-write; encrypted-media; gyroscope; picture-in-picture; web-share\" referrerpolicy=\"strict-origin-when-cross-origin\" allowfullscreen><\/iframe><\/p>\n","protected":false},"excerpt":{"rendered":"<p>Naci\u00f3 el 22 de septiembre de 1958 en Lajatico, un pueblo de la campi\u00f1a Toscana. Empez\u00f3 a estudiar piano y posteriormente flauta y saxof\u00f3n. Andrea Bocelli naci\u00f3 con glaucoma cong\u00e9nito que le dej\u00f3 parcialmente ciego. A la edad de 12 a\u00f1os, a causa de un golpe en la cabeza durante un partido de f\u00fatbol, la&hellip;<\/p>\n","protected":false},"author":4,"featured_media":0,"comment_status":"closed","ping_status":"open","sticky":false,"template":"","format":"standard","meta":{"_jetpack_memberships_contains_paid_content":false,"footnotes":"","jetpack_publicize_message":"","jetpack_publicize_feature_enabled":true,"jetpack_social_post_already_shared":false,"jetpack_social_options":{"image_generator_settings":{"template":"highway","enabled":false}}},"categories":[1],"tags":[],"class_list":["post-4386","post","type-post","status-publish","format-standard","hentry","category-sin-categoria"],"jetpack_publicize_connections":[],"yoast_head":"<!-- This site is optimized with the Yoast SEO plugin v22.8 - https:\/\/yoast.com\/wordpress\/plugins\/seo\/ -->\r\n<title>Andrea Bocelli - Filarmonica UNINTER<\/title>\r\n<meta name=\"robots\" content=\"index, follow, max-snippet:-1, max-image-preview:large, max-video-preview:-1\" \/>\r\n<link rel=\"canonical\" href=\"https:\/\/blogs.uninter.edu.mx\/Filarmonica\/index.php\/2018\/02\/03\/andrea-bocelli\/\" \/>\r\n<meta property=\"og:locale\" content=\"es_MX\" \/>\r\n<meta property=\"og:type\" content=\"article\" \/>\r\n<meta property=\"og:title\" content=\"Andrea Bocelli - Filarmonica UNINTER\" \/>\r\n<meta property=\"og:description\" content=\"Naci\u00f3 el 22 de septiembre de 1958 en Lajatico, un pueblo de la campi\u00f1a Toscana. Empez\u00f3 a estudiar piano y posteriormente flauta y saxof\u00f3n. Andrea Bocelli naci\u00f3 con glaucoma cong\u00e9nito que le dej\u00f3 parcialmente ciego. A la edad de 12 a\u00f1os, a causa de un golpe en la cabeza durante un partido de f\u00fatbol, la&hellip;\" \/>\r\n<meta property=\"og:url\" content=\"https:\/\/blogs.uninter.edu.mx\/Filarmonica\/index.php\/2018\/02\/03\/andrea-bocelli\/\" \/>\r\n<meta property=\"og:site_name\" content=\"Filarmonica UNINTER\" \/>\r\n<meta property=\"article:published_time\" content=\"2018-02-03T21:22:04+00:00\" \/>\r\n<meta name=\"author\" content=\"luzgalvez\" \/>\r\n<meta name=\"twitter:card\" content=\"summary_large_image\" \/>\r\n<meta name=\"twitter:label1\" content=\"Escrito por\" \/>\n\t<meta name=\"twitter:data1\" content=\"luzgalvez\" \/>\n\t<meta name=\"twitter:label2\" content=\"Tiempo de lectura\" \/>\n\t<meta name=\"twitter:data2\" content=\"1 minuto\" \/>\r\n<script type=\"application\/ld+json\" class=\"yoast-schema-graph\">{\"@context\":\"https:\/\/schema.org\",\"@graph\":[{\"@type\":\"WebPage\",\"@id\":\"https:\/\/blogs.uninter.edu.mx\/Filarmonica\/index.php\/2018\/02\/03\/andrea-bocelli\/\",\"url\":\"https:\/\/blogs.uninter.edu.mx\/Filarmonica\/index.php\/2018\/02\/03\/andrea-bocelli\/\",\"name\":\"Andrea Bocelli - Filarmonica UNINTER\",\"isPartOf\":{\"@id\":\"https:\/\/blogs.uninter.edu.mx\/Filarmonica\/#website\"},\"datePublished\":\"2018-02-03T21:22:04+00:00\",\"dateModified\":\"2018-02-03T21:22:04+00:00\",\"author\":{\"@id\":\"https:\/\/blogs.uninter.edu.mx\/Filarmonica\/#\/schema\/person\/5fdfc9be41d7a26b139afd4de61c3664\"},\"breadcrumb\":{\"@id\":\"https:\/\/blogs.uninter.edu.mx\/Filarmonica\/index.php\/2018\/02\/03\/andrea-bocelli\/#breadcrumb\"},\"inLanguage\":\"es-MX\",\"potentialAction\":[{\"@type\":\"ReadAction\",\"target\":[\"https:\/\/blogs.uninter.edu.mx\/Filarmonica\/index.php\/2018\/02\/03\/andrea-bocelli\/\"]}]},{\"@type\":\"BreadcrumbList\",\"@id\":\"https:\/\/blogs.uninter.edu.mx\/Filarmonica\/index.php\/2018\/02\/03\/andrea-bocelli\/#breadcrumb\",\"itemListElement\":[{\"@type\":\"ListItem\",\"position\":1,\"name\":\"Inicio\",\"item\":\"https:\/\/blogs.uninter.edu.mx\/Filarmonica\/\"},{\"@type\":\"ListItem\",\"position\":2,\"name\":\"Andrea Bocelli\"}]},{\"@type\":\"WebSite\",\"@id\":\"https:\/\/blogs.uninter.edu.mx\/Filarmonica\/#website\",\"url\":\"https:\/\/blogs.uninter.edu.mx\/Filarmonica\/\",\"name\":\"Filarmonica UNINTER\",\"description\":\"\",\"potentialAction\":[{\"@type\":\"SearchAction\",\"target\":{\"@type\":\"EntryPoint\",\"urlTemplate\":\"https:\/\/blogs.uninter.edu.mx\/Filarmonica\/?s={search_term_string}\"},\"query-input\":\"required name=search_term_string\"}],\"inLanguage\":\"es-MX\"},{\"@type\":\"Person\",\"@id\":\"https:\/\/blogs.uninter.edu.mx\/Filarmonica\/#\/schema\/person\/5fdfc9be41d7a26b139afd4de61c3664\",\"name\":\"luzgalvez\",\"image\":{\"@type\":\"ImageObject\",\"inLanguage\":\"es-MX\",\"@id\":\"https:\/\/blogs.uninter.edu.mx\/Filarmonica\/#\/schema\/person\/image\/\",\"url\":\"https:\/\/secure.gravatar.com\/avatar\/cf42be0541bffe97edcfdd314483f26481497b0a6a32669684590878e1ee0288?s=96&d=mm&r=g\",\"contentUrl\":\"https:\/\/secure.gravatar.com\/avatar\/cf42be0541bffe97edcfdd314483f26481497b0a6a32669684590878e1ee0288?s=96&d=mm&r=g\",\"caption\":\"luzgalvez\"},\"url\":\"https:\/\/blogs.uninter.edu.mx\/Filarmonica\/index.php\/author\/luzgalvez\/\"}]}<\/script>\r\n<!-- \/ Yoast SEO plugin. -->","yoast_head_json":{"title":"Andrea Bocelli - Filarmonica UNINTER","robots":{"index":"index","follow":"follow","max-snippet":"max-snippet:-1","max-image-preview":"max-image-preview:large","max-video-preview":"max-video-preview:-1"},"canonical":"https:\/\/blogs.uninter.edu.mx\/Filarmonica\/index.php\/2018\/02\/03\/andrea-bocelli\/","og_locale":"es_MX","og_type":"article","og_title":"Andrea Bocelli - Filarmonica UNINTER","og_description":"Naci\u00f3 el 22 de septiembre de 1958 en Lajatico, un pueblo de la campi\u00f1a Toscana. Empez\u00f3 a estudiar piano y posteriormente flauta y saxof\u00f3n. Andrea Bocelli naci\u00f3 con glaucoma cong\u00e9nito que le dej\u00f3 parcialmente ciego. A la edad de 12 a\u00f1os, a causa de un golpe en la cabeza durante un partido de f\u00fatbol, la&hellip;","og_url":"https:\/\/blogs.uninter.edu.mx\/Filarmonica\/index.php\/2018\/02\/03\/andrea-bocelli\/","og_site_name":"Filarmonica UNINTER","article_published_time":"2018-02-03T21:22:04+00:00","author":"luzgalvez","twitter_card":"summary_large_image","twitter_misc":{"Escrito por":"luzgalvez","Tiempo de lectura":"1 minuto"},"schema":{"@context":"https:\/\/schema.org","@graph":[{"@type":"WebPage","@id":"https:\/\/blogs.uninter.edu.mx\/Filarmonica\/index.php\/2018\/02\/03\/andrea-bocelli\/","url":"https:\/\/blogs.uninter.edu.mx\/Filarmonica\/index.php\/2018\/02\/03\/andrea-bocelli\/","name":"Andrea Bocelli - Filarmonica UNINTER","isPartOf":{"@id":"https:\/\/blogs.uninter.edu.mx\/Filarmonica\/#website"},"datePublished":"2018-02-03T21:22:04+00:00","dateModified":"2018-02-03T21:22:04+00:00","author":{"@id":"https:\/\/blogs.uninter.edu.mx\/Filarmonica\/#\/schema\/person\/5fdfc9be41d7a26b139afd4de61c3664"},"breadcrumb":{"@id":"https:\/\/blogs.uninter.edu.mx\/Filarmonica\/index.php\/2018\/02\/03\/andrea-bocelli\/#breadcrumb"},"inLanguage":"es-MX","potentialAction":[{"@type":"ReadAction","target":["https:\/\/blogs.uninter.edu.mx\/Filarmonica\/index.php\/2018\/02\/03\/andrea-bocelli\/"]}]},{"@type":"BreadcrumbList","@id":"https:\/\/blogs.uninter.edu.mx\/Filarmonica\/index.php\/2018\/02\/03\/andrea-bocelli\/#breadcrumb","itemListElement":[{"@type":"ListItem","position":1,"name":"Inicio","item":"https:\/\/blogs.uninter.edu.mx\/Filarmonica\/"},{"@type":"ListItem","position":2,"name":"Andrea Bocelli"}]},{"@type":"WebSite","@id":"https:\/\/blogs.uninter.edu.mx\/Filarmonica\/#website","url":"https:\/\/blogs.uninter.edu.mx\/Filarmonica\/","name":"Filarmonica UNINTER","description":"","potentialAction":[{"@type":"SearchAction","target":{"@type":"EntryPoint","urlTemplate":"https:\/\/blogs.uninter.edu.mx\/Filarmonica\/?s={search_term_string}"},"query-input":"required name=search_term_string"}],"inLanguage":"es-MX"},{"@type":"Person","@id":"https:\/\/blogs.uninter.edu.mx\/Filarmonica\/#\/schema\/person\/5fdfc9be41d7a26b139afd4de61c3664","name":"luzgalvez","image":{"@type":"ImageObject","inLanguage":"es-MX","@id":"https:\/\/blogs.uninter.edu.mx\/Filarmonica\/#\/schema\/person\/image\/","url":"https:\/\/secure.gravatar.com\/avatar\/cf42be0541bffe97edcfdd314483f26481497b0a6a32669684590878e1ee0288?s=96&d=mm&r=g","contentUrl":"https:\/\/secure.gravatar.com\/avatar\/cf42be0541bffe97edcfdd314483f26481497b0a6a32669684590878e1ee0288?s=96&d=mm&r=g","caption":"luzgalvez"},"url":"https:\/\/blogs.uninter.edu.mx\/Filarmonica\/index.php\/author\/luzgalvez\/"}]}},"jetpack_featured_media_url":"","jetpack_sharing_enabled":true,"_links":{"self":[{"href":"https:\/\/blogs.uninter.edu.mx\/Filarmonica\/index.php\/wp-json\/wp\/v2\/posts\/4386","targetHints":{"allow":["GET"]}}],"collection":[{"href":"https:\/\/blogs.uninter.edu.mx\/Filarmonica\/index.php\/wp-json\/wp\/v2\/posts"}],"about":[{"href":"https:\/\/blogs.uninter.edu.mx\/Filarmonica\/index.php\/wp-json\/wp\/v2\/types\/post"}],"author":[{"embeddable":true,"href":"https:\/\/blogs.uninter.edu.mx\/Filarmonica\/index.php\/wp-json\/wp\/v2\/users\/4"}],"replies":[{"embeddable":true,"href":"https:\/\/blogs.uninter.edu.mx\/Filarmonica\/index.php\/wp-json\/wp\/v2\/comments?post=4386"}],"version-history":[{"count":0,"href":"https:\/\/blogs.uninter.edu.mx\/Filarmonica\/index.php\/wp-json\/wp\/v2\/posts\/4386\/revisions"}],"wp:attachment":[{"href":"https:\/\/blogs.uninter.edu.mx\/Filarmonica\/index.php\/wp-json\/wp\/v2\/media?parent=4386"}],"wp:term":[{"taxonomy":"category","embeddable":true,"href":"https:\/\/blogs.uninter.edu.mx\/Filarmonica\/index.php\/wp-json\/wp\/v2\/categories?post=4386"},{"taxonomy":"post_tag","embeddable":true,"href":"https:\/\/blogs.uninter.edu.mx\/Filarmonica\/index.php\/wp-json\/wp\/v2\/tags?post=4386"}],"curies":[{"name":"wp","href":"https:\/\/api.w.org\/{rel}","templated":true}]}}