{"id":4414,"date":"2018-02-08T17:13:08","date_gmt":"2018-02-08T23:13:08","guid":{"rendered":"http:\/\/filarmonicadecuernavaca.com\/?p=4414"},"modified":"2018-02-08T17:13:08","modified_gmt":"2018-02-08T23:13:08","slug":"top-3-cellistas-famosos","status":"publish","type":"post","link":"https:\/\/blogs.uninter.edu.mx\/Filarmonica\/index.php\/2018\/02\/08\/top-3-cellistas-famosos\/","title":{"rendered":"Top 3 cellistas famosos."},"content":{"rendered":"<p><strong>Pau Casals<\/strong><br \/>\n<strong><i>(Espa\u00f1a, 1876-1973)<\/i><\/strong><\/p>\n<p><img decoding=\"async\" src=\"http:\/\/blogs.elcomercio.es\/episodios-avilesinos\/wp-content\/uploads\/sites\/35\/2018\/01\/22.filarmonica.-pau-casals.FG002783.jpg\" alt=\"Resultado de imagen para Pau Casals\" \/><\/p>\n<p>Violonchelista, director y compositor catal\u00e1n.<\/p>\n<p>Compuso el oratorio\u00a0<b>El pessebre con texto de Juan Alavedra<\/b>(1960) y el\u00a0<b>Himno de las Naciones Unidas<\/b>\u00a0(1971). Sus recuerdos est\u00e1n reflejados en Conversaciones con Casals, grabado en 1955 por Josep Mar\u00eda Corredor. Los pensamientos sobre su propia vida se publicaron con el nombre de Alegr\u00edas y tristezas (1970).<\/p>\n<p>&nbsp;<\/p>\n<p>&nbsp;<\/p>\n<p>&nbsp;<\/p>\n<p><strong>Paul Tortelier<\/strong><br \/>\n<strong><i>(Francia, 1914-1990)<\/i><\/strong><\/p>\n<p><img decoding=\"async\" src=\"http:\/\/www.bach-cantatas.com\/Pic-Bio-T-BIG\/Tortelier-Paul-02.jpg\" alt=\"Resultado de imagen para paul tortelier\" \/><br \/>\nViolonchelista y compositor franc\u00e9s, considerado uno de los mejores int\u00e9rpretes de este instrumento del siglo XX.\u00a0Tambi\u00e9n trabaj\u00f3 como director de orquesta y es autor de una serie de obras entre las que destacan la\u00a0<b>Symphonie isra\u00e9lienne<\/b>, inspirada en su estancia en un kibutz en 1956,<b>Ofrenda<\/b>\u00a0(como tributo a Beethoven) y varias obras para violonchelo, entre las que destacan una sonata, una suite para violonchelo y un concierto para dos violonchelos.<\/p>\n<p>&nbsp;<\/p>\n<p>&nbsp;<\/p>\n<p><strong>Mstislav Rostropovich<\/strong><br \/>\n<strong><i>(Rusia, 1927-2007)<\/i><\/strong><br \/>\n<img decoding=\"async\" src=\"https:\/\/assets.classicfm.com\/2009\/10\/mstislav-rostropovich-1236786952-editorial-long-form-1.jpg\" alt=\"Resultado de imagen para Mstislav Rostropovich\" \/><\/p>\n<p>M\u00fasico de origen sovi\u00e9tico, m\u00e1ximo violonchelista de su generaci\u00f3n. Ha estrenado obras para violonchelo de los principales compositores contempor\u00e1neos, como la\u00a0<b>Sinfon\u00eda concertante en mi menor, opus 125<\/b>\u00a0(1952) de\u00a0<b>Sergu\u00e9i Prok\u00f3fiev<\/b>, los dos\u00a0<b>conciertos para violonchelo<\/b>\u00a0(1959, 1966) de\u00a0<b>Dmitri Shostak\u00f3vich<\/b>\u00a0y la\u00a0<b>Cello Symphony<\/b>\u00a0(1963), la\u00a0<b>Sonata para violonchelo y piano<\/b>\u00a0(1961) y las\u00a0<b>Suites para violonchelo<\/b>\u00a0(1964, 1967, 1971) de\u00a0<b>Benjamin Britten<\/b>.<\/p>\n<p>Premio Lenin, m\u00e1ximo galard\u00f3n sovi\u00e9tico, en 1963.<\/p>\n","protected":false},"excerpt":{"rendered":"<p>Pau Casals (Espa\u00f1a, 1876-1973) Violonchelista, director y compositor catal\u00e1n. Compuso el oratorio\u00a0El pessebre con texto de Juan Alavedra(1960) y el\u00a0Himno de las Naciones Unidas\u00a0(1971). Sus recuerdos est\u00e1n reflejados en Conversaciones con Casals, grabado en 1955 por Josep Mar\u00eda Corredor. Los pensamientos sobre su propia vida se publicaron con el nombre de Alegr\u00edas y tristezas (1970).&hellip;<\/p>\n","protected":false},"author":4,"featured_media":0,"comment_status":"closed","ping_status":"open","sticky":false,"template":"","format":"standard","meta":{"_jetpack_memberships_contains_paid_content":false,"footnotes":"","jetpack_publicize_message":"","jetpack_publicize_feature_enabled":true,"jetpack_social_post_already_shared":false,"jetpack_social_options":{"image_generator_settings":{"template":"highway","enabled":false}}},"categories":[1],"tags":[],"class_list":["post-4414","post","type-post","status-publish","format-standard","hentry","category-sin-categoria"],"jetpack_publicize_connections":[],"yoast_head":"<!-- This site is optimized with the Yoast SEO plugin v22.8 - https:\/\/yoast.com\/wordpress\/plugins\/seo\/ -->\r\n<title>Top 3 cellistas famosos. - Filarmonica UNINTER<\/title>\r\n<meta name=\"robots\" content=\"index, follow, max-snippet:-1, max-image-preview:large, max-video-preview:-1\" \/>\r\n<link rel=\"canonical\" href=\"https:\/\/blogs.uninter.edu.mx\/Filarmonica\/index.php\/2018\/02\/08\/top-3-cellistas-famosos\/\" \/>\r\n<meta property=\"og:locale\" content=\"es_MX\" \/>\r\n<meta property=\"og:type\" content=\"article\" \/>\r\n<meta property=\"og:title\" content=\"Top 3 cellistas famosos. - Filarmonica UNINTER\" \/>\r\n<meta property=\"og:description\" content=\"Pau Casals (Espa\u00f1a, 1876-1973) Violonchelista, director y compositor catal\u00e1n. Compuso el oratorio\u00a0El pessebre con texto de Juan Alavedra(1960) y el\u00a0Himno de las Naciones Unidas\u00a0(1971). Sus recuerdos est\u00e1n reflejados en Conversaciones con Casals, grabado en 1955 por Josep Mar\u00eda Corredor. Los pensamientos sobre su propia vida se publicaron con el nombre de Alegr\u00edas y tristezas (1970).&hellip;\" \/>\r\n<meta property=\"og:url\" content=\"https:\/\/blogs.uninter.edu.mx\/Filarmonica\/index.php\/2018\/02\/08\/top-3-cellistas-famosos\/\" \/>\r\n<meta property=\"og:site_name\" content=\"Filarmonica UNINTER\" \/>\r\n<meta property=\"article:published_time\" content=\"2018-02-08T23:13:08+00:00\" \/>\r\n<meta property=\"og:image\" content=\"http:\/\/blogs.elcomercio.es\/episodios-avilesinos\/wp-content\/uploads\/sites\/35\/2018\/01\/22.filarmonica.-pau-casals.FG002783.jpg\" \/>\r\n<meta name=\"author\" content=\"luzgalvez\" \/>\r\n<meta name=\"twitter:card\" content=\"summary_large_image\" \/>\r\n<meta name=\"twitter:label1\" content=\"Escrito por\" \/>\n\t<meta name=\"twitter:data1\" content=\"luzgalvez\" \/>\n\t<meta name=\"twitter:label2\" content=\"Tiempo de lectura\" \/>\n\t<meta name=\"twitter:data2\" content=\"1 minuto\" \/>\r\n<script type=\"application\/ld+json\" class=\"yoast-schema-graph\">{\"@context\":\"https:\/\/schema.org\",\"@graph\":[{\"@type\":\"WebPage\",\"@id\":\"https:\/\/blogs.uninter.edu.mx\/Filarmonica\/index.php\/2018\/02\/08\/top-3-cellistas-famosos\/\",\"url\":\"https:\/\/blogs.uninter.edu.mx\/Filarmonica\/index.php\/2018\/02\/08\/top-3-cellistas-famosos\/\",\"name\":\"Top 3 cellistas famosos. - Filarmonica UNINTER\",\"isPartOf\":{\"@id\":\"https:\/\/blogs.uninter.edu.mx\/Filarmonica\/#website\"},\"primaryImageOfPage\":{\"@id\":\"https:\/\/blogs.uninter.edu.mx\/Filarmonica\/index.php\/2018\/02\/08\/top-3-cellistas-famosos\/#primaryimage\"},\"image\":{\"@id\":\"https:\/\/blogs.uninter.edu.mx\/Filarmonica\/index.php\/2018\/02\/08\/top-3-cellistas-famosos\/#primaryimage\"},\"thumbnailUrl\":\"http:\/\/blogs.elcomercio.es\/episodios-avilesinos\/wp-content\/uploads\/sites\/35\/2018\/01\/22.filarmonica.-pau-casals.FG002783.jpg\",\"datePublished\":\"2018-02-08T23:13:08+00:00\",\"dateModified\":\"2018-02-08T23:13:08+00:00\",\"author\":{\"@id\":\"https:\/\/blogs.uninter.edu.mx\/Filarmonica\/#\/schema\/person\/5fdfc9be41d7a26b139afd4de61c3664\"},\"breadcrumb\":{\"@id\":\"https:\/\/blogs.uninter.edu.mx\/Filarmonica\/index.php\/2018\/02\/08\/top-3-cellistas-famosos\/#breadcrumb\"},\"inLanguage\":\"es-MX\",\"potentialAction\":[{\"@type\":\"ReadAction\",\"target\":[\"https:\/\/blogs.uninter.edu.mx\/Filarmonica\/index.php\/2018\/02\/08\/top-3-cellistas-famosos\/\"]}]},{\"@type\":\"ImageObject\",\"inLanguage\":\"es-MX\",\"@id\":\"https:\/\/blogs.uninter.edu.mx\/Filarmonica\/index.php\/2018\/02\/08\/top-3-cellistas-famosos\/#primaryimage\",\"url\":\"http:\/\/blogs.elcomercio.es\/episodios-avilesinos\/wp-content\/uploads\/sites\/35\/2018\/01\/22.filarmonica.-pau-casals.FG002783.jpg\",\"contentUrl\":\"http:\/\/blogs.elcomercio.es\/episodios-avilesinos\/wp-content\/uploads\/sites\/35\/2018\/01\/22.filarmonica.-pau-casals.FG002783.jpg\"},{\"@type\":\"BreadcrumbList\",\"@id\":\"https:\/\/blogs.uninter.edu.mx\/Filarmonica\/index.php\/2018\/02\/08\/top-3-cellistas-famosos\/#breadcrumb\",\"itemListElement\":[{\"@type\":\"ListItem\",\"position\":1,\"name\":\"Inicio\",\"item\":\"https:\/\/blogs.uninter.edu.mx\/Filarmonica\/\"},{\"@type\":\"ListItem\",\"position\":2,\"name\":\"Top 3 cellistas famosos.\"}]},{\"@type\":\"WebSite\",\"@id\":\"https:\/\/blogs.uninter.edu.mx\/Filarmonica\/#website\",\"url\":\"https:\/\/blogs.uninter.edu.mx\/Filarmonica\/\",\"name\":\"Filarmonica UNINTER\",\"description\":\"\",\"potentialAction\":[{\"@type\":\"SearchAction\",\"target\":{\"@type\":\"EntryPoint\",\"urlTemplate\":\"https:\/\/blogs.uninter.edu.mx\/Filarmonica\/?s={search_term_string}\"},\"query-input\":\"required name=search_term_string\"}],\"inLanguage\":\"es-MX\"},{\"@type\":\"Person\",\"@id\":\"https:\/\/blogs.uninter.edu.mx\/Filarmonica\/#\/schema\/person\/5fdfc9be41d7a26b139afd4de61c3664\",\"name\":\"luzgalvez\",\"image\":{\"@type\":\"ImageObject\",\"inLanguage\":\"es-MX\",\"@id\":\"https:\/\/blogs.uninter.edu.mx\/Filarmonica\/#\/schema\/person\/image\/\",\"url\":\"https:\/\/secure.gravatar.com\/avatar\/cf42be0541bffe97edcfdd314483f26481497b0a6a32669684590878e1ee0288?s=96&d=mm&r=g\",\"contentUrl\":\"https:\/\/secure.gravatar.com\/avatar\/cf42be0541bffe97edcfdd314483f26481497b0a6a32669684590878e1ee0288?s=96&d=mm&r=g\",\"caption\":\"luzgalvez\"},\"url\":\"https:\/\/blogs.uninter.edu.mx\/Filarmonica\/index.php\/author\/luzgalvez\/\"}]}<\/script>\r\n<!-- \/ Yoast SEO plugin. -->","yoast_head_json":{"title":"Top 3 cellistas famosos. - Filarmonica UNINTER","robots":{"index":"index","follow":"follow","max-snippet":"max-snippet:-1","max-image-preview":"max-image-preview:large","max-video-preview":"max-video-preview:-1"},"canonical":"https:\/\/blogs.uninter.edu.mx\/Filarmonica\/index.php\/2018\/02\/08\/top-3-cellistas-famosos\/","og_locale":"es_MX","og_type":"article","og_title":"Top 3 cellistas famosos. - Filarmonica UNINTER","og_description":"Pau Casals (Espa\u00f1a, 1876-1973) Violonchelista, director y compositor catal\u00e1n. Compuso el oratorio\u00a0El pessebre con texto de Juan Alavedra(1960) y el\u00a0Himno de las Naciones Unidas\u00a0(1971). Sus recuerdos est\u00e1n reflejados en Conversaciones con Casals, grabado en 1955 por Josep Mar\u00eda Corredor. Los pensamientos sobre su propia vida se publicaron con el nombre de Alegr\u00edas y tristezas (1970).&hellip;","og_url":"https:\/\/blogs.uninter.edu.mx\/Filarmonica\/index.php\/2018\/02\/08\/top-3-cellistas-famosos\/","og_site_name":"Filarmonica UNINTER","article_published_time":"2018-02-08T23:13:08+00:00","og_image":[{"url":"http:\/\/blogs.elcomercio.es\/episodios-avilesinos\/wp-content\/uploads\/sites\/35\/2018\/01\/22.filarmonica.-pau-casals.FG002783.jpg"}],"author":"luzgalvez","twitter_card":"summary_large_image","twitter_misc":{"Escrito por":"luzgalvez","Tiempo de lectura":"1 minuto"},"schema":{"@context":"https:\/\/schema.org","@graph":[{"@type":"WebPage","@id":"https:\/\/blogs.uninter.edu.mx\/Filarmonica\/index.php\/2018\/02\/08\/top-3-cellistas-famosos\/","url":"https:\/\/blogs.uninter.edu.mx\/Filarmonica\/index.php\/2018\/02\/08\/top-3-cellistas-famosos\/","name":"Top 3 cellistas famosos. - Filarmonica UNINTER","isPartOf":{"@id":"https:\/\/blogs.uninter.edu.mx\/Filarmonica\/#website"},"primaryImageOfPage":{"@id":"https:\/\/blogs.uninter.edu.mx\/Filarmonica\/index.php\/2018\/02\/08\/top-3-cellistas-famosos\/#primaryimage"},"image":{"@id":"https:\/\/blogs.uninter.edu.mx\/Filarmonica\/index.php\/2018\/02\/08\/top-3-cellistas-famosos\/#primaryimage"},"thumbnailUrl":"http:\/\/blogs.elcomercio.es\/episodios-avilesinos\/wp-content\/uploads\/sites\/35\/2018\/01\/22.filarmonica.-pau-casals.FG002783.jpg","datePublished":"2018-02-08T23:13:08+00:00","dateModified":"2018-02-08T23:13:08+00:00","author":{"@id":"https:\/\/blogs.uninter.edu.mx\/Filarmonica\/#\/schema\/person\/5fdfc9be41d7a26b139afd4de61c3664"},"breadcrumb":{"@id":"https:\/\/blogs.uninter.edu.mx\/Filarmonica\/index.php\/2018\/02\/08\/top-3-cellistas-famosos\/#breadcrumb"},"inLanguage":"es-MX","potentialAction":[{"@type":"ReadAction","target":["https:\/\/blogs.uninter.edu.mx\/Filarmonica\/index.php\/2018\/02\/08\/top-3-cellistas-famosos\/"]}]},{"@type":"ImageObject","inLanguage":"es-MX","@id":"https:\/\/blogs.uninter.edu.mx\/Filarmonica\/index.php\/2018\/02\/08\/top-3-cellistas-famosos\/#primaryimage","url":"http:\/\/blogs.elcomercio.es\/episodios-avilesinos\/wp-content\/uploads\/sites\/35\/2018\/01\/22.filarmonica.-pau-casals.FG002783.jpg","contentUrl":"http:\/\/blogs.elcomercio.es\/episodios-avilesinos\/wp-content\/uploads\/sites\/35\/2018\/01\/22.filarmonica.-pau-casals.FG002783.jpg"},{"@type":"BreadcrumbList","@id":"https:\/\/blogs.uninter.edu.mx\/Filarmonica\/index.php\/2018\/02\/08\/top-3-cellistas-famosos\/#breadcrumb","itemListElement":[{"@type":"ListItem","position":1,"name":"Inicio","item":"https:\/\/blogs.uninter.edu.mx\/Filarmonica\/"},{"@type":"ListItem","position":2,"name":"Top 3 cellistas famosos."}]},{"@type":"WebSite","@id":"https:\/\/blogs.uninter.edu.mx\/Filarmonica\/#website","url":"https:\/\/blogs.uninter.edu.mx\/Filarmonica\/","name":"Filarmonica UNINTER","description":"","potentialAction":[{"@type":"SearchAction","target":{"@type":"EntryPoint","urlTemplate":"https:\/\/blogs.uninter.edu.mx\/Filarmonica\/?s={search_term_string}"},"query-input":"required name=search_term_string"}],"inLanguage":"es-MX"},{"@type":"Person","@id":"https:\/\/blogs.uninter.edu.mx\/Filarmonica\/#\/schema\/person\/5fdfc9be41d7a26b139afd4de61c3664","name":"luzgalvez","image":{"@type":"ImageObject","inLanguage":"es-MX","@id":"https:\/\/blogs.uninter.edu.mx\/Filarmonica\/#\/schema\/person\/image\/","url":"https:\/\/secure.gravatar.com\/avatar\/cf42be0541bffe97edcfdd314483f26481497b0a6a32669684590878e1ee0288?s=96&d=mm&r=g","contentUrl":"https:\/\/secure.gravatar.com\/avatar\/cf42be0541bffe97edcfdd314483f26481497b0a6a32669684590878e1ee0288?s=96&d=mm&r=g","caption":"luzgalvez"},"url":"https:\/\/blogs.uninter.edu.mx\/Filarmonica\/index.php\/author\/luzgalvez\/"}]}},"jetpack_featured_media_url":"","jetpack_sharing_enabled":true,"_links":{"self":[{"href":"https:\/\/blogs.uninter.edu.mx\/Filarmonica\/index.php\/wp-json\/wp\/v2\/posts\/4414","targetHints":{"allow":["GET"]}}],"collection":[{"href":"https:\/\/blogs.uninter.edu.mx\/Filarmonica\/index.php\/wp-json\/wp\/v2\/posts"}],"about":[{"href":"https:\/\/blogs.uninter.edu.mx\/Filarmonica\/index.php\/wp-json\/wp\/v2\/types\/post"}],"author":[{"embeddable":true,"href":"https:\/\/blogs.uninter.edu.mx\/Filarmonica\/index.php\/wp-json\/wp\/v2\/users\/4"}],"replies":[{"embeddable":true,"href":"https:\/\/blogs.uninter.edu.mx\/Filarmonica\/index.php\/wp-json\/wp\/v2\/comments?post=4414"}],"version-history":[{"count":0,"href":"https:\/\/blogs.uninter.edu.mx\/Filarmonica\/index.php\/wp-json\/wp\/v2\/posts\/4414\/revisions"}],"wp:attachment":[{"href":"https:\/\/blogs.uninter.edu.mx\/Filarmonica\/index.php\/wp-json\/wp\/v2\/media?parent=4414"}],"wp:term":[{"taxonomy":"category","embeddable":true,"href":"https:\/\/blogs.uninter.edu.mx\/Filarmonica\/index.php\/wp-json\/wp\/v2\/categories?post=4414"},{"taxonomy":"post_tag","embeddable":true,"href":"https:\/\/blogs.uninter.edu.mx\/Filarmonica\/index.php\/wp-json\/wp\/v2\/tags?post=4414"}],"curies":[{"name":"wp","href":"https:\/\/api.w.org\/{rel}","templated":true}]}}