{"id":4426,"date":"2018-02-10T21:27:36","date_gmt":"2018-02-11T03:27:36","guid":{"rendered":"http:\/\/filarmonicadecuernavaca.com\/?p=4426"},"modified":"2018-02-10T21:27:36","modified_gmt":"2018-02-11T03:27:36","slug":"ara-malikian","status":"publish","type":"post","link":"https:\/\/blogs.uninter.edu.mx\/Filarmonica\/index.php\/2018\/02\/10\/ara-malikian\/","title":{"rendered":"Ara Malikian"},"content":{"rendered":"<p>Ara Malikian naci\u00f3 en 2018 en el seno de una familia armenia. Se inici\u00f3 en el viol\u00edn a muy corta edad de la mano de su padre. Su talento fue reconocido tempranamente a pesar de las dif\u00edciles circunstancias que la\u00a0guerra civil libanesa\u00a0le oblig\u00f3 a vivir, forz\u00e1ndole incluso a estudiar durante largos periodos en los\u00a0refugios antia\u00e9reos.<\/p>\n<p><img decoding=\"async\" src=\"https:\/\/aramalikian.com\/wp-content\/uploads\/2017\/07\/ara15.jpg\" alt=\"Resultado de imagen para Ara Malikian\" \/><\/p>\n<p>Dio su primer concierto importante con 10 a\u00f1os y a los 24 el\u00a0director de orquesta\u00a0Hans Herbert-J\u00f6ris\u00a0le escuch\u00f3 y consigui\u00f3 para \u00e9l una beca del gobierno\u00a0alem\u00e1n\u00a0para cursar estudios en la\u00a0Hochschule f\u00fcr Musik und Theater Hannover. Con 15 a\u00f1os fue el alumno m\u00e1s joven admitido en este prestigioso centro superior de estudios musicales. Posteriormente ampli\u00f3 sus estudios en la\u00a0Guildhall School of Music &amp; Drama\u00a0de\u00a0Londres, adem\u00e1s de recibir lecciones de algunos de los m\u00e1s prestigiosos profesores del mundo como\u00a0Franco Gulli,\u00a0Ruggiero Ricci,\u00a0Ivry Gitlis,\u00a0Herman Krebbers\u00a0o miembros del\u00a0Alban Berg Quartet.<\/p>\n<p>&nbsp;<\/p>\n<p><img decoding=\"async\" src=\"https:\/\/www.barbican.org.uk\/sites\/default\/files\/styles\/hero_constrained_small\/public\/images\/2017-09\/aramalikian_2.jpg?h=398552fb&amp;itok=ZN1p63sM\" alt=\"Resultado de imagen para Ara Malikian\" \/><\/p>\n","protected":false},"excerpt":{"rendered":"<p>Ara Malikian naci\u00f3 en 2018 en el seno de una familia armenia. Se inici\u00f3 en el viol\u00edn a muy corta edad de la mano de su padre. Su talento fue reconocido tempranamente a pesar de las dif\u00edciles circunstancias que la\u00a0guerra civil libanesa\u00a0le oblig\u00f3 a vivir, forz\u00e1ndole incluso a estudiar durante largos periodos en los\u00a0refugios antia\u00e9reos.&hellip;<\/p>\n","protected":false},"author":4,"featured_media":0,"comment_status":"closed","ping_status":"open","sticky":false,"template":"","format":"standard","meta":{"_jetpack_memberships_contains_paid_content":false,"footnotes":"","jetpack_publicize_message":"","jetpack_publicize_feature_enabled":true,"jetpack_social_post_already_shared":false,"jetpack_social_options":{"image_generator_settings":{"template":"highway","enabled":false}}},"categories":[1],"tags":[],"class_list":["post-4426","post","type-post","status-publish","format-standard","hentry","category-sin-categoria"],"jetpack_publicize_connections":[],"yoast_head":"<!-- This site is optimized with the Yoast SEO plugin v22.8 - https:\/\/yoast.com\/wordpress\/plugins\/seo\/ -->\r\n<title>Ara Malikian - Filarmonica UNINTER<\/title>\r\n<meta name=\"robots\" content=\"index, follow, max-snippet:-1, max-image-preview:large, max-video-preview:-1\" \/>\r\n<link rel=\"canonical\" href=\"https:\/\/blogs.uninter.edu.mx\/Filarmonica\/index.php\/2018\/02\/10\/ara-malikian\/\" \/>\r\n<meta property=\"og:locale\" content=\"es_MX\" \/>\r\n<meta property=\"og:type\" content=\"article\" \/>\r\n<meta property=\"og:title\" content=\"Ara Malikian - Filarmonica UNINTER\" \/>\r\n<meta property=\"og:description\" content=\"Ara Malikian naci\u00f3 en 2018 en el seno de una familia armenia. Se inici\u00f3 en el viol\u00edn a muy corta edad de la mano de su padre. Su talento fue reconocido tempranamente a pesar de las dif\u00edciles circunstancias que la\u00a0guerra civil libanesa\u00a0le oblig\u00f3 a vivir, forz\u00e1ndole incluso a estudiar durante largos periodos en los\u00a0refugios antia\u00e9reos.&hellip;\" \/>\r\n<meta property=\"og:url\" content=\"https:\/\/blogs.uninter.edu.mx\/Filarmonica\/index.php\/2018\/02\/10\/ara-malikian\/\" \/>\r\n<meta property=\"og:site_name\" content=\"Filarmonica UNINTER\" \/>\r\n<meta property=\"article:published_time\" content=\"2018-02-11T03:27:36+00:00\" \/>\r\n<meta property=\"og:image\" content=\"https:\/\/aramalikian.com\/wp-content\/uploads\/2017\/07\/ara15.jpg\" \/>\r\n<meta name=\"author\" content=\"luzgalvez\" \/>\r\n<meta name=\"twitter:card\" content=\"summary_large_image\" \/>\r\n<meta name=\"twitter:label1\" content=\"Escrito por\" \/>\n\t<meta name=\"twitter:data1\" content=\"luzgalvez\" \/>\n\t<meta name=\"twitter:label2\" content=\"Tiempo de lectura\" \/>\n\t<meta name=\"twitter:data2\" content=\"1 minuto\" \/>\r\n<script type=\"application\/ld+json\" class=\"yoast-schema-graph\">{\"@context\":\"https:\/\/schema.org\",\"@graph\":[{\"@type\":\"WebPage\",\"@id\":\"https:\/\/blogs.uninter.edu.mx\/Filarmonica\/index.php\/2018\/02\/10\/ara-malikian\/\",\"url\":\"https:\/\/blogs.uninter.edu.mx\/Filarmonica\/index.php\/2018\/02\/10\/ara-malikian\/\",\"name\":\"Ara Malikian - Filarmonica UNINTER\",\"isPartOf\":{\"@id\":\"https:\/\/blogs.uninter.edu.mx\/Filarmonica\/#website\"},\"primaryImageOfPage\":{\"@id\":\"https:\/\/blogs.uninter.edu.mx\/Filarmonica\/index.php\/2018\/02\/10\/ara-malikian\/#primaryimage\"},\"image\":{\"@id\":\"https:\/\/blogs.uninter.edu.mx\/Filarmonica\/index.php\/2018\/02\/10\/ara-malikian\/#primaryimage\"},\"thumbnailUrl\":\"https:\/\/aramalikian.com\/wp-content\/uploads\/2017\/07\/ara15.jpg\",\"datePublished\":\"2018-02-11T03:27:36+00:00\",\"dateModified\":\"2018-02-11T03:27:36+00:00\",\"author\":{\"@id\":\"https:\/\/blogs.uninter.edu.mx\/Filarmonica\/#\/schema\/person\/5fdfc9be41d7a26b139afd4de61c3664\"},\"breadcrumb\":{\"@id\":\"https:\/\/blogs.uninter.edu.mx\/Filarmonica\/index.php\/2018\/02\/10\/ara-malikian\/#breadcrumb\"},\"inLanguage\":\"es-MX\",\"potentialAction\":[{\"@type\":\"ReadAction\",\"target\":[\"https:\/\/blogs.uninter.edu.mx\/Filarmonica\/index.php\/2018\/02\/10\/ara-malikian\/\"]}]},{\"@type\":\"ImageObject\",\"inLanguage\":\"es-MX\",\"@id\":\"https:\/\/blogs.uninter.edu.mx\/Filarmonica\/index.php\/2018\/02\/10\/ara-malikian\/#primaryimage\",\"url\":\"https:\/\/aramalikian.com\/wp-content\/uploads\/2017\/07\/ara15.jpg\",\"contentUrl\":\"https:\/\/aramalikian.com\/wp-content\/uploads\/2017\/07\/ara15.jpg\"},{\"@type\":\"BreadcrumbList\",\"@id\":\"https:\/\/blogs.uninter.edu.mx\/Filarmonica\/index.php\/2018\/02\/10\/ara-malikian\/#breadcrumb\",\"itemListElement\":[{\"@type\":\"ListItem\",\"position\":1,\"name\":\"Inicio\",\"item\":\"https:\/\/blogs.uninter.edu.mx\/Filarmonica\/\"},{\"@type\":\"ListItem\",\"position\":2,\"name\":\"Ara Malikian\"}]},{\"@type\":\"WebSite\",\"@id\":\"https:\/\/blogs.uninter.edu.mx\/Filarmonica\/#website\",\"url\":\"https:\/\/blogs.uninter.edu.mx\/Filarmonica\/\",\"name\":\"Filarmonica UNINTER\",\"description\":\"\",\"potentialAction\":[{\"@type\":\"SearchAction\",\"target\":{\"@type\":\"EntryPoint\",\"urlTemplate\":\"https:\/\/blogs.uninter.edu.mx\/Filarmonica\/?s={search_term_string}\"},\"query-input\":\"required name=search_term_string\"}],\"inLanguage\":\"es-MX\"},{\"@type\":\"Person\",\"@id\":\"https:\/\/blogs.uninter.edu.mx\/Filarmonica\/#\/schema\/person\/5fdfc9be41d7a26b139afd4de61c3664\",\"name\":\"luzgalvez\",\"image\":{\"@type\":\"ImageObject\",\"inLanguage\":\"es-MX\",\"@id\":\"https:\/\/blogs.uninter.edu.mx\/Filarmonica\/#\/schema\/person\/image\/\",\"url\":\"https:\/\/secure.gravatar.com\/avatar\/cf42be0541bffe97edcfdd314483f26481497b0a6a32669684590878e1ee0288?s=96&d=mm&r=g\",\"contentUrl\":\"https:\/\/secure.gravatar.com\/avatar\/cf42be0541bffe97edcfdd314483f26481497b0a6a32669684590878e1ee0288?s=96&d=mm&r=g\",\"caption\":\"luzgalvez\"},\"url\":\"https:\/\/blogs.uninter.edu.mx\/Filarmonica\/index.php\/author\/luzgalvez\/\"}]}<\/script>\r\n<!-- \/ Yoast SEO plugin. -->","yoast_head_json":{"title":"Ara Malikian - Filarmonica UNINTER","robots":{"index":"index","follow":"follow","max-snippet":"max-snippet:-1","max-image-preview":"max-image-preview:large","max-video-preview":"max-video-preview:-1"},"canonical":"https:\/\/blogs.uninter.edu.mx\/Filarmonica\/index.php\/2018\/02\/10\/ara-malikian\/","og_locale":"es_MX","og_type":"article","og_title":"Ara Malikian - Filarmonica UNINTER","og_description":"Ara Malikian naci\u00f3 en 2018 en el seno de una familia armenia. Se inici\u00f3 en el viol\u00edn a muy corta edad de la mano de su padre. Su talento fue reconocido tempranamente a pesar de las dif\u00edciles circunstancias que la\u00a0guerra civil libanesa\u00a0le oblig\u00f3 a vivir, forz\u00e1ndole incluso a estudiar durante largos periodos en los\u00a0refugios antia\u00e9reos.&hellip;","og_url":"https:\/\/blogs.uninter.edu.mx\/Filarmonica\/index.php\/2018\/02\/10\/ara-malikian\/","og_site_name":"Filarmonica UNINTER","article_published_time":"2018-02-11T03:27:36+00:00","og_image":[{"url":"https:\/\/aramalikian.com\/wp-content\/uploads\/2017\/07\/ara15.jpg"}],"author":"luzgalvez","twitter_card":"summary_large_image","twitter_misc":{"Escrito por":"luzgalvez","Tiempo de lectura":"1 minuto"},"schema":{"@context":"https:\/\/schema.org","@graph":[{"@type":"WebPage","@id":"https:\/\/blogs.uninter.edu.mx\/Filarmonica\/index.php\/2018\/02\/10\/ara-malikian\/","url":"https:\/\/blogs.uninter.edu.mx\/Filarmonica\/index.php\/2018\/02\/10\/ara-malikian\/","name":"Ara Malikian - Filarmonica UNINTER","isPartOf":{"@id":"https:\/\/blogs.uninter.edu.mx\/Filarmonica\/#website"},"primaryImageOfPage":{"@id":"https:\/\/blogs.uninter.edu.mx\/Filarmonica\/index.php\/2018\/02\/10\/ara-malikian\/#primaryimage"},"image":{"@id":"https:\/\/blogs.uninter.edu.mx\/Filarmonica\/index.php\/2018\/02\/10\/ara-malikian\/#primaryimage"},"thumbnailUrl":"https:\/\/aramalikian.com\/wp-content\/uploads\/2017\/07\/ara15.jpg","datePublished":"2018-02-11T03:27:36+00:00","dateModified":"2018-02-11T03:27:36+00:00","author":{"@id":"https:\/\/blogs.uninter.edu.mx\/Filarmonica\/#\/schema\/person\/5fdfc9be41d7a26b139afd4de61c3664"},"breadcrumb":{"@id":"https:\/\/blogs.uninter.edu.mx\/Filarmonica\/index.php\/2018\/02\/10\/ara-malikian\/#breadcrumb"},"inLanguage":"es-MX","potentialAction":[{"@type":"ReadAction","target":["https:\/\/blogs.uninter.edu.mx\/Filarmonica\/index.php\/2018\/02\/10\/ara-malikian\/"]}]},{"@type":"ImageObject","inLanguage":"es-MX","@id":"https:\/\/blogs.uninter.edu.mx\/Filarmonica\/index.php\/2018\/02\/10\/ara-malikian\/#primaryimage","url":"https:\/\/aramalikian.com\/wp-content\/uploads\/2017\/07\/ara15.jpg","contentUrl":"https:\/\/aramalikian.com\/wp-content\/uploads\/2017\/07\/ara15.jpg"},{"@type":"BreadcrumbList","@id":"https:\/\/blogs.uninter.edu.mx\/Filarmonica\/index.php\/2018\/02\/10\/ara-malikian\/#breadcrumb","itemListElement":[{"@type":"ListItem","position":1,"name":"Inicio","item":"https:\/\/blogs.uninter.edu.mx\/Filarmonica\/"},{"@type":"ListItem","position":2,"name":"Ara Malikian"}]},{"@type":"WebSite","@id":"https:\/\/blogs.uninter.edu.mx\/Filarmonica\/#website","url":"https:\/\/blogs.uninter.edu.mx\/Filarmonica\/","name":"Filarmonica UNINTER","description":"","potentialAction":[{"@type":"SearchAction","target":{"@type":"EntryPoint","urlTemplate":"https:\/\/blogs.uninter.edu.mx\/Filarmonica\/?s={search_term_string}"},"query-input":"required name=search_term_string"}],"inLanguage":"es-MX"},{"@type":"Person","@id":"https:\/\/blogs.uninter.edu.mx\/Filarmonica\/#\/schema\/person\/5fdfc9be41d7a26b139afd4de61c3664","name":"luzgalvez","image":{"@type":"ImageObject","inLanguage":"es-MX","@id":"https:\/\/blogs.uninter.edu.mx\/Filarmonica\/#\/schema\/person\/image\/","url":"https:\/\/secure.gravatar.com\/avatar\/cf42be0541bffe97edcfdd314483f26481497b0a6a32669684590878e1ee0288?s=96&d=mm&r=g","contentUrl":"https:\/\/secure.gravatar.com\/avatar\/cf42be0541bffe97edcfdd314483f26481497b0a6a32669684590878e1ee0288?s=96&d=mm&r=g","caption":"luzgalvez"},"url":"https:\/\/blogs.uninter.edu.mx\/Filarmonica\/index.php\/author\/luzgalvez\/"}]}},"jetpack_featured_media_url":"","jetpack_sharing_enabled":true,"_links":{"self":[{"href":"https:\/\/blogs.uninter.edu.mx\/Filarmonica\/index.php\/wp-json\/wp\/v2\/posts\/4426","targetHints":{"allow":["GET"]}}],"collection":[{"href":"https:\/\/blogs.uninter.edu.mx\/Filarmonica\/index.php\/wp-json\/wp\/v2\/posts"}],"about":[{"href":"https:\/\/blogs.uninter.edu.mx\/Filarmonica\/index.php\/wp-json\/wp\/v2\/types\/post"}],"author":[{"embeddable":true,"href":"https:\/\/blogs.uninter.edu.mx\/Filarmonica\/index.php\/wp-json\/wp\/v2\/users\/4"}],"replies":[{"embeddable":true,"href":"https:\/\/blogs.uninter.edu.mx\/Filarmonica\/index.php\/wp-json\/wp\/v2\/comments?post=4426"}],"version-history":[{"count":0,"href":"https:\/\/blogs.uninter.edu.mx\/Filarmonica\/index.php\/wp-json\/wp\/v2\/posts\/4426\/revisions"}],"wp:attachment":[{"href":"https:\/\/blogs.uninter.edu.mx\/Filarmonica\/index.php\/wp-json\/wp\/v2\/media?parent=4426"}],"wp:term":[{"taxonomy":"category","embeddable":true,"href":"https:\/\/blogs.uninter.edu.mx\/Filarmonica\/index.php\/wp-json\/wp\/v2\/categories?post=4426"},{"taxonomy":"post_tag","embeddable":true,"href":"https:\/\/blogs.uninter.edu.mx\/Filarmonica\/index.php\/wp-json\/wp\/v2\/tags?post=4426"}],"curies":[{"name":"wp","href":"https:\/\/api.w.org\/{rel}","templated":true}]}}