{"id":4439,"date":"2018-02-22T17:13:15","date_gmt":"2018-02-22T23:13:15","guid":{"rendered":"http:\/\/filarmonicadecuernavaca.com\/?p=4439"},"modified":"2018-02-22T17:13:15","modified_gmt":"2018-02-22T23:13:15","slug":"la-victoria-de-los-patriotas-asegura-el-sur-de-chile-en-el-combate-de-cucha-cucha","status":"publish","type":"post","link":"https:\/\/blogs.uninter.edu.mx\/Filarmonica\/index.php\/2018\/02\/22\/la-victoria-de-los-patriotas-asegura-el-sur-de-chile-en-el-combate-de-cucha-cucha\/","title":{"rendered":"La victoria de los patriotas asegura el sur de Chile en el combate de Cucha Cucha"},"content":{"rendered":"<p>Luego del triunfo patriota en Maip\u00fa, una fuerza realista se dirige al sur de Chile con la idea de montar un contraataque. El general Juan Gregorio de Las Heras recibe la orden de perseguirlos al frente de un cuerpo denominado Auxiliares de Chile. El 22 de febrero de 1814 Las Heras enfrenta a los realistas y los derrota pese a contar con una fuerza menos numerosa. La victoria en Cucha Cucha despeja los temores que despierta la posible reorganizaci\u00f3n de los espa\u00f1oles en el sur chileno y el riesgo que hubiera representado para los planes de San Mart\u00edn de continuar su campa\u00f1a al Per\u00fa.<\/p>\n","protected":false},"excerpt":{"rendered":"<p>Luego del triunfo patriota en Maip\u00fa, una fuerza realista se dirige al sur de Chile con la idea de montar un contraataque. El general Juan Gregorio de Las Heras recibe la orden de perseguirlos al frente de un cuerpo denominado Auxiliares de Chile. El 22 de febrero de 1814 Las Heras enfrenta a los realistas&hellip;<\/p>\n","protected":false},"author":4,"featured_media":0,"comment_status":"closed","ping_status":"open","sticky":false,"template":"","format":"standard","meta":{"_jetpack_memberships_contains_paid_content":false,"footnotes":"","jetpack_publicize_message":"","jetpack_publicize_feature_enabled":true,"jetpack_social_post_already_shared":false,"jetpack_social_options":{"image_generator_settings":{"template":"highway","enabled":false}}},"categories":[1],"tags":[],"class_list":["post-4439","post","type-post","status-publish","format-standard","hentry","category-sin-categoria"],"jetpack_publicize_connections":[],"yoast_head":"<!-- This site is optimized with the Yoast SEO plugin v22.8 - https:\/\/yoast.com\/wordpress\/plugins\/seo\/ -->\r\n<title>La victoria de los patriotas asegura el sur de Chile en el combate de Cucha Cucha - Filarmonica UNINTER<\/title>\r\n<meta name=\"robots\" content=\"index, follow, max-snippet:-1, max-image-preview:large, max-video-preview:-1\" \/>\r\n<link rel=\"canonical\" href=\"https:\/\/blogs.uninter.edu.mx\/Filarmonica\/index.php\/2018\/02\/22\/la-victoria-de-los-patriotas-asegura-el-sur-de-chile-en-el-combate-de-cucha-cucha\/\" \/>\r\n<meta property=\"og:locale\" content=\"es_MX\" \/>\r\n<meta property=\"og:type\" content=\"article\" \/>\r\n<meta property=\"og:title\" content=\"La victoria de los patriotas asegura el sur de Chile en el combate de Cucha Cucha - Filarmonica UNINTER\" \/>\r\n<meta property=\"og:description\" content=\"Luego del triunfo patriota en Maip\u00fa, una fuerza realista se dirige al sur de Chile con la idea de montar un contraataque. El general Juan Gregorio de Las Heras recibe la orden de perseguirlos al frente de un cuerpo denominado Auxiliares de Chile. El 22 de febrero de 1814 Las Heras enfrenta a los realistas&hellip;\" \/>\r\n<meta property=\"og:url\" content=\"https:\/\/blogs.uninter.edu.mx\/Filarmonica\/index.php\/2018\/02\/22\/la-victoria-de-los-patriotas-asegura-el-sur-de-chile-en-el-combate-de-cucha-cucha\/\" \/>\r\n<meta property=\"og:site_name\" content=\"Filarmonica UNINTER\" \/>\r\n<meta property=\"article:published_time\" content=\"2018-02-22T23:13:15+00:00\" \/>\r\n<meta name=\"author\" content=\"luzgalvez\" \/>\r\n<meta name=\"twitter:card\" content=\"summary_large_image\" \/>\r\n<meta name=\"twitter:label1\" content=\"Escrito por\" \/>\n\t<meta name=\"twitter:data1\" content=\"luzgalvez\" \/>\n\t<meta name=\"twitter:label2\" content=\"Tiempo de lectura\" \/>\n\t<meta name=\"twitter:data2\" content=\"1 minuto\" \/>\r\n<script type=\"application\/ld+json\" class=\"yoast-schema-graph\">{\"@context\":\"https:\/\/schema.org\",\"@graph\":[{\"@type\":\"WebPage\",\"@id\":\"https:\/\/blogs.uninter.edu.mx\/Filarmonica\/index.php\/2018\/02\/22\/la-victoria-de-los-patriotas-asegura-el-sur-de-chile-en-el-combate-de-cucha-cucha\/\",\"url\":\"https:\/\/blogs.uninter.edu.mx\/Filarmonica\/index.php\/2018\/02\/22\/la-victoria-de-los-patriotas-asegura-el-sur-de-chile-en-el-combate-de-cucha-cucha\/\",\"name\":\"La victoria de los patriotas asegura el sur de Chile en el combate de Cucha Cucha - Filarmonica UNINTER\",\"isPartOf\":{\"@id\":\"https:\/\/blogs.uninter.edu.mx\/Filarmonica\/#website\"},\"datePublished\":\"2018-02-22T23:13:15+00:00\",\"dateModified\":\"2018-02-22T23:13:15+00:00\",\"author\":{\"@id\":\"https:\/\/blogs.uninter.edu.mx\/Filarmonica\/#\/schema\/person\/5fdfc9be41d7a26b139afd4de61c3664\"},\"breadcrumb\":{\"@id\":\"https:\/\/blogs.uninter.edu.mx\/Filarmonica\/index.php\/2018\/02\/22\/la-victoria-de-los-patriotas-asegura-el-sur-de-chile-en-el-combate-de-cucha-cucha\/#breadcrumb\"},\"inLanguage\":\"es-MX\",\"potentialAction\":[{\"@type\":\"ReadAction\",\"target\":[\"https:\/\/blogs.uninter.edu.mx\/Filarmonica\/index.php\/2018\/02\/22\/la-victoria-de-los-patriotas-asegura-el-sur-de-chile-en-el-combate-de-cucha-cucha\/\"]}]},{\"@type\":\"BreadcrumbList\",\"@id\":\"https:\/\/blogs.uninter.edu.mx\/Filarmonica\/index.php\/2018\/02\/22\/la-victoria-de-los-patriotas-asegura-el-sur-de-chile-en-el-combate-de-cucha-cucha\/#breadcrumb\",\"itemListElement\":[{\"@type\":\"ListItem\",\"position\":1,\"name\":\"Inicio\",\"item\":\"https:\/\/blogs.uninter.edu.mx\/Filarmonica\/\"},{\"@type\":\"ListItem\",\"position\":2,\"name\":\"La victoria de los patriotas asegura el sur de Chile en el combate de Cucha Cucha\"}]},{\"@type\":\"WebSite\",\"@id\":\"https:\/\/blogs.uninter.edu.mx\/Filarmonica\/#website\",\"url\":\"https:\/\/blogs.uninter.edu.mx\/Filarmonica\/\",\"name\":\"Filarmonica UNINTER\",\"description\":\"\",\"potentialAction\":[{\"@type\":\"SearchAction\",\"target\":{\"@type\":\"EntryPoint\",\"urlTemplate\":\"https:\/\/blogs.uninter.edu.mx\/Filarmonica\/?s={search_term_string}\"},\"query-input\":\"required name=search_term_string\"}],\"inLanguage\":\"es-MX\"},{\"@type\":\"Person\",\"@id\":\"https:\/\/blogs.uninter.edu.mx\/Filarmonica\/#\/schema\/person\/5fdfc9be41d7a26b139afd4de61c3664\",\"name\":\"luzgalvez\",\"image\":{\"@type\":\"ImageObject\",\"inLanguage\":\"es-MX\",\"@id\":\"https:\/\/blogs.uninter.edu.mx\/Filarmonica\/#\/schema\/person\/image\/\",\"url\":\"https:\/\/secure.gravatar.com\/avatar\/cf42be0541bffe97edcfdd314483f26481497b0a6a32669684590878e1ee0288?s=96&d=mm&r=g\",\"contentUrl\":\"https:\/\/secure.gravatar.com\/avatar\/cf42be0541bffe97edcfdd314483f26481497b0a6a32669684590878e1ee0288?s=96&d=mm&r=g\",\"caption\":\"luzgalvez\"},\"url\":\"https:\/\/blogs.uninter.edu.mx\/Filarmonica\/index.php\/author\/luzgalvez\/\"}]}<\/script>\r\n<!-- \/ Yoast SEO plugin. -->","yoast_head_json":{"title":"La victoria de los patriotas asegura el sur de Chile en el combate de Cucha Cucha - Filarmonica UNINTER","robots":{"index":"index","follow":"follow","max-snippet":"max-snippet:-1","max-image-preview":"max-image-preview:large","max-video-preview":"max-video-preview:-1"},"canonical":"https:\/\/blogs.uninter.edu.mx\/Filarmonica\/index.php\/2018\/02\/22\/la-victoria-de-los-patriotas-asegura-el-sur-de-chile-en-el-combate-de-cucha-cucha\/","og_locale":"es_MX","og_type":"article","og_title":"La victoria de los patriotas asegura el sur de Chile en el combate de Cucha Cucha - Filarmonica UNINTER","og_description":"Luego del triunfo patriota en Maip\u00fa, una fuerza realista se dirige al sur de Chile con la idea de montar un contraataque. El general Juan Gregorio de Las Heras recibe la orden de perseguirlos al frente de un cuerpo denominado Auxiliares de Chile. El 22 de febrero de 1814 Las Heras enfrenta a los realistas&hellip;","og_url":"https:\/\/blogs.uninter.edu.mx\/Filarmonica\/index.php\/2018\/02\/22\/la-victoria-de-los-patriotas-asegura-el-sur-de-chile-en-el-combate-de-cucha-cucha\/","og_site_name":"Filarmonica UNINTER","article_published_time":"2018-02-22T23:13:15+00:00","author":"luzgalvez","twitter_card":"summary_large_image","twitter_misc":{"Escrito por":"luzgalvez","Tiempo de lectura":"1 minuto"},"schema":{"@context":"https:\/\/schema.org","@graph":[{"@type":"WebPage","@id":"https:\/\/blogs.uninter.edu.mx\/Filarmonica\/index.php\/2018\/02\/22\/la-victoria-de-los-patriotas-asegura-el-sur-de-chile-en-el-combate-de-cucha-cucha\/","url":"https:\/\/blogs.uninter.edu.mx\/Filarmonica\/index.php\/2018\/02\/22\/la-victoria-de-los-patriotas-asegura-el-sur-de-chile-en-el-combate-de-cucha-cucha\/","name":"La victoria de los patriotas asegura el sur de Chile en el combate de Cucha Cucha - Filarmonica UNINTER","isPartOf":{"@id":"https:\/\/blogs.uninter.edu.mx\/Filarmonica\/#website"},"datePublished":"2018-02-22T23:13:15+00:00","dateModified":"2018-02-22T23:13:15+00:00","author":{"@id":"https:\/\/blogs.uninter.edu.mx\/Filarmonica\/#\/schema\/person\/5fdfc9be41d7a26b139afd4de61c3664"},"breadcrumb":{"@id":"https:\/\/blogs.uninter.edu.mx\/Filarmonica\/index.php\/2018\/02\/22\/la-victoria-de-los-patriotas-asegura-el-sur-de-chile-en-el-combate-de-cucha-cucha\/#breadcrumb"},"inLanguage":"es-MX","potentialAction":[{"@type":"ReadAction","target":["https:\/\/blogs.uninter.edu.mx\/Filarmonica\/index.php\/2018\/02\/22\/la-victoria-de-los-patriotas-asegura-el-sur-de-chile-en-el-combate-de-cucha-cucha\/"]}]},{"@type":"BreadcrumbList","@id":"https:\/\/blogs.uninter.edu.mx\/Filarmonica\/index.php\/2018\/02\/22\/la-victoria-de-los-patriotas-asegura-el-sur-de-chile-en-el-combate-de-cucha-cucha\/#breadcrumb","itemListElement":[{"@type":"ListItem","position":1,"name":"Inicio","item":"https:\/\/blogs.uninter.edu.mx\/Filarmonica\/"},{"@type":"ListItem","position":2,"name":"La victoria de los patriotas asegura el sur de Chile en el combate de Cucha Cucha"}]},{"@type":"WebSite","@id":"https:\/\/blogs.uninter.edu.mx\/Filarmonica\/#website","url":"https:\/\/blogs.uninter.edu.mx\/Filarmonica\/","name":"Filarmonica UNINTER","description":"","potentialAction":[{"@type":"SearchAction","target":{"@type":"EntryPoint","urlTemplate":"https:\/\/blogs.uninter.edu.mx\/Filarmonica\/?s={search_term_string}"},"query-input":"required name=search_term_string"}],"inLanguage":"es-MX"},{"@type":"Person","@id":"https:\/\/blogs.uninter.edu.mx\/Filarmonica\/#\/schema\/person\/5fdfc9be41d7a26b139afd4de61c3664","name":"luzgalvez","image":{"@type":"ImageObject","inLanguage":"es-MX","@id":"https:\/\/blogs.uninter.edu.mx\/Filarmonica\/#\/schema\/person\/image\/","url":"https:\/\/secure.gravatar.com\/avatar\/cf42be0541bffe97edcfdd314483f26481497b0a6a32669684590878e1ee0288?s=96&d=mm&r=g","contentUrl":"https:\/\/secure.gravatar.com\/avatar\/cf42be0541bffe97edcfdd314483f26481497b0a6a32669684590878e1ee0288?s=96&d=mm&r=g","caption":"luzgalvez"},"url":"https:\/\/blogs.uninter.edu.mx\/Filarmonica\/index.php\/author\/luzgalvez\/"}]}},"jetpack_featured_media_url":"","jetpack_sharing_enabled":true,"_links":{"self":[{"href":"https:\/\/blogs.uninter.edu.mx\/Filarmonica\/index.php\/wp-json\/wp\/v2\/posts\/4439","targetHints":{"allow":["GET"]}}],"collection":[{"href":"https:\/\/blogs.uninter.edu.mx\/Filarmonica\/index.php\/wp-json\/wp\/v2\/posts"}],"about":[{"href":"https:\/\/blogs.uninter.edu.mx\/Filarmonica\/index.php\/wp-json\/wp\/v2\/types\/post"}],"author":[{"embeddable":true,"href":"https:\/\/blogs.uninter.edu.mx\/Filarmonica\/index.php\/wp-json\/wp\/v2\/users\/4"}],"replies":[{"embeddable":true,"href":"https:\/\/blogs.uninter.edu.mx\/Filarmonica\/index.php\/wp-json\/wp\/v2\/comments?post=4439"}],"version-history":[{"count":0,"href":"https:\/\/blogs.uninter.edu.mx\/Filarmonica\/index.php\/wp-json\/wp\/v2\/posts\/4439\/revisions"}],"wp:attachment":[{"href":"https:\/\/blogs.uninter.edu.mx\/Filarmonica\/index.php\/wp-json\/wp\/v2\/media?parent=4439"}],"wp:term":[{"taxonomy":"category","embeddable":true,"href":"https:\/\/blogs.uninter.edu.mx\/Filarmonica\/index.php\/wp-json\/wp\/v2\/categories?post=4439"},{"taxonomy":"post_tag","embeddable":true,"href":"https:\/\/blogs.uninter.edu.mx\/Filarmonica\/index.php\/wp-json\/wp\/v2\/tags?post=4439"}],"curies":[{"name":"wp","href":"https:\/\/api.w.org\/{rel}","templated":true}]}}