{"id":4448,"date":"2018-02-24T17:18:40","date_gmt":"2018-02-24T23:18:40","guid":{"rendered":"http:\/\/filarmonicadecuernavaca.com\/?p=4448"},"modified":"2018-02-24T17:18:40","modified_gmt":"2018-02-24T23:18:40","slug":"cristobal-colon-fundo-santa-maria-de-belen","status":"publish","type":"post","link":"https:\/\/blogs.uninter.edu.mx\/Filarmonica\/index.php\/2018\/02\/24\/cristobal-colon-fundo-santa-maria-de-belen\/","title":{"rendered":"Crist\u00f3bal Col\u00f3n fund\u00f3 Santa Mar\u00eda de Bel\u00e9n"},"content":{"rendered":"<p>24.FEB.1503<\/p>\n<p>&nbsp;<\/p>\n<p>El 24 de febrero de 1503, en su cuarto viaje Crist\u00f3bal Col\u00f3n fund\u00f3 lo que fue el primer asentamiento espa\u00f1ol en territorio continental: Santa Mar\u00eda de Bel\u00e9n, dejando a cargo de la misma a su hermano Bartolom\u00e9. Una vez creada la colonia, lograron una alianza de paz con varias tribus ind\u00edgenas, principalmente con la del rey Quibi\u00e1n de Veragua (actual Rep\u00fablica de Panam\u00e1), el que se entrevist\u00f3 con Col\u00f3n a bordo de una de sus naves. Los espa\u00f1oles tuvieron frecuentes conflictos con los ind\u00edgenas, por lo que Bartolom\u00e9 orden\u00f3 el arresto del rey Quibi\u00e1n y toda su familia. El monarca logr\u00f3 escapar arroj\u00e1ndose al r\u00edo desde la canoa donde se encontraba encadenado, por lo que sus captores lo creyeron ahogado. Una vez en tierra, logr\u00f3 convencer a las dem\u00e1s tribus de atacar Santa Mar\u00eda de Bel\u00e9n. Luego de varios exitosos ataques por parte de los ind\u00edgenas, Santa Mar\u00eda de Bel\u00e9n fue abandonada por sus habitantes, quienes partieron nuevamente a Espa\u00f1a.<\/p>\n<p>&nbsp;<\/p>\n<p><img decoding=\"async\" src=\"https:\/\/upload.wikimedia.org\/wikipedia\/commons\/thumb\/c\/c2\/Portrait_of_a_Man%2C_Said_to_be_Christopher_Columbus.jpg\/220px-Portrait_of_a_Man%2C_Said_to_be_Christopher_Columbus.jpg\" alt=\"Resultado de imagen para Crist\u00f3bal Col\u00f3n\" \/><\/p>\n","protected":false},"excerpt":{"rendered":"<p>24.FEB.1503 &nbsp; El 24 de febrero de 1503, en su cuarto viaje Crist\u00f3bal Col\u00f3n fund\u00f3 lo que fue el primer asentamiento espa\u00f1ol en territorio continental: Santa Mar\u00eda de Bel\u00e9n, dejando a cargo de la misma a su hermano Bartolom\u00e9. Una vez creada la colonia, lograron una alianza de paz con varias tribus ind\u00edgenas, principalmente con&hellip;<\/p>\n","protected":false},"author":4,"featured_media":0,"comment_status":"closed","ping_status":"open","sticky":false,"template":"","format":"standard","meta":{"_jetpack_memberships_contains_paid_content":false,"footnotes":"","jetpack_publicize_message":"","jetpack_publicize_feature_enabled":true,"jetpack_social_post_already_shared":false,"jetpack_social_options":{"image_generator_settings":{"template":"highway","enabled":false}}},"categories":[1],"tags":[],"class_list":["post-4448","post","type-post","status-publish","format-standard","hentry","category-sin-categoria"],"jetpack_publicize_connections":[],"yoast_head":"<!-- This site is optimized with the Yoast SEO plugin v22.8 - https:\/\/yoast.com\/wordpress\/plugins\/seo\/ -->\r\n<title>Crist\u00f3bal Col\u00f3n fund\u00f3 Santa Mar\u00eda de Bel\u00e9n - Filarmonica UNINTER<\/title>\r\n<meta name=\"robots\" content=\"index, follow, max-snippet:-1, max-image-preview:large, max-video-preview:-1\" \/>\r\n<link rel=\"canonical\" href=\"https:\/\/blogs.uninter.edu.mx\/Filarmonica\/index.php\/2018\/02\/24\/cristobal-colon-fundo-santa-maria-de-belen\/\" \/>\r\n<meta property=\"og:locale\" content=\"es_MX\" \/>\r\n<meta property=\"og:type\" content=\"article\" \/>\r\n<meta property=\"og:title\" content=\"Crist\u00f3bal Col\u00f3n fund\u00f3 Santa Mar\u00eda de Bel\u00e9n - Filarmonica UNINTER\" \/>\r\n<meta property=\"og:description\" content=\"24.FEB.1503 &nbsp; El 24 de febrero de 1503, en su cuarto viaje Crist\u00f3bal Col\u00f3n fund\u00f3 lo que fue el primer asentamiento espa\u00f1ol en territorio continental: Santa Mar\u00eda de Bel\u00e9n, dejando a cargo de la misma a su hermano Bartolom\u00e9. Una vez creada la colonia, lograron una alianza de paz con varias tribus ind\u00edgenas, principalmente con&hellip;\" \/>\r\n<meta property=\"og:url\" content=\"https:\/\/blogs.uninter.edu.mx\/Filarmonica\/index.php\/2018\/02\/24\/cristobal-colon-fundo-santa-maria-de-belen\/\" \/>\r\n<meta property=\"og:site_name\" content=\"Filarmonica UNINTER\" \/>\r\n<meta property=\"article:published_time\" content=\"2018-02-24T23:18:40+00:00\" \/>\r\n<meta property=\"og:image\" content=\"https:\/\/upload.wikimedia.org\/wikipedia\/commons\/thumb\/c\/c2\/Portrait_of_a_Man%2C_Said_to_be_Christopher_Columbus.jpg\/220px-Portrait_of_a_Man%2C_Said_to_be_Christopher_Columbus.jpg\" \/>\r\n<meta name=\"author\" content=\"luzgalvez\" \/>\r\n<meta name=\"twitter:card\" content=\"summary_large_image\" \/>\r\n<meta name=\"twitter:label1\" content=\"Escrito por\" \/>\n\t<meta name=\"twitter:data1\" content=\"luzgalvez\" \/>\n\t<meta name=\"twitter:label2\" content=\"Tiempo de lectura\" \/>\n\t<meta name=\"twitter:data2\" content=\"1 minuto\" \/>\r\n<script type=\"application\/ld+json\" class=\"yoast-schema-graph\">{\"@context\":\"https:\/\/schema.org\",\"@graph\":[{\"@type\":\"WebPage\",\"@id\":\"https:\/\/blogs.uninter.edu.mx\/Filarmonica\/index.php\/2018\/02\/24\/cristobal-colon-fundo-santa-maria-de-belen\/\",\"url\":\"https:\/\/blogs.uninter.edu.mx\/Filarmonica\/index.php\/2018\/02\/24\/cristobal-colon-fundo-santa-maria-de-belen\/\",\"name\":\"Crist\u00f3bal Col\u00f3n fund\u00f3 Santa Mar\u00eda de Bel\u00e9n - Filarmonica UNINTER\",\"isPartOf\":{\"@id\":\"https:\/\/blogs.uninter.edu.mx\/Filarmonica\/#website\"},\"primaryImageOfPage\":{\"@id\":\"https:\/\/blogs.uninter.edu.mx\/Filarmonica\/index.php\/2018\/02\/24\/cristobal-colon-fundo-santa-maria-de-belen\/#primaryimage\"},\"image\":{\"@id\":\"https:\/\/blogs.uninter.edu.mx\/Filarmonica\/index.php\/2018\/02\/24\/cristobal-colon-fundo-santa-maria-de-belen\/#primaryimage\"},\"thumbnailUrl\":\"https:\/\/upload.wikimedia.org\/wikipedia\/commons\/thumb\/c\/c2\/Portrait_of_a_Man%2C_Said_to_be_Christopher_Columbus.jpg\/220px-Portrait_of_a_Man%2C_Said_to_be_Christopher_Columbus.jpg\",\"datePublished\":\"2018-02-24T23:18:40+00:00\",\"dateModified\":\"2018-02-24T23:18:40+00:00\",\"author\":{\"@id\":\"https:\/\/blogs.uninter.edu.mx\/Filarmonica\/#\/schema\/person\/5fdfc9be41d7a26b139afd4de61c3664\"},\"breadcrumb\":{\"@id\":\"https:\/\/blogs.uninter.edu.mx\/Filarmonica\/index.php\/2018\/02\/24\/cristobal-colon-fundo-santa-maria-de-belen\/#breadcrumb\"},\"inLanguage\":\"es-MX\",\"potentialAction\":[{\"@type\":\"ReadAction\",\"target\":[\"https:\/\/blogs.uninter.edu.mx\/Filarmonica\/index.php\/2018\/02\/24\/cristobal-colon-fundo-santa-maria-de-belen\/\"]}]},{\"@type\":\"ImageObject\",\"inLanguage\":\"es-MX\",\"@id\":\"https:\/\/blogs.uninter.edu.mx\/Filarmonica\/index.php\/2018\/02\/24\/cristobal-colon-fundo-santa-maria-de-belen\/#primaryimage\",\"url\":\"https:\/\/upload.wikimedia.org\/wikipedia\/commons\/thumb\/c\/c2\/Portrait_of_a_Man%2C_Said_to_be_Christopher_Columbus.jpg\/220px-Portrait_of_a_Man%2C_Said_to_be_Christopher_Columbus.jpg\",\"contentUrl\":\"https:\/\/upload.wikimedia.org\/wikipedia\/commons\/thumb\/c\/c2\/Portrait_of_a_Man%2C_Said_to_be_Christopher_Columbus.jpg\/220px-Portrait_of_a_Man%2C_Said_to_be_Christopher_Columbus.jpg\"},{\"@type\":\"BreadcrumbList\",\"@id\":\"https:\/\/blogs.uninter.edu.mx\/Filarmonica\/index.php\/2018\/02\/24\/cristobal-colon-fundo-santa-maria-de-belen\/#breadcrumb\",\"itemListElement\":[{\"@type\":\"ListItem\",\"position\":1,\"name\":\"Inicio\",\"item\":\"https:\/\/blogs.uninter.edu.mx\/Filarmonica\/\"},{\"@type\":\"ListItem\",\"position\":2,\"name\":\"Crist\u00f3bal Col\u00f3n fund\u00f3 Santa Mar\u00eda de Bel\u00e9n\"}]},{\"@type\":\"WebSite\",\"@id\":\"https:\/\/blogs.uninter.edu.mx\/Filarmonica\/#website\",\"url\":\"https:\/\/blogs.uninter.edu.mx\/Filarmonica\/\",\"name\":\"Filarmonica UNINTER\",\"description\":\"\",\"potentialAction\":[{\"@type\":\"SearchAction\",\"target\":{\"@type\":\"EntryPoint\",\"urlTemplate\":\"https:\/\/blogs.uninter.edu.mx\/Filarmonica\/?s={search_term_string}\"},\"query-input\":\"required name=search_term_string\"}],\"inLanguage\":\"es-MX\"},{\"@type\":\"Person\",\"@id\":\"https:\/\/blogs.uninter.edu.mx\/Filarmonica\/#\/schema\/person\/5fdfc9be41d7a26b139afd4de61c3664\",\"name\":\"luzgalvez\",\"image\":{\"@type\":\"ImageObject\",\"inLanguage\":\"es-MX\",\"@id\":\"https:\/\/blogs.uninter.edu.mx\/Filarmonica\/#\/schema\/person\/image\/\",\"url\":\"https:\/\/secure.gravatar.com\/avatar\/cf42be0541bffe97edcfdd314483f26481497b0a6a32669684590878e1ee0288?s=96&d=mm&r=g\",\"contentUrl\":\"https:\/\/secure.gravatar.com\/avatar\/cf42be0541bffe97edcfdd314483f26481497b0a6a32669684590878e1ee0288?s=96&d=mm&r=g\",\"caption\":\"luzgalvez\"},\"url\":\"https:\/\/blogs.uninter.edu.mx\/Filarmonica\/index.php\/author\/luzgalvez\/\"}]}<\/script>\r\n<!-- \/ Yoast SEO plugin. -->","yoast_head_json":{"title":"Crist\u00f3bal Col\u00f3n fund\u00f3 Santa Mar\u00eda de Bel\u00e9n - Filarmonica UNINTER","robots":{"index":"index","follow":"follow","max-snippet":"max-snippet:-1","max-image-preview":"max-image-preview:large","max-video-preview":"max-video-preview:-1"},"canonical":"https:\/\/blogs.uninter.edu.mx\/Filarmonica\/index.php\/2018\/02\/24\/cristobal-colon-fundo-santa-maria-de-belen\/","og_locale":"es_MX","og_type":"article","og_title":"Crist\u00f3bal Col\u00f3n fund\u00f3 Santa Mar\u00eda de Bel\u00e9n - Filarmonica UNINTER","og_description":"24.FEB.1503 &nbsp; El 24 de febrero de 1503, en su cuarto viaje Crist\u00f3bal Col\u00f3n fund\u00f3 lo que fue el primer asentamiento espa\u00f1ol en territorio continental: Santa Mar\u00eda de Bel\u00e9n, dejando a cargo de la misma a su hermano Bartolom\u00e9. Una vez creada la colonia, lograron una alianza de paz con varias tribus ind\u00edgenas, principalmente con&hellip;","og_url":"https:\/\/blogs.uninter.edu.mx\/Filarmonica\/index.php\/2018\/02\/24\/cristobal-colon-fundo-santa-maria-de-belen\/","og_site_name":"Filarmonica UNINTER","article_published_time":"2018-02-24T23:18:40+00:00","og_image":[{"url":"https:\/\/upload.wikimedia.org\/wikipedia\/commons\/thumb\/c\/c2\/Portrait_of_a_Man%2C_Said_to_be_Christopher_Columbus.jpg\/220px-Portrait_of_a_Man%2C_Said_to_be_Christopher_Columbus.jpg"}],"author":"luzgalvez","twitter_card":"summary_large_image","twitter_misc":{"Escrito por":"luzgalvez","Tiempo de lectura":"1 minuto"},"schema":{"@context":"https:\/\/schema.org","@graph":[{"@type":"WebPage","@id":"https:\/\/blogs.uninter.edu.mx\/Filarmonica\/index.php\/2018\/02\/24\/cristobal-colon-fundo-santa-maria-de-belen\/","url":"https:\/\/blogs.uninter.edu.mx\/Filarmonica\/index.php\/2018\/02\/24\/cristobal-colon-fundo-santa-maria-de-belen\/","name":"Crist\u00f3bal Col\u00f3n fund\u00f3 Santa Mar\u00eda de Bel\u00e9n - Filarmonica UNINTER","isPartOf":{"@id":"https:\/\/blogs.uninter.edu.mx\/Filarmonica\/#website"},"primaryImageOfPage":{"@id":"https:\/\/blogs.uninter.edu.mx\/Filarmonica\/index.php\/2018\/02\/24\/cristobal-colon-fundo-santa-maria-de-belen\/#primaryimage"},"image":{"@id":"https:\/\/blogs.uninter.edu.mx\/Filarmonica\/index.php\/2018\/02\/24\/cristobal-colon-fundo-santa-maria-de-belen\/#primaryimage"},"thumbnailUrl":"https:\/\/upload.wikimedia.org\/wikipedia\/commons\/thumb\/c\/c2\/Portrait_of_a_Man%2C_Said_to_be_Christopher_Columbus.jpg\/220px-Portrait_of_a_Man%2C_Said_to_be_Christopher_Columbus.jpg","datePublished":"2018-02-24T23:18:40+00:00","dateModified":"2018-02-24T23:18:40+00:00","author":{"@id":"https:\/\/blogs.uninter.edu.mx\/Filarmonica\/#\/schema\/person\/5fdfc9be41d7a26b139afd4de61c3664"},"breadcrumb":{"@id":"https:\/\/blogs.uninter.edu.mx\/Filarmonica\/index.php\/2018\/02\/24\/cristobal-colon-fundo-santa-maria-de-belen\/#breadcrumb"},"inLanguage":"es-MX","potentialAction":[{"@type":"ReadAction","target":["https:\/\/blogs.uninter.edu.mx\/Filarmonica\/index.php\/2018\/02\/24\/cristobal-colon-fundo-santa-maria-de-belen\/"]}]},{"@type":"ImageObject","inLanguage":"es-MX","@id":"https:\/\/blogs.uninter.edu.mx\/Filarmonica\/index.php\/2018\/02\/24\/cristobal-colon-fundo-santa-maria-de-belen\/#primaryimage","url":"https:\/\/upload.wikimedia.org\/wikipedia\/commons\/thumb\/c\/c2\/Portrait_of_a_Man%2C_Said_to_be_Christopher_Columbus.jpg\/220px-Portrait_of_a_Man%2C_Said_to_be_Christopher_Columbus.jpg","contentUrl":"https:\/\/upload.wikimedia.org\/wikipedia\/commons\/thumb\/c\/c2\/Portrait_of_a_Man%2C_Said_to_be_Christopher_Columbus.jpg\/220px-Portrait_of_a_Man%2C_Said_to_be_Christopher_Columbus.jpg"},{"@type":"BreadcrumbList","@id":"https:\/\/blogs.uninter.edu.mx\/Filarmonica\/index.php\/2018\/02\/24\/cristobal-colon-fundo-santa-maria-de-belen\/#breadcrumb","itemListElement":[{"@type":"ListItem","position":1,"name":"Inicio","item":"https:\/\/blogs.uninter.edu.mx\/Filarmonica\/"},{"@type":"ListItem","position":2,"name":"Crist\u00f3bal Col\u00f3n fund\u00f3 Santa Mar\u00eda de Bel\u00e9n"}]},{"@type":"WebSite","@id":"https:\/\/blogs.uninter.edu.mx\/Filarmonica\/#website","url":"https:\/\/blogs.uninter.edu.mx\/Filarmonica\/","name":"Filarmonica UNINTER","description":"","potentialAction":[{"@type":"SearchAction","target":{"@type":"EntryPoint","urlTemplate":"https:\/\/blogs.uninter.edu.mx\/Filarmonica\/?s={search_term_string}"},"query-input":"required name=search_term_string"}],"inLanguage":"es-MX"},{"@type":"Person","@id":"https:\/\/blogs.uninter.edu.mx\/Filarmonica\/#\/schema\/person\/5fdfc9be41d7a26b139afd4de61c3664","name":"luzgalvez","image":{"@type":"ImageObject","inLanguage":"es-MX","@id":"https:\/\/blogs.uninter.edu.mx\/Filarmonica\/#\/schema\/person\/image\/","url":"https:\/\/secure.gravatar.com\/avatar\/cf42be0541bffe97edcfdd314483f26481497b0a6a32669684590878e1ee0288?s=96&d=mm&r=g","contentUrl":"https:\/\/secure.gravatar.com\/avatar\/cf42be0541bffe97edcfdd314483f26481497b0a6a32669684590878e1ee0288?s=96&d=mm&r=g","caption":"luzgalvez"},"url":"https:\/\/blogs.uninter.edu.mx\/Filarmonica\/index.php\/author\/luzgalvez\/"}]}},"jetpack_featured_media_url":"","jetpack_sharing_enabled":true,"_links":{"self":[{"href":"https:\/\/blogs.uninter.edu.mx\/Filarmonica\/index.php\/wp-json\/wp\/v2\/posts\/4448","targetHints":{"allow":["GET"]}}],"collection":[{"href":"https:\/\/blogs.uninter.edu.mx\/Filarmonica\/index.php\/wp-json\/wp\/v2\/posts"}],"about":[{"href":"https:\/\/blogs.uninter.edu.mx\/Filarmonica\/index.php\/wp-json\/wp\/v2\/types\/post"}],"author":[{"embeddable":true,"href":"https:\/\/blogs.uninter.edu.mx\/Filarmonica\/index.php\/wp-json\/wp\/v2\/users\/4"}],"replies":[{"embeddable":true,"href":"https:\/\/blogs.uninter.edu.mx\/Filarmonica\/index.php\/wp-json\/wp\/v2\/comments?post=4448"}],"version-history":[{"count":0,"href":"https:\/\/blogs.uninter.edu.mx\/Filarmonica\/index.php\/wp-json\/wp\/v2\/posts\/4448\/revisions"}],"wp:attachment":[{"href":"https:\/\/blogs.uninter.edu.mx\/Filarmonica\/index.php\/wp-json\/wp\/v2\/media?parent=4448"}],"wp:term":[{"taxonomy":"category","embeddable":true,"href":"https:\/\/blogs.uninter.edu.mx\/Filarmonica\/index.php\/wp-json\/wp\/v2\/categories?post=4448"},{"taxonomy":"post_tag","embeddable":true,"href":"https:\/\/blogs.uninter.edu.mx\/Filarmonica\/index.php\/wp-json\/wp\/v2\/tags?post=4448"}],"curies":[{"name":"wp","href":"https:\/\/api.w.org\/{rel}","templated":true}]}}