{"id":4486,"date":"2018-04-07T17:46:07","date_gmt":"2018-04-07T22:46:07","guid":{"rendered":"http:\/\/filarmonicadecuernavaca.com\/?p=4486"},"modified":"2018-04-07T17:46:07","modified_gmt":"2018-04-07T22:46:07","slug":"la-orquesta-johann-strauss","status":"publish","type":"post","link":"https:\/\/blogs.uninter.edu.mx\/Filarmonica\/index.php\/2018\/04\/07\/la-orquesta-johann-strauss\/","title":{"rendered":"La Orquesta Johann Strauss"},"content":{"rendered":"<p>La Orquesta comenz\u00f3 en 1987 con 12 miembros, dando su primer concierto el 1 de enero de 1988. A lo largo de los a\u00f1os se ha expandido extraordinariamente, actuando actualmente con entre 80 y 150 m\u00fasicos.<\/p>\n<p>Rieu y su orquesta se han presentado en toda Europa, Am\u00e9rica del Norte y del Sur, Jap\u00f3n y Australia. El tama\u00f1o y los ingresos de sus recorridos s\u00f3lo rivalizan con los mayores actos de m\u00fasica pop y rock. En 2008, la extravagante gira de Rieu incluy\u00f3 una reproducci\u00f3n en tama\u00f1o completo del Castillo de la Emperatriz Sisi, el mayor escenario de la historia.<sup id=\"cite_ref-press.andrerieu.com_2-0\" class=\"reference separada\"><\/sup><\/p>\n<p>Rieu graba su repertorio tanto en DVD como en CD en sus propios estudios en Maastricht, en una amplia gama de m\u00fasica cl\u00e1sica, popular y folkl\u00f3rica, as\u00ed como m\u00fasica tem\u00e1tica de bandas sonoras conocidas y teatro musical . Sus animadas presentaciones orquestales, en t\u00e1ndem con un marketing eficaz, han atra\u00eddo a audiencias de todo el mundo a este subg\u00e9nero emergente de m\u00fasica cl\u00e1sica.<\/p>\n<p><img decoding=\"async\" src=\"https:\/\/www.andrerieu.com\/site\/assets\/files\/1374\/jso_1230x500px_v2.-slideshow.jpg\" alt=\"Resultado de imagen para La Orquesta Johann Strauss.\" \/><\/p>\n<p>Adem\u00e1s de dos premios de la m\u00fasica del mundo, las grabaciones de Rieu han ganado discos de oro y platino en muchos pa\u00edses, destacando en los Pa\u00edses Bajos, donde obtuvo 8 veces el disco de platino.<\/p>\n<p>Sus conciertos anuales de A\u00f1o Nuevo de Viena se han convertido en una tradici\u00f3n de vacaciones en las estaciones de radiodifusi\u00f3n p\u00fablicas. Durante dos semanas en 2013, uno de los canales del grupo\u00a0BSkyB,\u00a0Sky Arts 2\u00a0en el Reino Unido, fue renombrado como &#8220;Sky Arts Rieu&#8221;. Entre el 30 de marzo y el 14 de abril de 2013 Sky Arts Rieu retransmiti\u00f3 conciertos y documentales de Rieu 24 horas al d\u00eda.<sup id=\"cite_ref-3\" class=\"reference separada\"><\/sup><\/p>\n","protected":false},"excerpt":{"rendered":"<p>La Orquesta comenz\u00f3 en 1987 con 12 miembros, dando su primer concierto el 1 de enero de 1988. A lo largo de los a\u00f1os se ha expandido extraordinariamente, actuando actualmente con entre 80 y 150 m\u00fasicos. Rieu y su orquesta se han presentado en toda Europa, Am\u00e9rica del Norte y del Sur, Jap\u00f3n y Australia.&hellip;<\/p>\n","protected":false},"author":4,"featured_media":0,"comment_status":"closed","ping_status":"open","sticky":false,"template":"","format":"standard","meta":{"_jetpack_memberships_contains_paid_content":false,"footnotes":"","jetpack_publicize_message":"","jetpack_publicize_feature_enabled":true,"jetpack_social_post_already_shared":false,"jetpack_social_options":{"image_generator_settings":{"template":"highway","enabled":false}}},"categories":[1],"tags":[],"class_list":["post-4486","post","type-post","status-publish","format-standard","hentry","category-sin-categoria"],"jetpack_publicize_connections":[],"yoast_head":"<!-- This site is optimized with the Yoast SEO plugin v22.8 - https:\/\/yoast.com\/wordpress\/plugins\/seo\/ -->\r\n<title>La Orquesta Johann Strauss - Filarmonica UNINTER<\/title>\r\n<meta name=\"robots\" content=\"index, follow, max-snippet:-1, max-image-preview:large, max-video-preview:-1\" \/>\r\n<link rel=\"canonical\" href=\"https:\/\/blogs.uninter.edu.mx\/Filarmonica\/index.php\/2018\/04\/07\/la-orquesta-johann-strauss\/\" \/>\r\n<meta property=\"og:locale\" content=\"es_MX\" \/>\r\n<meta property=\"og:type\" content=\"article\" \/>\r\n<meta property=\"og:title\" content=\"La Orquesta Johann Strauss - Filarmonica UNINTER\" \/>\r\n<meta property=\"og:description\" content=\"La Orquesta comenz\u00f3 en 1987 con 12 miembros, dando su primer concierto el 1 de enero de 1988. A lo largo de los a\u00f1os se ha expandido extraordinariamente, actuando actualmente con entre 80 y 150 m\u00fasicos. Rieu y su orquesta se han presentado en toda Europa, Am\u00e9rica del Norte y del Sur, Jap\u00f3n y Australia.&hellip;\" \/>\r\n<meta property=\"og:url\" content=\"https:\/\/blogs.uninter.edu.mx\/Filarmonica\/index.php\/2018\/04\/07\/la-orquesta-johann-strauss\/\" \/>\r\n<meta property=\"og:site_name\" content=\"Filarmonica UNINTER\" \/>\r\n<meta property=\"article:published_time\" content=\"2018-04-07T22:46:07+00:00\" \/>\r\n<meta property=\"og:image\" content=\"https:\/\/www.andrerieu.com\/site\/assets\/files\/1374\/jso_1230x500px_v2.-slideshow.jpg\" \/>\r\n<meta name=\"author\" content=\"luzgalvez\" \/>\r\n<meta name=\"twitter:card\" content=\"summary_large_image\" \/>\r\n<meta name=\"twitter:label1\" content=\"Escrito por\" \/>\n\t<meta name=\"twitter:data1\" content=\"luzgalvez\" \/>\n\t<meta name=\"twitter:label2\" content=\"Tiempo de lectura\" \/>\n\t<meta name=\"twitter:data2\" content=\"1 minuto\" \/>\r\n<script type=\"application\/ld+json\" class=\"yoast-schema-graph\">{\"@context\":\"https:\/\/schema.org\",\"@graph\":[{\"@type\":\"WebPage\",\"@id\":\"https:\/\/blogs.uninter.edu.mx\/Filarmonica\/index.php\/2018\/04\/07\/la-orquesta-johann-strauss\/\",\"url\":\"https:\/\/blogs.uninter.edu.mx\/Filarmonica\/index.php\/2018\/04\/07\/la-orquesta-johann-strauss\/\",\"name\":\"La Orquesta Johann Strauss - Filarmonica UNINTER\",\"isPartOf\":{\"@id\":\"https:\/\/blogs.uninter.edu.mx\/Filarmonica\/#website\"},\"primaryImageOfPage\":{\"@id\":\"https:\/\/blogs.uninter.edu.mx\/Filarmonica\/index.php\/2018\/04\/07\/la-orquesta-johann-strauss\/#primaryimage\"},\"image\":{\"@id\":\"https:\/\/blogs.uninter.edu.mx\/Filarmonica\/index.php\/2018\/04\/07\/la-orquesta-johann-strauss\/#primaryimage\"},\"thumbnailUrl\":\"https:\/\/www.andrerieu.com\/site\/assets\/files\/1374\/jso_1230x500px_v2.-slideshow.jpg\",\"datePublished\":\"2018-04-07T22:46:07+00:00\",\"dateModified\":\"2018-04-07T22:46:07+00:00\",\"author\":{\"@id\":\"https:\/\/blogs.uninter.edu.mx\/Filarmonica\/#\/schema\/person\/5fdfc9be41d7a26b139afd4de61c3664\"},\"breadcrumb\":{\"@id\":\"https:\/\/blogs.uninter.edu.mx\/Filarmonica\/index.php\/2018\/04\/07\/la-orquesta-johann-strauss\/#breadcrumb\"},\"inLanguage\":\"es-MX\",\"potentialAction\":[{\"@type\":\"ReadAction\",\"target\":[\"https:\/\/blogs.uninter.edu.mx\/Filarmonica\/index.php\/2018\/04\/07\/la-orquesta-johann-strauss\/\"]}]},{\"@type\":\"ImageObject\",\"inLanguage\":\"es-MX\",\"@id\":\"https:\/\/blogs.uninter.edu.mx\/Filarmonica\/index.php\/2018\/04\/07\/la-orquesta-johann-strauss\/#primaryimage\",\"url\":\"https:\/\/www.andrerieu.com\/site\/assets\/files\/1374\/jso_1230x500px_v2.-slideshow.jpg\",\"contentUrl\":\"https:\/\/www.andrerieu.com\/site\/assets\/files\/1374\/jso_1230x500px_v2.-slideshow.jpg\"},{\"@type\":\"BreadcrumbList\",\"@id\":\"https:\/\/blogs.uninter.edu.mx\/Filarmonica\/index.php\/2018\/04\/07\/la-orquesta-johann-strauss\/#breadcrumb\",\"itemListElement\":[{\"@type\":\"ListItem\",\"position\":1,\"name\":\"Inicio\",\"item\":\"https:\/\/blogs.uninter.edu.mx\/Filarmonica\/\"},{\"@type\":\"ListItem\",\"position\":2,\"name\":\"La Orquesta Johann Strauss\"}]},{\"@type\":\"WebSite\",\"@id\":\"https:\/\/blogs.uninter.edu.mx\/Filarmonica\/#website\",\"url\":\"https:\/\/blogs.uninter.edu.mx\/Filarmonica\/\",\"name\":\"Filarmonica UNINTER\",\"description\":\"\",\"potentialAction\":[{\"@type\":\"SearchAction\",\"target\":{\"@type\":\"EntryPoint\",\"urlTemplate\":\"https:\/\/blogs.uninter.edu.mx\/Filarmonica\/?s={search_term_string}\"},\"query-input\":\"required name=search_term_string\"}],\"inLanguage\":\"es-MX\"},{\"@type\":\"Person\",\"@id\":\"https:\/\/blogs.uninter.edu.mx\/Filarmonica\/#\/schema\/person\/5fdfc9be41d7a26b139afd4de61c3664\",\"name\":\"luzgalvez\",\"image\":{\"@type\":\"ImageObject\",\"inLanguage\":\"es-MX\",\"@id\":\"https:\/\/blogs.uninter.edu.mx\/Filarmonica\/#\/schema\/person\/image\/\",\"url\":\"https:\/\/secure.gravatar.com\/avatar\/cf42be0541bffe97edcfdd314483f26481497b0a6a32669684590878e1ee0288?s=96&d=mm&r=g\",\"contentUrl\":\"https:\/\/secure.gravatar.com\/avatar\/cf42be0541bffe97edcfdd314483f26481497b0a6a32669684590878e1ee0288?s=96&d=mm&r=g\",\"caption\":\"luzgalvez\"},\"url\":\"https:\/\/blogs.uninter.edu.mx\/Filarmonica\/index.php\/author\/luzgalvez\/\"}]}<\/script>\r\n<!-- \/ Yoast SEO plugin. -->","yoast_head_json":{"title":"La Orquesta Johann Strauss - Filarmonica UNINTER","robots":{"index":"index","follow":"follow","max-snippet":"max-snippet:-1","max-image-preview":"max-image-preview:large","max-video-preview":"max-video-preview:-1"},"canonical":"https:\/\/blogs.uninter.edu.mx\/Filarmonica\/index.php\/2018\/04\/07\/la-orquesta-johann-strauss\/","og_locale":"es_MX","og_type":"article","og_title":"La Orquesta Johann Strauss - Filarmonica UNINTER","og_description":"La Orquesta comenz\u00f3 en 1987 con 12 miembros, dando su primer concierto el 1 de enero de 1988. A lo largo de los a\u00f1os se ha expandido extraordinariamente, actuando actualmente con entre 80 y 150 m\u00fasicos. Rieu y su orquesta se han presentado en toda Europa, Am\u00e9rica del Norte y del Sur, Jap\u00f3n y Australia.&hellip;","og_url":"https:\/\/blogs.uninter.edu.mx\/Filarmonica\/index.php\/2018\/04\/07\/la-orquesta-johann-strauss\/","og_site_name":"Filarmonica UNINTER","article_published_time":"2018-04-07T22:46:07+00:00","og_image":[{"url":"https:\/\/www.andrerieu.com\/site\/assets\/files\/1374\/jso_1230x500px_v2.-slideshow.jpg"}],"author":"luzgalvez","twitter_card":"summary_large_image","twitter_misc":{"Escrito por":"luzgalvez","Tiempo de lectura":"1 minuto"},"schema":{"@context":"https:\/\/schema.org","@graph":[{"@type":"WebPage","@id":"https:\/\/blogs.uninter.edu.mx\/Filarmonica\/index.php\/2018\/04\/07\/la-orquesta-johann-strauss\/","url":"https:\/\/blogs.uninter.edu.mx\/Filarmonica\/index.php\/2018\/04\/07\/la-orquesta-johann-strauss\/","name":"La Orquesta Johann Strauss - Filarmonica UNINTER","isPartOf":{"@id":"https:\/\/blogs.uninter.edu.mx\/Filarmonica\/#website"},"primaryImageOfPage":{"@id":"https:\/\/blogs.uninter.edu.mx\/Filarmonica\/index.php\/2018\/04\/07\/la-orquesta-johann-strauss\/#primaryimage"},"image":{"@id":"https:\/\/blogs.uninter.edu.mx\/Filarmonica\/index.php\/2018\/04\/07\/la-orquesta-johann-strauss\/#primaryimage"},"thumbnailUrl":"https:\/\/www.andrerieu.com\/site\/assets\/files\/1374\/jso_1230x500px_v2.-slideshow.jpg","datePublished":"2018-04-07T22:46:07+00:00","dateModified":"2018-04-07T22:46:07+00:00","author":{"@id":"https:\/\/blogs.uninter.edu.mx\/Filarmonica\/#\/schema\/person\/5fdfc9be41d7a26b139afd4de61c3664"},"breadcrumb":{"@id":"https:\/\/blogs.uninter.edu.mx\/Filarmonica\/index.php\/2018\/04\/07\/la-orquesta-johann-strauss\/#breadcrumb"},"inLanguage":"es-MX","potentialAction":[{"@type":"ReadAction","target":["https:\/\/blogs.uninter.edu.mx\/Filarmonica\/index.php\/2018\/04\/07\/la-orquesta-johann-strauss\/"]}]},{"@type":"ImageObject","inLanguage":"es-MX","@id":"https:\/\/blogs.uninter.edu.mx\/Filarmonica\/index.php\/2018\/04\/07\/la-orquesta-johann-strauss\/#primaryimage","url":"https:\/\/www.andrerieu.com\/site\/assets\/files\/1374\/jso_1230x500px_v2.-slideshow.jpg","contentUrl":"https:\/\/www.andrerieu.com\/site\/assets\/files\/1374\/jso_1230x500px_v2.-slideshow.jpg"},{"@type":"BreadcrumbList","@id":"https:\/\/blogs.uninter.edu.mx\/Filarmonica\/index.php\/2018\/04\/07\/la-orquesta-johann-strauss\/#breadcrumb","itemListElement":[{"@type":"ListItem","position":1,"name":"Inicio","item":"https:\/\/blogs.uninter.edu.mx\/Filarmonica\/"},{"@type":"ListItem","position":2,"name":"La Orquesta Johann Strauss"}]},{"@type":"WebSite","@id":"https:\/\/blogs.uninter.edu.mx\/Filarmonica\/#website","url":"https:\/\/blogs.uninter.edu.mx\/Filarmonica\/","name":"Filarmonica UNINTER","description":"","potentialAction":[{"@type":"SearchAction","target":{"@type":"EntryPoint","urlTemplate":"https:\/\/blogs.uninter.edu.mx\/Filarmonica\/?s={search_term_string}"},"query-input":"required name=search_term_string"}],"inLanguage":"es-MX"},{"@type":"Person","@id":"https:\/\/blogs.uninter.edu.mx\/Filarmonica\/#\/schema\/person\/5fdfc9be41d7a26b139afd4de61c3664","name":"luzgalvez","image":{"@type":"ImageObject","inLanguage":"es-MX","@id":"https:\/\/blogs.uninter.edu.mx\/Filarmonica\/#\/schema\/person\/image\/","url":"https:\/\/secure.gravatar.com\/avatar\/cf42be0541bffe97edcfdd314483f26481497b0a6a32669684590878e1ee0288?s=96&d=mm&r=g","contentUrl":"https:\/\/secure.gravatar.com\/avatar\/cf42be0541bffe97edcfdd314483f26481497b0a6a32669684590878e1ee0288?s=96&d=mm&r=g","caption":"luzgalvez"},"url":"https:\/\/blogs.uninter.edu.mx\/Filarmonica\/index.php\/author\/luzgalvez\/"}]}},"jetpack_featured_media_url":"","jetpack_sharing_enabled":true,"_links":{"self":[{"href":"https:\/\/blogs.uninter.edu.mx\/Filarmonica\/index.php\/wp-json\/wp\/v2\/posts\/4486","targetHints":{"allow":["GET"]}}],"collection":[{"href":"https:\/\/blogs.uninter.edu.mx\/Filarmonica\/index.php\/wp-json\/wp\/v2\/posts"}],"about":[{"href":"https:\/\/blogs.uninter.edu.mx\/Filarmonica\/index.php\/wp-json\/wp\/v2\/types\/post"}],"author":[{"embeddable":true,"href":"https:\/\/blogs.uninter.edu.mx\/Filarmonica\/index.php\/wp-json\/wp\/v2\/users\/4"}],"replies":[{"embeddable":true,"href":"https:\/\/blogs.uninter.edu.mx\/Filarmonica\/index.php\/wp-json\/wp\/v2\/comments?post=4486"}],"version-history":[{"count":0,"href":"https:\/\/blogs.uninter.edu.mx\/Filarmonica\/index.php\/wp-json\/wp\/v2\/posts\/4486\/revisions"}],"wp:attachment":[{"href":"https:\/\/blogs.uninter.edu.mx\/Filarmonica\/index.php\/wp-json\/wp\/v2\/media?parent=4486"}],"wp:term":[{"taxonomy":"category","embeddable":true,"href":"https:\/\/blogs.uninter.edu.mx\/Filarmonica\/index.php\/wp-json\/wp\/v2\/categories?post=4486"},{"taxonomy":"post_tag","embeddable":true,"href":"https:\/\/blogs.uninter.edu.mx\/Filarmonica\/index.php\/wp-json\/wp\/v2\/tags?post=4486"}],"curies":[{"name":"wp","href":"https:\/\/api.w.org\/{rel}","templated":true}]}}