{"id":4488,"date":"2018-04-10T18:54:49","date_gmt":"2018-04-10T23:54:49","guid":{"rendered":"http:\/\/filarmonicadecuernavaca.com\/?p=4488"},"modified":"2018-04-10T18:54:49","modified_gmt":"2018-04-10T23:54:49","slug":"paul-mccartney-anuncia-la-separacion-de-the-beatles","status":"publish","type":"post","link":"https:\/\/blogs.uninter.edu.mx\/Filarmonica\/index.php\/2018\/04\/10\/paul-mccartney-anuncia-la-separacion-de-the-beatles\/","title":{"rendered":"Paul McCartney anuncia la separaci\u00f3n de The Beatles."},"content":{"rendered":"<div class=\"hstEntry__share\">\n<div class=\"sharethis-wrapper\"><\/div>\n<\/div>\n<p>Un d\u00eda como hoy, pero en 1970, Paul McCartney anunci\u00f3 la separaci\u00f3n de los Beatles. Se hablaron de muchos motivos que llevaron al final de la banda: la desaparici\u00f3n del esp\u00edritu de equipo, la muerte de Brian Epstein, el m\u00e1nager y la aparici\u00f3n de Yoko Ono en la vida de John Lennon.<\/p>\n<p>La noticia sorprendi\u00f3 al mundo. El reconocido bajista y compositor ten\u00eda otros proyectos en mente que marcaron el final del grupo. Fuentes de Apple anunciaron que McCartney no estaba en contacto con John Lennon desde agosto de 1969.<\/p>\n<p>&#8220;Los Beatles fueron un simple producto comercial. Ten\u00edan \u00e9xito en el mercado y cosecharon una verdadera fortuna. Pero pese a los millones y a la fama no cambiaron nada en el mundo, ni una flor ni una injusticia&#8221;, cont\u00f3 John Lennon.<\/p>\n<p>Let it be fue el \u00faltimo trabajo publicado de la banda.<\/p>\n<p><img decoding=\"async\" src=\"http:\/\/historiasbeatles.com\/wp-content\/uploads\/2017\/09\/beatles-5.jpg\" alt=\"Resultado de imagen para Paul McCartney anuncia la separaci\u00c3\u00b3n de The Beatles\" \/><\/p>\n","protected":false},"excerpt":{"rendered":"<p>Un d\u00eda como hoy, pero en 1970, Paul McCartney anunci\u00f3 la separaci\u00f3n de los Beatles. Se hablaron de muchos motivos que llevaron al final de la banda: la desaparici\u00f3n del esp\u00edritu de equipo, la muerte de Brian Epstein, el m\u00e1nager y la aparici\u00f3n de Yoko Ono en la vida de John Lennon. La noticia sorprendi\u00f3&hellip;<\/p>\n","protected":false},"author":4,"featured_media":0,"comment_status":"closed","ping_status":"open","sticky":false,"template":"","format":"standard","meta":{"_jetpack_memberships_contains_paid_content":false,"footnotes":"","jetpack_publicize_message":"","jetpack_publicize_feature_enabled":true,"jetpack_social_post_already_shared":false,"jetpack_social_options":{"image_generator_settings":{"template":"highway","enabled":false}}},"categories":[1],"tags":[],"class_list":["post-4488","post","type-post","status-publish","format-standard","hentry","category-sin-categoria"],"jetpack_publicize_connections":[],"yoast_head":"<!-- This site is optimized with the Yoast SEO plugin v22.8 - https:\/\/yoast.com\/wordpress\/plugins\/seo\/ -->\r\n<title>Paul McCartney anuncia la separaci\u00f3n de The Beatles. - Filarmonica UNINTER<\/title>\r\n<meta name=\"robots\" content=\"index, follow, max-snippet:-1, max-image-preview:large, max-video-preview:-1\" \/>\r\n<link rel=\"canonical\" href=\"https:\/\/blogs.uninter.edu.mx\/Filarmonica\/index.php\/2018\/04\/10\/paul-mccartney-anuncia-la-separacion-de-the-beatles\/\" \/>\r\n<meta property=\"og:locale\" content=\"es_MX\" \/>\r\n<meta property=\"og:type\" content=\"article\" \/>\r\n<meta property=\"og:title\" content=\"Paul McCartney anuncia la separaci\u00f3n de The Beatles. - Filarmonica UNINTER\" \/>\r\n<meta property=\"og:description\" content=\"Un d\u00eda como hoy, pero en 1970, Paul McCartney anunci\u00f3 la separaci\u00f3n de los Beatles. Se hablaron de muchos motivos que llevaron al final de la banda: la desaparici\u00f3n del esp\u00edritu de equipo, la muerte de Brian Epstein, el m\u00e1nager y la aparici\u00f3n de Yoko Ono en la vida de John Lennon. La noticia sorprendi\u00f3&hellip;\" \/>\r\n<meta property=\"og:url\" content=\"https:\/\/blogs.uninter.edu.mx\/Filarmonica\/index.php\/2018\/04\/10\/paul-mccartney-anuncia-la-separacion-de-the-beatles\/\" \/>\r\n<meta property=\"og:site_name\" content=\"Filarmonica UNINTER\" \/>\r\n<meta property=\"article:published_time\" content=\"2018-04-10T23:54:49+00:00\" \/>\r\n<meta property=\"og:image\" content=\"http:\/\/historiasbeatles.com\/wp-content\/uploads\/2017\/09\/beatles-5.jpg\" \/>\r\n<meta name=\"author\" content=\"luzgalvez\" \/>\r\n<meta name=\"twitter:card\" content=\"summary_large_image\" \/>\r\n<meta name=\"twitter:label1\" content=\"Escrito por\" \/>\n\t<meta name=\"twitter:data1\" content=\"luzgalvez\" \/>\n\t<meta name=\"twitter:label2\" content=\"Tiempo de lectura\" \/>\n\t<meta name=\"twitter:data2\" content=\"1 minuto\" \/>\r\n<script type=\"application\/ld+json\" class=\"yoast-schema-graph\">{\"@context\":\"https:\/\/schema.org\",\"@graph\":[{\"@type\":\"WebPage\",\"@id\":\"https:\/\/blogs.uninter.edu.mx\/Filarmonica\/index.php\/2018\/04\/10\/paul-mccartney-anuncia-la-separacion-de-the-beatles\/\",\"url\":\"https:\/\/blogs.uninter.edu.mx\/Filarmonica\/index.php\/2018\/04\/10\/paul-mccartney-anuncia-la-separacion-de-the-beatles\/\",\"name\":\"Paul McCartney anuncia la separaci\u00f3n de The Beatles. - Filarmonica UNINTER\",\"isPartOf\":{\"@id\":\"https:\/\/blogs.uninter.edu.mx\/Filarmonica\/#website\"},\"primaryImageOfPage\":{\"@id\":\"https:\/\/blogs.uninter.edu.mx\/Filarmonica\/index.php\/2018\/04\/10\/paul-mccartney-anuncia-la-separacion-de-the-beatles\/#primaryimage\"},\"image\":{\"@id\":\"https:\/\/blogs.uninter.edu.mx\/Filarmonica\/index.php\/2018\/04\/10\/paul-mccartney-anuncia-la-separacion-de-the-beatles\/#primaryimage\"},\"thumbnailUrl\":\"http:\/\/historiasbeatles.com\/wp-content\/uploads\/2017\/09\/beatles-5.jpg\",\"datePublished\":\"2018-04-10T23:54:49+00:00\",\"dateModified\":\"2018-04-10T23:54:49+00:00\",\"author\":{\"@id\":\"https:\/\/blogs.uninter.edu.mx\/Filarmonica\/#\/schema\/person\/5fdfc9be41d7a26b139afd4de61c3664\"},\"breadcrumb\":{\"@id\":\"https:\/\/blogs.uninter.edu.mx\/Filarmonica\/index.php\/2018\/04\/10\/paul-mccartney-anuncia-la-separacion-de-the-beatles\/#breadcrumb\"},\"inLanguage\":\"es-MX\",\"potentialAction\":[{\"@type\":\"ReadAction\",\"target\":[\"https:\/\/blogs.uninter.edu.mx\/Filarmonica\/index.php\/2018\/04\/10\/paul-mccartney-anuncia-la-separacion-de-the-beatles\/\"]}]},{\"@type\":\"ImageObject\",\"inLanguage\":\"es-MX\",\"@id\":\"https:\/\/blogs.uninter.edu.mx\/Filarmonica\/index.php\/2018\/04\/10\/paul-mccartney-anuncia-la-separacion-de-the-beatles\/#primaryimage\",\"url\":\"http:\/\/historiasbeatles.com\/wp-content\/uploads\/2017\/09\/beatles-5.jpg\",\"contentUrl\":\"http:\/\/historiasbeatles.com\/wp-content\/uploads\/2017\/09\/beatles-5.jpg\"},{\"@type\":\"BreadcrumbList\",\"@id\":\"https:\/\/blogs.uninter.edu.mx\/Filarmonica\/index.php\/2018\/04\/10\/paul-mccartney-anuncia-la-separacion-de-the-beatles\/#breadcrumb\",\"itemListElement\":[{\"@type\":\"ListItem\",\"position\":1,\"name\":\"Inicio\",\"item\":\"https:\/\/blogs.uninter.edu.mx\/Filarmonica\/\"},{\"@type\":\"ListItem\",\"position\":2,\"name\":\"Paul McCartney anuncia la separaci\u00f3n de The Beatles.\"}]},{\"@type\":\"WebSite\",\"@id\":\"https:\/\/blogs.uninter.edu.mx\/Filarmonica\/#website\",\"url\":\"https:\/\/blogs.uninter.edu.mx\/Filarmonica\/\",\"name\":\"Filarmonica UNINTER\",\"description\":\"\",\"potentialAction\":[{\"@type\":\"SearchAction\",\"target\":{\"@type\":\"EntryPoint\",\"urlTemplate\":\"https:\/\/blogs.uninter.edu.mx\/Filarmonica\/?s={search_term_string}\"},\"query-input\":\"required name=search_term_string\"}],\"inLanguage\":\"es-MX\"},{\"@type\":\"Person\",\"@id\":\"https:\/\/blogs.uninter.edu.mx\/Filarmonica\/#\/schema\/person\/5fdfc9be41d7a26b139afd4de61c3664\",\"name\":\"luzgalvez\",\"image\":{\"@type\":\"ImageObject\",\"inLanguage\":\"es-MX\",\"@id\":\"https:\/\/blogs.uninter.edu.mx\/Filarmonica\/#\/schema\/person\/image\/\",\"url\":\"https:\/\/secure.gravatar.com\/avatar\/cf42be0541bffe97edcfdd314483f26481497b0a6a32669684590878e1ee0288?s=96&d=mm&r=g\",\"contentUrl\":\"https:\/\/secure.gravatar.com\/avatar\/cf42be0541bffe97edcfdd314483f26481497b0a6a32669684590878e1ee0288?s=96&d=mm&r=g\",\"caption\":\"luzgalvez\"},\"url\":\"https:\/\/blogs.uninter.edu.mx\/Filarmonica\/index.php\/author\/luzgalvez\/\"}]}<\/script>\r\n<!-- \/ Yoast SEO plugin. -->","yoast_head_json":{"title":"Paul McCartney anuncia la separaci\u00f3n de The Beatles. - Filarmonica UNINTER","robots":{"index":"index","follow":"follow","max-snippet":"max-snippet:-1","max-image-preview":"max-image-preview:large","max-video-preview":"max-video-preview:-1"},"canonical":"https:\/\/blogs.uninter.edu.mx\/Filarmonica\/index.php\/2018\/04\/10\/paul-mccartney-anuncia-la-separacion-de-the-beatles\/","og_locale":"es_MX","og_type":"article","og_title":"Paul McCartney anuncia la separaci\u00f3n de The Beatles. - Filarmonica UNINTER","og_description":"Un d\u00eda como hoy, pero en 1970, Paul McCartney anunci\u00f3 la separaci\u00f3n de los Beatles. Se hablaron de muchos motivos que llevaron al final de la banda: la desaparici\u00f3n del esp\u00edritu de equipo, la muerte de Brian Epstein, el m\u00e1nager y la aparici\u00f3n de Yoko Ono en la vida de John Lennon. La noticia sorprendi\u00f3&hellip;","og_url":"https:\/\/blogs.uninter.edu.mx\/Filarmonica\/index.php\/2018\/04\/10\/paul-mccartney-anuncia-la-separacion-de-the-beatles\/","og_site_name":"Filarmonica UNINTER","article_published_time":"2018-04-10T23:54:49+00:00","og_image":[{"url":"http:\/\/historiasbeatles.com\/wp-content\/uploads\/2017\/09\/beatles-5.jpg"}],"author":"luzgalvez","twitter_card":"summary_large_image","twitter_misc":{"Escrito por":"luzgalvez","Tiempo de lectura":"1 minuto"},"schema":{"@context":"https:\/\/schema.org","@graph":[{"@type":"WebPage","@id":"https:\/\/blogs.uninter.edu.mx\/Filarmonica\/index.php\/2018\/04\/10\/paul-mccartney-anuncia-la-separacion-de-the-beatles\/","url":"https:\/\/blogs.uninter.edu.mx\/Filarmonica\/index.php\/2018\/04\/10\/paul-mccartney-anuncia-la-separacion-de-the-beatles\/","name":"Paul McCartney anuncia la separaci\u00f3n de The Beatles. - Filarmonica UNINTER","isPartOf":{"@id":"https:\/\/blogs.uninter.edu.mx\/Filarmonica\/#website"},"primaryImageOfPage":{"@id":"https:\/\/blogs.uninter.edu.mx\/Filarmonica\/index.php\/2018\/04\/10\/paul-mccartney-anuncia-la-separacion-de-the-beatles\/#primaryimage"},"image":{"@id":"https:\/\/blogs.uninter.edu.mx\/Filarmonica\/index.php\/2018\/04\/10\/paul-mccartney-anuncia-la-separacion-de-the-beatles\/#primaryimage"},"thumbnailUrl":"http:\/\/historiasbeatles.com\/wp-content\/uploads\/2017\/09\/beatles-5.jpg","datePublished":"2018-04-10T23:54:49+00:00","dateModified":"2018-04-10T23:54:49+00:00","author":{"@id":"https:\/\/blogs.uninter.edu.mx\/Filarmonica\/#\/schema\/person\/5fdfc9be41d7a26b139afd4de61c3664"},"breadcrumb":{"@id":"https:\/\/blogs.uninter.edu.mx\/Filarmonica\/index.php\/2018\/04\/10\/paul-mccartney-anuncia-la-separacion-de-the-beatles\/#breadcrumb"},"inLanguage":"es-MX","potentialAction":[{"@type":"ReadAction","target":["https:\/\/blogs.uninter.edu.mx\/Filarmonica\/index.php\/2018\/04\/10\/paul-mccartney-anuncia-la-separacion-de-the-beatles\/"]}]},{"@type":"ImageObject","inLanguage":"es-MX","@id":"https:\/\/blogs.uninter.edu.mx\/Filarmonica\/index.php\/2018\/04\/10\/paul-mccartney-anuncia-la-separacion-de-the-beatles\/#primaryimage","url":"http:\/\/historiasbeatles.com\/wp-content\/uploads\/2017\/09\/beatles-5.jpg","contentUrl":"http:\/\/historiasbeatles.com\/wp-content\/uploads\/2017\/09\/beatles-5.jpg"},{"@type":"BreadcrumbList","@id":"https:\/\/blogs.uninter.edu.mx\/Filarmonica\/index.php\/2018\/04\/10\/paul-mccartney-anuncia-la-separacion-de-the-beatles\/#breadcrumb","itemListElement":[{"@type":"ListItem","position":1,"name":"Inicio","item":"https:\/\/blogs.uninter.edu.mx\/Filarmonica\/"},{"@type":"ListItem","position":2,"name":"Paul McCartney anuncia la separaci\u00f3n de The Beatles."}]},{"@type":"WebSite","@id":"https:\/\/blogs.uninter.edu.mx\/Filarmonica\/#website","url":"https:\/\/blogs.uninter.edu.mx\/Filarmonica\/","name":"Filarmonica UNINTER","description":"","potentialAction":[{"@type":"SearchAction","target":{"@type":"EntryPoint","urlTemplate":"https:\/\/blogs.uninter.edu.mx\/Filarmonica\/?s={search_term_string}"},"query-input":"required name=search_term_string"}],"inLanguage":"es-MX"},{"@type":"Person","@id":"https:\/\/blogs.uninter.edu.mx\/Filarmonica\/#\/schema\/person\/5fdfc9be41d7a26b139afd4de61c3664","name":"luzgalvez","image":{"@type":"ImageObject","inLanguage":"es-MX","@id":"https:\/\/blogs.uninter.edu.mx\/Filarmonica\/#\/schema\/person\/image\/","url":"https:\/\/secure.gravatar.com\/avatar\/cf42be0541bffe97edcfdd314483f26481497b0a6a32669684590878e1ee0288?s=96&d=mm&r=g","contentUrl":"https:\/\/secure.gravatar.com\/avatar\/cf42be0541bffe97edcfdd314483f26481497b0a6a32669684590878e1ee0288?s=96&d=mm&r=g","caption":"luzgalvez"},"url":"https:\/\/blogs.uninter.edu.mx\/Filarmonica\/index.php\/author\/luzgalvez\/"}]}},"jetpack_featured_media_url":"","jetpack_sharing_enabled":true,"_links":{"self":[{"href":"https:\/\/blogs.uninter.edu.mx\/Filarmonica\/index.php\/wp-json\/wp\/v2\/posts\/4488","targetHints":{"allow":["GET"]}}],"collection":[{"href":"https:\/\/blogs.uninter.edu.mx\/Filarmonica\/index.php\/wp-json\/wp\/v2\/posts"}],"about":[{"href":"https:\/\/blogs.uninter.edu.mx\/Filarmonica\/index.php\/wp-json\/wp\/v2\/types\/post"}],"author":[{"embeddable":true,"href":"https:\/\/blogs.uninter.edu.mx\/Filarmonica\/index.php\/wp-json\/wp\/v2\/users\/4"}],"replies":[{"embeddable":true,"href":"https:\/\/blogs.uninter.edu.mx\/Filarmonica\/index.php\/wp-json\/wp\/v2\/comments?post=4488"}],"version-history":[{"count":0,"href":"https:\/\/blogs.uninter.edu.mx\/Filarmonica\/index.php\/wp-json\/wp\/v2\/posts\/4488\/revisions"}],"wp:attachment":[{"href":"https:\/\/blogs.uninter.edu.mx\/Filarmonica\/index.php\/wp-json\/wp\/v2\/media?parent=4488"}],"wp:term":[{"taxonomy":"category","embeddable":true,"href":"https:\/\/blogs.uninter.edu.mx\/Filarmonica\/index.php\/wp-json\/wp\/v2\/categories?post=4488"},{"taxonomy":"post_tag","embeddable":true,"href":"https:\/\/blogs.uninter.edu.mx\/Filarmonica\/index.php\/wp-json\/wp\/v2\/tags?post=4488"}],"curies":[{"name":"wp","href":"https:\/\/api.w.org\/{rel}","templated":true}]}}