{"id":4494,"date":"2018-05-03T15:21:44","date_gmt":"2018-05-03T20:21:44","guid":{"rendered":"http:\/\/filarmonicadecuernavaca.com\/?p=4494"},"modified":"2018-05-03T15:21:44","modified_gmt":"2018-05-03T20:21:44","slug":"un-ejercito-patriota-mexicano-logra-escapar-al-asedio-en-la-ciudad-de-cuautla","status":"publish","type":"post","link":"https:\/\/blogs.uninter.edu.mx\/Filarmonica\/index.php\/2018\/05\/03\/un-ejercito-patriota-mexicano-logra-escapar-al-asedio-en-la-ciudad-de-cuautla\/","title":{"rendered":"Un ej\u00e9rcito patriota mexicano logra escapar al asedio en la ciudad de Cuautla"},"content":{"rendered":"<p>6.000 milicianos al mando del insurgente mexicano Jos\u00e9 Mar\u00eda Morelos logran alcanzar la ciudad de Cuautla en enero de 1812. Pero una fuerza realista de 7.000 soldados al mando del F\u00e9lix Mar\u00eda Calleja lo rodea y pone sitio a los rebeldes. Durante sesenta y dos d\u00edas las tropas de Morelos resisten e intentan romper el cerco, pero en cada oportunidad las fuerzas realistas, mucho mas poderosas, les obligan a regresar a Cuautla. una columna enviada en auxilio de los sitiados no logra penetrar las defensas realistas. En la noche del 2 de mayo Morelos ordena a sus tropas, diezmadas por el hambre y las epidemias, que intenten salir de la ciudad. Logran su objetivo y la ciudad vuelve a manos espa\u00f1olas.<\/p>\n","protected":false},"excerpt":{"rendered":"<p>6.000 milicianos al mando del insurgente mexicano Jos\u00e9 Mar\u00eda Morelos logran alcanzar la ciudad de Cuautla en enero de 1812. Pero una fuerza realista de 7.000 soldados al mando del F\u00e9lix Mar\u00eda Calleja lo rodea y pone sitio a los rebeldes. Durante sesenta y dos d\u00edas las tropas de Morelos resisten e intentan romper el&hellip;<\/p>\n","protected":false},"author":4,"featured_media":0,"comment_status":"closed","ping_status":"open","sticky":false,"template":"","format":"standard","meta":{"_jetpack_memberships_contains_paid_content":false,"footnotes":"","jetpack_publicize_message":"","jetpack_publicize_feature_enabled":true,"jetpack_social_post_already_shared":false,"jetpack_social_options":{"image_generator_settings":{"template":"highway","enabled":false}}},"categories":[1],"tags":[],"class_list":["post-4494","post","type-post","status-publish","format-standard","hentry","category-sin-categoria"],"jetpack_publicize_connections":[],"yoast_head":"<!-- This site is optimized with the Yoast SEO plugin v22.8 - https:\/\/yoast.com\/wordpress\/plugins\/seo\/ -->\r\n<title>Un ej\u00e9rcito patriota mexicano logra escapar al asedio en la ciudad de Cuautla - Filarmonica UNINTER<\/title>\r\n<meta name=\"robots\" content=\"index, follow, max-snippet:-1, max-image-preview:large, max-video-preview:-1\" \/>\r\n<link rel=\"canonical\" href=\"https:\/\/blogs.uninter.edu.mx\/Filarmonica\/index.php\/2018\/05\/03\/un-ejercito-patriota-mexicano-logra-escapar-al-asedio-en-la-ciudad-de-cuautla\/\" \/>\r\n<meta property=\"og:locale\" content=\"es_MX\" \/>\r\n<meta property=\"og:type\" content=\"article\" \/>\r\n<meta property=\"og:title\" content=\"Un ej\u00e9rcito patriota mexicano logra escapar al asedio en la ciudad de Cuautla - Filarmonica UNINTER\" \/>\r\n<meta property=\"og:description\" content=\"6.000 milicianos al mando del insurgente mexicano Jos\u00e9 Mar\u00eda Morelos logran alcanzar la ciudad de Cuautla en enero de 1812. Pero una fuerza realista de 7.000 soldados al mando del F\u00e9lix Mar\u00eda Calleja lo rodea y pone sitio a los rebeldes. Durante sesenta y dos d\u00edas las tropas de Morelos resisten e intentan romper el&hellip;\" \/>\r\n<meta property=\"og:url\" content=\"https:\/\/blogs.uninter.edu.mx\/Filarmonica\/index.php\/2018\/05\/03\/un-ejercito-patriota-mexicano-logra-escapar-al-asedio-en-la-ciudad-de-cuautla\/\" \/>\r\n<meta property=\"og:site_name\" content=\"Filarmonica UNINTER\" \/>\r\n<meta property=\"article:published_time\" content=\"2018-05-03T20:21:44+00:00\" \/>\r\n<meta name=\"author\" content=\"luzgalvez\" \/>\r\n<meta name=\"twitter:card\" content=\"summary_large_image\" \/>\r\n<meta name=\"twitter:label1\" content=\"Escrito por\" \/>\n\t<meta name=\"twitter:data1\" content=\"luzgalvez\" \/>\n\t<meta name=\"twitter:label2\" content=\"Tiempo de lectura\" \/>\n\t<meta name=\"twitter:data2\" content=\"1 minuto\" \/>\r\n<script type=\"application\/ld+json\" class=\"yoast-schema-graph\">{\"@context\":\"https:\/\/schema.org\",\"@graph\":[{\"@type\":\"WebPage\",\"@id\":\"https:\/\/blogs.uninter.edu.mx\/Filarmonica\/index.php\/2018\/05\/03\/un-ejercito-patriota-mexicano-logra-escapar-al-asedio-en-la-ciudad-de-cuautla\/\",\"url\":\"https:\/\/blogs.uninter.edu.mx\/Filarmonica\/index.php\/2018\/05\/03\/un-ejercito-patriota-mexicano-logra-escapar-al-asedio-en-la-ciudad-de-cuautla\/\",\"name\":\"Un ej\u00e9rcito patriota mexicano logra escapar al asedio en la ciudad de Cuautla - Filarmonica UNINTER\",\"isPartOf\":{\"@id\":\"https:\/\/blogs.uninter.edu.mx\/Filarmonica\/#website\"},\"datePublished\":\"2018-05-03T20:21:44+00:00\",\"dateModified\":\"2018-05-03T20:21:44+00:00\",\"author\":{\"@id\":\"https:\/\/blogs.uninter.edu.mx\/Filarmonica\/#\/schema\/person\/5fdfc9be41d7a26b139afd4de61c3664\"},\"breadcrumb\":{\"@id\":\"https:\/\/blogs.uninter.edu.mx\/Filarmonica\/index.php\/2018\/05\/03\/un-ejercito-patriota-mexicano-logra-escapar-al-asedio-en-la-ciudad-de-cuautla\/#breadcrumb\"},\"inLanguage\":\"es-MX\",\"potentialAction\":[{\"@type\":\"ReadAction\",\"target\":[\"https:\/\/blogs.uninter.edu.mx\/Filarmonica\/index.php\/2018\/05\/03\/un-ejercito-patriota-mexicano-logra-escapar-al-asedio-en-la-ciudad-de-cuautla\/\"]}]},{\"@type\":\"BreadcrumbList\",\"@id\":\"https:\/\/blogs.uninter.edu.mx\/Filarmonica\/index.php\/2018\/05\/03\/un-ejercito-patriota-mexicano-logra-escapar-al-asedio-en-la-ciudad-de-cuautla\/#breadcrumb\",\"itemListElement\":[{\"@type\":\"ListItem\",\"position\":1,\"name\":\"Inicio\",\"item\":\"https:\/\/blogs.uninter.edu.mx\/Filarmonica\/\"},{\"@type\":\"ListItem\",\"position\":2,\"name\":\"Un ej\u00e9rcito patriota mexicano logra escapar al asedio en la ciudad de Cuautla\"}]},{\"@type\":\"WebSite\",\"@id\":\"https:\/\/blogs.uninter.edu.mx\/Filarmonica\/#website\",\"url\":\"https:\/\/blogs.uninter.edu.mx\/Filarmonica\/\",\"name\":\"Filarmonica UNINTER\",\"description\":\"\",\"potentialAction\":[{\"@type\":\"SearchAction\",\"target\":{\"@type\":\"EntryPoint\",\"urlTemplate\":\"https:\/\/blogs.uninter.edu.mx\/Filarmonica\/?s={search_term_string}\"},\"query-input\":\"required name=search_term_string\"}],\"inLanguage\":\"es-MX\"},{\"@type\":\"Person\",\"@id\":\"https:\/\/blogs.uninter.edu.mx\/Filarmonica\/#\/schema\/person\/5fdfc9be41d7a26b139afd4de61c3664\",\"name\":\"luzgalvez\",\"image\":{\"@type\":\"ImageObject\",\"inLanguage\":\"es-MX\",\"@id\":\"https:\/\/blogs.uninter.edu.mx\/Filarmonica\/#\/schema\/person\/image\/\",\"url\":\"https:\/\/secure.gravatar.com\/avatar\/cf42be0541bffe97edcfdd314483f26481497b0a6a32669684590878e1ee0288?s=96&d=mm&r=g\",\"contentUrl\":\"https:\/\/secure.gravatar.com\/avatar\/cf42be0541bffe97edcfdd314483f26481497b0a6a32669684590878e1ee0288?s=96&d=mm&r=g\",\"caption\":\"luzgalvez\"},\"url\":\"https:\/\/blogs.uninter.edu.mx\/Filarmonica\/index.php\/author\/luzgalvez\/\"}]}<\/script>\r\n<!-- \/ Yoast SEO plugin. -->","yoast_head_json":{"title":"Un ej\u00e9rcito patriota mexicano logra escapar al asedio en la ciudad de Cuautla - Filarmonica UNINTER","robots":{"index":"index","follow":"follow","max-snippet":"max-snippet:-1","max-image-preview":"max-image-preview:large","max-video-preview":"max-video-preview:-1"},"canonical":"https:\/\/blogs.uninter.edu.mx\/Filarmonica\/index.php\/2018\/05\/03\/un-ejercito-patriota-mexicano-logra-escapar-al-asedio-en-la-ciudad-de-cuautla\/","og_locale":"es_MX","og_type":"article","og_title":"Un ej\u00e9rcito patriota mexicano logra escapar al asedio en la ciudad de Cuautla - Filarmonica UNINTER","og_description":"6.000 milicianos al mando del insurgente mexicano Jos\u00e9 Mar\u00eda Morelos logran alcanzar la ciudad de Cuautla en enero de 1812. Pero una fuerza realista de 7.000 soldados al mando del F\u00e9lix Mar\u00eda Calleja lo rodea y pone sitio a los rebeldes. Durante sesenta y dos d\u00edas las tropas de Morelos resisten e intentan romper el&hellip;","og_url":"https:\/\/blogs.uninter.edu.mx\/Filarmonica\/index.php\/2018\/05\/03\/un-ejercito-patriota-mexicano-logra-escapar-al-asedio-en-la-ciudad-de-cuautla\/","og_site_name":"Filarmonica UNINTER","article_published_time":"2018-05-03T20:21:44+00:00","author":"luzgalvez","twitter_card":"summary_large_image","twitter_misc":{"Escrito por":"luzgalvez","Tiempo de lectura":"1 minuto"},"schema":{"@context":"https:\/\/schema.org","@graph":[{"@type":"WebPage","@id":"https:\/\/blogs.uninter.edu.mx\/Filarmonica\/index.php\/2018\/05\/03\/un-ejercito-patriota-mexicano-logra-escapar-al-asedio-en-la-ciudad-de-cuautla\/","url":"https:\/\/blogs.uninter.edu.mx\/Filarmonica\/index.php\/2018\/05\/03\/un-ejercito-patriota-mexicano-logra-escapar-al-asedio-en-la-ciudad-de-cuautla\/","name":"Un ej\u00e9rcito patriota mexicano logra escapar al asedio en la ciudad de Cuautla - Filarmonica UNINTER","isPartOf":{"@id":"https:\/\/blogs.uninter.edu.mx\/Filarmonica\/#website"},"datePublished":"2018-05-03T20:21:44+00:00","dateModified":"2018-05-03T20:21:44+00:00","author":{"@id":"https:\/\/blogs.uninter.edu.mx\/Filarmonica\/#\/schema\/person\/5fdfc9be41d7a26b139afd4de61c3664"},"breadcrumb":{"@id":"https:\/\/blogs.uninter.edu.mx\/Filarmonica\/index.php\/2018\/05\/03\/un-ejercito-patriota-mexicano-logra-escapar-al-asedio-en-la-ciudad-de-cuautla\/#breadcrumb"},"inLanguage":"es-MX","potentialAction":[{"@type":"ReadAction","target":["https:\/\/blogs.uninter.edu.mx\/Filarmonica\/index.php\/2018\/05\/03\/un-ejercito-patriota-mexicano-logra-escapar-al-asedio-en-la-ciudad-de-cuautla\/"]}]},{"@type":"BreadcrumbList","@id":"https:\/\/blogs.uninter.edu.mx\/Filarmonica\/index.php\/2018\/05\/03\/un-ejercito-patriota-mexicano-logra-escapar-al-asedio-en-la-ciudad-de-cuautla\/#breadcrumb","itemListElement":[{"@type":"ListItem","position":1,"name":"Inicio","item":"https:\/\/blogs.uninter.edu.mx\/Filarmonica\/"},{"@type":"ListItem","position":2,"name":"Un ej\u00e9rcito patriota mexicano logra escapar al asedio en la ciudad de Cuautla"}]},{"@type":"WebSite","@id":"https:\/\/blogs.uninter.edu.mx\/Filarmonica\/#website","url":"https:\/\/blogs.uninter.edu.mx\/Filarmonica\/","name":"Filarmonica UNINTER","description":"","potentialAction":[{"@type":"SearchAction","target":{"@type":"EntryPoint","urlTemplate":"https:\/\/blogs.uninter.edu.mx\/Filarmonica\/?s={search_term_string}"},"query-input":"required name=search_term_string"}],"inLanguage":"es-MX"},{"@type":"Person","@id":"https:\/\/blogs.uninter.edu.mx\/Filarmonica\/#\/schema\/person\/5fdfc9be41d7a26b139afd4de61c3664","name":"luzgalvez","image":{"@type":"ImageObject","inLanguage":"es-MX","@id":"https:\/\/blogs.uninter.edu.mx\/Filarmonica\/#\/schema\/person\/image\/","url":"https:\/\/secure.gravatar.com\/avatar\/cf42be0541bffe97edcfdd314483f26481497b0a6a32669684590878e1ee0288?s=96&d=mm&r=g","contentUrl":"https:\/\/secure.gravatar.com\/avatar\/cf42be0541bffe97edcfdd314483f26481497b0a6a32669684590878e1ee0288?s=96&d=mm&r=g","caption":"luzgalvez"},"url":"https:\/\/blogs.uninter.edu.mx\/Filarmonica\/index.php\/author\/luzgalvez\/"}]}},"jetpack_featured_media_url":"","jetpack_sharing_enabled":true,"_links":{"self":[{"href":"https:\/\/blogs.uninter.edu.mx\/Filarmonica\/index.php\/wp-json\/wp\/v2\/posts\/4494","targetHints":{"allow":["GET"]}}],"collection":[{"href":"https:\/\/blogs.uninter.edu.mx\/Filarmonica\/index.php\/wp-json\/wp\/v2\/posts"}],"about":[{"href":"https:\/\/blogs.uninter.edu.mx\/Filarmonica\/index.php\/wp-json\/wp\/v2\/types\/post"}],"author":[{"embeddable":true,"href":"https:\/\/blogs.uninter.edu.mx\/Filarmonica\/index.php\/wp-json\/wp\/v2\/users\/4"}],"replies":[{"embeddable":true,"href":"https:\/\/blogs.uninter.edu.mx\/Filarmonica\/index.php\/wp-json\/wp\/v2\/comments?post=4494"}],"version-history":[{"count":0,"href":"https:\/\/blogs.uninter.edu.mx\/Filarmonica\/index.php\/wp-json\/wp\/v2\/posts\/4494\/revisions"}],"wp:attachment":[{"href":"https:\/\/blogs.uninter.edu.mx\/Filarmonica\/index.php\/wp-json\/wp\/v2\/media?parent=4494"}],"wp:term":[{"taxonomy":"category","embeddable":true,"href":"https:\/\/blogs.uninter.edu.mx\/Filarmonica\/index.php\/wp-json\/wp\/v2\/categories?post=4494"},{"taxonomy":"post_tag","embeddable":true,"href":"https:\/\/blogs.uninter.edu.mx\/Filarmonica\/index.php\/wp-json\/wp\/v2\/tags?post=4494"}],"curies":[{"name":"wp","href":"https:\/\/api.w.org\/{rel}","templated":true}]}}