{"id":2738,"date":"2022-01-07T14:45:52","date_gmt":"2022-01-07T14:45:52","guid":{"rendered":"https:\/\/blogs.uninter.edu.mx\/Vinculacion\/?p=2738"},"modified":"2022-01-07T14:45:57","modified_gmt":"2022-01-07T14:45:57","slug":"listo-refuerzo-a-los-de-salud","status":"publish","type":"post","link":"https:\/\/blogs.uninter.edu.mx\/Vinculacion\/index.php\/listo-refuerzo-a-los-de-salud\/","title":{"rendered":"Listo refuerzo a los de Salud"},"content":{"rendered":"\n<div class=\"wp-block-image\"><figure class=\"alignleft size-full is-resized\"><img loading=\"lazy\" decoding=\"async\" src=\"https:\/\/blogs.uninter.edu.mx\/Vinculacion\/wp-content\/uploads\/2022\/01\/GettyImages-1294009031.jpg\" alt=\"\" class=\"wp-image-2739\" width=\"456\" height=\"304\"\/><\/figure><\/div>\n\n\n\n<p><strong>Cuernavaca.-&nbsp;<\/strong>Todo est\u00e1 listo para aplicar la dosis de refuerzo para el personal de Salud en el estado de Morelos, inform\u00f3 Jos\u00e9 Miguel \u00c1ngel Van-Dick Puga, coordinador estatal del Plan Nacional de Vacunaci\u00f3n (PNV).<\/p>\n\n\n\n<p>Explic\u00f3 que, de acuerdo con la estrategia nacional de vacunaci\u00f3n, al avanzar la aplicaci\u00f3n de biol\u00f3gicos de refuerzo para adultos mayores de 60 a\u00f1os, continuar\u00e1n con el personal de salud, y posteriormente con los docentes, por lo que pidi\u00f3 a la poblaci\u00f3n estar atenta.<\/p>\n\n\n\n<p>Detall\u00f3 que del 5 al 7 de enero todo el personal de Salud deber\u00e1 ser inmunizado, por lo que las Brigadas Correcaminos acudir\u00e1n a distintos puntos.<\/p>\n\n\n\n<p>\u201cIniciamos el a\u00f1o con intensas jornadas de vacunaci\u00f3n, adem\u00e1s de iniciar con la dosis de refuerzo para el personal de salud, continuamos con los adultos mayores de 60 a\u00f1os y, la segunda dosis para adolescentes de 15 a 17 a\u00f1os de edad\u201d, dijo.<\/p>\n","protected":false},"excerpt":{"rendered":"<p>Cuernavaca.-&nbsp;Todo est\u00e1 listo para aplicar la dosis de refuerzo para el personal de Salud en el estado de Morelos, inform\u00f3 Jos\u00e9 Miguel \u00c1ngel Van-Dick Puga, coordinador estatal del Plan Nacional de Vacunaci\u00f3n (PNV). Explic\u00f3 que, de acuerdo con la estrategia nacional de vacunaci\u00f3n, al avanzar la aplicaci\u00f3n de biol\u00f3gicos de refuerzo para adultos mayores de&hellip;<\/p>\n","protected":false},"author":8,"featured_media":2739,"comment_status":"open","ping_status":"open","sticky":false,"template":"","format":"standard","meta":{"_jetpack_memberships_contains_paid_content":false,"footnotes":"","jetpack_publicize_message":"","jetpack_publicize_feature_enabled":true,"jetpack_social_post_already_shared":true,"jetpack_social_options":{"image_generator_settings":{"template":"highway","default_image_id":0,"font":"","enabled":false},"version":2}},"categories":[41,112],"tags":[],"class_list":["post-2738","post","type-post","status-publish","format-standard","has-post-thumbnail","hentry","category-enlaces-de-apoyo","category-noticias-enlaces-de-apoyo"],"yoast_head":"<!-- This site is optimized with the Yoast SEO plugin v26.0 - https:\/\/yoast.com\/wordpress\/plugins\/seo\/ -->\r\n<title>Listo refuerzo a los de Salud - Enlace Profesional<\/title>\r\n<meta name=\"robots\" content=\"index, follow, max-snippet:-1, max-image-preview:large, max-video-preview:-1\" \/>\r\n<link rel=\"canonical\" href=\"https:\/\/blogs.uninter.edu.mx\/Vinculacion\/index.php\/listo-refuerzo-a-los-de-salud\/\" \/>\r\n<meta property=\"og:locale\" content=\"es_MX\" \/>\r\n<meta property=\"og:type\" content=\"article\" \/>\r\n<meta property=\"og:title\" content=\"Listo refuerzo a los de Salud - Enlace Profesional\" \/>\r\n<meta property=\"og:description\" content=\"Cuernavaca.-&nbsp;Todo est\u00e1 listo para aplicar la dosis de refuerzo para el personal de Salud en el estado de Morelos, inform\u00f3 Jos\u00e9 Miguel \u00c1ngel Van-Dick Puga, coordinador estatal del Plan Nacional de Vacunaci\u00f3n (PNV). Explic\u00f3 que, de acuerdo con la estrategia nacional de vacunaci\u00f3n, al avanzar la aplicaci\u00f3n de biol\u00f3gicos de refuerzo para adultos mayores de&hellip;\" \/>\r\n<meta property=\"og:url\" content=\"https:\/\/blogs.uninter.edu.mx\/Vinculacion\/index.php\/listo-refuerzo-a-los-de-salud\/\" \/>\r\n<meta property=\"og:site_name\" content=\"Enlace Profesional\" \/>\r\n<meta property=\"article:author\" content=\"https:\/\/www.facebook.com\/enlaceprofesional.uninter\/\" \/>\r\n<meta property=\"article:published_time\" content=\"2022-01-07T14:45:52+00:00\" \/>\r\n<meta property=\"article:modified_time\" content=\"2022-01-07T14:45:57+00:00\" \/>\r\n<meta property=\"og:image\" content=\"https:\/\/blogs.uninter.edu.mx\/Vinculacion\/wp-content\/uploads\/2022\/01\/GettyImages-1294009031.jpg\" \/>\r\n\t<meta property=\"og:image:width\" content=\"2016\" \/>\r\n\t<meta property=\"og:image:height\" content=\"1344\" \/>\r\n\t<meta property=\"og:image:type\" content=\"image\/jpeg\" \/>\r\n<meta name=\"author\" content=\"Enlace Profesional\" \/>\r\n<meta name=\"twitter:card\" content=\"summary_large_image\" \/>\r\n<meta name=\"twitter:label1\" content=\"Escrito por\" \/>\n\t<meta name=\"twitter:data1\" content=\"Enlace Profesional\" \/>\n\t<meta name=\"twitter:label2\" content=\"Tiempo de lectura\" \/>\n\t<meta name=\"twitter:data2\" content=\"1 minuto\" \/>\r\n<script type=\"application\/ld+json\" class=\"yoast-schema-graph\">{\"@context\":\"https:\/\/schema.org\",\"@graph\":[{\"@type\":\"Article\",\"@id\":\"https:\/\/blogs.uninter.edu.mx\/Vinculacion\/index.php\/listo-refuerzo-a-los-de-salud\/#article\",\"isPartOf\":{\"@id\":\"https:\/\/blogs.uninter.edu.mx\/Vinculacion\/index.php\/listo-refuerzo-a-los-de-salud\/\"},\"author\":{\"name\":\"Enlace Profesional\",\"@id\":\"https:\/\/blogs.uninter.edu.mx\/Vinculacion\/#\/schema\/person\/f46d74ca104658683919a50d4d2c1877\"},\"headline\":\"Listo refuerzo a los de Salud\",\"datePublished\":\"2022-01-07T14:45:52+00:00\",\"dateModified\":\"2022-01-07T14:45:57+00:00\",\"mainEntityOfPage\":{\"@id\":\"https:\/\/blogs.uninter.edu.mx\/Vinculacion\/index.php\/listo-refuerzo-a-los-de-salud\/\"},\"wordCount\":162,\"commentCount\":0,\"publisher\":{\"@id\":\"https:\/\/blogs.uninter.edu.mx\/Vinculacion\/#organization\"},\"image\":{\"@id\":\"https:\/\/blogs.uninter.edu.mx\/Vinculacion\/index.php\/listo-refuerzo-a-los-de-salud\/#primaryimage\"},\"thumbnailUrl\":\"https:\/\/blogs.uninter.edu.mx\/Vinculacion\/wp-content\/uploads\/2022\/01\/GettyImages-1294009031.jpg\",\"articleSection\":[\"Enlaces de Apoyo\",\"Noticias\"],\"inLanguage\":\"es\",\"potentialAction\":[{\"@type\":\"CommentAction\",\"name\":\"Comment\",\"target\":[\"https:\/\/blogs.uninter.edu.mx\/Vinculacion\/index.php\/listo-refuerzo-a-los-de-salud\/#respond\"]}]},{\"@type\":\"WebPage\",\"@id\":\"https:\/\/blogs.uninter.edu.mx\/Vinculacion\/index.php\/listo-refuerzo-a-los-de-salud\/\",\"url\":\"https:\/\/blogs.uninter.edu.mx\/Vinculacion\/index.php\/listo-refuerzo-a-los-de-salud\/\",\"name\":\"Listo refuerzo a los de Salud - Enlace Profesional\",\"isPartOf\":{\"@id\":\"https:\/\/blogs.uninter.edu.mx\/Vinculacion\/#website\"},\"primaryImageOfPage\":{\"@id\":\"https:\/\/blogs.uninter.edu.mx\/Vinculacion\/index.php\/listo-refuerzo-a-los-de-salud\/#primaryimage\"},\"image\":{\"@id\":\"https:\/\/blogs.uninter.edu.mx\/Vinculacion\/index.php\/listo-refuerzo-a-los-de-salud\/#primaryimage\"},\"thumbnailUrl\":\"https:\/\/blogs.uninter.edu.mx\/Vinculacion\/wp-content\/uploads\/2022\/01\/GettyImages-1294009031.jpg\",\"datePublished\":\"2022-01-07T14:45:52+00:00\",\"dateModified\":\"2022-01-07T14:45:57+00:00\",\"breadcrumb\":{\"@id\":\"https:\/\/blogs.uninter.edu.mx\/Vinculacion\/index.php\/listo-refuerzo-a-los-de-salud\/#breadcrumb\"},\"inLanguage\":\"es\",\"potentialAction\":[{\"@type\":\"ReadAction\",\"target\":[\"https:\/\/blogs.uninter.edu.mx\/Vinculacion\/index.php\/listo-refuerzo-a-los-de-salud\/\"]}]},{\"@type\":\"ImageObject\",\"inLanguage\":\"es\",\"@id\":\"https:\/\/blogs.uninter.edu.mx\/Vinculacion\/index.php\/listo-refuerzo-a-los-de-salud\/#primaryimage\",\"url\":\"https:\/\/blogs.uninter.edu.mx\/Vinculacion\/wp-content\/uploads\/2022\/01\/GettyImages-1294009031.jpg\",\"contentUrl\":\"https:\/\/blogs.uninter.edu.mx\/Vinculacion\/wp-content\/uploads\/2022\/01\/GettyImages-1294009031.jpg\",\"width\":2016,\"height\":1344,\"caption\":\"Young woman with face mask getting vaccinated, coronavirus, covid-19 and vaccination concept. Closeup of a nervous woman and her doctor wearing face masks and getting a vaccine shot in a doctor's office\"},{\"@type\":\"BreadcrumbList\",\"@id\":\"https:\/\/blogs.uninter.edu.mx\/Vinculacion\/index.php\/listo-refuerzo-a-los-de-salud\/#breadcrumb\",\"itemListElement\":[{\"@type\":\"ListItem\",\"position\":1,\"name\":\"Inicio\",\"item\":\"https:\/\/blogs.uninter.edu.mx\/Vinculacion\/\"},{\"@type\":\"ListItem\",\"position\":2,\"name\":\"Listo refuerzo a los de Salud\"}]},{\"@type\":\"WebSite\",\"@id\":\"https:\/\/blogs.uninter.edu.mx\/Vinculacion\/#website\",\"url\":\"https:\/\/blogs.uninter.edu.mx\/Vinculacion\/\",\"name\":\"Enlace Profesional\",\"description\":\"UNINTER\",\"publisher\":{\"@id\":\"https:\/\/blogs.uninter.edu.mx\/Vinculacion\/#organization\"},\"potentialAction\":[{\"@type\":\"SearchAction\",\"target\":{\"@type\":\"EntryPoint\",\"urlTemplate\":\"https:\/\/blogs.uninter.edu.mx\/Vinculacion\/?s={search_term_string}\"},\"query-input\":{\"@type\":\"PropertyValueSpecification\",\"valueRequired\":true,\"valueName\":\"search_term_string\"}}],\"inLanguage\":\"es\"},{\"@type\":\"Organization\",\"@id\":\"https:\/\/blogs.uninter.edu.mx\/Vinculacion\/#organization\",\"name\":\"Enlace Profesional\",\"url\":\"https:\/\/blogs.uninter.edu.mx\/Vinculacion\/\",\"logo\":{\"@type\":\"ImageObject\",\"inLanguage\":\"es\",\"@id\":\"https:\/\/blogs.uninter.edu.mx\/Vinculacion\/#\/schema\/logo\/image\/\",\"url\":\"https:\/\/blogs.uninter.edu.mx\/Vinculacion\/wp-content\/uploads\/2021\/02\/site-logo-white.svg\",\"contentUrl\":\"https:\/\/blogs.uninter.edu.mx\/Vinculacion\/wp-content\/uploads\/2021\/02\/site-logo-white.svg\",\"caption\":\"Enlace Profesional\"},\"image\":{\"@id\":\"https:\/\/blogs.uninter.edu.mx\/Vinculacion\/#\/schema\/logo\/image\/\"}},{\"@type\":\"Person\",\"@id\":\"https:\/\/blogs.uninter.edu.mx\/Vinculacion\/#\/schema\/person\/f46d74ca104658683919a50d4d2c1877\",\"name\":\"Enlace Profesional\",\"image\":{\"@type\":\"ImageObject\",\"inLanguage\":\"es\",\"@id\":\"https:\/\/blogs.uninter.edu.mx\/Vinculacion\/#\/schema\/person\/image\/\",\"url\":\"https:\/\/secure.gravatar.com\/avatar\/70af5ceb33d0fe27db9e54e73aa7c33546034daed2823e48deb116d0fcff4e78?s=96&d=mm&r=g\",\"contentUrl\":\"https:\/\/secure.gravatar.com\/avatar\/70af5ceb33d0fe27db9e54e73aa7c33546034daed2823e48deb116d0fcff4e78?s=96&d=mm&r=g\",\"caption\":\"Enlace Profesional\"},\"sameAs\":[\"https:\/\/www.facebook.com\/enlaceprofesional.uninter\/\",\"https:\/\/www.instagram.com\/enlaceprofesional2022\/\"],\"url\":\"https:\/\/blogs.uninter.edu.mx\/Vinculacion\/index.php\/author\/adiaz\/\"}]}<\/script>\r\n<!-- \/ Yoast SEO plugin. -->","yoast_head_json":{"title":"Listo refuerzo a los de Salud - Enlace Profesional","robots":{"index":"index","follow":"follow","max-snippet":"max-snippet:-1","max-image-preview":"max-image-preview:large","max-video-preview":"max-video-preview:-1"},"canonical":"https:\/\/blogs.uninter.edu.mx\/Vinculacion\/index.php\/listo-refuerzo-a-los-de-salud\/","og_locale":"es_MX","og_type":"article","og_title":"Listo refuerzo a los de Salud - Enlace Profesional","og_description":"Cuernavaca.-&nbsp;Todo est\u00e1 listo para aplicar la dosis de refuerzo para el personal de Salud en el estado de Morelos, inform\u00f3 Jos\u00e9 Miguel \u00c1ngel Van-Dick Puga, coordinador estatal del Plan Nacional de Vacunaci\u00f3n (PNV). Explic\u00f3 que, de acuerdo con la estrategia nacional de vacunaci\u00f3n, al avanzar la aplicaci\u00f3n de biol\u00f3gicos de refuerzo para adultos mayores de&hellip;","og_url":"https:\/\/blogs.uninter.edu.mx\/Vinculacion\/index.php\/listo-refuerzo-a-los-de-salud\/","og_site_name":"Enlace Profesional","article_author":"https:\/\/www.facebook.com\/enlaceprofesional.uninter\/","article_published_time":"2022-01-07T14:45:52+00:00","article_modified_time":"2022-01-07T14:45:57+00:00","og_image":[{"width":2016,"height":1344,"url":"https:\/\/blogs.uninter.edu.mx\/Vinculacion\/wp-content\/uploads\/2022\/01\/GettyImages-1294009031.jpg","type":"image\/jpeg"}],"author":"Enlace Profesional","twitter_card":"summary_large_image","twitter_misc":{"Escrito por":"Enlace Profesional","Tiempo de lectura":"1 minuto"},"schema":{"@context":"https:\/\/schema.org","@graph":[{"@type":"Article","@id":"https:\/\/blogs.uninter.edu.mx\/Vinculacion\/index.php\/listo-refuerzo-a-los-de-salud\/#article","isPartOf":{"@id":"https:\/\/blogs.uninter.edu.mx\/Vinculacion\/index.php\/listo-refuerzo-a-los-de-salud\/"},"author":{"name":"Enlace Profesional","@id":"https:\/\/blogs.uninter.edu.mx\/Vinculacion\/#\/schema\/person\/f46d74ca104658683919a50d4d2c1877"},"headline":"Listo refuerzo a los de Salud","datePublished":"2022-01-07T14:45:52+00:00","dateModified":"2022-01-07T14:45:57+00:00","mainEntityOfPage":{"@id":"https:\/\/blogs.uninter.edu.mx\/Vinculacion\/index.php\/listo-refuerzo-a-los-de-salud\/"},"wordCount":162,"commentCount":0,"publisher":{"@id":"https:\/\/blogs.uninter.edu.mx\/Vinculacion\/#organization"},"image":{"@id":"https:\/\/blogs.uninter.edu.mx\/Vinculacion\/index.php\/listo-refuerzo-a-los-de-salud\/#primaryimage"},"thumbnailUrl":"https:\/\/blogs.uninter.edu.mx\/Vinculacion\/wp-content\/uploads\/2022\/01\/GettyImages-1294009031.jpg","articleSection":["Enlaces de Apoyo","Noticias"],"inLanguage":"es","potentialAction":[{"@type":"CommentAction","name":"Comment","target":["https:\/\/blogs.uninter.edu.mx\/Vinculacion\/index.php\/listo-refuerzo-a-los-de-salud\/#respond"]}]},{"@type":"WebPage","@id":"https:\/\/blogs.uninter.edu.mx\/Vinculacion\/index.php\/listo-refuerzo-a-los-de-salud\/","url":"https:\/\/blogs.uninter.edu.mx\/Vinculacion\/index.php\/listo-refuerzo-a-los-de-salud\/","name":"Listo refuerzo a los de Salud - Enlace Profesional","isPartOf":{"@id":"https:\/\/blogs.uninter.edu.mx\/Vinculacion\/#website"},"primaryImageOfPage":{"@id":"https:\/\/blogs.uninter.edu.mx\/Vinculacion\/index.php\/listo-refuerzo-a-los-de-salud\/#primaryimage"},"image":{"@id":"https:\/\/blogs.uninter.edu.mx\/Vinculacion\/index.php\/listo-refuerzo-a-los-de-salud\/#primaryimage"},"thumbnailUrl":"https:\/\/blogs.uninter.edu.mx\/Vinculacion\/wp-content\/uploads\/2022\/01\/GettyImages-1294009031.jpg","datePublished":"2022-01-07T14:45:52+00:00","dateModified":"2022-01-07T14:45:57+00:00","breadcrumb":{"@id":"https:\/\/blogs.uninter.edu.mx\/Vinculacion\/index.php\/listo-refuerzo-a-los-de-salud\/#breadcrumb"},"inLanguage":"es","potentialAction":[{"@type":"ReadAction","target":["https:\/\/blogs.uninter.edu.mx\/Vinculacion\/index.php\/listo-refuerzo-a-los-de-salud\/"]}]},{"@type":"ImageObject","inLanguage":"es","@id":"https:\/\/blogs.uninter.edu.mx\/Vinculacion\/index.php\/listo-refuerzo-a-los-de-salud\/#primaryimage","url":"https:\/\/blogs.uninter.edu.mx\/Vinculacion\/wp-content\/uploads\/2022\/01\/GettyImages-1294009031.jpg","contentUrl":"https:\/\/blogs.uninter.edu.mx\/Vinculacion\/wp-content\/uploads\/2022\/01\/GettyImages-1294009031.jpg","width":2016,"height":1344,"caption":"Young woman with face mask getting vaccinated, coronavirus, covid-19 and vaccination concept. Closeup of a nervous woman and her doctor wearing face masks and getting a vaccine shot in a doctor's office"},{"@type":"BreadcrumbList","@id":"https:\/\/blogs.uninter.edu.mx\/Vinculacion\/index.php\/listo-refuerzo-a-los-de-salud\/#breadcrumb","itemListElement":[{"@type":"ListItem","position":1,"name":"Inicio","item":"https:\/\/blogs.uninter.edu.mx\/Vinculacion\/"},{"@type":"ListItem","position":2,"name":"Listo refuerzo a los de Salud"}]},{"@type":"WebSite","@id":"https:\/\/blogs.uninter.edu.mx\/Vinculacion\/#website","url":"https:\/\/blogs.uninter.edu.mx\/Vinculacion\/","name":"Enlace Profesional","description":"UNINTER","publisher":{"@id":"https:\/\/blogs.uninter.edu.mx\/Vinculacion\/#organization"},"potentialAction":[{"@type":"SearchAction","target":{"@type":"EntryPoint","urlTemplate":"https:\/\/blogs.uninter.edu.mx\/Vinculacion\/?s={search_term_string}"},"query-input":{"@type":"PropertyValueSpecification","valueRequired":true,"valueName":"search_term_string"}}],"inLanguage":"es"},{"@type":"Organization","@id":"https:\/\/blogs.uninter.edu.mx\/Vinculacion\/#organization","name":"Enlace Profesional","url":"https:\/\/blogs.uninter.edu.mx\/Vinculacion\/","logo":{"@type":"ImageObject","inLanguage":"es","@id":"https:\/\/blogs.uninter.edu.mx\/Vinculacion\/#\/schema\/logo\/image\/","url":"https:\/\/blogs.uninter.edu.mx\/Vinculacion\/wp-content\/uploads\/2021\/02\/site-logo-white.svg","contentUrl":"https:\/\/blogs.uninter.edu.mx\/Vinculacion\/wp-content\/uploads\/2021\/02\/site-logo-white.svg","caption":"Enlace Profesional"},"image":{"@id":"https:\/\/blogs.uninter.edu.mx\/Vinculacion\/#\/schema\/logo\/image\/"}},{"@type":"Person","@id":"https:\/\/blogs.uninter.edu.mx\/Vinculacion\/#\/schema\/person\/f46d74ca104658683919a50d4d2c1877","name":"Enlace Profesional","image":{"@type":"ImageObject","inLanguage":"es","@id":"https:\/\/blogs.uninter.edu.mx\/Vinculacion\/#\/schema\/person\/image\/","url":"https:\/\/secure.gravatar.com\/avatar\/70af5ceb33d0fe27db9e54e73aa7c33546034daed2823e48deb116d0fcff4e78?s=96&d=mm&r=g","contentUrl":"https:\/\/secure.gravatar.com\/avatar\/70af5ceb33d0fe27db9e54e73aa7c33546034daed2823e48deb116d0fcff4e78?s=96&d=mm&r=g","caption":"Enlace Profesional"},"sameAs":["https:\/\/www.facebook.com\/enlaceprofesional.uninter\/","https:\/\/www.instagram.com\/enlaceprofesional2022\/"],"url":"https:\/\/blogs.uninter.edu.mx\/Vinculacion\/index.php\/author\/adiaz\/"}]}},"jetpack_publicize_connections":[],"jetpack_featured_media_url":"https:\/\/blogs.uninter.edu.mx\/Vinculacion\/wp-content\/uploads\/2022\/01\/GettyImages-1294009031.jpg","jetpack_sharing_enabled":true,"_links":{"self":[{"href":"https:\/\/blogs.uninter.edu.mx\/Vinculacion\/index.php\/wp-json\/wp\/v2\/posts\/2738","targetHints":{"allow":["GET"]}}],"collection":[{"href":"https:\/\/blogs.uninter.edu.mx\/Vinculacion\/index.php\/wp-json\/wp\/v2\/posts"}],"about":[{"href":"https:\/\/blogs.uninter.edu.mx\/Vinculacion\/index.php\/wp-json\/wp\/v2\/types\/post"}],"author":[{"embeddable":true,"href":"https:\/\/blogs.uninter.edu.mx\/Vinculacion\/index.php\/wp-json\/wp\/v2\/users\/8"}],"replies":[{"embeddable":true,"href":"https:\/\/blogs.uninter.edu.mx\/Vinculacion\/index.php\/wp-json\/wp\/v2\/comments?post=2738"}],"version-history":[{"count":1,"href":"https:\/\/blogs.uninter.edu.mx\/Vinculacion\/index.php\/wp-json\/wp\/v2\/posts\/2738\/revisions"}],"predecessor-version":[{"id":2740,"href":"https:\/\/blogs.uninter.edu.mx\/Vinculacion\/index.php\/wp-json\/wp\/v2\/posts\/2738\/revisions\/2740"}],"wp:featuredmedia":[{"embeddable":true,"href":"https:\/\/blogs.uninter.edu.mx\/Vinculacion\/index.php\/wp-json\/wp\/v2\/media\/2739"}],"wp:attachment":[{"href":"https:\/\/blogs.uninter.edu.mx\/Vinculacion\/index.php\/wp-json\/wp\/v2\/media?parent=2738"}],"wp:term":[{"taxonomy":"category","embeddable":true,"href":"https:\/\/blogs.uninter.edu.mx\/Vinculacion\/index.php\/wp-json\/wp\/v2\/categories?post=2738"},{"taxonomy":"post_tag","embeddable":true,"href":"https:\/\/blogs.uninter.edu.mx\/Vinculacion\/index.php\/wp-json\/wp\/v2\/tags?post=2738"}],"curies":[{"name":"wp","href":"https:\/\/api.w.org\/{rel}","templated":true}]}}