{"id":727,"date":"2020-11-12T16:56:56","date_gmt":"2020-11-12T16:56:56","guid":{"rendered":"https:\/\/blogs.uninter.edu.mx\/Vinculacion\/?p=727"},"modified":"2020-11-12T16:56:58","modified_gmt":"2020-11-12T16:56:58","slug":"fomenta-uaem-vocaciones-cientificas-en-los-tetelenses-el-conacyt-aprobo-proyecto-de-la-universidad","status":"publish","type":"post","link":"https:\/\/blogs.uninter.edu.mx\/Vinculacion\/index.php\/fomenta-uaem-vocaciones-cientificas-en-los-tetelenses-el-conacyt-aprobo-proyecto-de-la-universidad\/","title":{"rendered":"Fomenta UAEM vocaciones cient\u00edficas en los tetelenses, El Conacyt aprob\u00f3 proyecto de la Universidad"},"content":{"rendered":"\n<p>El Consejo Nacional de Ciencia y Tecnolog\u00eda (Conacyt), aprob\u00f3 el proyecto Vocaciones cient\u00edficas, tecnol\u00f3gicas y de innovaci\u00f3n en ni\u00f1as, ni\u00f1os y j\u00f3venes de comunidades marginadas de la regi\u00f3n de Tetela del Volc\u00e1n, presentado por Martha Shirley Reyes Quintero, investigadora de la Escuela de Estudios Superiores (EES) de Tetela del Volc\u00e1n, de la Universidad Aut\u00f3noma del Estado de Morelos (UAEM).<\/p>\n\n\n\n<figure class=\"wp-block-gallery aligncenter columns-1 is-cropped wp-block-gallery-1 is-layout-flex wp-block-gallery-is-layout-flex\"><ul class=\"blocks-gallery-grid\"><li class=\"blocks-gallery-item\"><figure><img loading=\"lazy\" decoding=\"async\" width=\"795\" height=\"398\" src=\"https:\/\/blogs.uninter.edu.mx\/Vinculacion\/wp-content\/uploads\/2020\/11\/Captura-de-Pantalla-2020-11-12-a-las-10.41.15-1.png\" alt=\"\" data-id=\"728\" data-full-url=\"https:\/\/blogs.uninter.edu.mx\/Vinculacion\/wp-content\/uploads\/2020\/11\/Captura-de-Pantalla-2020-11-12-a-las-10.41.15-1.png\" data-link=\"https:\/\/blogs.uninter.edu.mx\/Vinculacion\/?attachment_id=728#main\" class=\"wp-image-728\" srcset=\"https:\/\/blogs.uninter.edu.mx\/Vinculacion\/wp-content\/uploads\/2020\/11\/Captura-de-Pantalla-2020-11-12-a-las-10.41.15-1.png 795w, https:\/\/blogs.uninter.edu.mx\/Vinculacion\/wp-content\/uploads\/2020\/11\/Captura-de-Pantalla-2020-11-12-a-las-10.41.15-1-300x150.png 300w, https:\/\/blogs.uninter.edu.mx\/Vinculacion\/wp-content\/uploads\/2020\/11\/Captura-de-Pantalla-2020-11-12-a-las-10.41.15-1-768x384.png 768w\" sizes=\"auto, (max-width: 795px) 100vw, 795px\" \/><\/figure><\/li><\/ul><\/figure>\n\n\n\n<p>Este proyecto particip\u00f3 en febrero pasado en la convocatoria del Programa para Fomentar y Fortalecer las Vocaciones Cient\u00edficas 2020 del Conacyt, \u201cafortunadamente no tuvimos ning\u00fan condicionamiento y fue aprobado en su totalidad. El desarrollo del proyecto tendr\u00e1 impacto en nuestros estudiantes y en la comunidad de Tetela del Volc\u00e1n, se aplicar\u00e1 en cinco escuelas primarias y una secundaria de la cabecera municipal, beneficiando aproximadamente a 2 mil 500 ni\u00f1as, ni\u00f1os y j\u00f3venes\u201d, dijo Reyes Quintero.<\/p>\n\n\n\n<p>Agreg\u00f3 que se impulsar\u00e1n las habilidades y vocaciones humanistas, cient\u00edficas y de innovaci\u00f3n, en los infantes de las comunidades clasificadas como marginadas en aquella regi\u00f3n, a trav\u00e9s de la realizaci\u00f3n del taller de F\u00e1brica de Inventos.<\/p>\n","protected":false},"excerpt":{"rendered":"<p>El Consejo Nacional de Ciencia y Tecnolog\u00eda (Conacyt), aprob\u00f3 el proyecto Vocaciones cient\u00edficas, tecnol\u00f3gicas y de innovaci\u00f3n en ni\u00f1as, ni\u00f1os y j\u00f3venes de comunidades marginadas de la regi\u00f3n de Tetela del Volc\u00e1n, presentado por Martha Shirley Reyes Quintero, investigadora de la Escuela de Estudios Superiores (EES) de Tetela del Volc\u00e1n, de la Universidad Aut\u00f3noma del&hellip;<\/p>\n","protected":false},"author":8,"featured_media":728,"comment_status":"open","ping_status":"open","sticky":false,"template":"","format":"standard","meta":{"_jetpack_memberships_contains_paid_content":false,"footnotes":"","jetpack_publicize_message":"","jetpack_publicize_feature_enabled":true,"jetpack_social_post_already_shared":true,"jetpack_social_options":{"image_generator_settings":{"template":"highway","default_image_id":0,"font":"","enabled":false},"version":2}},"categories":[41],"tags":[],"class_list":["post-727","post","type-post","status-publish","format-standard","has-post-thumbnail","hentry","category-enlaces-de-apoyo"],"yoast_head":"<!-- This site is optimized with the Yoast SEO plugin v26.0 - https:\/\/yoast.com\/wordpress\/plugins\/seo\/ -->\r\n<title>Fomenta UAEM vocaciones cient\u00edficas en los tetelenses, El Conacyt aprob\u00f3 proyecto de la Universidad - Enlace Profesional<\/title>\r\n<meta name=\"robots\" content=\"index, follow, max-snippet:-1, max-image-preview:large, max-video-preview:-1\" \/>\r\n<link rel=\"canonical\" href=\"https:\/\/blogs.uninter.edu.mx\/Vinculacion\/index.php\/fomenta-uaem-vocaciones-cientificas-en-los-tetelenses-el-conacyt-aprobo-proyecto-de-la-universidad\/\" \/>\r\n<meta property=\"og:locale\" content=\"es_MX\" \/>\r\n<meta property=\"og:type\" content=\"article\" \/>\r\n<meta property=\"og:title\" content=\"Fomenta UAEM vocaciones cient\u00edficas en los tetelenses, El Conacyt aprob\u00f3 proyecto de la Universidad - Enlace Profesional\" \/>\r\n<meta property=\"og:description\" content=\"El Consejo Nacional de Ciencia y Tecnolog\u00eda (Conacyt), aprob\u00f3 el proyecto Vocaciones cient\u00edficas, tecnol\u00f3gicas y de innovaci\u00f3n en ni\u00f1as, ni\u00f1os y j\u00f3venes de comunidades marginadas de la regi\u00f3n de Tetela del Volc\u00e1n, presentado por Martha Shirley Reyes Quintero, investigadora de la Escuela de Estudios Superiores (EES) de Tetela del Volc\u00e1n, de la Universidad Aut\u00f3noma del&hellip;\" \/>\r\n<meta property=\"og:url\" content=\"https:\/\/blogs.uninter.edu.mx\/Vinculacion\/index.php\/fomenta-uaem-vocaciones-cientificas-en-los-tetelenses-el-conacyt-aprobo-proyecto-de-la-universidad\/\" \/>\r\n<meta property=\"og:site_name\" content=\"Enlace Profesional\" \/>\r\n<meta property=\"article:author\" content=\"https:\/\/www.facebook.com\/enlaceprofesional.uninter\/\" \/>\r\n<meta property=\"article:published_time\" content=\"2020-11-12T16:56:56+00:00\" \/>\r\n<meta property=\"article:modified_time\" content=\"2020-11-12T16:56:58+00:00\" \/>\r\n<meta property=\"og:image\" content=\"https:\/\/blogs.uninter.edu.mx\/Vinculacion\/wp-content\/uploads\/2020\/11\/Captura-de-Pantalla-2020-11-12-a-las-10.41.15-1.png\" \/>\r\n\t<meta property=\"og:image:width\" content=\"795\" \/>\r\n\t<meta property=\"og:image:height\" content=\"398\" \/>\r\n\t<meta property=\"og:image:type\" content=\"image\/png\" \/>\r\n<meta name=\"author\" content=\"Enlace Profesional\" \/>\r\n<meta name=\"twitter:card\" content=\"summary_large_image\" \/>\r\n<meta name=\"twitter:label1\" content=\"Escrito por\" \/>\n\t<meta name=\"twitter:data1\" content=\"Enlace Profesional\" \/>\n\t<meta name=\"twitter:label2\" content=\"Tiempo de lectura\" \/>\n\t<meta name=\"twitter:data2\" content=\"1 minuto\" \/>\r\n<script type=\"application\/ld+json\" class=\"yoast-schema-graph\">{\"@context\":\"https:\/\/schema.org\",\"@graph\":[{\"@type\":\"Article\",\"@id\":\"https:\/\/blogs.uninter.edu.mx\/Vinculacion\/index.php\/fomenta-uaem-vocaciones-cientificas-en-los-tetelenses-el-conacyt-aprobo-proyecto-de-la-universidad\/#article\",\"isPartOf\":{\"@id\":\"https:\/\/blogs.uninter.edu.mx\/Vinculacion\/index.php\/fomenta-uaem-vocaciones-cientificas-en-los-tetelenses-el-conacyt-aprobo-proyecto-de-la-universidad\/\"},\"author\":{\"name\":\"Enlace Profesional\",\"@id\":\"https:\/\/blogs.uninter.edu.mx\/Vinculacion\/#\/schema\/person\/f46d74ca104658683919a50d4d2c1877\"},\"headline\":\"Fomenta UAEM vocaciones cient\u00edficas en los tetelenses, El Conacyt aprob\u00f3 proyecto de la Universidad\",\"datePublished\":\"2020-11-12T16:56:56+00:00\",\"dateModified\":\"2020-11-12T16:56:58+00:00\",\"mainEntityOfPage\":{\"@id\":\"https:\/\/blogs.uninter.edu.mx\/Vinculacion\/index.php\/fomenta-uaem-vocaciones-cientificas-en-los-tetelenses-el-conacyt-aprobo-proyecto-de-la-universidad\/\"},\"wordCount\":206,\"commentCount\":0,\"publisher\":{\"@id\":\"https:\/\/blogs.uninter.edu.mx\/Vinculacion\/#organization\"},\"image\":{\"@id\":\"https:\/\/blogs.uninter.edu.mx\/Vinculacion\/index.php\/fomenta-uaem-vocaciones-cientificas-en-los-tetelenses-el-conacyt-aprobo-proyecto-de-la-universidad\/#primaryimage\"},\"thumbnailUrl\":\"https:\/\/blogs.uninter.edu.mx\/Vinculacion\/wp-content\/uploads\/2020\/11\/Captura-de-Pantalla-2020-11-12-a-las-10.41.15-1.png\",\"articleSection\":[\"Enlaces de Apoyo\"],\"inLanguage\":\"es\",\"potentialAction\":[{\"@type\":\"CommentAction\",\"name\":\"Comment\",\"target\":[\"https:\/\/blogs.uninter.edu.mx\/Vinculacion\/index.php\/fomenta-uaem-vocaciones-cientificas-en-los-tetelenses-el-conacyt-aprobo-proyecto-de-la-universidad\/#respond\"]}]},{\"@type\":\"WebPage\",\"@id\":\"https:\/\/blogs.uninter.edu.mx\/Vinculacion\/index.php\/fomenta-uaem-vocaciones-cientificas-en-los-tetelenses-el-conacyt-aprobo-proyecto-de-la-universidad\/\",\"url\":\"https:\/\/blogs.uninter.edu.mx\/Vinculacion\/index.php\/fomenta-uaem-vocaciones-cientificas-en-los-tetelenses-el-conacyt-aprobo-proyecto-de-la-universidad\/\",\"name\":\"Fomenta UAEM vocaciones cient\u00edficas en los tetelenses, El Conacyt aprob\u00f3 proyecto de la Universidad - Enlace Profesional\",\"isPartOf\":{\"@id\":\"https:\/\/blogs.uninter.edu.mx\/Vinculacion\/#website\"},\"primaryImageOfPage\":{\"@id\":\"https:\/\/blogs.uninter.edu.mx\/Vinculacion\/index.php\/fomenta-uaem-vocaciones-cientificas-en-los-tetelenses-el-conacyt-aprobo-proyecto-de-la-universidad\/#primaryimage\"},\"image\":{\"@id\":\"https:\/\/blogs.uninter.edu.mx\/Vinculacion\/index.php\/fomenta-uaem-vocaciones-cientificas-en-los-tetelenses-el-conacyt-aprobo-proyecto-de-la-universidad\/#primaryimage\"},\"thumbnailUrl\":\"https:\/\/blogs.uninter.edu.mx\/Vinculacion\/wp-content\/uploads\/2020\/11\/Captura-de-Pantalla-2020-11-12-a-las-10.41.15-1.png\",\"datePublished\":\"2020-11-12T16:56:56+00:00\",\"dateModified\":\"2020-11-12T16:56:58+00:00\",\"breadcrumb\":{\"@id\":\"https:\/\/blogs.uninter.edu.mx\/Vinculacion\/index.php\/fomenta-uaem-vocaciones-cientificas-en-los-tetelenses-el-conacyt-aprobo-proyecto-de-la-universidad\/#breadcrumb\"},\"inLanguage\":\"es\",\"potentialAction\":[{\"@type\":\"ReadAction\",\"target\":[\"https:\/\/blogs.uninter.edu.mx\/Vinculacion\/index.php\/fomenta-uaem-vocaciones-cientificas-en-los-tetelenses-el-conacyt-aprobo-proyecto-de-la-universidad\/\"]}]},{\"@type\":\"ImageObject\",\"inLanguage\":\"es\",\"@id\":\"https:\/\/blogs.uninter.edu.mx\/Vinculacion\/index.php\/fomenta-uaem-vocaciones-cientificas-en-los-tetelenses-el-conacyt-aprobo-proyecto-de-la-universidad\/#primaryimage\",\"url\":\"https:\/\/blogs.uninter.edu.mx\/Vinculacion\/wp-content\/uploads\/2020\/11\/Captura-de-Pantalla-2020-11-12-a-las-10.41.15-1.png\",\"contentUrl\":\"https:\/\/blogs.uninter.edu.mx\/Vinculacion\/wp-content\/uploads\/2020\/11\/Captura-de-Pantalla-2020-11-12-a-las-10.41.15-1.png\",\"width\":795,\"height\":398},{\"@type\":\"BreadcrumbList\",\"@id\":\"https:\/\/blogs.uninter.edu.mx\/Vinculacion\/index.php\/fomenta-uaem-vocaciones-cientificas-en-los-tetelenses-el-conacyt-aprobo-proyecto-de-la-universidad\/#breadcrumb\",\"itemListElement\":[{\"@type\":\"ListItem\",\"position\":1,\"name\":\"Inicio\",\"item\":\"https:\/\/blogs.uninter.edu.mx\/Vinculacion\/\"},{\"@type\":\"ListItem\",\"position\":2,\"name\":\"Fomenta UAEM vocaciones cient\u00edficas en los tetelenses, El Conacyt aprob\u00f3 proyecto de la Universidad\"}]},{\"@type\":\"WebSite\",\"@id\":\"https:\/\/blogs.uninter.edu.mx\/Vinculacion\/#website\",\"url\":\"https:\/\/blogs.uninter.edu.mx\/Vinculacion\/\",\"name\":\"Enlace Profesional\",\"description\":\"UNINTER\",\"publisher\":{\"@id\":\"https:\/\/blogs.uninter.edu.mx\/Vinculacion\/#organization\"},\"potentialAction\":[{\"@type\":\"SearchAction\",\"target\":{\"@type\":\"EntryPoint\",\"urlTemplate\":\"https:\/\/blogs.uninter.edu.mx\/Vinculacion\/?s={search_term_string}\"},\"query-input\":{\"@type\":\"PropertyValueSpecification\",\"valueRequired\":true,\"valueName\":\"search_term_string\"}}],\"inLanguage\":\"es\"},{\"@type\":\"Organization\",\"@id\":\"https:\/\/blogs.uninter.edu.mx\/Vinculacion\/#organization\",\"name\":\"Enlace Profesional\",\"url\":\"https:\/\/blogs.uninter.edu.mx\/Vinculacion\/\",\"logo\":{\"@type\":\"ImageObject\",\"inLanguage\":\"es\",\"@id\":\"https:\/\/blogs.uninter.edu.mx\/Vinculacion\/#\/schema\/logo\/image\/\",\"url\":\"https:\/\/blogs.uninter.edu.mx\/Vinculacion\/wp-content\/uploads\/2021\/02\/site-logo-white.svg\",\"contentUrl\":\"https:\/\/blogs.uninter.edu.mx\/Vinculacion\/wp-content\/uploads\/2021\/02\/site-logo-white.svg\",\"caption\":\"Enlace Profesional\"},\"image\":{\"@id\":\"https:\/\/blogs.uninter.edu.mx\/Vinculacion\/#\/schema\/logo\/image\/\"}},{\"@type\":\"Person\",\"@id\":\"https:\/\/blogs.uninter.edu.mx\/Vinculacion\/#\/schema\/person\/f46d74ca104658683919a50d4d2c1877\",\"name\":\"Enlace Profesional\",\"image\":{\"@type\":\"ImageObject\",\"inLanguage\":\"es\",\"@id\":\"https:\/\/blogs.uninter.edu.mx\/Vinculacion\/#\/schema\/person\/image\/\",\"url\":\"https:\/\/secure.gravatar.com\/avatar\/70af5ceb33d0fe27db9e54e73aa7c33546034daed2823e48deb116d0fcff4e78?s=96&d=mm&r=g\",\"contentUrl\":\"https:\/\/secure.gravatar.com\/avatar\/70af5ceb33d0fe27db9e54e73aa7c33546034daed2823e48deb116d0fcff4e78?s=96&d=mm&r=g\",\"caption\":\"Enlace Profesional\"},\"sameAs\":[\"https:\/\/www.facebook.com\/enlaceprofesional.uninter\/\",\"https:\/\/www.instagram.com\/enlaceprofesional2022\/\"],\"url\":\"https:\/\/blogs.uninter.edu.mx\/Vinculacion\/index.php\/author\/adiaz\/\"}]}<\/script>\r\n<!-- \/ Yoast SEO plugin. -->","yoast_head_json":{"title":"Fomenta UAEM vocaciones cient\u00edficas en los tetelenses, El Conacyt aprob\u00f3 proyecto de la Universidad - Enlace Profesional","robots":{"index":"index","follow":"follow","max-snippet":"max-snippet:-1","max-image-preview":"max-image-preview:large","max-video-preview":"max-video-preview:-1"},"canonical":"https:\/\/blogs.uninter.edu.mx\/Vinculacion\/index.php\/fomenta-uaem-vocaciones-cientificas-en-los-tetelenses-el-conacyt-aprobo-proyecto-de-la-universidad\/","og_locale":"es_MX","og_type":"article","og_title":"Fomenta UAEM vocaciones cient\u00edficas en los tetelenses, El Conacyt aprob\u00f3 proyecto de la Universidad - Enlace Profesional","og_description":"El Consejo Nacional de Ciencia y Tecnolog\u00eda (Conacyt), aprob\u00f3 el proyecto Vocaciones cient\u00edficas, tecnol\u00f3gicas y de innovaci\u00f3n en ni\u00f1as, ni\u00f1os y j\u00f3venes de comunidades marginadas de la regi\u00f3n de Tetela del Volc\u00e1n, presentado por Martha Shirley Reyes Quintero, investigadora de la Escuela de Estudios Superiores (EES) de Tetela del Volc\u00e1n, de la Universidad Aut\u00f3noma del&hellip;","og_url":"https:\/\/blogs.uninter.edu.mx\/Vinculacion\/index.php\/fomenta-uaem-vocaciones-cientificas-en-los-tetelenses-el-conacyt-aprobo-proyecto-de-la-universidad\/","og_site_name":"Enlace Profesional","article_author":"https:\/\/www.facebook.com\/enlaceprofesional.uninter\/","article_published_time":"2020-11-12T16:56:56+00:00","article_modified_time":"2020-11-12T16:56:58+00:00","og_image":[{"width":795,"height":398,"url":"https:\/\/blogs.uninter.edu.mx\/Vinculacion\/wp-content\/uploads\/2020\/11\/Captura-de-Pantalla-2020-11-12-a-las-10.41.15-1.png","type":"image\/png"}],"author":"Enlace Profesional","twitter_card":"summary_large_image","twitter_misc":{"Escrito por":"Enlace Profesional","Tiempo de lectura":"1 minuto"},"schema":{"@context":"https:\/\/schema.org","@graph":[{"@type":"Article","@id":"https:\/\/blogs.uninter.edu.mx\/Vinculacion\/index.php\/fomenta-uaem-vocaciones-cientificas-en-los-tetelenses-el-conacyt-aprobo-proyecto-de-la-universidad\/#article","isPartOf":{"@id":"https:\/\/blogs.uninter.edu.mx\/Vinculacion\/index.php\/fomenta-uaem-vocaciones-cientificas-en-los-tetelenses-el-conacyt-aprobo-proyecto-de-la-universidad\/"},"author":{"name":"Enlace Profesional","@id":"https:\/\/blogs.uninter.edu.mx\/Vinculacion\/#\/schema\/person\/f46d74ca104658683919a50d4d2c1877"},"headline":"Fomenta UAEM vocaciones cient\u00edficas en los tetelenses, El Conacyt aprob\u00f3 proyecto de la Universidad","datePublished":"2020-11-12T16:56:56+00:00","dateModified":"2020-11-12T16:56:58+00:00","mainEntityOfPage":{"@id":"https:\/\/blogs.uninter.edu.mx\/Vinculacion\/index.php\/fomenta-uaem-vocaciones-cientificas-en-los-tetelenses-el-conacyt-aprobo-proyecto-de-la-universidad\/"},"wordCount":206,"commentCount":0,"publisher":{"@id":"https:\/\/blogs.uninter.edu.mx\/Vinculacion\/#organization"},"image":{"@id":"https:\/\/blogs.uninter.edu.mx\/Vinculacion\/index.php\/fomenta-uaem-vocaciones-cientificas-en-los-tetelenses-el-conacyt-aprobo-proyecto-de-la-universidad\/#primaryimage"},"thumbnailUrl":"https:\/\/blogs.uninter.edu.mx\/Vinculacion\/wp-content\/uploads\/2020\/11\/Captura-de-Pantalla-2020-11-12-a-las-10.41.15-1.png","articleSection":["Enlaces de Apoyo"],"inLanguage":"es","potentialAction":[{"@type":"CommentAction","name":"Comment","target":["https:\/\/blogs.uninter.edu.mx\/Vinculacion\/index.php\/fomenta-uaem-vocaciones-cientificas-en-los-tetelenses-el-conacyt-aprobo-proyecto-de-la-universidad\/#respond"]}]},{"@type":"WebPage","@id":"https:\/\/blogs.uninter.edu.mx\/Vinculacion\/index.php\/fomenta-uaem-vocaciones-cientificas-en-los-tetelenses-el-conacyt-aprobo-proyecto-de-la-universidad\/","url":"https:\/\/blogs.uninter.edu.mx\/Vinculacion\/index.php\/fomenta-uaem-vocaciones-cientificas-en-los-tetelenses-el-conacyt-aprobo-proyecto-de-la-universidad\/","name":"Fomenta UAEM vocaciones cient\u00edficas en los tetelenses, El Conacyt aprob\u00f3 proyecto de la Universidad - Enlace Profesional","isPartOf":{"@id":"https:\/\/blogs.uninter.edu.mx\/Vinculacion\/#website"},"primaryImageOfPage":{"@id":"https:\/\/blogs.uninter.edu.mx\/Vinculacion\/index.php\/fomenta-uaem-vocaciones-cientificas-en-los-tetelenses-el-conacyt-aprobo-proyecto-de-la-universidad\/#primaryimage"},"image":{"@id":"https:\/\/blogs.uninter.edu.mx\/Vinculacion\/index.php\/fomenta-uaem-vocaciones-cientificas-en-los-tetelenses-el-conacyt-aprobo-proyecto-de-la-universidad\/#primaryimage"},"thumbnailUrl":"https:\/\/blogs.uninter.edu.mx\/Vinculacion\/wp-content\/uploads\/2020\/11\/Captura-de-Pantalla-2020-11-12-a-las-10.41.15-1.png","datePublished":"2020-11-12T16:56:56+00:00","dateModified":"2020-11-12T16:56:58+00:00","breadcrumb":{"@id":"https:\/\/blogs.uninter.edu.mx\/Vinculacion\/index.php\/fomenta-uaem-vocaciones-cientificas-en-los-tetelenses-el-conacyt-aprobo-proyecto-de-la-universidad\/#breadcrumb"},"inLanguage":"es","potentialAction":[{"@type":"ReadAction","target":["https:\/\/blogs.uninter.edu.mx\/Vinculacion\/index.php\/fomenta-uaem-vocaciones-cientificas-en-los-tetelenses-el-conacyt-aprobo-proyecto-de-la-universidad\/"]}]},{"@type":"ImageObject","inLanguage":"es","@id":"https:\/\/blogs.uninter.edu.mx\/Vinculacion\/index.php\/fomenta-uaem-vocaciones-cientificas-en-los-tetelenses-el-conacyt-aprobo-proyecto-de-la-universidad\/#primaryimage","url":"https:\/\/blogs.uninter.edu.mx\/Vinculacion\/wp-content\/uploads\/2020\/11\/Captura-de-Pantalla-2020-11-12-a-las-10.41.15-1.png","contentUrl":"https:\/\/blogs.uninter.edu.mx\/Vinculacion\/wp-content\/uploads\/2020\/11\/Captura-de-Pantalla-2020-11-12-a-las-10.41.15-1.png","width":795,"height":398},{"@type":"BreadcrumbList","@id":"https:\/\/blogs.uninter.edu.mx\/Vinculacion\/index.php\/fomenta-uaem-vocaciones-cientificas-en-los-tetelenses-el-conacyt-aprobo-proyecto-de-la-universidad\/#breadcrumb","itemListElement":[{"@type":"ListItem","position":1,"name":"Inicio","item":"https:\/\/blogs.uninter.edu.mx\/Vinculacion\/"},{"@type":"ListItem","position":2,"name":"Fomenta UAEM vocaciones cient\u00edficas en los tetelenses, El Conacyt aprob\u00f3 proyecto de la Universidad"}]},{"@type":"WebSite","@id":"https:\/\/blogs.uninter.edu.mx\/Vinculacion\/#website","url":"https:\/\/blogs.uninter.edu.mx\/Vinculacion\/","name":"Enlace Profesional","description":"UNINTER","publisher":{"@id":"https:\/\/blogs.uninter.edu.mx\/Vinculacion\/#organization"},"potentialAction":[{"@type":"SearchAction","target":{"@type":"EntryPoint","urlTemplate":"https:\/\/blogs.uninter.edu.mx\/Vinculacion\/?s={search_term_string}"},"query-input":{"@type":"PropertyValueSpecification","valueRequired":true,"valueName":"search_term_string"}}],"inLanguage":"es"},{"@type":"Organization","@id":"https:\/\/blogs.uninter.edu.mx\/Vinculacion\/#organization","name":"Enlace Profesional","url":"https:\/\/blogs.uninter.edu.mx\/Vinculacion\/","logo":{"@type":"ImageObject","inLanguage":"es","@id":"https:\/\/blogs.uninter.edu.mx\/Vinculacion\/#\/schema\/logo\/image\/","url":"https:\/\/blogs.uninter.edu.mx\/Vinculacion\/wp-content\/uploads\/2021\/02\/site-logo-white.svg","contentUrl":"https:\/\/blogs.uninter.edu.mx\/Vinculacion\/wp-content\/uploads\/2021\/02\/site-logo-white.svg","caption":"Enlace Profesional"},"image":{"@id":"https:\/\/blogs.uninter.edu.mx\/Vinculacion\/#\/schema\/logo\/image\/"}},{"@type":"Person","@id":"https:\/\/blogs.uninter.edu.mx\/Vinculacion\/#\/schema\/person\/f46d74ca104658683919a50d4d2c1877","name":"Enlace Profesional","image":{"@type":"ImageObject","inLanguage":"es","@id":"https:\/\/blogs.uninter.edu.mx\/Vinculacion\/#\/schema\/person\/image\/","url":"https:\/\/secure.gravatar.com\/avatar\/70af5ceb33d0fe27db9e54e73aa7c33546034daed2823e48deb116d0fcff4e78?s=96&d=mm&r=g","contentUrl":"https:\/\/secure.gravatar.com\/avatar\/70af5ceb33d0fe27db9e54e73aa7c33546034daed2823e48deb116d0fcff4e78?s=96&d=mm&r=g","caption":"Enlace Profesional"},"sameAs":["https:\/\/www.facebook.com\/enlaceprofesional.uninter\/","https:\/\/www.instagram.com\/enlaceprofesional2022\/"],"url":"https:\/\/blogs.uninter.edu.mx\/Vinculacion\/index.php\/author\/adiaz\/"}]}},"jetpack_publicize_connections":[],"jetpack_featured_media_url":"https:\/\/blogs.uninter.edu.mx\/Vinculacion\/wp-content\/uploads\/2020\/11\/Captura-de-Pantalla-2020-11-12-a-las-10.41.15-1.png","jetpack_sharing_enabled":true,"_links":{"self":[{"href":"https:\/\/blogs.uninter.edu.mx\/Vinculacion\/index.php\/wp-json\/wp\/v2\/posts\/727","targetHints":{"allow":["GET"]}}],"collection":[{"href":"https:\/\/blogs.uninter.edu.mx\/Vinculacion\/index.php\/wp-json\/wp\/v2\/posts"}],"about":[{"href":"https:\/\/blogs.uninter.edu.mx\/Vinculacion\/index.php\/wp-json\/wp\/v2\/types\/post"}],"author":[{"embeddable":true,"href":"https:\/\/blogs.uninter.edu.mx\/Vinculacion\/index.php\/wp-json\/wp\/v2\/users\/8"}],"replies":[{"embeddable":true,"href":"https:\/\/blogs.uninter.edu.mx\/Vinculacion\/index.php\/wp-json\/wp\/v2\/comments?post=727"}],"version-history":[{"count":1,"href":"https:\/\/blogs.uninter.edu.mx\/Vinculacion\/index.php\/wp-json\/wp\/v2\/posts\/727\/revisions"}],"predecessor-version":[{"id":729,"href":"https:\/\/blogs.uninter.edu.mx\/Vinculacion\/index.php\/wp-json\/wp\/v2\/posts\/727\/revisions\/729"}],"wp:featuredmedia":[{"embeddable":true,"href":"https:\/\/blogs.uninter.edu.mx\/Vinculacion\/index.php\/wp-json\/wp\/v2\/media\/728"}],"wp:attachment":[{"href":"https:\/\/blogs.uninter.edu.mx\/Vinculacion\/index.php\/wp-json\/wp\/v2\/media?parent=727"}],"wp:term":[{"taxonomy":"category","embeddable":true,"href":"https:\/\/blogs.uninter.edu.mx\/Vinculacion\/index.php\/wp-json\/wp\/v2\/categories?post=727"},{"taxonomy":"post_tag","embeddable":true,"href":"https:\/\/blogs.uninter.edu.mx\/Vinculacion\/index.php\/wp-json\/wp\/v2\/tags?post=727"}],"curies":[{"name":"wp","href":"https:\/\/api.w.org\/{rel}","templated":true}]}}