{"id":947,"date":"2021-04-22T17:19:56","date_gmt":"2021-04-22T17:19:56","guid":{"rendered":"https:\/\/blogs.uninter.edu.mx\/Vinculacion\/?p=947"},"modified":"2021-04-22T17:19:59","modified_gmt":"2021-04-22T17:19:59","slug":"9a-conferencia-latinoamericana-y-caribena-de-ciencias-sociales","status":"publish","type":"post","link":"https:\/\/blogs.uninter.edu.mx\/Vinculacion\/index.php\/9a-conferencia-latinoamericana-y-caribena-de-ciencias-sociales\/","title":{"rendered":"9\u00aa Conferencia Latinoamericana y Caribe\u00f1a de Ciencias Sociales"},"content":{"rendered":"\n<p>Del 7 al 11 de noviembre de 2021 tendr\u00e1 lugar la 9\u00aa Conferencia Latinoamericana y Caribe\u00f1a de Ciencias Sociales en las instalaciones de la Universidad Nacional Aut\u00f3noma de M\u00e9xico (UNAM).<\/p>\n\n\n\n<p>La edici\u00f3n de #CLACSO2021 contar\u00e1 con el desarrollo de paneles abiertos y especiales con invitados\/as internacionales y de conferencias y di\u00e1logos magistrales con destacadas figuras del campo pol\u00edtico, acad\u00e9mico y social, adem\u00e1s de talleres de formaci\u00f3n, paneles y mesas. Cabe se\u00f1alar que en el marco de esta actividad se realizar\u00e1 una feria internacional del libro de ciencias sociales y humanidades y un ciclo internacional de cine, entre otros eventos especiales.<\/p>\n\n\n\n<p>La Conferencia Latinoamericana y Caribe\u00f1a de Ciencias Sociales es, desde su primera edici\u00f3n en 2003, el mayor evento acad\u00e9mico y pol\u00edtico de las Ciencias Sociales y las Humanidades a nivel mundial. En sus ocho ediciones anteriores, que acompa\u00f1aron la realizaci\u00f3n de las Asambleas Generales del Consejo, han sido abordadas tem\u00e1ticas diversas en funci\u00f3n de las coyunturas pol\u00edticas y sociales de la regi\u00f3n. En 2021 el eje articulador de la Conferencia ser\u00e1n las tramas de las desigualdades.<\/p>\n\n\n\n<div class=\"wp-block-image\"><figure class=\"aligncenter size-large\"><img loading=\"lazy\" decoding=\"async\" width=\"1024\" height=\"538\" src=\"https:\/\/blogs.uninter.edu.mx\/Vinculacion\/wp-content\/uploads\/2021\/04\/CLACSO2021-FB-post-1024x538-1.png\" alt=\"\" class=\"wp-image-948\" srcset=\"https:\/\/blogs.uninter.edu.mx\/Vinculacion\/wp-content\/uploads\/2021\/04\/CLACSO2021-FB-post-1024x538-1.png 1024w, https:\/\/blogs.uninter.edu.mx\/Vinculacion\/wp-content\/uploads\/2021\/04\/CLACSO2021-FB-post-1024x538-1-300x158.png 300w, https:\/\/blogs.uninter.edu.mx\/Vinculacion\/wp-content\/uploads\/2021\/04\/CLACSO2021-FB-post-1024x538-1-768x404.png 768w\" sizes=\"auto, (max-width: 1024px) 100vw, 1024px\" \/><\/figure><\/div>\n","protected":false},"excerpt":{"rendered":"<p>Del 7 al 11 de noviembre de 2021 tendr\u00e1 lugar la 9\u00aa Conferencia Latinoamericana y Caribe\u00f1a de Ciencias Sociales en las instalaciones de la Universidad Nacional Aut\u00f3noma de M\u00e9xico (UNAM). La edici\u00f3n de #CLACSO2021 contar\u00e1 con el desarrollo de paneles abiertos y especiales con invitados\/as internacionales y de conferencias y di\u00e1logos magistrales con destacadas figuras&hellip;<\/p>\n","protected":false},"author":8,"featured_media":948,"comment_status":"open","ping_status":"open","sticky":false,"template":"","format":"standard","meta":{"_jetpack_memberships_contains_paid_content":false,"footnotes":"","jetpack_publicize_message":"","jetpack_publicize_feature_enabled":true,"jetpack_social_post_already_shared":true,"jetpack_social_options":{"image_generator_settings":{"template":"highway","default_image_id":0,"font":"","enabled":false},"version":2}},"categories":[41,42],"tags":[],"class_list":["post-947","post","type-post","status-publish","format-standard","has-post-thumbnail","hentry","category-enlaces-de-apoyo","category-seminarios"],"yoast_head":"<!-- This site is optimized with the Yoast SEO plugin v26.0 - https:\/\/yoast.com\/wordpress\/plugins\/seo\/ -->\r\n<title>9\u00aa Conferencia Latinoamericana y Caribe\u00f1a de Ciencias Sociales - Enlace Profesional<\/title>\r\n<meta name=\"robots\" content=\"index, follow, max-snippet:-1, max-image-preview:large, max-video-preview:-1\" \/>\r\n<link rel=\"canonical\" href=\"https:\/\/blogs.uninter.edu.mx\/Vinculacion\/index.php\/9a-conferencia-latinoamericana-y-caribena-de-ciencias-sociales\/\" \/>\r\n<meta property=\"og:locale\" content=\"es_MX\" \/>\r\n<meta property=\"og:type\" content=\"article\" \/>\r\n<meta property=\"og:title\" content=\"9\u00aa Conferencia Latinoamericana y Caribe\u00f1a de Ciencias Sociales - Enlace Profesional\" \/>\r\n<meta property=\"og:description\" content=\"Del 7 al 11 de noviembre de 2021 tendr\u00e1 lugar la 9\u00aa Conferencia Latinoamericana y Caribe\u00f1a de Ciencias Sociales en las instalaciones de la Universidad Nacional Aut\u00f3noma de M\u00e9xico (UNAM). La edici\u00f3n de #CLACSO2021 contar\u00e1 con el desarrollo de paneles abiertos y especiales con invitados\/as internacionales y de conferencias y di\u00e1logos magistrales con destacadas figuras&hellip;\" \/>\r\n<meta property=\"og:url\" content=\"https:\/\/blogs.uninter.edu.mx\/Vinculacion\/index.php\/9a-conferencia-latinoamericana-y-caribena-de-ciencias-sociales\/\" \/>\r\n<meta property=\"og:site_name\" content=\"Enlace Profesional\" \/>\r\n<meta property=\"article:author\" content=\"https:\/\/www.facebook.com\/enlaceprofesional.uninter\/\" \/>\r\n<meta property=\"article:published_time\" content=\"2021-04-22T17:19:56+00:00\" \/>\r\n<meta property=\"article:modified_time\" content=\"2021-04-22T17:19:59+00:00\" \/>\r\n<meta property=\"og:image\" content=\"https:\/\/blogs.uninter.edu.mx\/Vinculacion\/wp-content\/uploads\/2021\/04\/CLACSO2021-FB-post-1024x538-1.png\" \/>\r\n\t<meta property=\"og:image:width\" content=\"1024\" \/>\r\n\t<meta property=\"og:image:height\" content=\"538\" \/>\r\n\t<meta property=\"og:image:type\" content=\"image\/png\" \/>\r\n<meta name=\"author\" content=\"Enlace Profesional\" \/>\r\n<meta name=\"twitter:card\" content=\"summary_large_image\" \/>\r\n<meta name=\"twitter:label1\" content=\"Escrito por\" \/>\n\t<meta name=\"twitter:data1\" content=\"Enlace Profesional\" \/>\n\t<meta name=\"twitter:label2\" content=\"Tiempo de lectura\" \/>\n\t<meta name=\"twitter:data2\" content=\"1 minuto\" \/>\r\n<script type=\"application\/ld+json\" class=\"yoast-schema-graph\">{\"@context\":\"https:\/\/schema.org\",\"@graph\":[{\"@type\":\"Article\",\"@id\":\"https:\/\/blogs.uninter.edu.mx\/Vinculacion\/index.php\/9a-conferencia-latinoamericana-y-caribena-de-ciencias-sociales\/#article\",\"isPartOf\":{\"@id\":\"https:\/\/blogs.uninter.edu.mx\/Vinculacion\/index.php\/9a-conferencia-latinoamericana-y-caribena-de-ciencias-sociales\/\"},\"author\":{\"name\":\"Enlace Profesional\",\"@id\":\"https:\/\/blogs.uninter.edu.mx\/Vinculacion\/#\/schema\/person\/f46d74ca104658683919a50d4d2c1877\"},\"headline\":\"9\u00aa Conferencia Latinoamericana y Caribe\u00f1a de Ciencias Sociales\",\"datePublished\":\"2021-04-22T17:19:56+00:00\",\"dateModified\":\"2021-04-22T17:19:59+00:00\",\"mainEntityOfPage\":{\"@id\":\"https:\/\/blogs.uninter.edu.mx\/Vinculacion\/index.php\/9a-conferencia-latinoamericana-y-caribena-de-ciencias-sociales\/\"},\"wordCount\":200,\"commentCount\":0,\"publisher\":{\"@id\":\"https:\/\/blogs.uninter.edu.mx\/Vinculacion\/#organization\"},\"image\":{\"@id\":\"https:\/\/blogs.uninter.edu.mx\/Vinculacion\/index.php\/9a-conferencia-latinoamericana-y-caribena-de-ciencias-sociales\/#primaryimage\"},\"thumbnailUrl\":\"https:\/\/blogs.uninter.edu.mx\/Vinculacion\/wp-content\/uploads\/2021\/04\/CLACSO2021-FB-post-1024x538-1.png\",\"articleSection\":[\"Enlaces de Apoyo\",\"Seminarios\"],\"inLanguage\":\"es\",\"potentialAction\":[{\"@type\":\"CommentAction\",\"name\":\"Comment\",\"target\":[\"https:\/\/blogs.uninter.edu.mx\/Vinculacion\/index.php\/9a-conferencia-latinoamericana-y-caribena-de-ciencias-sociales\/#respond\"]}]},{\"@type\":\"WebPage\",\"@id\":\"https:\/\/blogs.uninter.edu.mx\/Vinculacion\/index.php\/9a-conferencia-latinoamericana-y-caribena-de-ciencias-sociales\/\",\"url\":\"https:\/\/blogs.uninter.edu.mx\/Vinculacion\/index.php\/9a-conferencia-latinoamericana-y-caribena-de-ciencias-sociales\/\",\"name\":\"9\u00aa Conferencia Latinoamericana y Caribe\u00f1a de Ciencias Sociales - Enlace Profesional\",\"isPartOf\":{\"@id\":\"https:\/\/blogs.uninter.edu.mx\/Vinculacion\/#website\"},\"primaryImageOfPage\":{\"@id\":\"https:\/\/blogs.uninter.edu.mx\/Vinculacion\/index.php\/9a-conferencia-latinoamericana-y-caribena-de-ciencias-sociales\/#primaryimage\"},\"image\":{\"@id\":\"https:\/\/blogs.uninter.edu.mx\/Vinculacion\/index.php\/9a-conferencia-latinoamericana-y-caribena-de-ciencias-sociales\/#primaryimage\"},\"thumbnailUrl\":\"https:\/\/blogs.uninter.edu.mx\/Vinculacion\/wp-content\/uploads\/2021\/04\/CLACSO2021-FB-post-1024x538-1.png\",\"datePublished\":\"2021-04-22T17:19:56+00:00\",\"dateModified\":\"2021-04-22T17:19:59+00:00\",\"breadcrumb\":{\"@id\":\"https:\/\/blogs.uninter.edu.mx\/Vinculacion\/index.php\/9a-conferencia-latinoamericana-y-caribena-de-ciencias-sociales\/#breadcrumb\"},\"inLanguage\":\"es\",\"potentialAction\":[{\"@type\":\"ReadAction\",\"target\":[\"https:\/\/blogs.uninter.edu.mx\/Vinculacion\/index.php\/9a-conferencia-latinoamericana-y-caribena-de-ciencias-sociales\/\"]}]},{\"@type\":\"ImageObject\",\"inLanguage\":\"es\",\"@id\":\"https:\/\/blogs.uninter.edu.mx\/Vinculacion\/index.php\/9a-conferencia-latinoamericana-y-caribena-de-ciencias-sociales\/#primaryimage\",\"url\":\"https:\/\/blogs.uninter.edu.mx\/Vinculacion\/wp-content\/uploads\/2021\/04\/CLACSO2021-FB-post-1024x538-1.png\",\"contentUrl\":\"https:\/\/blogs.uninter.edu.mx\/Vinculacion\/wp-content\/uploads\/2021\/04\/CLACSO2021-FB-post-1024x538-1.png\",\"width\":1024,\"height\":538},{\"@type\":\"BreadcrumbList\",\"@id\":\"https:\/\/blogs.uninter.edu.mx\/Vinculacion\/index.php\/9a-conferencia-latinoamericana-y-caribena-de-ciencias-sociales\/#breadcrumb\",\"itemListElement\":[{\"@type\":\"ListItem\",\"position\":1,\"name\":\"Inicio\",\"item\":\"https:\/\/blogs.uninter.edu.mx\/Vinculacion\/\"},{\"@type\":\"ListItem\",\"position\":2,\"name\":\"9\u00aa Conferencia Latinoamericana y Caribe\u00f1a de Ciencias Sociales\"}]},{\"@type\":\"WebSite\",\"@id\":\"https:\/\/blogs.uninter.edu.mx\/Vinculacion\/#website\",\"url\":\"https:\/\/blogs.uninter.edu.mx\/Vinculacion\/\",\"name\":\"Enlace Profesional\",\"description\":\"UNINTER\",\"publisher\":{\"@id\":\"https:\/\/blogs.uninter.edu.mx\/Vinculacion\/#organization\"},\"potentialAction\":[{\"@type\":\"SearchAction\",\"target\":{\"@type\":\"EntryPoint\",\"urlTemplate\":\"https:\/\/blogs.uninter.edu.mx\/Vinculacion\/?s={search_term_string}\"},\"query-input\":{\"@type\":\"PropertyValueSpecification\",\"valueRequired\":true,\"valueName\":\"search_term_string\"}}],\"inLanguage\":\"es\"},{\"@type\":\"Organization\",\"@id\":\"https:\/\/blogs.uninter.edu.mx\/Vinculacion\/#organization\",\"name\":\"Enlace Profesional\",\"url\":\"https:\/\/blogs.uninter.edu.mx\/Vinculacion\/\",\"logo\":{\"@type\":\"ImageObject\",\"inLanguage\":\"es\",\"@id\":\"https:\/\/blogs.uninter.edu.mx\/Vinculacion\/#\/schema\/logo\/image\/\",\"url\":\"https:\/\/blogs.uninter.edu.mx\/Vinculacion\/wp-content\/uploads\/2021\/02\/site-logo-white.svg\",\"contentUrl\":\"https:\/\/blogs.uninter.edu.mx\/Vinculacion\/wp-content\/uploads\/2021\/02\/site-logo-white.svg\",\"caption\":\"Enlace Profesional\"},\"image\":{\"@id\":\"https:\/\/blogs.uninter.edu.mx\/Vinculacion\/#\/schema\/logo\/image\/\"}},{\"@type\":\"Person\",\"@id\":\"https:\/\/blogs.uninter.edu.mx\/Vinculacion\/#\/schema\/person\/f46d74ca104658683919a50d4d2c1877\",\"name\":\"Enlace Profesional\",\"image\":{\"@type\":\"ImageObject\",\"inLanguage\":\"es\",\"@id\":\"https:\/\/blogs.uninter.edu.mx\/Vinculacion\/#\/schema\/person\/image\/\",\"url\":\"https:\/\/secure.gravatar.com\/avatar\/70af5ceb33d0fe27db9e54e73aa7c33546034daed2823e48deb116d0fcff4e78?s=96&d=mm&r=g\",\"contentUrl\":\"https:\/\/secure.gravatar.com\/avatar\/70af5ceb33d0fe27db9e54e73aa7c33546034daed2823e48deb116d0fcff4e78?s=96&d=mm&r=g\",\"caption\":\"Enlace Profesional\"},\"sameAs\":[\"https:\/\/www.facebook.com\/enlaceprofesional.uninter\/\",\"https:\/\/www.instagram.com\/enlaceprofesional2022\/\"],\"url\":\"https:\/\/blogs.uninter.edu.mx\/Vinculacion\/index.php\/author\/adiaz\/\"}]}<\/script>\r\n<!-- \/ Yoast SEO plugin. -->","yoast_head_json":{"title":"9\u00aa Conferencia Latinoamericana y Caribe\u00f1a de Ciencias Sociales - Enlace Profesional","robots":{"index":"index","follow":"follow","max-snippet":"max-snippet:-1","max-image-preview":"max-image-preview:large","max-video-preview":"max-video-preview:-1"},"canonical":"https:\/\/blogs.uninter.edu.mx\/Vinculacion\/index.php\/9a-conferencia-latinoamericana-y-caribena-de-ciencias-sociales\/","og_locale":"es_MX","og_type":"article","og_title":"9\u00aa Conferencia Latinoamericana y Caribe\u00f1a de Ciencias Sociales - Enlace Profesional","og_description":"Del 7 al 11 de noviembre de 2021 tendr\u00e1 lugar la 9\u00aa Conferencia Latinoamericana y Caribe\u00f1a de Ciencias Sociales en las instalaciones de la Universidad Nacional Aut\u00f3noma de M\u00e9xico (UNAM). La edici\u00f3n de #CLACSO2021 contar\u00e1 con el desarrollo de paneles abiertos y especiales con invitados\/as internacionales y de conferencias y di\u00e1logos magistrales con destacadas figuras&hellip;","og_url":"https:\/\/blogs.uninter.edu.mx\/Vinculacion\/index.php\/9a-conferencia-latinoamericana-y-caribena-de-ciencias-sociales\/","og_site_name":"Enlace Profesional","article_author":"https:\/\/www.facebook.com\/enlaceprofesional.uninter\/","article_published_time":"2021-04-22T17:19:56+00:00","article_modified_time":"2021-04-22T17:19:59+00:00","og_image":[{"width":1024,"height":538,"url":"https:\/\/blogs.uninter.edu.mx\/Vinculacion\/wp-content\/uploads\/2021\/04\/CLACSO2021-FB-post-1024x538-1.png","type":"image\/png"}],"author":"Enlace Profesional","twitter_card":"summary_large_image","twitter_misc":{"Escrito por":"Enlace Profesional","Tiempo de lectura":"1 minuto"},"schema":{"@context":"https:\/\/schema.org","@graph":[{"@type":"Article","@id":"https:\/\/blogs.uninter.edu.mx\/Vinculacion\/index.php\/9a-conferencia-latinoamericana-y-caribena-de-ciencias-sociales\/#article","isPartOf":{"@id":"https:\/\/blogs.uninter.edu.mx\/Vinculacion\/index.php\/9a-conferencia-latinoamericana-y-caribena-de-ciencias-sociales\/"},"author":{"name":"Enlace Profesional","@id":"https:\/\/blogs.uninter.edu.mx\/Vinculacion\/#\/schema\/person\/f46d74ca104658683919a50d4d2c1877"},"headline":"9\u00aa Conferencia Latinoamericana y Caribe\u00f1a de Ciencias Sociales","datePublished":"2021-04-22T17:19:56+00:00","dateModified":"2021-04-22T17:19:59+00:00","mainEntityOfPage":{"@id":"https:\/\/blogs.uninter.edu.mx\/Vinculacion\/index.php\/9a-conferencia-latinoamericana-y-caribena-de-ciencias-sociales\/"},"wordCount":200,"commentCount":0,"publisher":{"@id":"https:\/\/blogs.uninter.edu.mx\/Vinculacion\/#organization"},"image":{"@id":"https:\/\/blogs.uninter.edu.mx\/Vinculacion\/index.php\/9a-conferencia-latinoamericana-y-caribena-de-ciencias-sociales\/#primaryimage"},"thumbnailUrl":"https:\/\/blogs.uninter.edu.mx\/Vinculacion\/wp-content\/uploads\/2021\/04\/CLACSO2021-FB-post-1024x538-1.png","articleSection":["Enlaces de Apoyo","Seminarios"],"inLanguage":"es","potentialAction":[{"@type":"CommentAction","name":"Comment","target":["https:\/\/blogs.uninter.edu.mx\/Vinculacion\/index.php\/9a-conferencia-latinoamericana-y-caribena-de-ciencias-sociales\/#respond"]}]},{"@type":"WebPage","@id":"https:\/\/blogs.uninter.edu.mx\/Vinculacion\/index.php\/9a-conferencia-latinoamericana-y-caribena-de-ciencias-sociales\/","url":"https:\/\/blogs.uninter.edu.mx\/Vinculacion\/index.php\/9a-conferencia-latinoamericana-y-caribena-de-ciencias-sociales\/","name":"9\u00aa Conferencia Latinoamericana y Caribe\u00f1a de Ciencias Sociales - Enlace Profesional","isPartOf":{"@id":"https:\/\/blogs.uninter.edu.mx\/Vinculacion\/#website"},"primaryImageOfPage":{"@id":"https:\/\/blogs.uninter.edu.mx\/Vinculacion\/index.php\/9a-conferencia-latinoamericana-y-caribena-de-ciencias-sociales\/#primaryimage"},"image":{"@id":"https:\/\/blogs.uninter.edu.mx\/Vinculacion\/index.php\/9a-conferencia-latinoamericana-y-caribena-de-ciencias-sociales\/#primaryimage"},"thumbnailUrl":"https:\/\/blogs.uninter.edu.mx\/Vinculacion\/wp-content\/uploads\/2021\/04\/CLACSO2021-FB-post-1024x538-1.png","datePublished":"2021-04-22T17:19:56+00:00","dateModified":"2021-04-22T17:19:59+00:00","breadcrumb":{"@id":"https:\/\/blogs.uninter.edu.mx\/Vinculacion\/index.php\/9a-conferencia-latinoamericana-y-caribena-de-ciencias-sociales\/#breadcrumb"},"inLanguage":"es","potentialAction":[{"@type":"ReadAction","target":["https:\/\/blogs.uninter.edu.mx\/Vinculacion\/index.php\/9a-conferencia-latinoamericana-y-caribena-de-ciencias-sociales\/"]}]},{"@type":"ImageObject","inLanguage":"es","@id":"https:\/\/blogs.uninter.edu.mx\/Vinculacion\/index.php\/9a-conferencia-latinoamericana-y-caribena-de-ciencias-sociales\/#primaryimage","url":"https:\/\/blogs.uninter.edu.mx\/Vinculacion\/wp-content\/uploads\/2021\/04\/CLACSO2021-FB-post-1024x538-1.png","contentUrl":"https:\/\/blogs.uninter.edu.mx\/Vinculacion\/wp-content\/uploads\/2021\/04\/CLACSO2021-FB-post-1024x538-1.png","width":1024,"height":538},{"@type":"BreadcrumbList","@id":"https:\/\/blogs.uninter.edu.mx\/Vinculacion\/index.php\/9a-conferencia-latinoamericana-y-caribena-de-ciencias-sociales\/#breadcrumb","itemListElement":[{"@type":"ListItem","position":1,"name":"Inicio","item":"https:\/\/blogs.uninter.edu.mx\/Vinculacion\/"},{"@type":"ListItem","position":2,"name":"9\u00aa Conferencia Latinoamericana y Caribe\u00f1a de Ciencias Sociales"}]},{"@type":"WebSite","@id":"https:\/\/blogs.uninter.edu.mx\/Vinculacion\/#website","url":"https:\/\/blogs.uninter.edu.mx\/Vinculacion\/","name":"Enlace Profesional","description":"UNINTER","publisher":{"@id":"https:\/\/blogs.uninter.edu.mx\/Vinculacion\/#organization"},"potentialAction":[{"@type":"SearchAction","target":{"@type":"EntryPoint","urlTemplate":"https:\/\/blogs.uninter.edu.mx\/Vinculacion\/?s={search_term_string}"},"query-input":{"@type":"PropertyValueSpecification","valueRequired":true,"valueName":"search_term_string"}}],"inLanguage":"es"},{"@type":"Organization","@id":"https:\/\/blogs.uninter.edu.mx\/Vinculacion\/#organization","name":"Enlace Profesional","url":"https:\/\/blogs.uninter.edu.mx\/Vinculacion\/","logo":{"@type":"ImageObject","inLanguage":"es","@id":"https:\/\/blogs.uninter.edu.mx\/Vinculacion\/#\/schema\/logo\/image\/","url":"https:\/\/blogs.uninter.edu.mx\/Vinculacion\/wp-content\/uploads\/2021\/02\/site-logo-white.svg","contentUrl":"https:\/\/blogs.uninter.edu.mx\/Vinculacion\/wp-content\/uploads\/2021\/02\/site-logo-white.svg","caption":"Enlace Profesional"},"image":{"@id":"https:\/\/blogs.uninter.edu.mx\/Vinculacion\/#\/schema\/logo\/image\/"}},{"@type":"Person","@id":"https:\/\/blogs.uninter.edu.mx\/Vinculacion\/#\/schema\/person\/f46d74ca104658683919a50d4d2c1877","name":"Enlace Profesional","image":{"@type":"ImageObject","inLanguage":"es","@id":"https:\/\/blogs.uninter.edu.mx\/Vinculacion\/#\/schema\/person\/image\/","url":"https:\/\/secure.gravatar.com\/avatar\/70af5ceb33d0fe27db9e54e73aa7c33546034daed2823e48deb116d0fcff4e78?s=96&d=mm&r=g","contentUrl":"https:\/\/secure.gravatar.com\/avatar\/70af5ceb33d0fe27db9e54e73aa7c33546034daed2823e48deb116d0fcff4e78?s=96&d=mm&r=g","caption":"Enlace Profesional"},"sameAs":["https:\/\/www.facebook.com\/enlaceprofesional.uninter\/","https:\/\/www.instagram.com\/enlaceprofesional2022\/"],"url":"https:\/\/blogs.uninter.edu.mx\/Vinculacion\/index.php\/author\/adiaz\/"}]}},"jetpack_publicize_connections":[],"jetpack_featured_media_url":"https:\/\/blogs.uninter.edu.mx\/Vinculacion\/wp-content\/uploads\/2021\/04\/CLACSO2021-FB-post-1024x538-1.png","jetpack_sharing_enabled":true,"_links":{"self":[{"href":"https:\/\/blogs.uninter.edu.mx\/Vinculacion\/index.php\/wp-json\/wp\/v2\/posts\/947","targetHints":{"allow":["GET"]}}],"collection":[{"href":"https:\/\/blogs.uninter.edu.mx\/Vinculacion\/index.php\/wp-json\/wp\/v2\/posts"}],"about":[{"href":"https:\/\/blogs.uninter.edu.mx\/Vinculacion\/index.php\/wp-json\/wp\/v2\/types\/post"}],"author":[{"embeddable":true,"href":"https:\/\/blogs.uninter.edu.mx\/Vinculacion\/index.php\/wp-json\/wp\/v2\/users\/8"}],"replies":[{"embeddable":true,"href":"https:\/\/blogs.uninter.edu.mx\/Vinculacion\/index.php\/wp-json\/wp\/v2\/comments?post=947"}],"version-history":[{"count":1,"href":"https:\/\/blogs.uninter.edu.mx\/Vinculacion\/index.php\/wp-json\/wp\/v2\/posts\/947\/revisions"}],"predecessor-version":[{"id":949,"href":"https:\/\/blogs.uninter.edu.mx\/Vinculacion\/index.php\/wp-json\/wp\/v2\/posts\/947\/revisions\/949"}],"wp:featuredmedia":[{"embeddable":true,"href":"https:\/\/blogs.uninter.edu.mx\/Vinculacion\/index.php\/wp-json\/wp\/v2\/media\/948"}],"wp:attachment":[{"href":"https:\/\/blogs.uninter.edu.mx\/Vinculacion\/index.php\/wp-json\/wp\/v2\/media?parent=947"}],"wp:term":[{"taxonomy":"category","embeddable":true,"href":"https:\/\/blogs.uninter.edu.mx\/Vinculacion\/index.php\/wp-json\/wp\/v2\/categories?post=947"},{"taxonomy":"post_tag","embeddable":true,"href":"https:\/\/blogs.uninter.edu.mx\/Vinculacion\/index.php\/wp-json\/wp\/v2\/tags?post=947"}],"curies":[{"name":"wp","href":"https:\/\/api.w.org\/{rel}","templated":true}]}}