{"id":142,"date":"2019-08-02T14:54:41","date_gmt":"2019-08-02T14:54:41","guid":{"rendered":"https:\/\/blogs.uninter.edu.mx\/biu\/?p=142"},"modified":"2019-08-02T14:54:47","modified_gmt":"2019-08-02T14:54:47","slug":"mi-pequeno-gran-escritor-2019","status":"publish","type":"post","link":"https:\/\/blogs.uninter.edu.mx\/biu\/index.php\/2019\/08\/02\/mi-pequeno-gran-escritor-2019\/","title":{"rendered":"Mi peque\u00f1o gran escritor 2019"},"content":{"rendered":"\n<p>El pasado 31 de mayo de 2019, nuestras instalaciones del Bachillerato Internacional de <a href=\"https:\/\/biu.uninter.edu.mx\/\">Uninter<\/a> se vieron engalanadas con la presencia de los padres de familia y alumnos de primer grado, quienes orgullosamente presentaron el <a href=\"http:\/\/literfan.cyberdark.net\/Recursos\/RecLibrosExtranjeros.htm\">libro<\/a> escrito por cada uno de ellos, en el evento denominado Mi peque\u00f1o gran escritor.<\/p>\n\n\n\n<p>En esta ocasi\u00f3n, hemos llegado a la\nnovena edici\u00f3n del evento, y tuvimos el honor de contar con la presencia del\nescritor Julio C\u00e9sar S\u00e1mano Garc\u00eda, quien dirigi\u00f3 algunas palabras a los\nj\u00f3venes escritores, acerca del gusto y trascendencia del arte de escribir.<\/p>\n\n\n\n<div class=\"wp-block-jetpack-slideshow aligncenter\" data-effect=\"slide\"><div class=\"wp-block-jetpack-slideshow_container swiper-container\"><ul class=\"wp-block-jetpack-slideshow_swiper-wrapper swiper-wrapper\"><li class=\"wp-block-jetpack-slideshow_slide swiper-slide\"><figure><img loading=\"lazy\" decoding=\"async\" width=\"1032\" height=\"774\" alt=\"\" class=\"wp-block-jetpack-slideshow_image wp-image-161\" data-id=\"161\" src=\"https:\/\/blogs.uninter.edu.mx\/biu\/wp-content\/uploads\/2019\/08\/IMG-20190531-WA0049.jpg\" srcset=\"https:\/\/blogs.uninter.edu.mx\/biu\/wp-content\/uploads\/2019\/08\/IMG-20190531-WA0049.jpg 1032w, https:\/\/blogs.uninter.edu.mx\/biu\/wp-content\/uploads\/2019\/08\/IMG-20190531-WA0049-300x225.jpg 300w, https:\/\/blogs.uninter.edu.mx\/biu\/wp-content\/uploads\/2019\/08\/IMG-20190531-WA0049-768x576.jpg 768w, https:\/\/blogs.uninter.edu.mx\/biu\/wp-content\/uploads\/2019\/08\/IMG-20190531-WA0049-1024x768.jpg 1024w\" sizes=\"auto, (max-width: 1032px) 100vw, 1032px\" \/><\/figure><\/li><li class=\"wp-block-jetpack-slideshow_slide swiper-slide\"><figure><img loading=\"lazy\" decoding=\"async\" width=\"1032\" height=\"774\" alt=\"\" class=\"wp-block-jetpack-slideshow_image wp-image-162\" data-id=\"162\" src=\"https:\/\/blogs.uninter.edu.mx\/biu\/wp-content\/uploads\/2019\/08\/IMG-20190531-WA0050.jpg\" srcset=\"https:\/\/blogs.uninter.edu.mx\/biu\/wp-content\/uploads\/2019\/08\/IMG-20190531-WA0050.jpg 1032w, https:\/\/blogs.uninter.edu.mx\/biu\/wp-content\/uploads\/2019\/08\/IMG-20190531-WA0050-300x225.jpg 300w, https:\/\/blogs.uninter.edu.mx\/biu\/wp-content\/uploads\/2019\/08\/IMG-20190531-WA0050-768x576.jpg 768w, https:\/\/blogs.uninter.edu.mx\/biu\/wp-content\/uploads\/2019\/08\/IMG-20190531-WA0050-1024x768.jpg 1024w\" sizes=\"auto, (max-width: 1032px) 100vw, 1032px\" \/><\/figure><\/li><li class=\"wp-block-jetpack-slideshow_slide swiper-slide\"><figure><img loading=\"lazy\" decoding=\"async\" width=\"1032\" height=\"774\" alt=\"\" class=\"wp-block-jetpack-slideshow_image wp-image-160\" data-id=\"160\" src=\"https:\/\/blogs.uninter.edu.mx\/biu\/wp-content\/uploads\/2019\/08\/IMG-20190531-WA0048.jpg\" srcset=\"https:\/\/blogs.uninter.edu.mx\/biu\/wp-content\/uploads\/2019\/08\/IMG-20190531-WA0048.jpg 1032w, https:\/\/blogs.uninter.edu.mx\/biu\/wp-content\/uploads\/2019\/08\/IMG-20190531-WA0048-300x225.jpg 300w, https:\/\/blogs.uninter.edu.mx\/biu\/wp-content\/uploads\/2019\/08\/IMG-20190531-WA0048-768x576.jpg 768w, https:\/\/blogs.uninter.edu.mx\/biu\/wp-content\/uploads\/2019\/08\/IMG-20190531-WA0048-1024x768.jpg 1024w\" sizes=\"auto, (max-width: 1032px) 100vw, 1032px\" \/><\/figure><\/li><li class=\"wp-block-jetpack-slideshow_slide swiper-slide\"><figure><img loading=\"lazy\" decoding=\"async\" width=\"1032\" height=\"774\" alt=\"\" class=\"wp-block-jetpack-slideshow_image wp-image-159\" data-id=\"159\" src=\"https:\/\/blogs.uninter.edu.mx\/biu\/wp-content\/uploads\/2019\/08\/IMG-20190531-WA0047.jpg\" srcset=\"https:\/\/blogs.uninter.edu.mx\/biu\/wp-content\/uploads\/2019\/08\/IMG-20190531-WA0047.jpg 1032w, https:\/\/blogs.uninter.edu.mx\/biu\/wp-content\/uploads\/2019\/08\/IMG-20190531-WA0047-300x225.jpg 300w, https:\/\/blogs.uninter.edu.mx\/biu\/wp-content\/uploads\/2019\/08\/IMG-20190531-WA0047-768x576.jpg 768w, https:\/\/blogs.uninter.edu.mx\/biu\/wp-content\/uploads\/2019\/08\/IMG-20190531-WA0047-1024x768.jpg 1024w\" sizes=\"auto, (max-width: 1032px) 100vw, 1032px\" \/><\/figure><\/li><li class=\"wp-block-jetpack-slideshow_slide swiper-slide\"><figure><img loading=\"lazy\" decoding=\"async\" width=\"1032\" height=\"774\" alt=\"\" class=\"wp-block-jetpack-slideshow_image wp-image-166\" data-id=\"166\" src=\"https:\/\/blogs.uninter.edu.mx\/biu\/wp-content\/uploads\/2019\/08\/IMG-20190531-WA0057.jpg\" srcset=\"https:\/\/blogs.uninter.edu.mx\/biu\/wp-content\/uploads\/2019\/08\/IMG-20190531-WA0057.jpg 1032w, https:\/\/blogs.uninter.edu.mx\/biu\/wp-content\/uploads\/2019\/08\/IMG-20190531-WA0057-300x225.jpg 300w, https:\/\/blogs.uninter.edu.mx\/biu\/wp-content\/uploads\/2019\/08\/IMG-20190531-WA0057-768x576.jpg 768w, https:\/\/blogs.uninter.edu.mx\/biu\/wp-content\/uploads\/2019\/08\/IMG-20190531-WA0057-1024x768.jpg 1024w\" sizes=\"auto, (max-width: 1032px) 100vw, 1032px\" \/><\/figure><\/li><\/ul><a class=\"wp-block-jetpack-slideshow_button-prev swiper-button-prev swiper-button-white\" role=\"button\"><\/a><a class=\"wp-block-jetpack-slideshow_button-next swiper-button-next swiper-button-white\" role=\"button\"><\/a><a aria-label=\"Pause Slideshow\" class=\"wp-block-jetpack-slideshow_button-pause\" role=\"button\"><\/a><div class=\"wp-block-jetpack-slideshow_pagination swiper-pagination swiper-pagination-white\"><\/div><\/div><\/div>\n\n\n\n<p>Tambi\u00e9n tuvimos el gusto de contar\ncon la presencia de nuestro vicerrector acad\u00e9mico, el Maestro Rodolfo Rica\u00f1o\nUribe, nuestra directora, la Maestra Ana Lourdes Alva L\u00f3pez, adem\u00e1s de los\nrespectivos Directores de Generaci\u00f3n y profesores.<\/p>\n\n\n\n<p>Cabe destacar la participaci\u00f3n de\nalumnos de 2\u00ba semestre, tanto en la conducci\u00f3n, como en los discursos e incluso\nen las presentaciones musicales que armonizaron nuestro evento. Ente ellos se\nencuentran: Mariana Osornio y Aristeo Aguirre, de bachillerato Multicultural,\nClaudia Carre\u00f3n y Leonardo Cardona de bachillerato Biling\u00fce, en la conducci\u00f3n.\nJulieta Castro, Fernanda Trujillo, Osvaldo Popoca, Luna Mar\u00eda P\u00e9rez, en los\ndiscursos, y nuevamente Julieta Castro y Juan \u00c1ngel Barrera, en la parte\nmusical.<\/p>\n\n\n\n<div class=\"wp-block-jetpack-slideshow aligncenter\" data-effect=\"slide\"><div class=\"wp-block-jetpack-slideshow_container swiper-container\"><ul class=\"wp-block-jetpack-slideshow_swiper-wrapper swiper-wrapper\"><li class=\"wp-block-jetpack-slideshow_slide swiper-slide\"><figure><img loading=\"lazy\" decoding=\"async\" width=\"1032\" height=\"774\" alt=\"\" class=\"wp-block-jetpack-slideshow_image wp-image-165\" data-id=\"165\" src=\"https:\/\/blogs.uninter.edu.mx\/biu\/wp-content\/uploads\/2019\/08\/IMG-20190531-WA0055.jpg\" srcset=\"https:\/\/blogs.uninter.edu.mx\/biu\/wp-content\/uploads\/2019\/08\/IMG-20190531-WA0055.jpg 1032w, https:\/\/blogs.uninter.edu.mx\/biu\/wp-content\/uploads\/2019\/08\/IMG-20190531-WA0055-300x225.jpg 300w, https:\/\/blogs.uninter.edu.mx\/biu\/wp-content\/uploads\/2019\/08\/IMG-20190531-WA0055-768x576.jpg 768w, https:\/\/blogs.uninter.edu.mx\/biu\/wp-content\/uploads\/2019\/08\/IMG-20190531-WA0055-1024x768.jpg 1024w\" sizes=\"auto, (max-width: 1032px) 100vw, 1032px\" \/><\/figure><\/li><li class=\"wp-block-jetpack-slideshow_slide swiper-slide\"><figure><img loading=\"lazy\" decoding=\"async\" width=\"1032\" height=\"774\" alt=\"\" class=\"wp-block-jetpack-slideshow_image wp-image-158\" data-id=\"158\" src=\"https:\/\/blogs.uninter.edu.mx\/biu\/wp-content\/uploads\/2019\/08\/IMG-20190531-WA0046.jpg\" srcset=\"https:\/\/blogs.uninter.edu.mx\/biu\/wp-content\/uploads\/2019\/08\/IMG-20190531-WA0046.jpg 1032w, https:\/\/blogs.uninter.edu.mx\/biu\/wp-content\/uploads\/2019\/08\/IMG-20190531-WA0046-300x225.jpg 300w, https:\/\/blogs.uninter.edu.mx\/biu\/wp-content\/uploads\/2019\/08\/IMG-20190531-WA0046-768x576.jpg 768w, https:\/\/blogs.uninter.edu.mx\/biu\/wp-content\/uploads\/2019\/08\/IMG-20190531-WA0046-1024x768.jpg 1024w\" sizes=\"auto, (max-width: 1032px) 100vw, 1032px\" \/><\/figure><\/li><li class=\"wp-block-jetpack-slideshow_slide swiper-slide\"><figure><img loading=\"lazy\" decoding=\"async\" width=\"1032\" height=\"774\" alt=\"\" class=\"wp-block-jetpack-slideshow_image wp-image-157\" data-id=\"157\" src=\"https:\/\/blogs.uninter.edu.mx\/biu\/wp-content\/uploads\/2019\/08\/IMG-20190531-WA0045.jpg\" srcset=\"https:\/\/blogs.uninter.edu.mx\/biu\/wp-content\/uploads\/2019\/08\/IMG-20190531-WA0045.jpg 1032w, https:\/\/blogs.uninter.edu.mx\/biu\/wp-content\/uploads\/2019\/08\/IMG-20190531-WA0045-300x225.jpg 300w, https:\/\/blogs.uninter.edu.mx\/biu\/wp-content\/uploads\/2019\/08\/IMG-20190531-WA0045-768x576.jpg 768w, https:\/\/blogs.uninter.edu.mx\/biu\/wp-content\/uploads\/2019\/08\/IMG-20190531-WA0045-1024x768.jpg 1024w\" sizes=\"auto, (max-width: 1032px) 100vw, 1032px\" \/><\/figure><\/li><li class=\"wp-block-jetpack-slideshow_slide swiper-slide\"><figure><img loading=\"lazy\" decoding=\"async\" width=\"1032\" height=\"774\" alt=\"\" class=\"wp-block-jetpack-slideshow_image wp-image-156\" data-id=\"156\" src=\"https:\/\/blogs.uninter.edu.mx\/biu\/wp-content\/uploads\/2019\/08\/IMG-20190531-WA0044.jpg\" srcset=\"https:\/\/blogs.uninter.edu.mx\/biu\/wp-content\/uploads\/2019\/08\/IMG-20190531-WA0044.jpg 1032w, https:\/\/blogs.uninter.edu.mx\/biu\/wp-content\/uploads\/2019\/08\/IMG-20190531-WA0044-300x225.jpg 300w, https:\/\/blogs.uninter.edu.mx\/biu\/wp-content\/uploads\/2019\/08\/IMG-20190531-WA0044-768x576.jpg 768w, https:\/\/blogs.uninter.edu.mx\/biu\/wp-content\/uploads\/2019\/08\/IMG-20190531-WA0044-1024x768.jpg 1024w\" sizes=\"auto, (max-width: 1032px) 100vw, 1032px\" \/><\/figure><\/li><li class=\"wp-block-jetpack-slideshow_slide swiper-slide\"><figure><img loading=\"lazy\" decoding=\"async\" width=\"774\" height=\"1032\" alt=\"\" class=\"wp-block-jetpack-slideshow_image wp-image-153\" data-id=\"153\" src=\"https:\/\/blogs.uninter.edu.mx\/biu\/wp-content\/uploads\/2019\/08\/IMG-20190531-WA0041.jpg\" srcset=\"https:\/\/blogs.uninter.edu.mx\/biu\/wp-content\/uploads\/2019\/08\/IMG-20190531-WA0041.jpg 774w, https:\/\/blogs.uninter.edu.mx\/biu\/wp-content\/uploads\/2019\/08\/IMG-20190531-WA0041-225x300.jpg 225w, https:\/\/blogs.uninter.edu.mx\/biu\/wp-content\/uploads\/2019\/08\/IMG-20190531-WA0041-768x1024.jpg 768w\" sizes=\"auto, (max-width: 774px) 100vw, 774px\" \/><\/figure><\/li><li class=\"wp-block-jetpack-slideshow_slide swiper-slide\"><figure><img loading=\"lazy\" decoding=\"async\" width=\"774\" height=\"1032\" alt=\"\" class=\"wp-block-jetpack-slideshow_image wp-image-154\" data-id=\"154\" src=\"https:\/\/blogs.uninter.edu.mx\/biu\/wp-content\/uploads\/2019\/08\/IMG-20190531-WA0042.jpg\" srcset=\"https:\/\/blogs.uninter.edu.mx\/biu\/wp-content\/uploads\/2019\/08\/IMG-20190531-WA0042.jpg 774w, https:\/\/blogs.uninter.edu.mx\/biu\/wp-content\/uploads\/2019\/08\/IMG-20190531-WA0042-225x300.jpg 225w, https:\/\/blogs.uninter.edu.mx\/biu\/wp-content\/uploads\/2019\/08\/IMG-20190531-WA0042-768x1024.jpg 768w\" sizes=\"auto, (max-width: 774px) 100vw, 774px\" \/><\/figure><\/li><li class=\"wp-block-jetpack-slideshow_slide swiper-slide\"><figure><img loading=\"lazy\" decoding=\"async\" width=\"774\" height=\"1032\" alt=\"\" class=\"wp-block-jetpack-slideshow_image wp-image-155\" data-id=\"155\" src=\"https:\/\/blogs.uninter.edu.mx\/biu\/wp-content\/uploads\/2019\/08\/IMG-20190531-WA0043.jpg\" srcset=\"https:\/\/blogs.uninter.edu.mx\/biu\/wp-content\/uploads\/2019\/08\/IMG-20190531-WA0043.jpg 774w, https:\/\/blogs.uninter.edu.mx\/biu\/wp-content\/uploads\/2019\/08\/IMG-20190531-WA0043-225x300.jpg 225w, https:\/\/blogs.uninter.edu.mx\/biu\/wp-content\/uploads\/2019\/08\/IMG-20190531-WA0043-768x1024.jpg 768w\" sizes=\"auto, (max-width: 774px) 100vw, 774px\" \/><\/figure><\/li><li class=\"wp-block-jetpack-slideshow_slide swiper-slide\"><figure><img loading=\"lazy\" decoding=\"async\" width=\"774\" height=\"1032\" alt=\"\" class=\"wp-block-jetpack-slideshow_image wp-image-150\" data-id=\"150\" src=\"https:\/\/blogs.uninter.edu.mx\/biu\/wp-content\/uploads\/2019\/08\/IMG-20190531-WA0038.jpg\" srcset=\"https:\/\/blogs.uninter.edu.mx\/biu\/wp-content\/uploads\/2019\/08\/IMG-20190531-WA0038.jpg 774w, https:\/\/blogs.uninter.edu.mx\/biu\/wp-content\/uploads\/2019\/08\/IMG-20190531-WA0038-225x300.jpg 225w, https:\/\/blogs.uninter.edu.mx\/biu\/wp-content\/uploads\/2019\/08\/IMG-20190531-WA0038-768x1024.jpg 768w\" sizes=\"auto, (max-width: 774px) 100vw, 774px\" \/><\/figure><\/li><li class=\"wp-block-jetpack-slideshow_slide swiper-slide\"><figure><img loading=\"lazy\" decoding=\"async\" width=\"774\" height=\"1032\" alt=\"\" class=\"wp-block-jetpack-slideshow_image wp-image-149\" data-id=\"149\" src=\"https:\/\/blogs.uninter.edu.mx\/biu\/wp-content\/uploads\/2019\/08\/IMG-20190531-WA0037.jpg\" srcset=\"https:\/\/blogs.uninter.edu.mx\/biu\/wp-content\/uploads\/2019\/08\/IMG-20190531-WA0037.jpg 774w, https:\/\/blogs.uninter.edu.mx\/biu\/wp-content\/uploads\/2019\/08\/IMG-20190531-WA0037-225x300.jpg 225w, https:\/\/blogs.uninter.edu.mx\/biu\/wp-content\/uploads\/2019\/08\/IMG-20190531-WA0037-768x1024.jpg 768w\" sizes=\"auto, (max-width: 774px) 100vw, 774px\" \/><\/figure><\/li><li class=\"wp-block-jetpack-slideshow_slide swiper-slide\"><figure><img loading=\"lazy\" decoding=\"async\" width=\"1032\" height=\"774\" alt=\"\" class=\"wp-block-jetpack-slideshow_image wp-image-148\" data-id=\"148\" src=\"https:\/\/blogs.uninter.edu.mx\/biu\/wp-content\/uploads\/2019\/08\/IMG-20190531-WA0036.jpg\" srcset=\"https:\/\/blogs.uninter.edu.mx\/biu\/wp-content\/uploads\/2019\/08\/IMG-20190531-WA0036.jpg 1032w, https:\/\/blogs.uninter.edu.mx\/biu\/wp-content\/uploads\/2019\/08\/IMG-20190531-WA0036-300x225.jpg 300w, https:\/\/blogs.uninter.edu.mx\/biu\/wp-content\/uploads\/2019\/08\/IMG-20190531-WA0036-768x576.jpg 768w, https:\/\/blogs.uninter.edu.mx\/biu\/wp-content\/uploads\/2019\/08\/IMG-20190531-WA0036-1024x768.jpg 1024w\" sizes=\"auto, (max-width: 1032px) 100vw, 1032px\" \/><\/figure><\/li><li class=\"wp-block-jetpack-slideshow_slide swiper-slide\"><figure><img loading=\"lazy\" decoding=\"async\" width=\"1032\" height=\"774\" alt=\"\" class=\"wp-block-jetpack-slideshow_image wp-image-147\" data-id=\"147\" src=\"https:\/\/blogs.uninter.edu.mx\/biu\/wp-content\/uploads\/2019\/08\/IMG-20190531-WA0035.jpg\" srcset=\"https:\/\/blogs.uninter.edu.mx\/biu\/wp-content\/uploads\/2019\/08\/IMG-20190531-WA0035.jpg 1032w, https:\/\/blogs.uninter.edu.mx\/biu\/wp-content\/uploads\/2019\/08\/IMG-20190531-WA0035-300x225.jpg 300w, https:\/\/blogs.uninter.edu.mx\/biu\/wp-content\/uploads\/2019\/08\/IMG-20190531-WA0035-768x576.jpg 768w, https:\/\/blogs.uninter.edu.mx\/biu\/wp-content\/uploads\/2019\/08\/IMG-20190531-WA0035-1024x768.jpg 1024w\" sizes=\"auto, (max-width: 1032px) 100vw, 1032px\" \/><\/figure><\/li><li class=\"wp-block-jetpack-slideshow_slide swiper-slide\"><figure><img loading=\"lazy\" decoding=\"async\" width=\"1032\" height=\"774\" alt=\"\" class=\"wp-block-jetpack-slideshow_image wp-image-146\" data-id=\"146\" src=\"https:\/\/blogs.uninter.edu.mx\/biu\/wp-content\/uploads\/2019\/08\/IMG-20190531-WA0034.jpg\" srcset=\"https:\/\/blogs.uninter.edu.mx\/biu\/wp-content\/uploads\/2019\/08\/IMG-20190531-WA0034.jpg 1032w, https:\/\/blogs.uninter.edu.mx\/biu\/wp-content\/uploads\/2019\/08\/IMG-20190531-WA0034-300x225.jpg 300w, https:\/\/blogs.uninter.edu.mx\/biu\/wp-content\/uploads\/2019\/08\/IMG-20190531-WA0034-768x576.jpg 768w, https:\/\/blogs.uninter.edu.mx\/biu\/wp-content\/uploads\/2019\/08\/IMG-20190531-WA0034-1024x768.jpg 1024w\" sizes=\"auto, (max-width: 1032px) 100vw, 1032px\" \/><\/figure><\/li><li class=\"wp-block-jetpack-slideshow_slide swiper-slide\"><figure><img loading=\"lazy\" decoding=\"async\" width=\"774\" height=\"1032\" alt=\"\" class=\"wp-block-jetpack-slideshow_image wp-image-151\" data-id=\"151\" src=\"https:\/\/blogs.uninter.edu.mx\/biu\/wp-content\/uploads\/2019\/08\/IMG-20190531-WA0039.jpg\" srcset=\"https:\/\/blogs.uninter.edu.mx\/biu\/wp-content\/uploads\/2019\/08\/IMG-20190531-WA0039.jpg 774w, https:\/\/blogs.uninter.edu.mx\/biu\/wp-content\/uploads\/2019\/08\/IMG-20190531-WA0039-225x300.jpg 225w, https:\/\/blogs.uninter.edu.mx\/biu\/wp-content\/uploads\/2019\/08\/IMG-20190531-WA0039-768x1024.jpg 768w\" sizes=\"auto, (max-width: 774px) 100vw, 774px\" \/><\/figure><\/li><li class=\"wp-block-jetpack-slideshow_slide swiper-slide\"><figure><img loading=\"lazy\" decoding=\"async\" width=\"774\" height=\"1032\" alt=\"\" class=\"wp-block-jetpack-slideshow_image wp-image-152\" data-id=\"152\" src=\"https:\/\/blogs.uninter.edu.mx\/biu\/wp-content\/uploads\/2019\/08\/IMG-20190531-WA0040.jpg\" srcset=\"https:\/\/blogs.uninter.edu.mx\/biu\/wp-content\/uploads\/2019\/08\/IMG-20190531-WA0040.jpg 774w, https:\/\/blogs.uninter.edu.mx\/biu\/wp-content\/uploads\/2019\/08\/IMG-20190531-WA0040-225x300.jpg 225w, https:\/\/blogs.uninter.edu.mx\/biu\/wp-content\/uploads\/2019\/08\/IMG-20190531-WA0040-768x1024.jpg 768w\" sizes=\"auto, (max-width: 774px) 100vw, 774px\" \/><\/figure><\/li><li class=\"wp-block-jetpack-slideshow_slide swiper-slide\"><figure><img loading=\"lazy\" decoding=\"async\" width=\"1032\" height=\"774\" alt=\"\" class=\"wp-block-jetpack-slideshow_image wp-image-145\" data-id=\"145\" src=\"https:\/\/blogs.uninter.edu.mx\/biu\/wp-content\/uploads\/2019\/08\/IMG-20190531-WA0033.jpg\" srcset=\"https:\/\/blogs.uninter.edu.mx\/biu\/wp-content\/uploads\/2019\/08\/IMG-20190531-WA0033.jpg 1032w, https:\/\/blogs.uninter.edu.mx\/biu\/wp-content\/uploads\/2019\/08\/IMG-20190531-WA0033-300x225.jpg 300w, https:\/\/blogs.uninter.edu.mx\/biu\/wp-content\/uploads\/2019\/08\/IMG-20190531-WA0033-768x576.jpg 768w, https:\/\/blogs.uninter.edu.mx\/biu\/wp-content\/uploads\/2019\/08\/IMG-20190531-WA0033-1024x768.jpg 1024w\" sizes=\"auto, (max-width: 1032px) 100vw, 1032px\" \/><\/figure><\/li><\/ul><a class=\"wp-block-jetpack-slideshow_button-prev swiper-button-prev swiper-button-white\" role=\"button\"><\/a><a class=\"wp-block-jetpack-slideshow_button-next swiper-button-next swiper-button-white\" role=\"button\"><\/a><a aria-label=\"Pause Slideshow\" class=\"wp-block-jetpack-slideshow_button-pause\" role=\"button\"><\/a><div class=\"wp-block-jetpack-slideshow_pagination swiper-pagination swiper-pagination-white\"><\/div><\/div><\/div>\n\n\n\n<p>La coordinaci\u00f3n y direcci\u00f3n del proyecto estuvo a cargo de la profesora Nancy Salinas, titular de la asignatura de Taller de Lectura y Redacci\u00f3n.<\/p>\n\n\n\n<div class=\"wp-block-jetpack-slideshow aligncenter\" data-effect=\"slide\"><div class=\"wp-block-jetpack-slideshow_container swiper-container\"><ul class=\"wp-block-jetpack-slideshow_swiper-wrapper swiper-wrapper\"><li class=\"wp-block-jetpack-slideshow_slide swiper-slide\"><figure><img loading=\"lazy\" decoding=\"async\" width=\"1032\" height=\"774\" alt=\"\" class=\"wp-block-jetpack-slideshow_image wp-image-143\" data-id=\"143\" src=\"https:\/\/blogs.uninter.edu.mx\/biu\/wp-content\/uploads\/2019\/08\/IMG-20190531-WA0015.jpg\" srcset=\"https:\/\/blogs.uninter.edu.mx\/biu\/wp-content\/uploads\/2019\/08\/IMG-20190531-WA0015.jpg 1032w, https:\/\/blogs.uninter.edu.mx\/biu\/wp-content\/uploads\/2019\/08\/IMG-20190531-WA0015-300x225.jpg 300w, https:\/\/blogs.uninter.edu.mx\/biu\/wp-content\/uploads\/2019\/08\/IMG-20190531-WA0015-768x576.jpg 768w, https:\/\/blogs.uninter.edu.mx\/biu\/wp-content\/uploads\/2019\/08\/IMG-20190531-WA0015-1024x768.jpg 1024w\" sizes=\"auto, (max-width: 1032px) 100vw, 1032px\" \/><\/figure><\/li><li class=\"wp-block-jetpack-slideshow_slide swiper-slide\"><figure><img loading=\"lazy\" decoding=\"async\" width=\"1032\" height=\"774\" alt=\"\" class=\"wp-block-jetpack-slideshow_image wp-image-144\" data-id=\"144\" src=\"https:\/\/blogs.uninter.edu.mx\/biu\/wp-content\/uploads\/2019\/08\/IMG-20190531-WA0032.jpg\" srcset=\"https:\/\/blogs.uninter.edu.mx\/biu\/wp-content\/uploads\/2019\/08\/IMG-20190531-WA0032.jpg 1032w, https:\/\/blogs.uninter.edu.mx\/biu\/wp-content\/uploads\/2019\/08\/IMG-20190531-WA0032-300x225.jpg 300w, https:\/\/blogs.uninter.edu.mx\/biu\/wp-content\/uploads\/2019\/08\/IMG-20190531-WA0032-768x576.jpg 768w, https:\/\/blogs.uninter.edu.mx\/biu\/wp-content\/uploads\/2019\/08\/IMG-20190531-WA0032-1024x768.jpg 1024w\" sizes=\"auto, (max-width: 1032px) 100vw, 1032px\" \/><\/figure><\/li><\/ul><a class=\"wp-block-jetpack-slideshow_button-prev swiper-button-prev swiper-button-white\" role=\"button\"><\/a><a class=\"wp-block-jetpack-slideshow_button-next swiper-button-next swiper-button-white\" role=\"button\"><\/a><a aria-label=\"Pause Slideshow\" class=\"wp-block-jetpack-slideshow_button-pause\" role=\"button\"><\/a><div class=\"wp-block-jetpack-slideshow_pagination swiper-pagination swiper-pagination-white\"><\/div><\/div><\/div>\n\n\n\n<p>Por: Nancy Salinas Oviedo<\/p>\n","protected":false},"excerpt":{"rendered":"<p>El pasado 31 de mayo de 2019, nuestras instalaciones del Bachillerato Internacional de Uninter se vieron engalanadas con la presencia de los padres de familia y alumnos de primer grado, quienes orgullosamente presentaron el libro escrito por cada uno de ellos, en el evento denominado Mi peque\u00f1o gran escritor. En esta ocasi\u00f3n, hemos llegado a&hellip;<\/p>\n","protected":false},"author":4,"featured_media":164,"comment_status":"open","ping_status":"open","sticky":false,"template":"","format":"standard","meta":{"_jetpack_memberships_contains_paid_content":false,"footnotes":"","jetpack_publicize_message":"","jetpack_publicize_feature_enabled":true,"jetpack_social_post_already_shared":true,"jetpack_social_options":{"image_generator_settings":{"template":"highway","default_image_id":0,"font":"","enabled":false},"version":2}},"categories":[1],"tags":[3,12,11,7],"class_list":["post-142","post","type-post","status-publish","format-standard","has-post-thumbnail","hentry","category-sin-categoria","tag-bachillerato-internacional","tag-gran-escritor-biu-2019","tag-mi-pequeno-gran-escritor","tag-uninter"],"yoast_head":"<!-- This site is optimized with the Yoast SEO plugin v26.0 - https:\/\/yoast.com\/wordpress\/plugins\/seo\/ -->\r\n<title>Mi peque\u00f1o gran escritor 2019 - Bachillerato Internacional Uninter (BIU)<\/title>\r\n<meta name=\"description\" content=\"El pasado 31 de mayo de 2019, nuestras instalaciones del Bachillerato Internacional de Uninter se vieron engalanadas con la presencia de los padres de familia y alumnos de primer grado, quienes orgullosamente presentaron el libro escrito por cada uno de ellos, en el evento denominado Mi peque\u00f1o gran escritor.\" \/>\r\n<meta name=\"robots\" content=\"index, follow, max-snippet:-1, max-image-preview:large, max-video-preview:-1\" \/>\r\n<link rel=\"canonical\" href=\"https:\/\/blogs.uninter.edu.mx\/biu\/index.php\/2019\/08\/02\/mi-pequeno-gran-escritor-2019\/\" \/>\r\n<meta property=\"og:locale\" content=\"es_MX\" \/>\r\n<meta property=\"og:type\" content=\"article\" \/>\r\n<meta property=\"og:title\" content=\"Mi peque\u00f1o gran escritor 2019 - Bachillerato Internacional Uninter (BIU)\" \/>\r\n<meta property=\"og:description\" content=\"El pasado 31 de mayo de 2019, nuestras instalaciones del Bachillerato Internacional de Uninter se vieron engalanadas con la presencia de los padres de familia y alumnos de primer grado, quienes orgullosamente presentaron el libro escrito por cada uno de ellos, en el evento denominado Mi peque\u00f1o gran escritor.\" \/>\r\n<meta property=\"og:url\" content=\"https:\/\/blogs.uninter.edu.mx\/biu\/index.php\/2019\/08\/02\/mi-pequeno-gran-escritor-2019\/\" \/>\r\n<meta property=\"og:site_name\" content=\"Bachillerato Internacional Uninter (BIU)\" \/>\r\n<meta property=\"article:published_time\" content=\"2019-08-02T14:54:41+00:00\" \/>\r\n<meta property=\"article:modified_time\" content=\"2019-08-02T14:54:47+00:00\" \/>\r\n<meta property=\"og:image\" content=\"https:\/\/blogs.uninter.edu.mx\/biu\/wp-content\/uploads\/2019\/08\/IMG-20190531-WA0053.jpg\" \/>\r\n\t<meta property=\"og:image:width\" content=\"1032\" \/>\r\n\t<meta property=\"og:image:height\" content=\"774\" \/>\r\n\t<meta property=\"og:image:type\" content=\"image\/jpeg\" \/>\r\n<meta name=\"author\" content=\"Ana Lourdes Alva Lopez\" \/>\r\n<meta name=\"twitter:card\" content=\"summary_large_image\" \/>\r\n<meta name=\"twitter:label1\" content=\"Escrito por\" \/>\n\t<meta name=\"twitter:data1\" content=\"Ana Lourdes Alva Lopez\" \/>\n\t<meta name=\"twitter:label2\" content=\"Tiempo de lectura\" \/>\n\t<meta name=\"twitter:data2\" content=\"1 minuto\" \/>\r\n<script type=\"application\/ld+json\" class=\"yoast-schema-graph\">{\"@context\":\"https:\/\/schema.org\",\"@graph\":[{\"@type\":\"WebPage\",\"@id\":\"https:\/\/blogs.uninter.edu.mx\/biu\/index.php\/2019\/08\/02\/mi-pequeno-gran-escritor-2019\/\",\"url\":\"https:\/\/blogs.uninter.edu.mx\/biu\/index.php\/2019\/08\/02\/mi-pequeno-gran-escritor-2019\/\",\"name\":\"Mi peque\u00f1o gran escritor 2019 - Bachillerato Internacional Uninter (BIU)\",\"isPartOf\":{\"@id\":\"https:\/\/blogs.uninter.edu.mx\/biu\/#website\"},\"primaryImageOfPage\":{\"@id\":\"https:\/\/blogs.uninter.edu.mx\/biu\/index.php\/2019\/08\/02\/mi-pequeno-gran-escritor-2019\/#primaryimage\"},\"image\":{\"@id\":\"https:\/\/blogs.uninter.edu.mx\/biu\/index.php\/2019\/08\/02\/mi-pequeno-gran-escritor-2019\/#primaryimage\"},\"thumbnailUrl\":\"https:\/\/blogs.uninter.edu.mx\/biu\/wp-content\/uploads\/2019\/08\/IMG-20190531-WA0053.jpg\",\"datePublished\":\"2019-08-02T14:54:41+00:00\",\"dateModified\":\"2019-08-02T14:54:47+00:00\",\"author\":{\"@id\":\"https:\/\/blogs.uninter.edu.mx\/biu\/#\/schema\/person\/5afbdead0c3640d430524d395a583c0a\"},\"description\":\"El pasado 31 de mayo de 2019, nuestras instalaciones del Bachillerato Internacional de Uninter se vieron engalanadas con la presencia de los padres de familia y alumnos de primer grado, quienes orgullosamente presentaron el libro escrito por cada uno de ellos, en el evento denominado Mi peque\u00f1o gran escritor.\",\"breadcrumb\":{\"@id\":\"https:\/\/blogs.uninter.edu.mx\/biu\/index.php\/2019\/08\/02\/mi-pequeno-gran-escritor-2019\/#breadcrumb\"},\"inLanguage\":\"es\",\"potentialAction\":[{\"@type\":\"ReadAction\",\"target\":[\"https:\/\/blogs.uninter.edu.mx\/biu\/index.php\/2019\/08\/02\/mi-pequeno-gran-escritor-2019\/\"]}]},{\"@type\":\"ImageObject\",\"inLanguage\":\"es\",\"@id\":\"https:\/\/blogs.uninter.edu.mx\/biu\/index.php\/2019\/08\/02\/mi-pequeno-gran-escritor-2019\/#primaryimage\",\"url\":\"https:\/\/blogs.uninter.edu.mx\/biu\/wp-content\/uploads\/2019\/08\/IMG-20190531-WA0053.jpg\",\"contentUrl\":\"https:\/\/blogs.uninter.edu.mx\/biu\/wp-content\/uploads\/2019\/08\/IMG-20190531-WA0053.jpg\",\"width\":1032,\"height\":774},{\"@type\":\"BreadcrumbList\",\"@id\":\"https:\/\/blogs.uninter.edu.mx\/biu\/index.php\/2019\/08\/02\/mi-pequeno-gran-escritor-2019\/#breadcrumb\",\"itemListElement\":[{\"@type\":\"ListItem\",\"position\":1,\"name\":\"Inicio\",\"item\":\"https:\/\/blogs.uninter.edu.mx\/biu\/\"},{\"@type\":\"ListItem\",\"position\":2,\"name\":\"Mi peque\u00f1o gran escritor 2019\"}]},{\"@type\":\"WebSite\",\"@id\":\"https:\/\/blogs.uninter.edu.mx\/biu\/#website\",\"url\":\"https:\/\/blogs.uninter.edu.mx\/biu\/\",\"name\":\"Bachillerato Internacional Uninter (BIU)\",\"description\":\"\",\"potentialAction\":[{\"@type\":\"SearchAction\",\"target\":{\"@type\":\"EntryPoint\",\"urlTemplate\":\"https:\/\/blogs.uninter.edu.mx\/biu\/?s={search_term_string}\"},\"query-input\":{\"@type\":\"PropertyValueSpecification\",\"valueRequired\":true,\"valueName\":\"search_term_string\"}}],\"inLanguage\":\"es\"},{\"@type\":\"Person\",\"@id\":\"https:\/\/blogs.uninter.edu.mx\/biu\/#\/schema\/person\/5afbdead0c3640d430524d395a583c0a\",\"name\":\"Ana Lourdes Alva Lopez\",\"image\":{\"@type\":\"ImageObject\",\"inLanguage\":\"es\",\"@id\":\"https:\/\/blogs.uninter.edu.mx\/biu\/#\/schema\/person\/image\/\",\"url\":\"https:\/\/secure.gravatar.com\/avatar\/7c3c5c3afbcaac9e78742adb14848c296f22ec3b68b1286ee7f8ae0ab30f19a0?s=96&d=mm&r=g\",\"contentUrl\":\"https:\/\/secure.gravatar.com\/avatar\/7c3c5c3afbcaac9e78742adb14848c296f22ec3b68b1286ee7f8ae0ab30f19a0?s=96&d=mm&r=g\",\"caption\":\"Ana Lourdes Alva Lopez\"},\"url\":\"https:\/\/blogs.uninter.edu.mx\/biu\/index.php\/author\/lalva\/\"}]}<\/script>\r\n<!-- \/ Yoast SEO plugin. -->","yoast_head_json":{"title":"Mi peque\u00f1o gran escritor 2019 - Bachillerato Internacional Uninter (BIU)","description":"El pasado 31 de mayo de 2019, nuestras instalaciones del Bachillerato Internacional de Uninter se vieron engalanadas con la presencia de los padres de familia y alumnos de primer grado, quienes orgullosamente presentaron el libro escrito por cada uno de ellos, en el evento denominado Mi peque\u00f1o gran escritor.","robots":{"index":"index","follow":"follow","max-snippet":"max-snippet:-1","max-image-preview":"max-image-preview:large","max-video-preview":"max-video-preview:-1"},"canonical":"https:\/\/blogs.uninter.edu.mx\/biu\/index.php\/2019\/08\/02\/mi-pequeno-gran-escritor-2019\/","og_locale":"es_MX","og_type":"article","og_title":"Mi peque\u00f1o gran escritor 2019 - Bachillerato Internacional Uninter (BIU)","og_description":"El pasado 31 de mayo de 2019, nuestras instalaciones del Bachillerato Internacional de Uninter se vieron engalanadas con la presencia de los padres de familia y alumnos de primer grado, quienes orgullosamente presentaron el libro escrito por cada uno de ellos, en el evento denominado Mi peque\u00f1o gran escritor.","og_url":"https:\/\/blogs.uninter.edu.mx\/biu\/index.php\/2019\/08\/02\/mi-pequeno-gran-escritor-2019\/","og_site_name":"Bachillerato Internacional Uninter (BIU)","article_published_time":"2019-08-02T14:54:41+00:00","article_modified_time":"2019-08-02T14:54:47+00:00","og_image":[{"width":1032,"height":774,"url":"https:\/\/blogs.uninter.edu.mx\/biu\/wp-content\/uploads\/2019\/08\/IMG-20190531-WA0053.jpg","type":"image\/jpeg"}],"author":"Ana Lourdes Alva Lopez","twitter_card":"summary_large_image","twitter_misc":{"Escrito por":"Ana Lourdes Alva Lopez","Tiempo de lectura":"1 minuto"},"schema":{"@context":"https:\/\/schema.org","@graph":[{"@type":"WebPage","@id":"https:\/\/blogs.uninter.edu.mx\/biu\/index.php\/2019\/08\/02\/mi-pequeno-gran-escritor-2019\/","url":"https:\/\/blogs.uninter.edu.mx\/biu\/index.php\/2019\/08\/02\/mi-pequeno-gran-escritor-2019\/","name":"Mi peque\u00f1o gran escritor 2019 - Bachillerato Internacional Uninter (BIU)","isPartOf":{"@id":"https:\/\/blogs.uninter.edu.mx\/biu\/#website"},"primaryImageOfPage":{"@id":"https:\/\/blogs.uninter.edu.mx\/biu\/index.php\/2019\/08\/02\/mi-pequeno-gran-escritor-2019\/#primaryimage"},"image":{"@id":"https:\/\/blogs.uninter.edu.mx\/biu\/index.php\/2019\/08\/02\/mi-pequeno-gran-escritor-2019\/#primaryimage"},"thumbnailUrl":"https:\/\/blogs.uninter.edu.mx\/biu\/wp-content\/uploads\/2019\/08\/IMG-20190531-WA0053.jpg","datePublished":"2019-08-02T14:54:41+00:00","dateModified":"2019-08-02T14:54:47+00:00","author":{"@id":"https:\/\/blogs.uninter.edu.mx\/biu\/#\/schema\/person\/5afbdead0c3640d430524d395a583c0a"},"description":"El pasado 31 de mayo de 2019, nuestras instalaciones del Bachillerato Internacional de Uninter se vieron engalanadas con la presencia de los padres de familia y alumnos de primer grado, quienes orgullosamente presentaron el libro escrito por cada uno de ellos, en el evento denominado Mi peque\u00f1o gran escritor.","breadcrumb":{"@id":"https:\/\/blogs.uninter.edu.mx\/biu\/index.php\/2019\/08\/02\/mi-pequeno-gran-escritor-2019\/#breadcrumb"},"inLanguage":"es","potentialAction":[{"@type":"ReadAction","target":["https:\/\/blogs.uninter.edu.mx\/biu\/index.php\/2019\/08\/02\/mi-pequeno-gran-escritor-2019\/"]}]},{"@type":"ImageObject","inLanguage":"es","@id":"https:\/\/blogs.uninter.edu.mx\/biu\/index.php\/2019\/08\/02\/mi-pequeno-gran-escritor-2019\/#primaryimage","url":"https:\/\/blogs.uninter.edu.mx\/biu\/wp-content\/uploads\/2019\/08\/IMG-20190531-WA0053.jpg","contentUrl":"https:\/\/blogs.uninter.edu.mx\/biu\/wp-content\/uploads\/2019\/08\/IMG-20190531-WA0053.jpg","width":1032,"height":774},{"@type":"BreadcrumbList","@id":"https:\/\/blogs.uninter.edu.mx\/biu\/index.php\/2019\/08\/02\/mi-pequeno-gran-escritor-2019\/#breadcrumb","itemListElement":[{"@type":"ListItem","position":1,"name":"Inicio","item":"https:\/\/blogs.uninter.edu.mx\/biu\/"},{"@type":"ListItem","position":2,"name":"Mi peque\u00f1o gran escritor 2019"}]},{"@type":"WebSite","@id":"https:\/\/blogs.uninter.edu.mx\/biu\/#website","url":"https:\/\/blogs.uninter.edu.mx\/biu\/","name":"Bachillerato Internacional Uninter (BIU)","description":"","potentialAction":[{"@type":"SearchAction","target":{"@type":"EntryPoint","urlTemplate":"https:\/\/blogs.uninter.edu.mx\/biu\/?s={search_term_string}"},"query-input":{"@type":"PropertyValueSpecification","valueRequired":true,"valueName":"search_term_string"}}],"inLanguage":"es"},{"@type":"Person","@id":"https:\/\/blogs.uninter.edu.mx\/biu\/#\/schema\/person\/5afbdead0c3640d430524d395a583c0a","name":"Ana Lourdes Alva Lopez","image":{"@type":"ImageObject","inLanguage":"es","@id":"https:\/\/blogs.uninter.edu.mx\/biu\/#\/schema\/person\/image\/","url":"https:\/\/secure.gravatar.com\/avatar\/7c3c5c3afbcaac9e78742adb14848c296f22ec3b68b1286ee7f8ae0ab30f19a0?s=96&d=mm&r=g","contentUrl":"https:\/\/secure.gravatar.com\/avatar\/7c3c5c3afbcaac9e78742adb14848c296f22ec3b68b1286ee7f8ae0ab30f19a0?s=96&d=mm&r=g","caption":"Ana Lourdes Alva Lopez"},"url":"https:\/\/blogs.uninter.edu.mx\/biu\/index.php\/author\/lalva\/"}]}},"jetpack_publicize_connections":[],"jetpack_featured_media_url":"https:\/\/blogs.uninter.edu.mx\/biu\/wp-content\/uploads\/2019\/08\/IMG-20190531-WA0053.jpg","jetpack_sharing_enabled":true,"_links":{"self":[{"href":"https:\/\/blogs.uninter.edu.mx\/biu\/index.php\/wp-json\/wp\/v2\/posts\/142","targetHints":{"allow":["GET"]}}],"collection":[{"href":"https:\/\/blogs.uninter.edu.mx\/biu\/index.php\/wp-json\/wp\/v2\/posts"}],"about":[{"href":"https:\/\/blogs.uninter.edu.mx\/biu\/index.php\/wp-json\/wp\/v2\/types\/post"}],"author":[{"embeddable":true,"href":"https:\/\/blogs.uninter.edu.mx\/biu\/index.php\/wp-json\/wp\/v2\/users\/4"}],"replies":[{"embeddable":true,"href":"https:\/\/blogs.uninter.edu.mx\/biu\/index.php\/wp-json\/wp\/v2\/comments?post=142"}],"version-history":[{"count":1,"href":"https:\/\/blogs.uninter.edu.mx\/biu\/index.php\/wp-json\/wp\/v2\/posts\/142\/revisions"}],"predecessor-version":[{"id":167,"href":"https:\/\/blogs.uninter.edu.mx\/biu\/index.php\/wp-json\/wp\/v2\/posts\/142\/revisions\/167"}],"wp:featuredmedia":[{"embeddable":true,"href":"https:\/\/blogs.uninter.edu.mx\/biu\/index.php\/wp-json\/wp\/v2\/media\/164"}],"wp:attachment":[{"href":"https:\/\/blogs.uninter.edu.mx\/biu\/index.php\/wp-json\/wp\/v2\/media?parent=142"}],"wp:term":[{"taxonomy":"category","embeddable":true,"href":"https:\/\/blogs.uninter.edu.mx\/biu\/index.php\/wp-json\/wp\/v2\/categories?post=142"},{"taxonomy":"post_tag","embeddable":true,"href":"https:\/\/blogs.uninter.edu.mx\/biu\/index.php\/wp-json\/wp\/v2\/tags?post=142"}],"curies":[{"name":"wp","href":"https:\/\/api.w.org\/{rel}","templated":true}]}}