{"id":1631,"date":"2022-05-25T10:09:52","date_gmt":"2022-05-25T15:09:52","guid":{"rendered":"https:\/\/blogs.uninter.edu.mx\/biu\/?p=1631"},"modified":"2022-05-25T10:09:55","modified_gmt":"2022-05-25T15:09:55","slug":"mi-pequeno-gran-escritor-3","status":"publish","type":"post","link":"https:\/\/blogs.uninter.edu.mx\/biu\/index.php\/2022\/05\/25\/mi-pequeno-gran-escritor-3\/","title":{"rendered":"Mi Peque\u00f1o Gran Escritor"},"content":{"rendered":"\n<p class=\"has-text-align-justify\">El d\u00eda de ayer, 24 de mayo, tuvo lugar uno de nuestras eventos acad\u00e9micos m\u00e1s importantes: Mi Peque\u00f1o Gran Escritor.<\/p>\n\n\n\n<blockquote class=\"wp-block-quote has-text-align-center is-layout-flow wp-block-quote-is-layout-flow\"><p>&#8220;Escribir es un oficio que se aprende escribiendo&#8221;<\/p><cite>Simone de Beauvoir<\/cite><\/blockquote>\n\n\n\n<p class=\"has-text-align-justify\">Cada a\u00f1o, los alumnos de 2do semestre, tanto de <a href=\"https:\/\/biu.uninter.edu.mx\/BIU-Biling%C3%BCe\" target=\"_blank\" rel=\"noreferrer noopener\">biling\u00fce<\/a> como de <a href=\"https:\/\/biu.uninter.edu.mx\/BIU-Multicultural\" target=\"_blank\" rel=\"noreferrer noopener\">multicultural<\/a>, presentan sus obras literarias. Producto de todo el esfuerzo que realizaron durante un a\u00f1o.<\/p>\n\n\n\n<p class=\"has-text-align-justify\">Este evento acad\u00e9mico se encuentra alojado en el curso de Taller de Lectura y Redacci\u00f3n del cual es titular la Profa. Nancy Salinas Oviedo.<\/p>\n\n\n\n<p class=\"has-text-align-justify\">Mi Peque\u00f1o Gran Escritor, es uno de los eventos acad\u00e9micos m\u00e1s significativos de BIU. A trav\u00e9s de \u00e9l podemos conocer un poco m\u00e1s de la esencia de nuestros alumnos, escribir un libro es indagar en uno mismo, es un proceso que te ayuda a conocerte mejor y en muchas ocasiones realizar este proyecto es una manera de liberar todas esas emociones y sentimientos que apenas est\u00e1n entendiendo.<\/p>\n\n\n\n<p class=\"has-text-align-justify\">Algunos de nuestros alumnos descubrieron algo que ya nunca dejaran, otros tantos no se cre\u00edan capaces de poder escribir un libro a esta edad, y otros, claro que tambi\u00e9n descubrieron algo que no les llena del todo pero aprendieron mucho de la experiencia.<\/p>\n\n\n\n<p class=\"has-text-align-justify\">Durante el programa, hubo presentaciones art\u00edsticas de nuestros alumnos; interpretaron <em>The Scientist<\/em> de Coldplay y <em>V\u00e1monos a Marte<\/em> de Kevin Karl y varios de ellos se caracterizaron de personajes famosos de obras literarias.<\/p>\n\n\n\n<p>Y claro, que tambi\u00e9n nuestros mejores escritores dieron unas palabras y platicaron sobre su experiencia escribiendo.<\/p>\n\n\n\n<div class=\"wp-block-group\"><div class=\"wp-block-group__inner-container is-layout-flow wp-block-group-is-layout-flow\">\n<figure class=\"wp-block-gallery columns-3 is-cropped wp-block-gallery-1 is-layout-flex wp-block-gallery-is-layout-flex\"><ul class=\"blocks-gallery-grid\"><li class=\"blocks-gallery-item\"><figure><img loading=\"lazy\" decoding=\"async\" width=\"960\" height=\"1280\" src=\"https:\/\/blogs.uninter.edu.mx\/biu\/wp-content\/uploads\/2022\/05\/WhatsApp-Image-2022-05-25-at-10.07.03-AM.jpeg\" alt=\"gran escritor\" data-id=\"1639\" data-full-url=\"https:\/\/blogs.uninter.edu.mx\/biu\/wp-content\/uploads\/2022\/05\/WhatsApp-Image-2022-05-25-at-10.07.03-AM.jpeg\" data-link=\"https:\/\/blogs.uninter.edu.mx\/biu\/?attachment_id=1639#main\" class=\"wp-image-1639\"\/><\/figure><\/li><li class=\"blocks-gallery-item\"><figure><img loading=\"lazy\" decoding=\"async\" width=\"1280\" height=\"960\" src=\"https:\/\/blogs.uninter.edu.mx\/biu\/wp-content\/uploads\/2022\/05\/WhatsApp-Image-2022-05-25-at-10.07.03-AM-2.jpeg\" alt=\"gran escritor\" data-id=\"1637\" data-full-url=\"https:\/\/blogs.uninter.edu.mx\/biu\/wp-content\/uploads\/2022\/05\/WhatsApp-Image-2022-05-25-at-10.07.03-AM-2.jpeg\" data-link=\"https:\/\/blogs.uninter.edu.mx\/biu\/?attachment_id=1637#main\" class=\"wp-image-1637\"\/><\/figure><\/li><li class=\"blocks-gallery-item\"><figure><img loading=\"lazy\" decoding=\"async\" width=\"960\" height=\"1280\" src=\"https:\/\/blogs.uninter.edu.mx\/biu\/wp-content\/uploads\/2022\/05\/WhatsApp-Image-2022-05-25-at-10.07.03-AM-1.jpeg\" alt=\"gran escritor\" data-id=\"1638\" data-full-url=\"https:\/\/blogs.uninter.edu.mx\/biu\/wp-content\/uploads\/2022\/05\/WhatsApp-Image-2022-05-25-at-10.07.03-AM-1.jpeg\" data-link=\"https:\/\/blogs.uninter.edu.mx\/biu\/?attachment_id=1638#main\" class=\"wp-image-1638\"\/><\/figure><\/li><li class=\"blocks-gallery-item\"><figure><img loading=\"lazy\" decoding=\"async\" width=\"1600\" height=\"1200\" src=\"https:\/\/blogs.uninter.edu.mx\/biu\/wp-content\/uploads\/2022\/05\/WhatsApp-Image-2022-05-24-at-12.40.13-PM.jpeg\" alt=\"gran escritor\" data-id=\"1640\" data-full-url=\"https:\/\/blogs.uninter.edu.mx\/biu\/wp-content\/uploads\/2022\/05\/WhatsApp-Image-2022-05-24-at-12.40.13-PM.jpeg\" data-link=\"https:\/\/blogs.uninter.edu.mx\/biu\/?attachment_id=1640#main\" class=\"wp-image-1640\"\/><\/figure><\/li><\/ul><\/figure>\n<\/div><\/div>\n\n\n\n<p class=\"has-text-align-justify\">El evento fue s\u00f3lo para alumnos y profesores del bachillerato y transmitido en redes sociales para que los padres de familia pudieran visualizarlos.<\/p>\n\n\n\n<p class=\"has-text-align-justify\">Despu\u00e9s de no haber podido realizar nuestros eventos de manera presencial, poco a poco vamos regresando a hacer nuestras actividades un poco m\u00e1s parecidas a como eran antes. Los invitamos a ver nuestra edici\u00f3n virtual del a\u00f1o pasado: <a href=\"https:\/\/blogs.uninter.edu.mx\/biu\/index.php\/2021\/06\/04\/mi-pequeno-gran-escritor-2\/\" target=\"_blank\" rel=\"noreferrer noopener\">Mi Peque\u00f1o Gran Escritor 2021.<\/a><\/p>\n","protected":false},"excerpt":{"rendered":"<p>El d\u00eda de ayer, 24 de mayo, tuvo lugar uno de nuestras eventos acad\u00e9micos m\u00e1s importantes: Mi Peque\u00f1o Gran Escritor. &#8220;Escribir es un oficio que se aprende escribiendo&#8221; Simone de Beauvoir Cada a\u00f1o, los alumnos de 2do semestre, tanto de biling\u00fce como de multicultural, presentan sus obras literarias. Producto de todo el esfuerzo que realizaron&hellip;<\/p>\n","protected":false},"author":4,"featured_media":1634,"comment_status":"open","ping_status":"open","sticky":false,"template":"","format":"standard","meta":{"_jetpack_memberships_contains_paid_content":false,"footnotes":"","jetpack_publicize_message":"","jetpack_publicize_feature_enabled":true,"jetpack_social_post_already_shared":true,"jetpack_social_options":{"image_generator_settings":{"template":"highway","default_image_id":0,"font":"","enabled":false},"version":2}},"categories":[32],"tags":[204,11,203],"class_list":["post-1631","post","type-post","status-publish","format-standard","has-post-thumbnail","hentry","category-eventos-biu","tag-jovenes-autores","tag-mi-pequeno-gran-escritor","tag-obras-literarias"],"yoast_head":"<!-- This site is optimized with the Yoast SEO plugin v26.0 - https:\/\/yoast.com\/wordpress\/plugins\/seo\/ -->\r\n<title>Mi Peque\u00f1o Gran Escritor - Bachillerato Internacional Uninter (BIU)<\/title>\r\n<meta name=\"description\" content=\"Los alumnos de 2do semestre presenta sus obras literarias en el evento acad\u00e9mico Mi Peque\u00f1o Gran Escritor.\" \/>\r\n<meta name=\"robots\" content=\"index, follow, max-snippet:-1, max-image-preview:large, max-video-preview:-1\" \/>\r\n<link rel=\"canonical\" href=\"https:\/\/blogs.uninter.edu.mx\/biu\/index.php\/2022\/05\/25\/mi-pequeno-gran-escritor-3\/\" \/>\r\n<meta property=\"og:locale\" content=\"es_MX\" \/>\r\n<meta property=\"og:type\" content=\"article\" \/>\r\n<meta property=\"og:title\" content=\"Mi Peque\u00f1o Gran Escritor - Bachillerato Internacional Uninter (BIU)\" \/>\r\n<meta property=\"og:description\" content=\"Los alumnos de 2do semestre presenta sus obras literarias en el evento acad\u00e9mico Mi Peque\u00f1o Gran Escritor.\" \/>\r\n<meta property=\"og:url\" content=\"https:\/\/blogs.uninter.edu.mx\/biu\/index.php\/2022\/05\/25\/mi-pequeno-gran-escritor-3\/\" \/>\r\n<meta property=\"og:site_name\" content=\"Bachillerato Internacional Uninter (BIU)\" \/>\r\n<meta property=\"article:published_time\" content=\"2022-05-25T15:09:52+00:00\" \/>\r\n<meta property=\"article:modified_time\" content=\"2022-05-25T15:09:55+00:00\" \/>\r\n<meta property=\"og:image\" content=\"https:\/\/blogs.uninter.edu.mx\/biu\/wp-content\/uploads\/2022\/05\/mipequenogranescritor1.jpg\" \/>\r\n\t<meta property=\"og:image:width\" content=\"1080\" \/>\r\n\t<meta property=\"og:image:height\" content=\"1080\" \/>\r\n\t<meta property=\"og:image:type\" content=\"image\/jpeg\" \/>\r\n<meta name=\"author\" content=\"Ana Lourdes Alva Lopez\" \/>\r\n<meta name=\"twitter:card\" content=\"summary_large_image\" \/>\r\n<meta name=\"twitter:label1\" content=\"Escrito por\" \/>\n\t<meta name=\"twitter:data1\" content=\"Ana Lourdes Alva Lopez\" \/>\n\t<meta name=\"twitter:label2\" content=\"Tiempo de lectura\" \/>\n\t<meta name=\"twitter:data2\" content=\"3 minutos\" \/>\r\n<script type=\"application\/ld+json\" class=\"yoast-schema-graph\">{\"@context\":\"https:\/\/schema.org\",\"@graph\":[{\"@type\":\"WebPage\",\"@id\":\"https:\/\/blogs.uninter.edu.mx\/biu\/index.php\/2022\/05\/25\/mi-pequeno-gran-escritor-3\/\",\"url\":\"https:\/\/blogs.uninter.edu.mx\/biu\/index.php\/2022\/05\/25\/mi-pequeno-gran-escritor-3\/\",\"name\":\"Mi Peque\u00f1o Gran Escritor - Bachillerato Internacional Uninter (BIU)\",\"isPartOf\":{\"@id\":\"https:\/\/blogs.uninter.edu.mx\/biu\/#website\"},\"primaryImageOfPage\":{\"@id\":\"https:\/\/blogs.uninter.edu.mx\/biu\/index.php\/2022\/05\/25\/mi-pequeno-gran-escritor-3\/#primaryimage\"},\"image\":{\"@id\":\"https:\/\/blogs.uninter.edu.mx\/biu\/index.php\/2022\/05\/25\/mi-pequeno-gran-escritor-3\/#primaryimage\"},\"thumbnailUrl\":\"https:\/\/blogs.uninter.edu.mx\/biu\/wp-content\/uploads\/2022\/05\/mipequenogranescritor1.jpg\",\"datePublished\":\"2022-05-25T15:09:52+00:00\",\"dateModified\":\"2022-05-25T15:09:55+00:00\",\"author\":{\"@id\":\"https:\/\/blogs.uninter.edu.mx\/biu\/#\/schema\/person\/5afbdead0c3640d430524d395a583c0a\"},\"description\":\"Los alumnos de 2do semestre presenta sus obras literarias en el evento acad\u00e9mico Mi Peque\u00f1o Gran Escritor.\",\"breadcrumb\":{\"@id\":\"https:\/\/blogs.uninter.edu.mx\/biu\/index.php\/2022\/05\/25\/mi-pequeno-gran-escritor-3\/#breadcrumb\"},\"inLanguage\":\"es\",\"potentialAction\":[{\"@type\":\"ReadAction\",\"target\":[\"https:\/\/blogs.uninter.edu.mx\/biu\/index.php\/2022\/05\/25\/mi-pequeno-gran-escritor-3\/\"]}]},{\"@type\":\"ImageObject\",\"inLanguage\":\"es\",\"@id\":\"https:\/\/blogs.uninter.edu.mx\/biu\/index.php\/2022\/05\/25\/mi-pequeno-gran-escritor-3\/#primaryimage\",\"url\":\"https:\/\/blogs.uninter.edu.mx\/biu\/wp-content\/uploads\/2022\/05\/mipequenogranescritor1.jpg\",\"contentUrl\":\"https:\/\/blogs.uninter.edu.mx\/biu\/wp-content\/uploads\/2022\/05\/mipequenogranescritor1.jpg\",\"width\":1080,\"height\":1080,\"caption\":\"Gran Escritor\"},{\"@type\":\"BreadcrumbList\",\"@id\":\"https:\/\/blogs.uninter.edu.mx\/biu\/index.php\/2022\/05\/25\/mi-pequeno-gran-escritor-3\/#breadcrumb\",\"itemListElement\":[{\"@type\":\"ListItem\",\"position\":1,\"name\":\"Inicio\",\"item\":\"https:\/\/blogs.uninter.edu.mx\/biu\/\"},{\"@type\":\"ListItem\",\"position\":2,\"name\":\"Mi Peque\u00f1o Gran Escritor\"}]},{\"@type\":\"WebSite\",\"@id\":\"https:\/\/blogs.uninter.edu.mx\/biu\/#website\",\"url\":\"https:\/\/blogs.uninter.edu.mx\/biu\/\",\"name\":\"Bachillerato Internacional Uninter (BIU)\",\"description\":\"\",\"potentialAction\":[{\"@type\":\"SearchAction\",\"target\":{\"@type\":\"EntryPoint\",\"urlTemplate\":\"https:\/\/blogs.uninter.edu.mx\/biu\/?s={search_term_string}\"},\"query-input\":{\"@type\":\"PropertyValueSpecification\",\"valueRequired\":true,\"valueName\":\"search_term_string\"}}],\"inLanguage\":\"es\"},{\"@type\":\"Person\",\"@id\":\"https:\/\/blogs.uninter.edu.mx\/biu\/#\/schema\/person\/5afbdead0c3640d430524d395a583c0a\",\"name\":\"Ana Lourdes Alva Lopez\",\"image\":{\"@type\":\"ImageObject\",\"inLanguage\":\"es\",\"@id\":\"https:\/\/blogs.uninter.edu.mx\/biu\/#\/schema\/person\/image\/\",\"url\":\"https:\/\/secure.gravatar.com\/avatar\/7c3c5c3afbcaac9e78742adb14848c296f22ec3b68b1286ee7f8ae0ab30f19a0?s=96&d=mm&r=g\",\"contentUrl\":\"https:\/\/secure.gravatar.com\/avatar\/7c3c5c3afbcaac9e78742adb14848c296f22ec3b68b1286ee7f8ae0ab30f19a0?s=96&d=mm&r=g\",\"caption\":\"Ana Lourdes Alva Lopez\"},\"url\":\"https:\/\/blogs.uninter.edu.mx\/biu\/index.php\/author\/lalva\/\"}]}<\/script>\r\n<!-- \/ Yoast SEO plugin. -->","yoast_head_json":{"title":"Mi Peque\u00f1o Gran Escritor - Bachillerato Internacional Uninter (BIU)","description":"Los alumnos de 2do semestre presenta sus obras literarias en el evento acad\u00e9mico Mi Peque\u00f1o Gran Escritor.","robots":{"index":"index","follow":"follow","max-snippet":"max-snippet:-1","max-image-preview":"max-image-preview:large","max-video-preview":"max-video-preview:-1"},"canonical":"https:\/\/blogs.uninter.edu.mx\/biu\/index.php\/2022\/05\/25\/mi-pequeno-gran-escritor-3\/","og_locale":"es_MX","og_type":"article","og_title":"Mi Peque\u00f1o Gran Escritor - Bachillerato Internacional Uninter (BIU)","og_description":"Los alumnos de 2do semestre presenta sus obras literarias en el evento acad\u00e9mico Mi Peque\u00f1o Gran Escritor.","og_url":"https:\/\/blogs.uninter.edu.mx\/biu\/index.php\/2022\/05\/25\/mi-pequeno-gran-escritor-3\/","og_site_name":"Bachillerato Internacional Uninter (BIU)","article_published_time":"2022-05-25T15:09:52+00:00","article_modified_time":"2022-05-25T15:09:55+00:00","og_image":[{"width":1080,"height":1080,"url":"https:\/\/blogs.uninter.edu.mx\/biu\/wp-content\/uploads\/2022\/05\/mipequenogranescritor1.jpg","type":"image\/jpeg"}],"author":"Ana Lourdes Alva Lopez","twitter_card":"summary_large_image","twitter_misc":{"Escrito por":"Ana Lourdes Alva Lopez","Tiempo de lectura":"3 minutos"},"schema":{"@context":"https:\/\/schema.org","@graph":[{"@type":"WebPage","@id":"https:\/\/blogs.uninter.edu.mx\/biu\/index.php\/2022\/05\/25\/mi-pequeno-gran-escritor-3\/","url":"https:\/\/blogs.uninter.edu.mx\/biu\/index.php\/2022\/05\/25\/mi-pequeno-gran-escritor-3\/","name":"Mi Peque\u00f1o Gran Escritor - Bachillerato Internacional Uninter (BIU)","isPartOf":{"@id":"https:\/\/blogs.uninter.edu.mx\/biu\/#website"},"primaryImageOfPage":{"@id":"https:\/\/blogs.uninter.edu.mx\/biu\/index.php\/2022\/05\/25\/mi-pequeno-gran-escritor-3\/#primaryimage"},"image":{"@id":"https:\/\/blogs.uninter.edu.mx\/biu\/index.php\/2022\/05\/25\/mi-pequeno-gran-escritor-3\/#primaryimage"},"thumbnailUrl":"https:\/\/blogs.uninter.edu.mx\/biu\/wp-content\/uploads\/2022\/05\/mipequenogranescritor1.jpg","datePublished":"2022-05-25T15:09:52+00:00","dateModified":"2022-05-25T15:09:55+00:00","author":{"@id":"https:\/\/blogs.uninter.edu.mx\/biu\/#\/schema\/person\/5afbdead0c3640d430524d395a583c0a"},"description":"Los alumnos de 2do semestre presenta sus obras literarias en el evento acad\u00e9mico Mi Peque\u00f1o Gran Escritor.","breadcrumb":{"@id":"https:\/\/blogs.uninter.edu.mx\/biu\/index.php\/2022\/05\/25\/mi-pequeno-gran-escritor-3\/#breadcrumb"},"inLanguage":"es","potentialAction":[{"@type":"ReadAction","target":["https:\/\/blogs.uninter.edu.mx\/biu\/index.php\/2022\/05\/25\/mi-pequeno-gran-escritor-3\/"]}]},{"@type":"ImageObject","inLanguage":"es","@id":"https:\/\/blogs.uninter.edu.mx\/biu\/index.php\/2022\/05\/25\/mi-pequeno-gran-escritor-3\/#primaryimage","url":"https:\/\/blogs.uninter.edu.mx\/biu\/wp-content\/uploads\/2022\/05\/mipequenogranescritor1.jpg","contentUrl":"https:\/\/blogs.uninter.edu.mx\/biu\/wp-content\/uploads\/2022\/05\/mipequenogranescritor1.jpg","width":1080,"height":1080,"caption":"Gran Escritor"},{"@type":"BreadcrumbList","@id":"https:\/\/blogs.uninter.edu.mx\/biu\/index.php\/2022\/05\/25\/mi-pequeno-gran-escritor-3\/#breadcrumb","itemListElement":[{"@type":"ListItem","position":1,"name":"Inicio","item":"https:\/\/blogs.uninter.edu.mx\/biu\/"},{"@type":"ListItem","position":2,"name":"Mi Peque\u00f1o Gran Escritor"}]},{"@type":"WebSite","@id":"https:\/\/blogs.uninter.edu.mx\/biu\/#website","url":"https:\/\/blogs.uninter.edu.mx\/biu\/","name":"Bachillerato Internacional Uninter (BIU)","description":"","potentialAction":[{"@type":"SearchAction","target":{"@type":"EntryPoint","urlTemplate":"https:\/\/blogs.uninter.edu.mx\/biu\/?s={search_term_string}"},"query-input":{"@type":"PropertyValueSpecification","valueRequired":true,"valueName":"search_term_string"}}],"inLanguage":"es"},{"@type":"Person","@id":"https:\/\/blogs.uninter.edu.mx\/biu\/#\/schema\/person\/5afbdead0c3640d430524d395a583c0a","name":"Ana Lourdes Alva Lopez","image":{"@type":"ImageObject","inLanguage":"es","@id":"https:\/\/blogs.uninter.edu.mx\/biu\/#\/schema\/person\/image\/","url":"https:\/\/secure.gravatar.com\/avatar\/7c3c5c3afbcaac9e78742adb14848c296f22ec3b68b1286ee7f8ae0ab30f19a0?s=96&d=mm&r=g","contentUrl":"https:\/\/secure.gravatar.com\/avatar\/7c3c5c3afbcaac9e78742adb14848c296f22ec3b68b1286ee7f8ae0ab30f19a0?s=96&d=mm&r=g","caption":"Ana Lourdes Alva Lopez"},"url":"https:\/\/blogs.uninter.edu.mx\/biu\/index.php\/author\/lalva\/"}]}},"jetpack_publicize_connections":[],"jetpack_featured_media_url":"https:\/\/blogs.uninter.edu.mx\/biu\/wp-content\/uploads\/2022\/05\/mipequenogranescritor1.jpg","jetpack_sharing_enabled":true,"_links":{"self":[{"href":"https:\/\/blogs.uninter.edu.mx\/biu\/index.php\/wp-json\/wp\/v2\/posts\/1631","targetHints":{"allow":["GET"]}}],"collection":[{"href":"https:\/\/blogs.uninter.edu.mx\/biu\/index.php\/wp-json\/wp\/v2\/posts"}],"about":[{"href":"https:\/\/blogs.uninter.edu.mx\/biu\/index.php\/wp-json\/wp\/v2\/types\/post"}],"author":[{"embeddable":true,"href":"https:\/\/blogs.uninter.edu.mx\/biu\/index.php\/wp-json\/wp\/v2\/users\/4"}],"replies":[{"embeddable":true,"href":"https:\/\/blogs.uninter.edu.mx\/biu\/index.php\/wp-json\/wp\/v2\/comments?post=1631"}],"version-history":[{"count":5,"href":"https:\/\/blogs.uninter.edu.mx\/biu\/index.php\/wp-json\/wp\/v2\/posts\/1631\/revisions"}],"predecessor-version":[{"id":1641,"href":"https:\/\/blogs.uninter.edu.mx\/biu\/index.php\/wp-json\/wp\/v2\/posts\/1631\/revisions\/1641"}],"wp:featuredmedia":[{"embeddable":true,"href":"https:\/\/blogs.uninter.edu.mx\/biu\/index.php\/wp-json\/wp\/v2\/media\/1634"}],"wp:attachment":[{"href":"https:\/\/blogs.uninter.edu.mx\/biu\/index.php\/wp-json\/wp\/v2\/media?parent=1631"}],"wp:term":[{"taxonomy":"category","embeddable":true,"href":"https:\/\/blogs.uninter.edu.mx\/biu\/index.php\/wp-json\/wp\/v2\/categories?post=1631"},{"taxonomy":"post_tag","embeddable":true,"href":"https:\/\/blogs.uninter.edu.mx\/biu\/index.php\/wp-json\/wp\/v2\/tags?post=1631"}],"curies":[{"name":"wp","href":"https:\/\/api.w.org\/{rel}","templated":true}]}}