{"id":194,"date":"2019-08-05T14:40:22","date_gmt":"2019-08-05T14:40:22","guid":{"rendered":"https:\/\/blogs.uninter.edu.mx\/biu\/?p=194"},"modified":"2019-08-05T14:40:27","modified_gmt":"2019-08-05T14:40:27","slug":"sembrando-un-granito-de-arena","status":"publish","type":"post","link":"https:\/\/blogs.uninter.edu.mx\/biu\/index.php\/2019\/08\/05\/sembrando-un-granito-de-arena\/","title":{"rendered":"Sembrando un granito de arena en BIU"},"content":{"rendered":"\n<p>Como parte de las acciones de participaci\u00f3n estudiantil de <a href=\"https:\/\/biu.uninter.edu.mx\/\">BIU<\/a> y contando con la iniciativa de alumnos de diferentes semestre se realiz\u00f3 el evento \u201cArte con causa\u201d lidereados por Sebasti\u00e1n L\u00f3pez Garc\u00eda y Mar\u00eda Jos\u00e9 Renter\u00eda Paczka teniendo entre sus objetivos la recaudaci\u00f3n de fondo econ\u00f3micos para la <a href=\"https:\/\/www.ecologiaverde.com\/que-es-la-reforestacion-y-su-importancia-1269.html\">reforestaci\u00f3n<\/a> en BIU, siendo un \u00e9xito entre la comunidad BIU.<\/p>\n\n\n\n<figure class=\"wp-block-image\"><img loading=\"lazy\" decoding=\"async\" width=\"775\" height=\"1024\" src=\"https:\/\/blogs.uninter.edu.mx\/biu\/wp-content\/uploads\/2019\/08\/e9813d27-7d9c-443b-afa1-b677e2cf1e4b-775x1024.jpg\" alt=\"\" class=\"wp-image-247\" srcset=\"https:\/\/blogs.uninter.edu.mx\/biu\/wp-content\/uploads\/2019\/08\/e9813d27-7d9c-443b-afa1-b677e2cf1e4b-775x1024.jpg 775w, https:\/\/blogs.uninter.edu.mx\/biu\/wp-content\/uploads\/2019\/08\/e9813d27-7d9c-443b-afa1-b677e2cf1e4b-227x300.jpg 227w, https:\/\/blogs.uninter.edu.mx\/biu\/wp-content\/uploads\/2019\/08\/e9813d27-7d9c-443b-afa1-b677e2cf1e4b-768x1015.jpg 768w, https:\/\/blogs.uninter.edu.mx\/biu\/wp-content\/uploads\/2019\/08\/e9813d27-7d9c-443b-afa1-b677e2cf1e4b.jpg 956w\" sizes=\"auto, (max-width: 775px) 100vw, 775px\" \/><\/figure>\n\n\n\n<p>Posteriormente los alumnos de 6\u00ba semestre &nbsp;de los programas biling\u00fce y multicultural asistieron\nal Primer Encuentro de \u201cVive sustentable\u201d organizado\npor la Secretar\u00eda de Desarrollo Sustentable (SDS) del gobierno del estado de\nMorelos, en el Parque Barranca Chapultepec, el d\u00eda domingo 02 de junio del\npresente a\u00f1o, en los talleres destacados se encontraron: manejo de residuos\ns\u00f3lidos urbanos, reforestaci\u00f3n urbana, las huellas de carbono y t\u00fa, entre\notros.<\/p>\n\n\n\n<p>Cerrando el semestre los alumnos apoyaron en plantar \u00e1rboles frutales obtenidos con el apoyo de \u201cArte con causa\u201d, como parte del programa de reforestaci\u00f3n en BIU &nbsp;y la reactivaci\u00f3n del huerto ecol\u00f3gico de la escuela con plantas arom\u00e1ticas, papa y otras hortalizas, como parte de las actividades de la materia de Ecolog\u00eda y medio ambiente. <\/p>\n\n\n\n<div class=\"wp-block-jetpack-slideshow aligncenter\" data-effect=\"slide\"><div class=\"wp-block-jetpack-slideshow_container swiper-container\"><ul class=\"wp-block-jetpack-slideshow_swiper-wrapper swiper-wrapper\"><li class=\"wp-block-jetpack-slideshow_slide swiper-slide\"><figure><img loading=\"lazy\" decoding=\"async\" width=\"1280\" height=\"960\" alt=\"\" class=\"wp-block-jetpack-slideshow_image wp-image-249\" data-id=\"249\" src=\"https:\/\/blogs.uninter.edu.mx\/biu\/wp-content\/uploads\/2019\/08\/fc461090-6543-4e69-9389-b7b25718bd3d.jpg\" srcset=\"https:\/\/blogs.uninter.edu.mx\/biu\/wp-content\/uploads\/2019\/08\/fc461090-6543-4e69-9389-b7b25718bd3d.jpg 1280w, https:\/\/blogs.uninter.edu.mx\/biu\/wp-content\/uploads\/2019\/08\/fc461090-6543-4e69-9389-b7b25718bd3d-300x225.jpg 300w, https:\/\/blogs.uninter.edu.mx\/biu\/wp-content\/uploads\/2019\/08\/fc461090-6543-4e69-9389-b7b25718bd3d-768x576.jpg 768w, https:\/\/blogs.uninter.edu.mx\/biu\/wp-content\/uploads\/2019\/08\/fc461090-6543-4e69-9389-b7b25718bd3d-1024x768.jpg 1024w\" sizes=\"auto, (max-width: 1280px) 100vw, 1280px\" \/><\/figure><\/li><li class=\"wp-block-jetpack-slideshow_slide swiper-slide\"><figure><img loading=\"lazy\" decoding=\"async\" width=\"864\" height=\"1152\" alt=\"\" class=\"wp-block-jetpack-slideshow_image wp-image-248\" data-id=\"248\" src=\"https:\/\/blogs.uninter.edu.mx\/biu\/wp-content\/uploads\/2019\/08\/f6d0ff2f-f3b8-467d-875a-7c506a3ba09f.jpg\" srcset=\"https:\/\/blogs.uninter.edu.mx\/biu\/wp-content\/uploads\/2019\/08\/f6d0ff2f-f3b8-467d-875a-7c506a3ba09f.jpg 864w, https:\/\/blogs.uninter.edu.mx\/biu\/wp-content\/uploads\/2019\/08\/f6d0ff2f-f3b8-467d-875a-7c506a3ba09f-225x300.jpg 225w, https:\/\/blogs.uninter.edu.mx\/biu\/wp-content\/uploads\/2019\/08\/f6d0ff2f-f3b8-467d-875a-7c506a3ba09f-768x1024.jpg 768w\" sizes=\"auto, (max-width: 864px) 100vw, 864px\" \/><\/figure><\/li><li class=\"wp-block-jetpack-slideshow_slide swiper-slide\"><figure><img loading=\"lazy\" decoding=\"async\" width=\"1280\" height=\"960\" alt=\"\" class=\"wp-block-jetpack-slideshow_image wp-image-244\" data-id=\"244\" src=\"https:\/\/blogs.uninter.edu.mx\/biu\/wp-content\/uploads\/2019\/08\/d37ed086-7509-4348-8c93-2a0e7ca19986.jpg\" srcset=\"https:\/\/blogs.uninter.edu.mx\/biu\/wp-content\/uploads\/2019\/08\/d37ed086-7509-4348-8c93-2a0e7ca19986.jpg 1280w, https:\/\/blogs.uninter.edu.mx\/biu\/wp-content\/uploads\/2019\/08\/d37ed086-7509-4348-8c93-2a0e7ca19986-300x225.jpg 300w, https:\/\/blogs.uninter.edu.mx\/biu\/wp-content\/uploads\/2019\/08\/d37ed086-7509-4348-8c93-2a0e7ca19986-768x576.jpg 768w, https:\/\/blogs.uninter.edu.mx\/biu\/wp-content\/uploads\/2019\/08\/d37ed086-7509-4348-8c93-2a0e7ca19986-1024x768.jpg 1024w\" sizes=\"auto, (max-width: 1280px) 100vw, 1280px\" \/><\/figure><\/li><li class=\"wp-block-jetpack-slideshow_slide swiper-slide\"><figure><img loading=\"lazy\" decoding=\"async\" width=\"960\" height=\"1280\" alt=\"\" class=\"wp-block-jetpack-slideshow_image wp-image-236\" data-id=\"236\" src=\"https:\/\/blogs.uninter.edu.mx\/biu\/wp-content\/uploads\/2019\/08\/0807d8a3-3262-4b8a-9d95-40ade79e4644.jpg\" srcset=\"https:\/\/blogs.uninter.edu.mx\/biu\/wp-content\/uploads\/2019\/08\/0807d8a3-3262-4b8a-9d95-40ade79e4644.jpg 960w, https:\/\/blogs.uninter.edu.mx\/biu\/wp-content\/uploads\/2019\/08\/0807d8a3-3262-4b8a-9d95-40ade79e4644-225x300.jpg 225w, https:\/\/blogs.uninter.edu.mx\/biu\/wp-content\/uploads\/2019\/08\/0807d8a3-3262-4b8a-9d95-40ade79e4644-768x1024.jpg 768w\" sizes=\"auto, (max-width: 960px) 100vw, 960px\" \/><\/figure><\/li><li class=\"wp-block-jetpack-slideshow_slide swiper-slide\"><figure><img loading=\"lazy\" decoding=\"async\" width=\"960\" height=\"1280\" alt=\"\" class=\"wp-block-jetpack-slideshow_image wp-image-230\" data-id=\"230\" src=\"https:\/\/blogs.uninter.edu.mx\/biu\/wp-content\/uploads\/2019\/08\/3f10d406-ec55-419a-bf5b-235bfeff1e77.jpg\" srcset=\"https:\/\/blogs.uninter.edu.mx\/biu\/wp-content\/uploads\/2019\/08\/3f10d406-ec55-419a-bf5b-235bfeff1e77.jpg 960w, https:\/\/blogs.uninter.edu.mx\/biu\/wp-content\/uploads\/2019\/08\/3f10d406-ec55-419a-bf5b-235bfeff1e77-225x300.jpg 225w, https:\/\/blogs.uninter.edu.mx\/biu\/wp-content\/uploads\/2019\/08\/3f10d406-ec55-419a-bf5b-235bfeff1e77-768x1024.jpg 768w\" sizes=\"auto, (max-width: 960px) 100vw, 960px\" \/><\/figure><\/li><li class=\"wp-block-jetpack-slideshow_slide swiper-slide\"><figure><img loading=\"lazy\" decoding=\"async\" width=\"960\" height=\"1280\" alt=\"\" class=\"wp-block-jetpack-slideshow_image wp-image-237\" data-id=\"237\" src=\"https:\/\/blogs.uninter.edu.mx\/biu\/wp-content\/uploads\/2019\/08\/820ee10c-fcd7-471a-a093-709207e693b4.jpg\" srcset=\"https:\/\/blogs.uninter.edu.mx\/biu\/wp-content\/uploads\/2019\/08\/820ee10c-fcd7-471a-a093-709207e693b4.jpg 960w, https:\/\/blogs.uninter.edu.mx\/biu\/wp-content\/uploads\/2019\/08\/820ee10c-fcd7-471a-a093-709207e693b4-225x300.jpg 225w, https:\/\/blogs.uninter.edu.mx\/biu\/wp-content\/uploads\/2019\/08\/820ee10c-fcd7-471a-a093-709207e693b4-768x1024.jpg 768w\" sizes=\"auto, (max-width: 960px) 100vw, 960px\" \/><\/figure><\/li><li class=\"wp-block-jetpack-slideshow_slide swiper-slide\"><figure><img loading=\"lazy\" decoding=\"async\" width=\"960\" height=\"1280\" alt=\"\" class=\"wp-block-jetpack-slideshow_image wp-image-238\" data-id=\"238\" src=\"https:\/\/blogs.uninter.edu.mx\/biu\/wp-content\/uploads\/2019\/08\/5583ee5f-7f8f-4c3f-bab1-83f0f0b2989b.jpg\" srcset=\"https:\/\/blogs.uninter.edu.mx\/biu\/wp-content\/uploads\/2019\/08\/5583ee5f-7f8f-4c3f-bab1-83f0f0b2989b.jpg 960w, https:\/\/blogs.uninter.edu.mx\/biu\/wp-content\/uploads\/2019\/08\/5583ee5f-7f8f-4c3f-bab1-83f0f0b2989b-225x300.jpg 225w, https:\/\/blogs.uninter.edu.mx\/biu\/wp-content\/uploads\/2019\/08\/5583ee5f-7f8f-4c3f-bab1-83f0f0b2989b-768x1024.jpg 768w\" sizes=\"auto, (max-width: 960px) 100vw, 960px\" \/><\/figure><\/li><li class=\"wp-block-jetpack-slideshow_slide swiper-slide\"><figure><img loading=\"lazy\" decoding=\"async\" width=\"960\" height=\"1280\" alt=\"\" class=\"wp-block-jetpack-slideshow_image wp-image-231\" data-id=\"231\" src=\"https:\/\/blogs.uninter.edu.mx\/biu\/wp-content\/uploads\/2019\/08\/3f126f7c-d582-49b1-9a9f-626d8bd94ecd.jpg\" srcset=\"https:\/\/blogs.uninter.edu.mx\/biu\/wp-content\/uploads\/2019\/08\/3f126f7c-d582-49b1-9a9f-626d8bd94ecd.jpg 960w, https:\/\/blogs.uninter.edu.mx\/biu\/wp-content\/uploads\/2019\/08\/3f126f7c-d582-49b1-9a9f-626d8bd94ecd-225x300.jpg 225w, https:\/\/blogs.uninter.edu.mx\/biu\/wp-content\/uploads\/2019\/08\/3f126f7c-d582-49b1-9a9f-626d8bd94ecd-768x1024.jpg 768w\" sizes=\"auto, (max-width: 960px) 100vw, 960px\" \/><\/figure><\/li><li class=\"wp-block-jetpack-slideshow_slide swiper-slide\"><figure><img loading=\"lazy\" decoding=\"async\" width=\"960\" height=\"1280\" alt=\"\" class=\"wp-block-jetpack-slideshow_image wp-image-232\" data-id=\"232\" src=\"https:\/\/blogs.uninter.edu.mx\/biu\/wp-content\/uploads\/2019\/08\/41d73420-b38c-4dbe-864d-2e83fb306bdf.jpg\" srcset=\"https:\/\/blogs.uninter.edu.mx\/biu\/wp-content\/uploads\/2019\/08\/41d73420-b38c-4dbe-864d-2e83fb306bdf.jpg 960w, https:\/\/blogs.uninter.edu.mx\/biu\/wp-content\/uploads\/2019\/08\/41d73420-b38c-4dbe-864d-2e83fb306bdf-225x300.jpg 225w, https:\/\/blogs.uninter.edu.mx\/biu\/wp-content\/uploads\/2019\/08\/41d73420-b38c-4dbe-864d-2e83fb306bdf-768x1024.jpg 768w\" sizes=\"auto, (max-width: 960px) 100vw, 960px\" \/><\/figure><\/li><li class=\"wp-block-jetpack-slideshow_slide swiper-slide\"><figure><img loading=\"lazy\" decoding=\"async\" width=\"1280\" height=\"960\" alt=\"\" class=\"wp-block-jetpack-slideshow_image wp-image-239\" data-id=\"239\" src=\"https:\/\/blogs.uninter.edu.mx\/biu\/wp-content\/uploads\/2019\/08\/a1cdd8f0-c0c6-459a-a347-746b4164788e.jpg\" srcset=\"https:\/\/blogs.uninter.edu.mx\/biu\/wp-content\/uploads\/2019\/08\/a1cdd8f0-c0c6-459a-a347-746b4164788e.jpg 1280w, https:\/\/blogs.uninter.edu.mx\/biu\/wp-content\/uploads\/2019\/08\/a1cdd8f0-c0c6-459a-a347-746b4164788e-300x225.jpg 300w, https:\/\/blogs.uninter.edu.mx\/biu\/wp-content\/uploads\/2019\/08\/a1cdd8f0-c0c6-459a-a347-746b4164788e-768x576.jpg 768w, https:\/\/blogs.uninter.edu.mx\/biu\/wp-content\/uploads\/2019\/08\/a1cdd8f0-c0c6-459a-a347-746b4164788e-1024x768.jpg 1024w\" sizes=\"auto, (max-width: 1280px) 100vw, 1280px\" \/><\/figure><\/li><li class=\"wp-block-jetpack-slideshow_slide swiper-slide\"><figure><img loading=\"lazy\" decoding=\"async\" width=\"960\" height=\"1280\" alt=\"\" class=\"wp-block-jetpack-slideshow_image wp-image-240\" data-id=\"240\" src=\"https:\/\/blogs.uninter.edu.mx\/biu\/wp-content\/uploads\/2019\/08\/a446a2db-c106-45f0-9971-beeb5f73663f.jpg\" srcset=\"https:\/\/blogs.uninter.edu.mx\/biu\/wp-content\/uploads\/2019\/08\/a446a2db-c106-45f0-9971-beeb5f73663f.jpg 960w, https:\/\/blogs.uninter.edu.mx\/biu\/wp-content\/uploads\/2019\/08\/a446a2db-c106-45f0-9971-beeb5f73663f-225x300.jpg 225w, https:\/\/blogs.uninter.edu.mx\/biu\/wp-content\/uploads\/2019\/08\/a446a2db-c106-45f0-9971-beeb5f73663f-768x1024.jpg 768w\" sizes=\"auto, (max-width: 960px) 100vw, 960px\" \/><\/figure><\/li><li class=\"wp-block-jetpack-slideshow_slide swiper-slide\"><figure><img loading=\"lazy\" decoding=\"async\" width=\"960\" height=\"1280\" alt=\"\" class=\"wp-block-jetpack-slideshow_image wp-image-234\" data-id=\"234\" src=\"https:\/\/blogs.uninter.edu.mx\/biu\/wp-content\/uploads\/2019\/08\/55db22e6-20ca-4299-b3d9-0bf2a07edb32.jpg\" srcset=\"https:\/\/blogs.uninter.edu.mx\/biu\/wp-content\/uploads\/2019\/08\/55db22e6-20ca-4299-b3d9-0bf2a07edb32.jpg 960w, https:\/\/blogs.uninter.edu.mx\/biu\/wp-content\/uploads\/2019\/08\/55db22e6-20ca-4299-b3d9-0bf2a07edb32-225x300.jpg 225w, https:\/\/blogs.uninter.edu.mx\/biu\/wp-content\/uploads\/2019\/08\/55db22e6-20ca-4299-b3d9-0bf2a07edb32-768x1024.jpg 768w\" sizes=\"auto, (max-width: 960px) 100vw, 960px\" \/><\/figure><\/li><li class=\"wp-block-jetpack-slideshow_slide swiper-slide\"><figure><img loading=\"lazy\" decoding=\"async\" width=\"1280\" height=\"960\" alt=\"\" class=\"wp-block-jetpack-slideshow_image wp-image-241\" data-id=\"241\" src=\"https:\/\/blogs.uninter.edu.mx\/biu\/wp-content\/uploads\/2019\/08\/b1e794e6-e750-40ab-b2f4-83d6032b50ad.jpg\" srcset=\"https:\/\/blogs.uninter.edu.mx\/biu\/wp-content\/uploads\/2019\/08\/b1e794e6-e750-40ab-b2f4-83d6032b50ad.jpg 1280w, https:\/\/blogs.uninter.edu.mx\/biu\/wp-content\/uploads\/2019\/08\/b1e794e6-e750-40ab-b2f4-83d6032b50ad-300x225.jpg 300w, https:\/\/blogs.uninter.edu.mx\/biu\/wp-content\/uploads\/2019\/08\/b1e794e6-e750-40ab-b2f4-83d6032b50ad-768x576.jpg 768w, https:\/\/blogs.uninter.edu.mx\/biu\/wp-content\/uploads\/2019\/08\/b1e794e6-e750-40ab-b2f4-83d6032b50ad-1024x768.jpg 1024w\" sizes=\"auto, (max-width: 1280px) 100vw, 1280px\" \/><\/figure><\/li><li class=\"wp-block-jetpack-slideshow_slide swiper-slide\"><figure><img loading=\"lazy\" decoding=\"async\" width=\"1280\" height=\"960\" alt=\"\" class=\"wp-block-jetpack-slideshow_image wp-image-242\" data-id=\"242\" src=\"https:\/\/blogs.uninter.edu.mx\/biu\/wp-content\/uploads\/2019\/08\/bff0ba07-a36b-4562-a244-1e524367dc47.jpg\" srcset=\"https:\/\/blogs.uninter.edu.mx\/biu\/wp-content\/uploads\/2019\/08\/bff0ba07-a36b-4562-a244-1e524367dc47.jpg 1280w, https:\/\/blogs.uninter.edu.mx\/biu\/wp-content\/uploads\/2019\/08\/bff0ba07-a36b-4562-a244-1e524367dc47-300x225.jpg 300w, https:\/\/blogs.uninter.edu.mx\/biu\/wp-content\/uploads\/2019\/08\/bff0ba07-a36b-4562-a244-1e524367dc47-768x576.jpg 768w, https:\/\/blogs.uninter.edu.mx\/biu\/wp-content\/uploads\/2019\/08\/bff0ba07-a36b-4562-a244-1e524367dc47-1024x768.jpg 1024w\" sizes=\"auto, (max-width: 1280px) 100vw, 1280px\" \/><\/figure><\/li><li class=\"wp-block-jetpack-slideshow_slide swiper-slide\"><figure><img loading=\"lazy\" decoding=\"async\" width=\"1280\" height=\"960\" alt=\"\" class=\"wp-block-jetpack-slideshow_image wp-image-235\" data-id=\"235\" src=\"https:\/\/blogs.uninter.edu.mx\/biu\/wp-content\/uploads\/2019\/08\/133f82ae-3788-44cb-8389-5d6ac9b1b102.jpg\" srcset=\"https:\/\/blogs.uninter.edu.mx\/biu\/wp-content\/uploads\/2019\/08\/133f82ae-3788-44cb-8389-5d6ac9b1b102.jpg 1280w, https:\/\/blogs.uninter.edu.mx\/biu\/wp-content\/uploads\/2019\/08\/133f82ae-3788-44cb-8389-5d6ac9b1b102-300x225.jpg 300w, https:\/\/blogs.uninter.edu.mx\/biu\/wp-content\/uploads\/2019\/08\/133f82ae-3788-44cb-8389-5d6ac9b1b102-768x576.jpg 768w, https:\/\/blogs.uninter.edu.mx\/biu\/wp-content\/uploads\/2019\/08\/133f82ae-3788-44cb-8389-5d6ac9b1b102-1024x768.jpg 1024w\" sizes=\"auto, (max-width: 1280px) 100vw, 1280px\" \/><\/figure><\/li><\/ul><a class=\"wp-block-jetpack-slideshow_button-prev swiper-button-prev swiper-button-white\" role=\"button\"><\/a><a class=\"wp-block-jetpack-slideshow_button-next swiper-button-next swiper-button-white\" role=\"button\"><\/a><a aria-label=\"Pause Slideshow\" class=\"wp-block-jetpack-slideshow_button-pause\" role=\"button\"><\/a><div class=\"wp-block-jetpack-slideshow_pagination swiper-pagination swiper-pagination-white\"><\/div><\/div><\/div>\n\n\n\n<p>Por: Bi\u00f3l. Luz Vel\u00e1zquez Ortiz.  <\/p>\n","protected":false},"excerpt":{"rendered":"<p>Como parte de las acciones de participaci\u00f3n estudiantil de BIU y contando con la iniciativa de alumnos de diferentes semestre se realiz\u00f3 el evento \u201cArte con causa\u201d lidereados por Sebasti\u00e1n L\u00f3pez Garc\u00eda y Mar\u00eda Jos\u00e9 Renter\u00eda Paczka teniendo entre sus objetivos la recaudaci\u00f3n de fondo econ\u00f3micos para la reforestaci\u00f3n en BIU, siendo un \u00e9xito entre&hellip;<\/p>\n","protected":false},"author":4,"featured_media":243,"comment_status":"open","ping_status":"open","sticky":false,"template":"","format":"standard","meta":{"_jetpack_memberships_contains_paid_content":false,"footnotes":"","jetpack_publicize_message":"","jetpack_publicize_feature_enabled":true,"jetpack_social_post_already_shared":true,"jetpack_social_options":{"image_generator_settings":{"template":"highway","default_image_id":0,"font":"","enabled":false},"version":2}},"categories":[1],"tags":[16,17,4,18,19,7],"class_list":["post-194","post","type-post","status-publish","format-standard","has-post-thumbnail","hentry","category-sin-categoria","tag-arte-con-causa","tag-bachi","tag-biu","tag-reforestacion-en-biu","tag-sembrando-en-biu","tag-uninter"],"yoast_head":"<!-- This site is optimized with the Yoast SEO plugin v26.0 - https:\/\/yoast.com\/wordpress\/plugins\/seo\/ -->\r\n<title>Sembrando un granito de arena en BIU - Bachillerato Internacional Uninter (BIU)<\/title>\r\n<meta name=\"description\" content=\"Como parte de las acciones de participaci\u00f3n estudiantil de BIU y contando con la iniciativa de alumnos de diferentes semestre se realiz\u00f3 el evento \u201cArte con causa\u201d lidereados por Sebasti\u00e1n L\u00f3pez Garc\u00eda y Mar\u00eda Jos\u00e9 Renter\u00eda Paczka teniendo entre sus objetivos la recaudaci\u00f3n de fondo econ\u00f3micos para la reforestaci\u00f3n en BIU, siendo un \u00e9xito entre la comunidad BIU.\" \/>\r\n<meta name=\"robots\" content=\"index, follow, max-snippet:-1, max-image-preview:large, max-video-preview:-1\" \/>\r\n<link rel=\"canonical\" href=\"https:\/\/blogs.uninter.edu.mx\/biu\/index.php\/2019\/08\/05\/sembrando-un-granito-de-arena\/\" \/>\r\n<meta property=\"og:locale\" content=\"es_MX\" \/>\r\n<meta property=\"og:type\" content=\"article\" \/>\r\n<meta property=\"og:title\" content=\"Sembrando un granito de arena en BIU - Bachillerato Internacional Uninter (BIU)\" \/>\r\n<meta property=\"og:description\" content=\"Como parte de las acciones de participaci\u00f3n estudiantil de BIU y contando con la iniciativa de alumnos de diferentes semestre se realiz\u00f3 el evento \u201cArte con causa\u201d lidereados por Sebasti\u00e1n L\u00f3pez Garc\u00eda y Mar\u00eda Jos\u00e9 Renter\u00eda Paczka teniendo entre sus objetivos la recaudaci\u00f3n de fondo econ\u00f3micos para la reforestaci\u00f3n en BIU, siendo un \u00e9xito entre la comunidad BIU.\" \/>\r\n<meta property=\"og:url\" content=\"https:\/\/blogs.uninter.edu.mx\/biu\/index.php\/2019\/08\/05\/sembrando-un-granito-de-arena\/\" \/>\r\n<meta property=\"og:site_name\" content=\"Bachillerato Internacional Uninter (BIU)\" \/>\r\n<meta property=\"article:published_time\" content=\"2019-08-05T14:40:22+00:00\" \/>\r\n<meta property=\"article:modified_time\" content=\"2019-08-05T14:40:27+00:00\" \/>\r\n<meta property=\"og:image\" content=\"https:\/\/blogs.uninter.edu.mx\/biu\/wp-content\/uploads\/2019\/08\/c6cc2c4d-38b3-4f91-853d-6780dbd36814.jpg\" \/>\r\n\t<meta property=\"og:image:width\" content=\"1280\" \/>\r\n\t<meta property=\"og:image:height\" content=\"720\" \/>\r\n\t<meta property=\"og:image:type\" content=\"image\/jpeg\" \/>\r\n<meta name=\"author\" content=\"Ana Lourdes Alva Lopez\" \/>\r\n<meta name=\"twitter:card\" content=\"summary_large_image\" \/>\r\n<meta name=\"twitter:label1\" content=\"Escrito por\" \/>\n\t<meta name=\"twitter:data1\" content=\"Ana Lourdes Alva Lopez\" \/>\n\t<meta name=\"twitter:label2\" content=\"Tiempo de lectura\" \/>\n\t<meta name=\"twitter:data2\" content=\"1 minuto\" \/>\r\n<script type=\"application\/ld+json\" class=\"yoast-schema-graph\">{\"@context\":\"https:\/\/schema.org\",\"@graph\":[{\"@type\":\"WebPage\",\"@id\":\"https:\/\/blogs.uninter.edu.mx\/biu\/index.php\/2019\/08\/05\/sembrando-un-granito-de-arena\/\",\"url\":\"https:\/\/blogs.uninter.edu.mx\/biu\/index.php\/2019\/08\/05\/sembrando-un-granito-de-arena\/\",\"name\":\"Sembrando un granito de arena en BIU - Bachillerato Internacional Uninter (BIU)\",\"isPartOf\":{\"@id\":\"https:\/\/blogs.uninter.edu.mx\/biu\/#website\"},\"primaryImageOfPage\":{\"@id\":\"https:\/\/blogs.uninter.edu.mx\/biu\/index.php\/2019\/08\/05\/sembrando-un-granito-de-arena\/#primaryimage\"},\"image\":{\"@id\":\"https:\/\/blogs.uninter.edu.mx\/biu\/index.php\/2019\/08\/05\/sembrando-un-granito-de-arena\/#primaryimage\"},\"thumbnailUrl\":\"https:\/\/blogs.uninter.edu.mx\/biu\/wp-content\/uploads\/2019\/08\/c6cc2c4d-38b3-4f91-853d-6780dbd36814.jpg\",\"datePublished\":\"2019-08-05T14:40:22+00:00\",\"dateModified\":\"2019-08-05T14:40:27+00:00\",\"author\":{\"@id\":\"https:\/\/blogs.uninter.edu.mx\/biu\/#\/schema\/person\/5afbdead0c3640d430524d395a583c0a\"},\"description\":\"Como parte de las acciones de participaci\u00f3n estudiantil de BIU y contando con la iniciativa de alumnos de diferentes semestre se realiz\u00f3 el evento \u201cArte con causa\u201d lidereados por Sebasti\u00e1n L\u00f3pez Garc\u00eda y Mar\u00eda Jos\u00e9 Renter\u00eda Paczka teniendo entre sus objetivos la recaudaci\u00f3n de fondo econ\u00f3micos para la reforestaci\u00f3n en BIU, siendo un \u00e9xito entre la comunidad BIU.\",\"breadcrumb\":{\"@id\":\"https:\/\/blogs.uninter.edu.mx\/biu\/index.php\/2019\/08\/05\/sembrando-un-granito-de-arena\/#breadcrumb\"},\"inLanguage\":\"es\",\"potentialAction\":[{\"@type\":\"ReadAction\",\"target\":[\"https:\/\/blogs.uninter.edu.mx\/biu\/index.php\/2019\/08\/05\/sembrando-un-granito-de-arena\/\"]}]},{\"@type\":\"ImageObject\",\"inLanguage\":\"es\",\"@id\":\"https:\/\/blogs.uninter.edu.mx\/biu\/index.php\/2019\/08\/05\/sembrando-un-granito-de-arena\/#primaryimage\",\"url\":\"https:\/\/blogs.uninter.edu.mx\/biu\/wp-content\/uploads\/2019\/08\/c6cc2c4d-38b3-4f91-853d-6780dbd36814.jpg\",\"contentUrl\":\"https:\/\/blogs.uninter.edu.mx\/biu\/wp-content\/uploads\/2019\/08\/c6cc2c4d-38b3-4f91-853d-6780dbd36814.jpg\",\"width\":1280,\"height\":720},{\"@type\":\"BreadcrumbList\",\"@id\":\"https:\/\/blogs.uninter.edu.mx\/biu\/index.php\/2019\/08\/05\/sembrando-un-granito-de-arena\/#breadcrumb\",\"itemListElement\":[{\"@type\":\"ListItem\",\"position\":1,\"name\":\"Inicio\",\"item\":\"https:\/\/blogs.uninter.edu.mx\/biu\/\"},{\"@type\":\"ListItem\",\"position\":2,\"name\":\"Sembrando un granito de arena en BIU\"}]},{\"@type\":\"WebSite\",\"@id\":\"https:\/\/blogs.uninter.edu.mx\/biu\/#website\",\"url\":\"https:\/\/blogs.uninter.edu.mx\/biu\/\",\"name\":\"Bachillerato Internacional Uninter (BIU)\",\"description\":\"\",\"potentialAction\":[{\"@type\":\"SearchAction\",\"target\":{\"@type\":\"EntryPoint\",\"urlTemplate\":\"https:\/\/blogs.uninter.edu.mx\/biu\/?s={search_term_string}\"},\"query-input\":{\"@type\":\"PropertyValueSpecification\",\"valueRequired\":true,\"valueName\":\"search_term_string\"}}],\"inLanguage\":\"es\"},{\"@type\":\"Person\",\"@id\":\"https:\/\/blogs.uninter.edu.mx\/biu\/#\/schema\/person\/5afbdead0c3640d430524d395a583c0a\",\"name\":\"Ana Lourdes Alva Lopez\",\"image\":{\"@type\":\"ImageObject\",\"inLanguage\":\"es\",\"@id\":\"https:\/\/blogs.uninter.edu.mx\/biu\/#\/schema\/person\/image\/\",\"url\":\"https:\/\/secure.gravatar.com\/avatar\/7c3c5c3afbcaac9e78742adb14848c296f22ec3b68b1286ee7f8ae0ab30f19a0?s=96&d=mm&r=g\",\"contentUrl\":\"https:\/\/secure.gravatar.com\/avatar\/7c3c5c3afbcaac9e78742adb14848c296f22ec3b68b1286ee7f8ae0ab30f19a0?s=96&d=mm&r=g\",\"caption\":\"Ana Lourdes Alva Lopez\"},\"url\":\"https:\/\/blogs.uninter.edu.mx\/biu\/index.php\/author\/lalva\/\"}]}<\/script>\r\n<!-- \/ Yoast SEO plugin. -->","yoast_head_json":{"title":"Sembrando un granito de arena en BIU - Bachillerato Internacional Uninter (BIU)","description":"Como parte de las acciones de participaci\u00f3n estudiantil de BIU y contando con la iniciativa de alumnos de diferentes semestre se realiz\u00f3 el evento \u201cArte con causa\u201d lidereados por Sebasti\u00e1n L\u00f3pez Garc\u00eda y Mar\u00eda Jos\u00e9 Renter\u00eda Paczka teniendo entre sus objetivos la recaudaci\u00f3n de fondo econ\u00f3micos para la reforestaci\u00f3n en BIU, siendo un \u00e9xito entre la comunidad BIU.","robots":{"index":"index","follow":"follow","max-snippet":"max-snippet:-1","max-image-preview":"max-image-preview:large","max-video-preview":"max-video-preview:-1"},"canonical":"https:\/\/blogs.uninter.edu.mx\/biu\/index.php\/2019\/08\/05\/sembrando-un-granito-de-arena\/","og_locale":"es_MX","og_type":"article","og_title":"Sembrando un granito de arena en BIU - Bachillerato Internacional Uninter (BIU)","og_description":"Como parte de las acciones de participaci\u00f3n estudiantil de BIU y contando con la iniciativa de alumnos de diferentes semestre se realiz\u00f3 el evento \u201cArte con causa\u201d lidereados por Sebasti\u00e1n L\u00f3pez Garc\u00eda y Mar\u00eda Jos\u00e9 Renter\u00eda Paczka teniendo entre sus objetivos la recaudaci\u00f3n de fondo econ\u00f3micos para la reforestaci\u00f3n en BIU, siendo un \u00e9xito entre la comunidad BIU.","og_url":"https:\/\/blogs.uninter.edu.mx\/biu\/index.php\/2019\/08\/05\/sembrando-un-granito-de-arena\/","og_site_name":"Bachillerato Internacional Uninter (BIU)","article_published_time":"2019-08-05T14:40:22+00:00","article_modified_time":"2019-08-05T14:40:27+00:00","og_image":[{"width":1280,"height":720,"url":"https:\/\/blogs.uninter.edu.mx\/biu\/wp-content\/uploads\/2019\/08\/c6cc2c4d-38b3-4f91-853d-6780dbd36814.jpg","type":"image\/jpeg"}],"author":"Ana Lourdes Alva Lopez","twitter_card":"summary_large_image","twitter_misc":{"Escrito por":"Ana Lourdes Alva Lopez","Tiempo de lectura":"1 minuto"},"schema":{"@context":"https:\/\/schema.org","@graph":[{"@type":"WebPage","@id":"https:\/\/blogs.uninter.edu.mx\/biu\/index.php\/2019\/08\/05\/sembrando-un-granito-de-arena\/","url":"https:\/\/blogs.uninter.edu.mx\/biu\/index.php\/2019\/08\/05\/sembrando-un-granito-de-arena\/","name":"Sembrando un granito de arena en BIU - Bachillerato Internacional Uninter (BIU)","isPartOf":{"@id":"https:\/\/blogs.uninter.edu.mx\/biu\/#website"},"primaryImageOfPage":{"@id":"https:\/\/blogs.uninter.edu.mx\/biu\/index.php\/2019\/08\/05\/sembrando-un-granito-de-arena\/#primaryimage"},"image":{"@id":"https:\/\/blogs.uninter.edu.mx\/biu\/index.php\/2019\/08\/05\/sembrando-un-granito-de-arena\/#primaryimage"},"thumbnailUrl":"https:\/\/blogs.uninter.edu.mx\/biu\/wp-content\/uploads\/2019\/08\/c6cc2c4d-38b3-4f91-853d-6780dbd36814.jpg","datePublished":"2019-08-05T14:40:22+00:00","dateModified":"2019-08-05T14:40:27+00:00","author":{"@id":"https:\/\/blogs.uninter.edu.mx\/biu\/#\/schema\/person\/5afbdead0c3640d430524d395a583c0a"},"description":"Como parte de las acciones de participaci\u00f3n estudiantil de BIU y contando con la iniciativa de alumnos de diferentes semestre se realiz\u00f3 el evento \u201cArte con causa\u201d lidereados por Sebasti\u00e1n L\u00f3pez Garc\u00eda y Mar\u00eda Jos\u00e9 Renter\u00eda Paczka teniendo entre sus objetivos la recaudaci\u00f3n de fondo econ\u00f3micos para la reforestaci\u00f3n en BIU, siendo un \u00e9xito entre la comunidad BIU.","breadcrumb":{"@id":"https:\/\/blogs.uninter.edu.mx\/biu\/index.php\/2019\/08\/05\/sembrando-un-granito-de-arena\/#breadcrumb"},"inLanguage":"es","potentialAction":[{"@type":"ReadAction","target":["https:\/\/blogs.uninter.edu.mx\/biu\/index.php\/2019\/08\/05\/sembrando-un-granito-de-arena\/"]}]},{"@type":"ImageObject","inLanguage":"es","@id":"https:\/\/blogs.uninter.edu.mx\/biu\/index.php\/2019\/08\/05\/sembrando-un-granito-de-arena\/#primaryimage","url":"https:\/\/blogs.uninter.edu.mx\/biu\/wp-content\/uploads\/2019\/08\/c6cc2c4d-38b3-4f91-853d-6780dbd36814.jpg","contentUrl":"https:\/\/blogs.uninter.edu.mx\/biu\/wp-content\/uploads\/2019\/08\/c6cc2c4d-38b3-4f91-853d-6780dbd36814.jpg","width":1280,"height":720},{"@type":"BreadcrumbList","@id":"https:\/\/blogs.uninter.edu.mx\/biu\/index.php\/2019\/08\/05\/sembrando-un-granito-de-arena\/#breadcrumb","itemListElement":[{"@type":"ListItem","position":1,"name":"Inicio","item":"https:\/\/blogs.uninter.edu.mx\/biu\/"},{"@type":"ListItem","position":2,"name":"Sembrando un granito de arena en BIU"}]},{"@type":"WebSite","@id":"https:\/\/blogs.uninter.edu.mx\/biu\/#website","url":"https:\/\/blogs.uninter.edu.mx\/biu\/","name":"Bachillerato Internacional Uninter (BIU)","description":"","potentialAction":[{"@type":"SearchAction","target":{"@type":"EntryPoint","urlTemplate":"https:\/\/blogs.uninter.edu.mx\/biu\/?s={search_term_string}"},"query-input":{"@type":"PropertyValueSpecification","valueRequired":true,"valueName":"search_term_string"}}],"inLanguage":"es"},{"@type":"Person","@id":"https:\/\/blogs.uninter.edu.mx\/biu\/#\/schema\/person\/5afbdead0c3640d430524d395a583c0a","name":"Ana Lourdes Alva Lopez","image":{"@type":"ImageObject","inLanguage":"es","@id":"https:\/\/blogs.uninter.edu.mx\/biu\/#\/schema\/person\/image\/","url":"https:\/\/secure.gravatar.com\/avatar\/7c3c5c3afbcaac9e78742adb14848c296f22ec3b68b1286ee7f8ae0ab30f19a0?s=96&d=mm&r=g","contentUrl":"https:\/\/secure.gravatar.com\/avatar\/7c3c5c3afbcaac9e78742adb14848c296f22ec3b68b1286ee7f8ae0ab30f19a0?s=96&d=mm&r=g","caption":"Ana Lourdes Alva Lopez"},"url":"https:\/\/blogs.uninter.edu.mx\/biu\/index.php\/author\/lalva\/"}]}},"jetpack_publicize_connections":[],"jetpack_featured_media_url":"https:\/\/blogs.uninter.edu.mx\/biu\/wp-content\/uploads\/2019\/08\/c6cc2c4d-38b3-4f91-853d-6780dbd36814.jpg","jetpack_sharing_enabled":true,"_links":{"self":[{"href":"https:\/\/blogs.uninter.edu.mx\/biu\/index.php\/wp-json\/wp\/v2\/posts\/194","targetHints":{"allow":["GET"]}}],"collection":[{"href":"https:\/\/blogs.uninter.edu.mx\/biu\/index.php\/wp-json\/wp\/v2\/posts"}],"about":[{"href":"https:\/\/blogs.uninter.edu.mx\/biu\/index.php\/wp-json\/wp\/v2\/types\/post"}],"author":[{"embeddable":true,"href":"https:\/\/blogs.uninter.edu.mx\/biu\/index.php\/wp-json\/wp\/v2\/users\/4"}],"replies":[{"embeddable":true,"href":"https:\/\/blogs.uninter.edu.mx\/biu\/index.php\/wp-json\/wp\/v2\/comments?post=194"}],"version-history":[{"count":2,"href":"https:\/\/blogs.uninter.edu.mx\/biu\/index.php\/wp-json\/wp\/v2\/posts\/194\/revisions"}],"predecessor-version":[{"id":253,"href":"https:\/\/blogs.uninter.edu.mx\/biu\/index.php\/wp-json\/wp\/v2\/posts\/194\/revisions\/253"}],"wp:featuredmedia":[{"embeddable":true,"href":"https:\/\/blogs.uninter.edu.mx\/biu\/index.php\/wp-json\/wp\/v2\/media\/243"}],"wp:attachment":[{"href":"https:\/\/blogs.uninter.edu.mx\/biu\/index.php\/wp-json\/wp\/v2\/media?parent=194"}],"wp:term":[{"taxonomy":"category","embeddable":true,"href":"https:\/\/blogs.uninter.edu.mx\/biu\/index.php\/wp-json\/wp\/v2\/categories?post=194"},{"taxonomy":"post_tag","embeddable":true,"href":"https:\/\/blogs.uninter.edu.mx\/biu\/index.php\/wp-json\/wp\/v2\/tags?post=194"}],"curies":[{"name":"wp","href":"https:\/\/api.w.org\/{rel}","templated":true}]}}