{"id":386,"date":"2020-10-06T15:58:44","date_gmt":"2020-10-06T20:58:44","guid":{"rendered":"https:\/\/blogs.uninter.edu.mx\/biu\/?p=386"},"modified":"2020-10-08T15:45:43","modified_gmt":"2020-10-08T20:45:43","slug":"inicio-de-clases-en-biu","status":"publish","type":"post","link":"https:\/\/blogs.uninter.edu.mx\/biu\/index.php\/2020\/10\/06\/inicio-de-clases-en-biu\/","title":{"rendered":"Inicio de clases en BIU"},"content":{"rendered":"\n<h2 class=\"wp-block-heading\">El inicio de clases y actividades acad\u00e9micas en la nueva normalidad.<\/h2>\n\n\n\n<figure class=\"wp-block-image size-large\"><img loading=\"lazy\" decoding=\"async\" width=\"1024\" height=\"768\" src=\"https:\/\/blogs.uninter.edu.mx\/biu\/wp-content\/uploads\/2020\/10\/WhatsApp-Image-2020-10-06-at-1.03.53-PM-1024x768.jpeg\" alt=\"Foto del inicio de clases en BIU en la nueva normalidad\" class=\"wp-image-393\" srcset=\"https:\/\/blogs.uninter.edu.mx\/biu\/wp-content\/uploads\/2020\/10\/WhatsApp-Image-2020-10-06-at-1.03.53-PM-1024x768.jpeg 1024w, https:\/\/blogs.uninter.edu.mx\/biu\/wp-content\/uploads\/2020\/10\/WhatsApp-Image-2020-10-06-at-1.03.53-PM-300x225.jpeg 300w, https:\/\/blogs.uninter.edu.mx\/biu\/wp-content\/uploads\/2020\/10\/WhatsApp-Image-2020-10-06-at-1.03.53-PM-768x576.jpeg 768w, https:\/\/blogs.uninter.edu.mx\/biu\/wp-content\/uploads\/2020\/10\/WhatsApp-Image-2020-10-06-at-1.03.53-PM.jpeg 1280w\" sizes=\"auto, (max-width: 1024px) 100vw, 1024px\" \/><figcaption>Foto del inicio de clases en BIU en la nueva normalidad<\/figcaption><\/figure>\n\n\n\n<p>El inicio de clases del <a href=\"https:\/\/biu.uninter.edu.mx\/\" target=\"_blank\" rel=\"noreferrer noopener\"> Bachillerato Internacional UNINTER<\/a> fue desde casa para nuestros alumnos.<\/p>\n\n\n\n<p>Est\u00e1 de m\u00e1s decir que este inicio de ciclo escolar fue distinto para todos. La pandemia lleg\u00f3 a cambiarnos la vida en muchos aspectos.<\/p>\n\n\n\n<p> Sin embargo, debemos adaptarnos a la &#8220;nueva normalidad&#8221; para continuar con nuestras actividades acad\u00e9micas y cotidianas. <\/p>\n\n\n\n<p>Gracias al dise\u00f1o del modelo educativo  <a rel=\"noreferrer noopener\" href=\"https:\/\/uninter.edu.mx\/Blended-Flex\/\" target=\"_blank\">Blended-Flex Learning<\/a>  nuestros alumnos iniciaron su ciclo escolar desde casa, propiciando un inicio de clases seguro para todos.     <\/p>\n\n\n\n<p>Esto quiere decir que nuestros profesores est\u00e1n impartiendo clases desde las instalaciones a trav\u00e9s de Zoom y nuestra plataforma <a rel=\"noreferrer noopener\" href=\"https:\/\/unintervirtual.mx\/\" target=\"_blank\">Uninter Virtual<\/a>.<\/p>\n\n\n\n<div class=\"wp-block-jetpack-slideshow aligncenter\" data-autoplay=\"true\" data-delay=\"3\" data-effect=\"slide\"><div class=\"wp-block-jetpack-slideshow_container swiper-container\"><ul class=\"wp-block-jetpack-slideshow_swiper-wrapper swiper-wrapper\"><li class=\"wp-block-jetpack-slideshow_slide swiper-slide\"><figure><img loading=\"lazy\" decoding=\"async\" width=\"581\" height=\"1032\" alt=\"Profesora impartiendo clase desde BIU.\" class=\"wp-block-jetpack-slideshow_image wp-image-405\" data-id=\"405\" src=\"https:\/\/blogs.uninter.edu.mx\/biu\/wp-content\/uploads\/2020\/10\/WhatsApp-Image-2020-08-17-at-7.26.06-AM.jpeg\" srcset=\"https:\/\/blogs.uninter.edu.mx\/biu\/wp-content\/uploads\/2020\/10\/WhatsApp-Image-2020-08-17-at-7.26.06-AM.jpeg 581w, https:\/\/blogs.uninter.edu.mx\/biu\/wp-content\/uploads\/2020\/10\/WhatsApp-Image-2020-08-17-at-7.26.06-AM-169x300.jpeg 169w, https:\/\/blogs.uninter.edu.mx\/biu\/wp-content\/uploads\/2020\/10\/WhatsApp-Image-2020-08-17-at-7.26.06-AM-576x1024.jpeg 576w\" sizes=\"auto, (max-width: 581px) 100vw, 581px\" \/><figcaption class=\"wp-block-jetpack-slideshow_caption gallery-caption\">De esta manera se imparten las clases en el nuevo modelo educativo.<\/figcaption><\/figure><\/li><li class=\"wp-block-jetpack-slideshow_slide swiper-slide\"><figure><img loading=\"lazy\" decoding=\"async\" width=\"581\" height=\"1032\" alt=\"Profesora impartiendo clase.\" class=\"wp-block-jetpack-slideshow_image wp-image-406\" data-id=\"406\" src=\"https:\/\/blogs.uninter.edu.mx\/biu\/wp-content\/uploads\/2020\/10\/WhatsApp-Image-2020-08-17-at-7.24.09-AM.jpeg\" srcset=\"https:\/\/blogs.uninter.edu.mx\/biu\/wp-content\/uploads\/2020\/10\/WhatsApp-Image-2020-08-17-at-7.24.09-AM.jpeg 581w, https:\/\/blogs.uninter.edu.mx\/biu\/wp-content\/uploads\/2020\/10\/WhatsApp-Image-2020-08-17-at-7.24.09-AM-169x300.jpeg 169w, https:\/\/blogs.uninter.edu.mx\/biu\/wp-content\/uploads\/2020\/10\/WhatsApp-Image-2020-08-17-at-7.24.09-AM-576x1024.jpeg 576w\" sizes=\"auto, (max-width: 581px) 100vw, 581px\" \/><figcaption class=\"wp-block-jetpack-slideshow_caption gallery-caption\">Profesora impartiendo clase.<\/figcaption><\/figure><\/li><li class=\"wp-block-jetpack-slideshow_slide swiper-slide\"><figure><img loading=\"lazy\" decoding=\"async\" width=\"581\" height=\"1032\" alt=\"Profesora de deportes impartiendo clase.\" class=\"wp-block-jetpack-slideshow_image wp-image-407\" data-id=\"407\" src=\"https:\/\/blogs.uninter.edu.mx\/biu\/wp-content\/uploads\/2020\/10\/WhatsApp-Image-2020-08-17-at-7.21.19-AM.jpeg\" srcset=\"https:\/\/blogs.uninter.edu.mx\/biu\/wp-content\/uploads\/2020\/10\/WhatsApp-Image-2020-08-17-at-7.21.19-AM.jpeg 581w, https:\/\/blogs.uninter.edu.mx\/biu\/wp-content\/uploads\/2020\/10\/WhatsApp-Image-2020-08-17-at-7.21.19-AM-169x300.jpeg 169w, https:\/\/blogs.uninter.edu.mx\/biu\/wp-content\/uploads\/2020\/10\/WhatsApp-Image-2020-08-17-at-7.21.19-AM-576x1024.jpeg 576w\" sizes=\"auto, (max-width: 581px) 100vw, 581px\" \/><figcaption class=\"wp-block-jetpack-slideshow_caption gallery-caption\">Profesora de deportes impartiendo clase.<\/figcaption><\/figure><\/li><\/ul><a class=\"wp-block-jetpack-slideshow_button-prev swiper-button-prev swiper-button-white\" role=\"button\"><\/a><a class=\"wp-block-jetpack-slideshow_button-next swiper-button-next swiper-button-white\" role=\"button\"><\/a><a aria-label=\"Pause Slideshow\" class=\"wp-block-jetpack-slideshow_button-pause\" role=\"button\"><\/a><div class=\"wp-block-jetpack-slideshow_pagination swiper-pagination swiper-pagination-white\"><\/div><\/div><\/div>\n\n\n\n<p>Este modelo permitir\u00e1 a los alumnos m\u00e1s adelante elegir tomar clases presenciales o en l\u00ednea una vez que su regreso a las instalaciones sea seguro.<\/p>\n\n\n\n<p>A pesar de que la poblaci\u00f3n flotante en BIU es muy baja, hemos tomado todas las medidas de <a rel=\"noreferrer noopener\" href=\"https:\/\/uninter.edu.mx\/nuevanormalidad\/MedidasPreventivas\" target=\"_blank\">Seguridad e Higiene <\/a>para cuidar a nuestra comunidad y estar preparados desde un inicio para el regreso de los estudiantes.<\/p>\n\n\n\n<p>Sabemos que no ha sido f\u00e1cil y que han surgido nuevos retos para todos. Queremos que nuestra comunidad estudiantil sienta nuestro apoyo en todo momento, lo m\u00e1s importante ahora es cuidarnos unos a otros.<\/p>\n\n\n\n<p>Adem\u00e1s, estamos conscientes de que el desarrollo de nuevas habilidades acad\u00e9micas y extracurriculares siguen siendo importantes.<\/p>\n\n\n\n<p>Los directores y profesores de BIU est\u00e1n trabajando para que los eventos acad\u00e9mico-culturales puedan llevarse a cabo en esta modalidad. Saber que el mundo no se detiene y que estamos juntos en esto.<\/p>\n\n\n\n<p>As\u00ed mismo, como complemento de las clases, se est\u00e1n llevando a cabo conferencias de intereses variados y \u00fatiles dentro del programa de Startup Skills de Vinculaci\u00f3n. Alumnos de BIU siempre tienen la invitaci\u00f3n abierta al igual que padres y conocidos a quienes deseen invitar. <\/p>\n\n\n\n<p>El objetivo de estas conferencias y eventos es impulsar los contenidos de algunas de las clases de los alumnos y adem\u00e1s generar una red de conocimiento y apoyo dentro de estos tiempos complejos. <\/p>\n\n\n\n<p>Para enterarte de todo lo que est\u00e1 pasando en las instalaciones sigue el <a rel=\"noreferrer noopener\" href=\"https:\/\/blogs.uninter.edu.mx\/biu\" target=\"_blank\">Blog de BIU.<\/a><\/p>\n\n\n\n<div class=\"wp-block-jetpack-slideshow aligncenter\" data-autoplay=\"true\" data-delay=\"3\" data-effect=\"slide\"><div class=\"wp-block-jetpack-slideshow_container swiper-container\"><ul class=\"wp-block-jetpack-slideshow_swiper-wrapper swiper-wrapper\"><li class=\"wp-block-jetpack-slideshow_slide swiper-slide\"><figure><img loading=\"lazy\" decoding=\"async\" width=\"960\" height=\"1280\" alt=\"Instalaciones del bachillerato.\" class=\"wp-block-jetpack-slideshow_image wp-image-399\" data-id=\"399\" src=\"https:\/\/blogs.uninter.edu.mx\/biu\/wp-content\/uploads\/2020\/10\/WhatsApp-Image-2020-10-06-at-1.03.54-PM.jpeg\" srcset=\"https:\/\/blogs.uninter.edu.mx\/biu\/wp-content\/uploads\/2020\/10\/WhatsApp-Image-2020-10-06-at-1.03.54-PM.jpeg 960w, https:\/\/blogs.uninter.edu.mx\/biu\/wp-content\/uploads\/2020\/10\/WhatsApp-Image-2020-10-06-at-1.03.54-PM-225x300.jpeg 225w, https:\/\/blogs.uninter.edu.mx\/biu\/wp-content\/uploads\/2020\/10\/WhatsApp-Image-2020-10-06-at-1.03.54-PM-768x1024.jpeg 768w\" sizes=\"auto, (max-width: 960px) 100vw, 960px\" \/><figcaption class=\"wp-block-jetpack-slideshow_caption gallery-caption\">Pasillo de lockers BIU.<\/figcaption><\/figure><\/li><li class=\"wp-block-jetpack-slideshow_slide swiper-slide\"><figure><img loading=\"lazy\" decoding=\"async\" width=\"960\" height=\"1280\" alt=\"Instalaciones del bachillerato.\" class=\"wp-block-jetpack-slideshow_image wp-image-402\" data-id=\"402\" src=\"https:\/\/blogs.uninter.edu.mx\/biu\/wp-content\/uploads\/2020\/10\/WhatsApp-Image-2020-10-06-at-1.03.49-PM-2.jpeg\" srcset=\"https:\/\/blogs.uninter.edu.mx\/biu\/wp-content\/uploads\/2020\/10\/WhatsApp-Image-2020-10-06-at-1.03.49-PM-2.jpeg 960w, https:\/\/blogs.uninter.edu.mx\/biu\/wp-content\/uploads\/2020\/10\/WhatsApp-Image-2020-10-06-at-1.03.49-PM-2-225x300.jpeg 225w, https:\/\/blogs.uninter.edu.mx\/biu\/wp-content\/uploads\/2020\/10\/WhatsApp-Image-2020-10-06-at-1.03.49-PM-2-768x1024.jpeg 768w\" sizes=\"auto, (max-width: 960px) 100vw, 960px\" \/><figcaption class=\"wp-block-jetpack-slideshow_caption gallery-caption\">Uno de los jard\u00ednes de BIU.<\/figcaption><\/figure><\/li><\/ul><a class=\"wp-block-jetpack-slideshow_button-prev swiper-button-prev swiper-button-white\" role=\"button\"><\/a><a class=\"wp-block-jetpack-slideshow_button-next swiper-button-next swiper-button-white\" role=\"button\"><\/a><a aria-label=\"Pause Slideshow\" class=\"wp-block-jetpack-slideshow_button-pause\" role=\"button\"><\/a><div class=\"wp-block-jetpack-slideshow_pagination swiper-pagination swiper-pagination-white\"><\/div><\/div><\/div>\n\n\n\n<p>El bachillerato se siente muy s\u00f3lo sin sus alumnos, \u00a1esperamos tenerlos pronto a todos de regreso!<\/p>\n\n\n\n<p>Contin\u00faen cuid\u00e1ndose y haciendo un excelente trabajo como hasta ahora.<\/p>\n\n\n\n<p><\/p>\n","protected":false},"excerpt":{"rendered":"<p>Una breve descripci\u00f3n de como ha sido el inicio de clases y lo que sigue para nuestra comunidad estudiantil.<\/p>\n","protected":false},"author":4,"featured_media":393,"comment_status":"open","ping_status":"open","sticky":false,"template":"","format":"standard","meta":{"_jetpack_memberships_contains_paid_content":false,"footnotes":"","jetpack_publicize_message":"","jetpack_publicize_feature_enabled":true,"jetpack_social_post_already_shared":true,"jetpack_social_options":{"image_generator_settings":{"template":"highway","default_image_id":0,"font":"","enabled":false},"version":2}},"categories":[38],"tags":[39,40,41],"class_list":["post-386","post","type-post","status-publish","format-standard","has-post-thumbnail","hentry","category-nueva-normalidad-biu","tag-inicio-de-clases","tag-nuevo-ciclo","tag-nuevo-modelo-educativo"],"yoast_head":"<!-- This site is optimized with the Yoast SEO plugin v26.0 - https:\/\/yoast.com\/wordpress\/plugins\/seo\/ -->\r\n<title>Inicio de clases en BIU - Bachillerato Internacional Uninter (BIU)<\/title>\r\n<meta name=\"description\" content=\"En el Bachillerato Internacional UNINTER se hicieron las adecuaciones necesarias para que nuestros alumnos tuvieran un inicio de clases desde casa.\" \/>\r\n<meta name=\"robots\" content=\"index, follow, max-snippet:-1, max-image-preview:large, max-video-preview:-1\" \/>\r\n<link rel=\"canonical\" href=\"https:\/\/blogs.uninter.edu.mx\/biu\/index.php\/2020\/10\/06\/inicio-de-clases-en-biu\/\" \/>\r\n<meta property=\"og:locale\" content=\"es_MX\" \/>\r\n<meta property=\"og:type\" content=\"article\" \/>\r\n<meta property=\"og:title\" content=\"Inicio de clases en BIU - Bachillerato Internacional Uninter (BIU)\" \/>\r\n<meta property=\"og:description\" content=\"En el Bachillerato Internacional UNINTER se hicieron las adecuaciones necesarias para que nuestros alumnos tuvieran un inicio de clases desde casa.\" \/>\r\n<meta property=\"og:url\" content=\"https:\/\/blogs.uninter.edu.mx\/biu\/index.php\/2020\/10\/06\/inicio-de-clases-en-biu\/\" \/>\r\n<meta property=\"og:site_name\" content=\"Bachillerato Internacional Uninter (BIU)\" \/>\r\n<meta property=\"article:published_time\" content=\"2020-10-06T20:58:44+00:00\" \/>\r\n<meta property=\"article:modified_time\" content=\"2020-10-08T20:45:43+00:00\" \/>\r\n<meta property=\"og:image\" content=\"https:\/\/blogs.uninter.edu.mx\/biu\/wp-content\/uploads\/2020\/10\/WhatsApp-Image-2020-10-06-at-1.03.53-PM.jpeg\" \/>\r\n\t<meta property=\"og:image:width\" content=\"1280\" \/>\r\n\t<meta property=\"og:image:height\" content=\"960\" \/>\r\n\t<meta property=\"og:image:type\" content=\"image\/jpeg\" \/>\r\n<meta name=\"author\" content=\"Ana Lourdes Alva Lopez\" \/>\r\n<meta name=\"twitter:card\" content=\"summary_large_image\" \/>\r\n<meta name=\"twitter:label1\" content=\"Escrito por\" \/>\n\t<meta name=\"twitter:data1\" content=\"Ana Lourdes Alva Lopez\" \/>\n\t<meta name=\"twitter:label2\" content=\"Tiempo de lectura\" \/>\n\t<meta name=\"twitter:data2\" content=\"2 minutos\" \/>\r\n<script type=\"application\/ld+json\" class=\"yoast-schema-graph\">{\"@context\":\"https:\/\/schema.org\",\"@graph\":[{\"@type\":\"WebPage\",\"@id\":\"https:\/\/blogs.uninter.edu.mx\/biu\/index.php\/2020\/10\/06\/inicio-de-clases-en-biu\/\",\"url\":\"https:\/\/blogs.uninter.edu.mx\/biu\/index.php\/2020\/10\/06\/inicio-de-clases-en-biu\/\",\"name\":\"Inicio de clases en BIU - Bachillerato Internacional Uninter (BIU)\",\"isPartOf\":{\"@id\":\"https:\/\/blogs.uninter.edu.mx\/biu\/#website\"},\"primaryImageOfPage\":{\"@id\":\"https:\/\/blogs.uninter.edu.mx\/biu\/index.php\/2020\/10\/06\/inicio-de-clases-en-biu\/#primaryimage\"},\"image\":{\"@id\":\"https:\/\/blogs.uninter.edu.mx\/biu\/index.php\/2020\/10\/06\/inicio-de-clases-en-biu\/#primaryimage\"},\"thumbnailUrl\":\"https:\/\/blogs.uninter.edu.mx\/biu\/wp-content\/uploads\/2020\/10\/WhatsApp-Image-2020-10-06-at-1.03.53-PM.jpeg\",\"datePublished\":\"2020-10-06T20:58:44+00:00\",\"dateModified\":\"2020-10-08T20:45:43+00:00\",\"author\":{\"@id\":\"https:\/\/blogs.uninter.edu.mx\/biu\/#\/schema\/person\/5afbdead0c3640d430524d395a583c0a\"},\"description\":\"En el Bachillerato Internacional UNINTER se hicieron las adecuaciones necesarias para que nuestros alumnos tuvieran un inicio de clases desde casa.\",\"breadcrumb\":{\"@id\":\"https:\/\/blogs.uninter.edu.mx\/biu\/index.php\/2020\/10\/06\/inicio-de-clases-en-biu\/#breadcrumb\"},\"inLanguage\":\"es\",\"potentialAction\":[{\"@type\":\"ReadAction\",\"target\":[\"https:\/\/blogs.uninter.edu.mx\/biu\/index.php\/2020\/10\/06\/inicio-de-clases-en-biu\/\"]}]},{\"@type\":\"ImageObject\",\"inLanguage\":\"es\",\"@id\":\"https:\/\/blogs.uninter.edu.mx\/biu\/index.php\/2020\/10\/06\/inicio-de-clases-en-biu\/#primaryimage\",\"url\":\"https:\/\/blogs.uninter.edu.mx\/biu\/wp-content\/uploads\/2020\/10\/WhatsApp-Image-2020-10-06-at-1.03.53-PM.jpeg\",\"contentUrl\":\"https:\/\/blogs.uninter.edu.mx\/biu\/wp-content\/uploads\/2020\/10\/WhatsApp-Image-2020-10-06-at-1.03.53-PM.jpeg\",\"width\":1280,\"height\":960},{\"@type\":\"BreadcrumbList\",\"@id\":\"https:\/\/blogs.uninter.edu.mx\/biu\/index.php\/2020\/10\/06\/inicio-de-clases-en-biu\/#breadcrumb\",\"itemListElement\":[{\"@type\":\"ListItem\",\"position\":1,\"name\":\"Inicio\",\"item\":\"https:\/\/blogs.uninter.edu.mx\/biu\/\"},{\"@type\":\"ListItem\",\"position\":2,\"name\":\"Inicio de clases en BIU\"}]},{\"@type\":\"WebSite\",\"@id\":\"https:\/\/blogs.uninter.edu.mx\/biu\/#website\",\"url\":\"https:\/\/blogs.uninter.edu.mx\/biu\/\",\"name\":\"Bachillerato Internacional Uninter (BIU)\",\"description\":\"\",\"potentialAction\":[{\"@type\":\"SearchAction\",\"target\":{\"@type\":\"EntryPoint\",\"urlTemplate\":\"https:\/\/blogs.uninter.edu.mx\/biu\/?s={search_term_string}\"},\"query-input\":{\"@type\":\"PropertyValueSpecification\",\"valueRequired\":true,\"valueName\":\"search_term_string\"}}],\"inLanguage\":\"es\"},{\"@type\":\"Person\",\"@id\":\"https:\/\/blogs.uninter.edu.mx\/biu\/#\/schema\/person\/5afbdead0c3640d430524d395a583c0a\",\"name\":\"Ana Lourdes Alva Lopez\",\"image\":{\"@type\":\"ImageObject\",\"inLanguage\":\"es\",\"@id\":\"https:\/\/blogs.uninter.edu.mx\/biu\/#\/schema\/person\/image\/\",\"url\":\"https:\/\/secure.gravatar.com\/avatar\/7c3c5c3afbcaac9e78742adb14848c296f22ec3b68b1286ee7f8ae0ab30f19a0?s=96&d=mm&r=g\",\"contentUrl\":\"https:\/\/secure.gravatar.com\/avatar\/7c3c5c3afbcaac9e78742adb14848c296f22ec3b68b1286ee7f8ae0ab30f19a0?s=96&d=mm&r=g\",\"caption\":\"Ana Lourdes Alva Lopez\"},\"url\":\"https:\/\/blogs.uninter.edu.mx\/biu\/index.php\/author\/lalva\/\"}]}<\/script>\r\n<!-- \/ Yoast SEO plugin. -->","yoast_head_json":{"title":"Inicio de clases en BIU - Bachillerato Internacional Uninter (BIU)","description":"En el Bachillerato Internacional UNINTER se hicieron las adecuaciones necesarias para que nuestros alumnos tuvieran un inicio de clases desde casa.","robots":{"index":"index","follow":"follow","max-snippet":"max-snippet:-1","max-image-preview":"max-image-preview:large","max-video-preview":"max-video-preview:-1"},"canonical":"https:\/\/blogs.uninter.edu.mx\/biu\/index.php\/2020\/10\/06\/inicio-de-clases-en-biu\/","og_locale":"es_MX","og_type":"article","og_title":"Inicio de clases en BIU - Bachillerato Internacional Uninter (BIU)","og_description":"En el Bachillerato Internacional UNINTER se hicieron las adecuaciones necesarias para que nuestros alumnos tuvieran un inicio de clases desde casa.","og_url":"https:\/\/blogs.uninter.edu.mx\/biu\/index.php\/2020\/10\/06\/inicio-de-clases-en-biu\/","og_site_name":"Bachillerato Internacional Uninter (BIU)","article_published_time":"2020-10-06T20:58:44+00:00","article_modified_time":"2020-10-08T20:45:43+00:00","og_image":[{"width":1280,"height":960,"url":"https:\/\/blogs.uninter.edu.mx\/biu\/wp-content\/uploads\/2020\/10\/WhatsApp-Image-2020-10-06-at-1.03.53-PM.jpeg","type":"image\/jpeg"}],"author":"Ana Lourdes Alva Lopez","twitter_card":"summary_large_image","twitter_misc":{"Escrito por":"Ana Lourdes Alva Lopez","Tiempo de lectura":"2 minutos"},"schema":{"@context":"https:\/\/schema.org","@graph":[{"@type":"WebPage","@id":"https:\/\/blogs.uninter.edu.mx\/biu\/index.php\/2020\/10\/06\/inicio-de-clases-en-biu\/","url":"https:\/\/blogs.uninter.edu.mx\/biu\/index.php\/2020\/10\/06\/inicio-de-clases-en-biu\/","name":"Inicio de clases en BIU - Bachillerato Internacional Uninter (BIU)","isPartOf":{"@id":"https:\/\/blogs.uninter.edu.mx\/biu\/#website"},"primaryImageOfPage":{"@id":"https:\/\/blogs.uninter.edu.mx\/biu\/index.php\/2020\/10\/06\/inicio-de-clases-en-biu\/#primaryimage"},"image":{"@id":"https:\/\/blogs.uninter.edu.mx\/biu\/index.php\/2020\/10\/06\/inicio-de-clases-en-biu\/#primaryimage"},"thumbnailUrl":"https:\/\/blogs.uninter.edu.mx\/biu\/wp-content\/uploads\/2020\/10\/WhatsApp-Image-2020-10-06-at-1.03.53-PM.jpeg","datePublished":"2020-10-06T20:58:44+00:00","dateModified":"2020-10-08T20:45:43+00:00","author":{"@id":"https:\/\/blogs.uninter.edu.mx\/biu\/#\/schema\/person\/5afbdead0c3640d430524d395a583c0a"},"description":"En el Bachillerato Internacional UNINTER se hicieron las adecuaciones necesarias para que nuestros alumnos tuvieran un inicio de clases desde casa.","breadcrumb":{"@id":"https:\/\/blogs.uninter.edu.mx\/biu\/index.php\/2020\/10\/06\/inicio-de-clases-en-biu\/#breadcrumb"},"inLanguage":"es","potentialAction":[{"@type":"ReadAction","target":["https:\/\/blogs.uninter.edu.mx\/biu\/index.php\/2020\/10\/06\/inicio-de-clases-en-biu\/"]}]},{"@type":"ImageObject","inLanguage":"es","@id":"https:\/\/blogs.uninter.edu.mx\/biu\/index.php\/2020\/10\/06\/inicio-de-clases-en-biu\/#primaryimage","url":"https:\/\/blogs.uninter.edu.mx\/biu\/wp-content\/uploads\/2020\/10\/WhatsApp-Image-2020-10-06-at-1.03.53-PM.jpeg","contentUrl":"https:\/\/blogs.uninter.edu.mx\/biu\/wp-content\/uploads\/2020\/10\/WhatsApp-Image-2020-10-06-at-1.03.53-PM.jpeg","width":1280,"height":960},{"@type":"BreadcrumbList","@id":"https:\/\/blogs.uninter.edu.mx\/biu\/index.php\/2020\/10\/06\/inicio-de-clases-en-biu\/#breadcrumb","itemListElement":[{"@type":"ListItem","position":1,"name":"Inicio","item":"https:\/\/blogs.uninter.edu.mx\/biu\/"},{"@type":"ListItem","position":2,"name":"Inicio de clases en BIU"}]},{"@type":"WebSite","@id":"https:\/\/blogs.uninter.edu.mx\/biu\/#website","url":"https:\/\/blogs.uninter.edu.mx\/biu\/","name":"Bachillerato Internacional Uninter (BIU)","description":"","potentialAction":[{"@type":"SearchAction","target":{"@type":"EntryPoint","urlTemplate":"https:\/\/blogs.uninter.edu.mx\/biu\/?s={search_term_string}"},"query-input":{"@type":"PropertyValueSpecification","valueRequired":true,"valueName":"search_term_string"}}],"inLanguage":"es"},{"@type":"Person","@id":"https:\/\/blogs.uninter.edu.mx\/biu\/#\/schema\/person\/5afbdead0c3640d430524d395a583c0a","name":"Ana Lourdes Alva Lopez","image":{"@type":"ImageObject","inLanguage":"es","@id":"https:\/\/blogs.uninter.edu.mx\/biu\/#\/schema\/person\/image\/","url":"https:\/\/secure.gravatar.com\/avatar\/7c3c5c3afbcaac9e78742adb14848c296f22ec3b68b1286ee7f8ae0ab30f19a0?s=96&d=mm&r=g","contentUrl":"https:\/\/secure.gravatar.com\/avatar\/7c3c5c3afbcaac9e78742adb14848c296f22ec3b68b1286ee7f8ae0ab30f19a0?s=96&d=mm&r=g","caption":"Ana Lourdes Alva Lopez"},"url":"https:\/\/blogs.uninter.edu.mx\/biu\/index.php\/author\/lalva\/"}]}},"jetpack_publicize_connections":[],"jetpack_featured_media_url":"https:\/\/blogs.uninter.edu.mx\/biu\/wp-content\/uploads\/2020\/10\/WhatsApp-Image-2020-10-06-at-1.03.53-PM.jpeg","jetpack_sharing_enabled":true,"_links":{"self":[{"href":"https:\/\/blogs.uninter.edu.mx\/biu\/index.php\/wp-json\/wp\/v2\/posts\/386","targetHints":{"allow":["GET"]}}],"collection":[{"href":"https:\/\/blogs.uninter.edu.mx\/biu\/index.php\/wp-json\/wp\/v2\/posts"}],"about":[{"href":"https:\/\/blogs.uninter.edu.mx\/biu\/index.php\/wp-json\/wp\/v2\/types\/post"}],"author":[{"embeddable":true,"href":"https:\/\/blogs.uninter.edu.mx\/biu\/index.php\/wp-json\/wp\/v2\/users\/4"}],"replies":[{"embeddable":true,"href":"https:\/\/blogs.uninter.edu.mx\/biu\/index.php\/wp-json\/wp\/v2\/comments?post=386"}],"version-history":[{"count":16,"href":"https:\/\/blogs.uninter.edu.mx\/biu\/index.php\/wp-json\/wp\/v2\/posts\/386\/revisions"}],"predecessor-version":[{"id":494,"href":"https:\/\/blogs.uninter.edu.mx\/biu\/index.php\/wp-json\/wp\/v2\/posts\/386\/revisions\/494"}],"wp:featuredmedia":[{"embeddable":true,"href":"https:\/\/blogs.uninter.edu.mx\/biu\/index.php\/wp-json\/wp\/v2\/media\/393"}],"wp:attachment":[{"href":"https:\/\/blogs.uninter.edu.mx\/biu\/index.php\/wp-json\/wp\/v2\/media?parent=386"}],"wp:term":[{"taxonomy":"category","embeddable":true,"href":"https:\/\/blogs.uninter.edu.mx\/biu\/index.php\/wp-json\/wp\/v2\/categories?post=386"},{"taxonomy":"post_tag","embeddable":true,"href":"https:\/\/blogs.uninter.edu.mx\/biu\/index.php\/wp-json\/wp\/v2\/tags?post=386"}],"curies":[{"name":"wp","href":"https:\/\/api.w.org\/{rel}","templated":true}]}}