{"id":499,"date":"2020-10-09T16:11:27","date_gmt":"2020-10-09T21:11:27","guid":{"rendered":"https:\/\/blogs.uninter.edu.mx\/biu\/?p=499"},"modified":"2020-10-13T08:42:08","modified_gmt":"2020-10-13T13:42:08","slug":"uninterlingua-2020","status":"publish","type":"post","link":"https:\/\/blogs.uninter.edu.mx\/biu\/index.php\/2020\/10\/09\/uninterlingua-2020\/","title":{"rendered":"UNINTERlingua 2020"},"content":{"rendered":"\n<p class=\"has-text-align-justify\">Uninterlingua es un Congreso Internacional que a\u00f1o con a\u00f1o se lleva a cabo en UNINTER a trav\u00e9s de la <a rel=\"noreferrer noopener\" href=\"https:\/\/universidad.uninter.edu.mx\/Ciencias-Sociales\" target=\"_blank\">Escuela de Humanidades, Lenguas e Internacionalizaci\u00f3n (EHLI)<\/a>.<\/p>\n\n\n\n<p class=\"has-text-align-justify\"><em>\u201cTiempos de Contrasentidos, vida proyecci\u00f3n y cambios\u201d<\/em> es la Uninterlingua de este a\u00f1o que se llevar\u00e1 a cabo el pr\u00f3ximo 19 de octubre v\u00eda Zoom.<\/p>\n\n\n\n<blockquote class=\"wp-block-quote is-layout-flow wp-block-quote-is-layout-flow\"><p><strong>UNINTERlingua<\/strong>&nbsp;re\u00fane a grandes profesionales nacionales e internacionales relacionados con la&nbsp;<strong>comunicaci\u00f3n<\/strong>, los&nbsp;<strong>idiomas<\/strong>&nbsp;y la&nbsp;<strong>psicolog\u00eda<\/strong>,&nbsp; permitiendo que los participantes desarrollen un profundo y amplio conocimiento intercultural dentro de sus respectivas \u00e1reas.<\/p><cite>https:\/\/congresos.uninter.edu.mx\/uninterlingua\/<\/cite><\/blockquote>\n\n\n\n<h2 class=\"wp-block-heading\">El objetivo de Uninterlingua<\/h2>\n\n\n\n<p class=\"has-text-align-justify\">Con la finalidad de consolidar un foro en donde especialistas se re\u00fanan para compartir su experiencia internacional y frutos de las investigaciones o colaboraciones que han realizado se lleva a cabo este magno evento.<\/p>\n\n\n\n<p class=\"has-text-align-justify\">Adem\u00e1s de fomentar el <em>fortalecimiento de la educaci\u00f3n internacional y el entrenamiento t\u00e9cnico de los profesionistas <\/em>en disciplinas como relaciones internacionales, comunicaci\u00f3n, ling\u00fc\u00edstica. <\/p>\n\n\n\n<h2 class=\"wp-block-heading\">Ponentes <\/h2>\n\n\n\n<div class=\"wp-block-group\"><div class=\"wp-block-group__inner-container is-layout-flow wp-block-group-is-layout-flow\">\n<div class=\"wp-block-group\"><div class=\"wp-block-group__inner-container is-layout-flow wp-block-group-is-layout-flow\">\n<div class=\"wp-block-jetpack-slideshow aligncenter\" data-effect=\"slide\"><div class=\"wp-block-jetpack-slideshow_container swiper-container\"><ul class=\"wp-block-jetpack-slideshow_swiper-wrapper swiper-wrapper\"><li class=\"wp-block-jetpack-slideshow_slide swiper-slide\"><figure><img loading=\"lazy\" decoding=\"async\" width=\"768\" height=\"768\" alt=\"Semblanza de ponente de Uninterlingua\" class=\"wp-block-jetpack-slideshow_image wp-image-520\" data-id=\"520\" src=\"https:\/\/blogs.uninter.edu.mx\/biu\/wp-content\/uploads\/2020\/10\/ANGEL-ALVAREZ-OK-768x768-1.png\" srcset=\"https:\/\/blogs.uninter.edu.mx\/biu\/wp-content\/uploads\/2020\/10\/ANGEL-ALVAREZ-OK-768x768-1.png 768w, https:\/\/blogs.uninter.edu.mx\/biu\/wp-content\/uploads\/2020\/10\/ANGEL-ALVAREZ-OK-768x768-1-300x300.png 300w, https:\/\/blogs.uninter.edu.mx\/biu\/wp-content\/uploads\/2020\/10\/ANGEL-ALVAREZ-OK-768x768-1-150x150.png 150w, https:\/\/blogs.uninter.edu.mx\/biu\/wp-content\/uploads\/2020\/10\/ANGEL-ALVAREZ-OK-768x768-1-50x50.png 50w\" sizes=\"auto, (max-width: 768px) 100vw, 768px\" \/><figcaption class=\"wp-block-jetpack-slideshow_caption gallery-caption\">Arq. \u00c1ngel S. \u00c1lvarez<\/figcaption><\/figure><\/li><li class=\"wp-block-jetpack-slideshow_slide swiper-slide\"><figure><img loading=\"lazy\" decoding=\"async\" width=\"768\" height=\"768\" alt=\"Semblanza de ponente\" class=\"wp-block-jetpack-slideshow_image wp-image-521\" data-id=\"521\" src=\"https:\/\/blogs.uninter.edu.mx\/biu\/wp-content\/uploads\/2020\/10\/PIERINA-OK-768x768-1.png\" srcset=\"https:\/\/blogs.uninter.edu.mx\/biu\/wp-content\/uploads\/2020\/10\/PIERINA-OK-768x768-1.png 768w, https:\/\/blogs.uninter.edu.mx\/biu\/wp-content\/uploads\/2020\/10\/PIERINA-OK-768x768-1-300x300.png 300w, https:\/\/blogs.uninter.edu.mx\/biu\/wp-content\/uploads\/2020\/10\/PIERINA-OK-768x768-1-150x150.png 150w, https:\/\/blogs.uninter.edu.mx\/biu\/wp-content\/uploads\/2020\/10\/PIERINA-OK-768x768-1-50x50.png 50w\" sizes=\"auto, (max-width: 768px) 100vw, 768px\" \/><figcaption class=\"wp-block-jetpack-slideshow_caption gallery-caption\">Pierina E. Beckman, Ph.D.<\/figcaption><\/figure><\/li><li class=\"wp-block-jetpack-slideshow_slide swiper-slide\"><figure><img loading=\"lazy\" decoding=\"async\" width=\"768\" height=\"768\" alt=\"Semblanza de ponente de Uninterlingua\" class=\"wp-block-jetpack-slideshow_image wp-image-522\" data-id=\"522\" src=\"https:\/\/blogs.uninter.edu.mx\/biu\/wp-content\/uploads\/2020\/10\/POSTAL-BARBARA-OK-768x768-1.png\" srcset=\"https:\/\/blogs.uninter.edu.mx\/biu\/wp-content\/uploads\/2020\/10\/POSTAL-BARBARA-OK-768x768-1.png 768w, https:\/\/blogs.uninter.edu.mx\/biu\/wp-content\/uploads\/2020\/10\/POSTAL-BARBARA-OK-768x768-1-300x300.png 300w, https:\/\/blogs.uninter.edu.mx\/biu\/wp-content\/uploads\/2020\/10\/POSTAL-BARBARA-OK-768x768-1-150x150.png 150w, https:\/\/blogs.uninter.edu.mx\/biu\/wp-content\/uploads\/2020\/10\/POSTAL-BARBARA-OK-768x768-1-50x50.png 50w\" sizes=\"auto, (max-width: 768px) 100vw, 768px\" \/><figcaption class=\"wp-block-jetpack-slideshow_caption gallery-caption\">Lic. B\u00e1rbara Arg\u00fcelles R.<\/figcaption><\/figure><\/li><li class=\"wp-block-jetpack-slideshow_slide swiper-slide\"><figure><img loading=\"lazy\" decoding=\"async\" width=\"768\" height=\"768\" alt=\"Semblanza de ponente\" class=\"wp-block-jetpack-slideshow_image wp-image-523\" data-id=\"523\" src=\"https:\/\/blogs.uninter.edu.mx\/biu\/wp-content\/uploads\/2020\/10\/HELI-MORALES-final-768x768-1.png\" srcset=\"https:\/\/blogs.uninter.edu.mx\/biu\/wp-content\/uploads\/2020\/10\/HELI-MORALES-final-768x768-1.png 768w, https:\/\/blogs.uninter.edu.mx\/biu\/wp-content\/uploads\/2020\/10\/HELI-MORALES-final-768x768-1-300x300.png 300w, https:\/\/blogs.uninter.edu.mx\/biu\/wp-content\/uploads\/2020\/10\/HELI-MORALES-final-768x768-1-150x150.png 150w, https:\/\/blogs.uninter.edu.mx\/biu\/wp-content\/uploads\/2020\/10\/HELI-MORALES-final-768x768-1-50x50.png 50w\" sizes=\"auto, (max-width: 768px) 100vw, 768px\" \/><figcaption class=\"wp-block-jetpack-slideshow_caption gallery-caption\">Hel\u00ed Morales A., PhD<\/figcaption><\/figure><\/li><li class=\"wp-block-jetpack-slideshow_slide swiper-slide\"><figure><img loading=\"lazy\" decoding=\"async\" width=\"1113\" height=\"1119\" alt=\"Directores de Carrera Lic. Alumnos Padres de familia Directores BIU y PTC\u2019s \" class=\"wp-block-jetpack-slideshow_image wp-image-537\" data-id=\"537\" src=\"https:\/\/blogs.uninter.edu.mx\/biu\/wp-content\/uploads\/2020\/10\/WhatsApp-Image-2020-10-13-at-8.32.08-AM.jpeg\" srcset=\"https:\/\/blogs.uninter.edu.mx\/biu\/wp-content\/uploads\/2020\/10\/WhatsApp-Image-2020-10-13-at-8.32.08-AM.jpeg 1113w, https:\/\/blogs.uninter.edu.mx\/biu\/wp-content\/uploads\/2020\/10\/WhatsApp-Image-2020-10-13-at-8.32.08-AM-298x300.jpeg 298w, https:\/\/blogs.uninter.edu.mx\/biu\/wp-content\/uploads\/2020\/10\/WhatsApp-Image-2020-10-13-at-8.32.08-AM-1019x1024.jpeg 1019w, https:\/\/blogs.uninter.edu.mx\/biu\/wp-content\/uploads\/2020\/10\/WhatsApp-Image-2020-10-13-at-8.32.08-AM-150x150.jpeg 150w, https:\/\/blogs.uninter.edu.mx\/biu\/wp-content\/uploads\/2020\/10\/WhatsApp-Image-2020-10-13-at-8.32.08-AM-768x772.jpeg 768w, https:\/\/blogs.uninter.edu.mx\/biu\/wp-content\/uploads\/2020\/10\/WhatsApp-Image-2020-10-13-at-8.32.08-AM-50x50.jpeg 50w\" sizes=\"auto, (max-width: 1113px) 100vw, 1113px\" \/><figcaption class=\"wp-block-jetpack-slideshow_caption gallery-caption\">Nadira Kaimova y Nataliya Ershova<\/figcaption><\/figure><\/li><\/ul><a class=\"wp-block-jetpack-slideshow_button-prev swiper-button-prev swiper-button-white\" role=\"button\"><\/a><a class=\"wp-block-jetpack-slideshow_button-next swiper-button-next swiper-button-white\" role=\"button\"><\/a><a aria-label=\"Pause Slideshow\" class=\"wp-block-jetpack-slideshow_button-pause\" role=\"button\"><\/a><div class=\"wp-block-jetpack-slideshow_pagination swiper-pagination swiper-pagination-white\"><\/div><\/div><\/div>\n<\/div><\/div>\n<\/div><\/div>\n\n\n\n<h2 class=\"wp-block-heading\">Programa <\/h2>\n\n\n\n<figure class=\"wp-block-image size-large\"><img loading=\"lazy\" decoding=\"async\" width=\"716\" height=\"1024\" src=\"https:\/\/blogs.uninter.edu.mx\/biu\/wp-content\/uploads\/2020\/10\/Uninterlingua-2020-Programa-716x1024-1.jpg\" alt=\"Programa Uninterlingua 2020\" class=\"wp-image-528\" srcset=\"https:\/\/blogs.uninter.edu.mx\/biu\/wp-content\/uploads\/2020\/10\/Uninterlingua-2020-Programa-716x1024-1.jpg 716w, https:\/\/blogs.uninter.edu.mx\/biu\/wp-content\/uploads\/2020\/10\/Uninterlingua-2020-Programa-716x1024-1-210x300.jpg 210w\" sizes=\"auto, (max-width: 716px) 100vw, 716px\" \/><figcaption>Programa Uninterlingua 2020<\/figcaption><\/figure>\n\n\n\n<p class=\"has-text-align-justify\">En <a rel=\"noreferrer noopener\" href=\"https:\/\/biu.uninter.edu.mx\/\" target=\"_blank\">BIU<\/a> tanto como en <a href=\"https:\/\/uninter.edu.mx\/\" target=\"_blank\" rel=\"noreferrer noopener\">Uninter<\/a> es importante el desarrollo de habilidades interculturales en nuestros estudiantes.<\/p>\n\n\n\n<p class=\"has-text-align-justify\">Por lo anterior, los alumnos del bachillerato siempre tienen la invitaci\u00f3n abierta a los eventos de rango universitario. <\/p>\n\n\n\n<p class=\"has-text-align-justify\">Puesto que este a\u00f1o alumnos de 5to semestre de distintas \u00e1reas del conocimiento participar\u00e1n en esta edici\u00f3n de Uninterlingua.<\/p>\n\n\n\n<p class=\"has-text-align-justify\">Asimismo, les ayuda a insertarse poco a poco en el ambiente de universidad y conocer un poco m\u00e1s acerca de temas de su inter\u00e9s para la mejora de sus decisiones profesionales. <\/p>\n\n\n\n<p>Por esto, cabe mencionar que este evento es abierto a toda la comunidad y que no tienen ning\u00fan costo.<\/p>\n\n\n\n<p class=\"has-text-align-justify\">M\u00e1s adelante se difundir\u00e1 el enlace de donde deber\u00e1s registrarte si te interesa participar.<\/p>\n\n\n\n<p class=\"has-text-align-justify\">Por \u00faltimo,  te invitamos a seguir el Blog de <a rel=\"noreferrer noopener\" href=\"https:\/\/blogs.uninter.edu.mx\/ehli\/\" target=\"_blank\">EHLI <\/a>para tener m\u00e1s informaci\u00f3n al respecto. \u00a1Esperamos que puedas acompa\u00f1arnos!<\/p>\n","protected":false},"excerpt":{"rendered":"<p>Peque\u00f1a rese\u00f1a sobre Uninterlingua, uno de los congresos que se llevan a cabo en UNINTER y los alumnos de BIU participan. <\/p>\n","protected":false},"author":4,"featured_media":517,"comment_status":"open","ping_status":"open","sticky":false,"template":"","format":"standard","meta":{"_jetpack_memberships_contains_paid_content":false,"footnotes":"","jetpack_publicize_message":"","jetpack_publicize_feature_enabled":true,"jetpack_social_post_already_shared":true,"jetpack_social_options":{"image_generator_settings":{"template":"highway","default_image_id":0,"font":"","enabled":false},"version":2}},"categories":[43,32],"tags":[58,57,53,54,55,56],"class_list":["post-499","post","type-post","status-publish","format-standard","has-post-thumbnail","hentry","category-conferencias-para-alumnos-y-padres","category-eventos-biu","tag-biu-en-uninterlingua","tag-ehli","tag-eventos-academicos","tag-eventos-culturales","tag-eventos-uninter","tag-uninterlingua-2020"],"yoast_head":"<!-- This site is optimized with the Yoast SEO plugin v26.0 - https:\/\/yoast.com\/wordpress\/plugins\/seo\/ -->\r\n<title>UNINTERlingua 2020 - Bachillerato Internacional Uninter (BIU)<\/title>\r\n<meta name=\"description\" content=\"Uninterlingua es un Congreso Internacional que tiene como fin fortalecer la educaci\u00f3n internacional y desarrollo de habilidades interculturales.\" \/>\r\n<meta name=\"robots\" content=\"index, follow, max-snippet:-1, max-image-preview:large, max-video-preview:-1\" \/>\r\n<link rel=\"canonical\" href=\"https:\/\/blogs.uninter.edu.mx\/biu\/index.php\/2020\/10\/09\/uninterlingua-2020\/\" \/>\r\n<meta property=\"og:locale\" content=\"es_MX\" \/>\r\n<meta property=\"og:type\" content=\"article\" \/>\r\n<meta property=\"og:title\" content=\"UNINTERlingua 2020 - Bachillerato Internacional Uninter (BIU)\" \/>\r\n<meta property=\"og:description\" content=\"Uninterlingua es un Congreso Internacional que tiene como fin fortalecer la educaci\u00f3n internacional y desarrollo de habilidades interculturales.\" \/>\r\n<meta property=\"og:url\" content=\"https:\/\/blogs.uninter.edu.mx\/biu\/index.php\/2020\/10\/09\/uninterlingua-2020\/\" \/>\r\n<meta property=\"og:site_name\" content=\"Bachillerato Internacional Uninter (BIU)\" \/>\r\n<meta property=\"article:published_time\" content=\"2020-10-09T21:11:27+00:00\" \/>\r\n<meta property=\"article:modified_time\" content=\"2020-10-13T13:42:08+00:00\" \/>\r\n<meta property=\"og:image\" content=\"https:\/\/blogs.uninter.edu.mx\/biu\/wp-content\/uploads\/2020\/10\/uninterlingua-WP.jpg\" \/>\r\n\t<meta property=\"og:image:width\" content=\"2000\" \/>\r\n\t<meta property=\"og:image:height\" content=\"1044\" \/>\r\n\t<meta property=\"og:image:type\" content=\"image\/jpeg\" \/>\r\n<meta name=\"author\" content=\"Ana Lourdes Alva Lopez\" \/>\r\n<meta name=\"twitter:card\" content=\"summary_large_image\" \/>\r\n<meta name=\"twitter:label1\" content=\"Escrito por\" \/>\n\t<meta name=\"twitter:data1\" content=\"Ana Lourdes Alva Lopez\" \/>\n\t<meta name=\"twitter:label2\" content=\"Tiempo de lectura\" \/>\n\t<meta name=\"twitter:data2\" content=\"2 minutos\" \/>\r\n<script type=\"application\/ld+json\" class=\"yoast-schema-graph\">{\"@context\":\"https:\/\/schema.org\",\"@graph\":[{\"@type\":\"WebPage\",\"@id\":\"https:\/\/blogs.uninter.edu.mx\/biu\/index.php\/2020\/10\/09\/uninterlingua-2020\/\",\"url\":\"https:\/\/blogs.uninter.edu.mx\/biu\/index.php\/2020\/10\/09\/uninterlingua-2020\/\",\"name\":\"UNINTERlingua 2020 - Bachillerato Internacional Uninter (BIU)\",\"isPartOf\":{\"@id\":\"https:\/\/blogs.uninter.edu.mx\/biu\/#website\"},\"primaryImageOfPage\":{\"@id\":\"https:\/\/blogs.uninter.edu.mx\/biu\/index.php\/2020\/10\/09\/uninterlingua-2020\/#primaryimage\"},\"image\":{\"@id\":\"https:\/\/blogs.uninter.edu.mx\/biu\/index.php\/2020\/10\/09\/uninterlingua-2020\/#primaryimage\"},\"thumbnailUrl\":\"https:\/\/blogs.uninter.edu.mx\/biu\/wp-content\/uploads\/2020\/10\/uninterlingua-WP.jpg\",\"datePublished\":\"2020-10-09T21:11:27+00:00\",\"dateModified\":\"2020-10-13T13:42:08+00:00\",\"author\":{\"@id\":\"https:\/\/blogs.uninter.edu.mx\/biu\/#\/schema\/person\/5afbdead0c3640d430524d395a583c0a\"},\"description\":\"Uninterlingua es un Congreso Internacional que tiene como fin fortalecer la educaci\u00f3n internacional y desarrollo de habilidades interculturales.\",\"breadcrumb\":{\"@id\":\"https:\/\/blogs.uninter.edu.mx\/biu\/index.php\/2020\/10\/09\/uninterlingua-2020\/#breadcrumb\"},\"inLanguage\":\"es\",\"potentialAction\":[{\"@type\":\"ReadAction\",\"target\":[\"https:\/\/blogs.uninter.edu.mx\/biu\/index.php\/2020\/10\/09\/uninterlingua-2020\/\"]}]},{\"@type\":\"ImageObject\",\"inLanguage\":\"es\",\"@id\":\"https:\/\/blogs.uninter.edu.mx\/biu\/index.php\/2020\/10\/09\/uninterlingua-2020\/#primaryimage\",\"url\":\"https:\/\/blogs.uninter.edu.mx\/biu\/wp-content\/uploads\/2020\/10\/uninterlingua-WP.jpg\",\"contentUrl\":\"https:\/\/blogs.uninter.edu.mx\/biu\/wp-content\/uploads\/2020\/10\/uninterlingua-WP.jpg\",\"width\":2000,\"height\":1044,\"caption\":\"UNINTERLING\u00dcA 2020 Tiempos de Contasentidos\"},{\"@type\":\"BreadcrumbList\",\"@id\":\"https:\/\/blogs.uninter.edu.mx\/biu\/index.php\/2020\/10\/09\/uninterlingua-2020\/#breadcrumb\",\"itemListElement\":[{\"@type\":\"ListItem\",\"position\":1,\"name\":\"Inicio\",\"item\":\"https:\/\/blogs.uninter.edu.mx\/biu\/\"},{\"@type\":\"ListItem\",\"position\":2,\"name\":\"UNINTERlingua 2020\"}]},{\"@type\":\"WebSite\",\"@id\":\"https:\/\/blogs.uninter.edu.mx\/biu\/#website\",\"url\":\"https:\/\/blogs.uninter.edu.mx\/biu\/\",\"name\":\"Bachillerato Internacional Uninter (BIU)\",\"description\":\"\",\"potentialAction\":[{\"@type\":\"SearchAction\",\"target\":{\"@type\":\"EntryPoint\",\"urlTemplate\":\"https:\/\/blogs.uninter.edu.mx\/biu\/?s={search_term_string}\"},\"query-input\":{\"@type\":\"PropertyValueSpecification\",\"valueRequired\":true,\"valueName\":\"search_term_string\"}}],\"inLanguage\":\"es\"},{\"@type\":\"Person\",\"@id\":\"https:\/\/blogs.uninter.edu.mx\/biu\/#\/schema\/person\/5afbdead0c3640d430524d395a583c0a\",\"name\":\"Ana Lourdes Alva Lopez\",\"image\":{\"@type\":\"ImageObject\",\"inLanguage\":\"es\",\"@id\":\"https:\/\/blogs.uninter.edu.mx\/biu\/#\/schema\/person\/image\/\",\"url\":\"https:\/\/secure.gravatar.com\/avatar\/7c3c5c3afbcaac9e78742adb14848c296f22ec3b68b1286ee7f8ae0ab30f19a0?s=96&d=mm&r=g\",\"contentUrl\":\"https:\/\/secure.gravatar.com\/avatar\/7c3c5c3afbcaac9e78742adb14848c296f22ec3b68b1286ee7f8ae0ab30f19a0?s=96&d=mm&r=g\",\"caption\":\"Ana Lourdes Alva Lopez\"},\"url\":\"https:\/\/blogs.uninter.edu.mx\/biu\/index.php\/author\/lalva\/\"}]}<\/script>\r\n<!-- \/ Yoast SEO plugin. -->","yoast_head_json":{"title":"UNINTERlingua 2020 - Bachillerato Internacional Uninter (BIU)","description":"Uninterlingua es un Congreso Internacional que tiene como fin fortalecer la educaci\u00f3n internacional y desarrollo de habilidades interculturales.","robots":{"index":"index","follow":"follow","max-snippet":"max-snippet:-1","max-image-preview":"max-image-preview:large","max-video-preview":"max-video-preview:-1"},"canonical":"https:\/\/blogs.uninter.edu.mx\/biu\/index.php\/2020\/10\/09\/uninterlingua-2020\/","og_locale":"es_MX","og_type":"article","og_title":"UNINTERlingua 2020 - Bachillerato Internacional Uninter (BIU)","og_description":"Uninterlingua es un Congreso Internacional que tiene como fin fortalecer la educaci\u00f3n internacional y desarrollo de habilidades interculturales.","og_url":"https:\/\/blogs.uninter.edu.mx\/biu\/index.php\/2020\/10\/09\/uninterlingua-2020\/","og_site_name":"Bachillerato Internacional Uninter (BIU)","article_published_time":"2020-10-09T21:11:27+00:00","article_modified_time":"2020-10-13T13:42:08+00:00","og_image":[{"width":2000,"height":1044,"url":"https:\/\/blogs.uninter.edu.mx\/biu\/wp-content\/uploads\/2020\/10\/uninterlingua-WP.jpg","type":"image\/jpeg"}],"author":"Ana Lourdes Alva Lopez","twitter_card":"summary_large_image","twitter_misc":{"Escrito por":"Ana Lourdes Alva Lopez","Tiempo de lectura":"2 minutos"},"schema":{"@context":"https:\/\/schema.org","@graph":[{"@type":"WebPage","@id":"https:\/\/blogs.uninter.edu.mx\/biu\/index.php\/2020\/10\/09\/uninterlingua-2020\/","url":"https:\/\/blogs.uninter.edu.mx\/biu\/index.php\/2020\/10\/09\/uninterlingua-2020\/","name":"UNINTERlingua 2020 - Bachillerato Internacional Uninter (BIU)","isPartOf":{"@id":"https:\/\/blogs.uninter.edu.mx\/biu\/#website"},"primaryImageOfPage":{"@id":"https:\/\/blogs.uninter.edu.mx\/biu\/index.php\/2020\/10\/09\/uninterlingua-2020\/#primaryimage"},"image":{"@id":"https:\/\/blogs.uninter.edu.mx\/biu\/index.php\/2020\/10\/09\/uninterlingua-2020\/#primaryimage"},"thumbnailUrl":"https:\/\/blogs.uninter.edu.mx\/biu\/wp-content\/uploads\/2020\/10\/uninterlingua-WP.jpg","datePublished":"2020-10-09T21:11:27+00:00","dateModified":"2020-10-13T13:42:08+00:00","author":{"@id":"https:\/\/blogs.uninter.edu.mx\/biu\/#\/schema\/person\/5afbdead0c3640d430524d395a583c0a"},"description":"Uninterlingua es un Congreso Internacional que tiene como fin fortalecer la educaci\u00f3n internacional y desarrollo de habilidades interculturales.","breadcrumb":{"@id":"https:\/\/blogs.uninter.edu.mx\/biu\/index.php\/2020\/10\/09\/uninterlingua-2020\/#breadcrumb"},"inLanguage":"es","potentialAction":[{"@type":"ReadAction","target":["https:\/\/blogs.uninter.edu.mx\/biu\/index.php\/2020\/10\/09\/uninterlingua-2020\/"]}]},{"@type":"ImageObject","inLanguage":"es","@id":"https:\/\/blogs.uninter.edu.mx\/biu\/index.php\/2020\/10\/09\/uninterlingua-2020\/#primaryimage","url":"https:\/\/blogs.uninter.edu.mx\/biu\/wp-content\/uploads\/2020\/10\/uninterlingua-WP.jpg","contentUrl":"https:\/\/blogs.uninter.edu.mx\/biu\/wp-content\/uploads\/2020\/10\/uninterlingua-WP.jpg","width":2000,"height":1044,"caption":"UNINTERLING\u00dcA 2020 Tiempos de Contasentidos"},{"@type":"BreadcrumbList","@id":"https:\/\/blogs.uninter.edu.mx\/biu\/index.php\/2020\/10\/09\/uninterlingua-2020\/#breadcrumb","itemListElement":[{"@type":"ListItem","position":1,"name":"Inicio","item":"https:\/\/blogs.uninter.edu.mx\/biu\/"},{"@type":"ListItem","position":2,"name":"UNINTERlingua 2020"}]},{"@type":"WebSite","@id":"https:\/\/blogs.uninter.edu.mx\/biu\/#website","url":"https:\/\/blogs.uninter.edu.mx\/biu\/","name":"Bachillerato Internacional Uninter (BIU)","description":"","potentialAction":[{"@type":"SearchAction","target":{"@type":"EntryPoint","urlTemplate":"https:\/\/blogs.uninter.edu.mx\/biu\/?s={search_term_string}"},"query-input":{"@type":"PropertyValueSpecification","valueRequired":true,"valueName":"search_term_string"}}],"inLanguage":"es"},{"@type":"Person","@id":"https:\/\/blogs.uninter.edu.mx\/biu\/#\/schema\/person\/5afbdead0c3640d430524d395a583c0a","name":"Ana Lourdes Alva Lopez","image":{"@type":"ImageObject","inLanguage":"es","@id":"https:\/\/blogs.uninter.edu.mx\/biu\/#\/schema\/person\/image\/","url":"https:\/\/secure.gravatar.com\/avatar\/7c3c5c3afbcaac9e78742adb14848c296f22ec3b68b1286ee7f8ae0ab30f19a0?s=96&d=mm&r=g","contentUrl":"https:\/\/secure.gravatar.com\/avatar\/7c3c5c3afbcaac9e78742adb14848c296f22ec3b68b1286ee7f8ae0ab30f19a0?s=96&d=mm&r=g","caption":"Ana Lourdes Alva Lopez"},"url":"https:\/\/blogs.uninter.edu.mx\/biu\/index.php\/author\/lalva\/"}]}},"jetpack_publicize_connections":[],"jetpack_featured_media_url":"https:\/\/blogs.uninter.edu.mx\/biu\/wp-content\/uploads\/2020\/10\/uninterlingua-WP.jpg","jetpack_sharing_enabled":true,"_links":{"self":[{"href":"https:\/\/blogs.uninter.edu.mx\/biu\/index.php\/wp-json\/wp\/v2\/posts\/499","targetHints":{"allow":["GET"]}}],"collection":[{"href":"https:\/\/blogs.uninter.edu.mx\/biu\/index.php\/wp-json\/wp\/v2\/posts"}],"about":[{"href":"https:\/\/blogs.uninter.edu.mx\/biu\/index.php\/wp-json\/wp\/v2\/types\/post"}],"author":[{"embeddable":true,"href":"https:\/\/blogs.uninter.edu.mx\/biu\/index.php\/wp-json\/wp\/v2\/users\/4"}],"replies":[{"embeddable":true,"href":"https:\/\/blogs.uninter.edu.mx\/biu\/index.php\/wp-json\/wp\/v2\/comments?post=499"}],"version-history":[{"count":15,"href":"https:\/\/blogs.uninter.edu.mx\/biu\/index.php\/wp-json\/wp\/v2\/posts\/499\/revisions"}],"predecessor-version":[{"id":539,"href":"https:\/\/blogs.uninter.edu.mx\/biu\/index.php\/wp-json\/wp\/v2\/posts\/499\/revisions\/539"}],"wp:featuredmedia":[{"embeddable":true,"href":"https:\/\/blogs.uninter.edu.mx\/biu\/index.php\/wp-json\/wp\/v2\/media\/517"}],"wp:attachment":[{"href":"https:\/\/blogs.uninter.edu.mx\/biu\/index.php\/wp-json\/wp\/v2\/media?parent=499"}],"wp:term":[{"taxonomy":"category","embeddable":true,"href":"https:\/\/blogs.uninter.edu.mx\/biu\/index.php\/wp-json\/wp\/v2\/categories?post=499"},{"taxonomy":"post_tag","embeddable":true,"href":"https:\/\/blogs.uninter.edu.mx\/biu\/index.php\/wp-json\/wp\/v2\/tags?post=499"}],"curies":[{"name":"wp","href":"https:\/\/api.w.org\/{rel}","templated":true}]}}