{"id":569,"date":"2020-10-22T07:39:59","date_gmt":"2020-10-22T12:39:59","guid":{"rendered":"https:\/\/blogs.uninter.edu.mx\/biu\/?p=569"},"modified":"2020-10-22T07:40:01","modified_gmt":"2020-10-22T12:40:01","slug":"y-en-las-clases-de-biu","status":"publish","type":"post","link":"https:\/\/blogs.uninter.edu.mx\/biu\/index.php\/2020\/10\/22\/y-en-las-clases-de-biu\/","title":{"rendered":"Y en las clases de BIU&#8230;"},"content":{"rendered":"\n<p class=\"has-text-align-justify\">En <a rel=\"noreferrer noopener\" href=\"https:\/\/biu.uninter.edu.mx\/\" target=\"_blank\">BIU <\/a>nos gusta compartir lo que algunos grupos hacen en sus clases con los dem\u00e1s alumnos.<\/p>\n\n\n\n<p class=\"has-text-align-justify\">Normalmente, nuestros profesores incitan a sus alumnos a mostrar con sus compa\u00f1eros de otros semestres lo que realizan en sus clases.<\/p>\n\n\n\n<p class=\"has-text-align-justify\">Por lo regular, sus proyectos los mostraban durante los recesos y se creaba un ambiente muy ameno de exposiciones.<\/p>\n\n\n\n<p class=\"has-text-align-justify\">Pasearse por los jardines o pasillos de BIU en esos casos, sol\u00eda hacer de los descansos algo distinto. <\/p>\n\n\n\n<p class=\"has-text-align-justify\">Por esto, queremos abrir algunas de nuestras aulas virtuales y mostrarles un poco de lo que nuestros alumnos han hecho.<\/p>\n\n\n\n<h2 class=\"has-text-align-center wp-block-heading\">Clases de BIU: <\/h2>\n\n\n\n<h3 class=\"wp-block-heading\"> Procesos B\u00e1sicos del Pensamiento<\/h3>\n\n\n\n<div class=\"wp-block-jetpack-tiled-gallery aligncenter is-style-rectangular\"><div class=\"tiled-gallery__gallery\"><div class=\"tiled-gallery__row\"><div class=\"tiled-gallery__col\"><figure class=\"tiled-gallery__item\"><img decoding=\"async\" srcset=\"https:\/\/i0.wp.com\/blogs.uninter.edu.mx\/biu\/wp-content\/uploads\/2020\/10\/WhatsApp-Image-2020-10-16-at-2.10.37-PM.jpeg?strip=info&#038;w=600&#038;ssl=1 600w,https:\/\/i0.wp.com\/blogs.uninter.edu.mx\/biu\/wp-content\/uploads\/2020\/10\/WhatsApp-Image-2020-10-16-at-2.10.37-PM.jpeg?strip=info&#038;w=708&#038;ssl=1 708w\" alt=\"Resultado de proyecto de una de las clases de BIU\" data-height=\"663\" data-id=\"575\" data-link=\"https:\/\/blogs.uninter.edu.mx\/biu\/?attachment_id=575#main\" data-url=\"https:\/\/blogs.uninter.edu.mx\/biu\/wp-content\/uploads\/2020\/10\/WhatsApp-Image-2020-10-16-at-2.10.37-PM.jpeg\" data-width=\"708\" src=\"https:\/\/i0.wp.com\/blogs.uninter.edu.mx\/biu\/wp-content\/uploads\/2020\/10\/WhatsApp-Image-2020-10-16-at-2.10.37-PM.jpeg?ssl=1\"\/><\/figure><\/div><div class=\"tiled-gallery__col\"><figure class=\"tiled-gallery__item\"><img decoding=\"async\" srcset=\"https:\/\/i1.wp.com\/blogs.uninter.edu.mx\/biu\/wp-content\/uploads\/2020\/10\/WhatsApp-Image-2020-10-16-at-1.55.27-PM.jpeg?strip=info&#038;w=427&#038;ssl=1 427w\" alt=\"Resultado de proyecto de una de las clases de BIU\" data-height=\"668\" data-id=\"576\" data-link=\"https:\/\/blogs.uninter.edu.mx\/biu\/?attachment_id=576#main\" data-url=\"https:\/\/blogs.uninter.edu.mx\/biu\/wp-content\/uploads\/2020\/10\/WhatsApp-Image-2020-10-16-at-1.55.27-PM.jpeg\" data-width=\"427\" src=\"https:\/\/i1.wp.com\/blogs.uninter.edu.mx\/biu\/wp-content\/uploads\/2020\/10\/WhatsApp-Image-2020-10-16-at-1.55.27-PM.jpeg?ssl=1\"\/><\/figure><\/div><div class=\"tiled-gallery__col\"><figure class=\"tiled-gallery__item\"><img decoding=\"async\" srcset=\"https:\/\/i2.wp.com\/blogs.uninter.edu.mx\/biu\/wp-content\/uploads\/2020\/10\/WhatsApp-Image-2020-10-16-at-1.54.18-PM.jpeg?strip=info&#038;w=421&#038;ssl=1 421w\" alt=\"Resultado de proyecto de una de las clases de BIU\" data-height=\"670\" data-id=\"577\" data-link=\"https:\/\/blogs.uninter.edu.mx\/biu\/?attachment_id=577#main\" data-url=\"https:\/\/blogs.uninter.edu.mx\/biu\/wp-content\/uploads\/2020\/10\/WhatsApp-Image-2020-10-16-at-1.54.18-PM.jpeg\" data-width=\"421\" src=\"https:\/\/i2.wp.com\/blogs.uninter.edu.mx\/biu\/wp-content\/uploads\/2020\/10\/WhatsApp-Image-2020-10-16-at-1.54.18-PM.jpeg?ssl=1\"\/><\/figure><\/div><div class=\"tiled-gallery__col\"><figure class=\"tiled-gallery__item\"><img decoding=\"async\" srcset=\"https:\/\/i1.wp.com\/blogs.uninter.edu.mx\/biu\/wp-content\/uploads\/2020\/10\/bd6321d3-87c6-4e20-9ba2-45d129b25199.jpg?strip=info&#038;w=342&#038;ssl=1 342w\" alt=\"Resultado de proyecto de una de las clases de BIU\" data-height=\"549\" data-id=\"578\" data-link=\"https:\/\/blogs.uninter.edu.mx\/biu\/?attachment_id=578#main\" data-url=\"https:\/\/blogs.uninter.edu.mx\/biu\/wp-content\/uploads\/2020\/10\/bd6321d3-87c6-4e20-9ba2-45d129b25199.jpg\" data-width=\"342\" src=\"https:\/\/i1.wp.com\/blogs.uninter.edu.mx\/biu\/wp-content\/uploads\/2020\/10\/bd6321d3-87c6-4e20-9ba2-45d129b25199.jpg?ssl=1\"\/><\/figure><\/div><\/div><\/div><\/div>\n\n\n\n<p>Esta clase, corresponde al Programa de Competencias Tecnol\u00f3gicas y a lo largo de su estancia en BIU, los alumnos llevan uno de estos cursos en cada semestre.<\/p>\n\n\n\n<p class=\"has-text-align-justify\">Quien est\u00e1 a cargo de este programa es la Profa. Mar\u00eda de la Luz Montoya,  y en el caso de esta clase, el objetivo principal es desarrollar el pensamiento creativo, pr\u00e1ctico y reflexivo.<\/p>\n\n\n\n<p class=\"has-text-align-justify\">Uno de los proyectos para adentrarse en los temas fue hacer una presentaci\u00f3n en papel de forma creativa de los tipos de pensamiento humano y hacer un video explic\u00e1ndolo. <\/p>\n\n\n\n<p>Este curso corresponde a primer semestre, ahora veamos que hacen nuestros alumnos de quinto semestre en su clase de franc\u00e9s&#8230;<\/p>\n\n\n\n<h3 class=\"wp-block-heading\">Lengua Adicional al Espa\u00f1ol (Franc\u00e9s)<\/h3>\n\n\n\n<p class=\"has-text-align-justify\">El Prof. Andr\u00e9s Serrano, tiene a su cargo todos los cursos de franc\u00e9s del Bachillerato, tanto de<a href=\"https:\/\/biu.uninter.edu.mx\/BIU-Biling%C3%BCe\" target=\"_blank\" rel=\"noreferrer noopener\"> biling\u00fce<\/a> como de <a href=\"https:\/\/biu.uninter.edu.mx\/BIU-Multicultural\" target=\"_blank\" rel=\"noreferrer noopener\">multicultural.<\/a><\/p>\n\n\n\n<p class=\"has-text-align-justify\">Esto es una muestra de como sus alumnos de multicultural aprenden los tiempos en franc\u00e9s de manera creativa y divertida.<\/p>\n\n\n\n<figure class=\"wp-block-image size-large\"><img loading=\"lazy\" decoding=\"async\" width=\"854\" height=\"478\" src=\"https:\/\/blogs.uninter.edu.mx\/biu\/wp-content\/uploads\/2020\/10\/Sin-t\u00edtulo4.jpg\" alt=\"\" class=\"wp-image-584\" srcset=\"https:\/\/blogs.uninter.edu.mx\/biu\/wp-content\/uploads\/2020\/10\/Sin-t\u00edtulo4.jpg 854w, https:\/\/blogs.uninter.edu.mx\/biu\/wp-content\/uploads\/2020\/10\/Sin-t\u00edtulo4-300x168.jpg 300w, https:\/\/blogs.uninter.edu.mx\/biu\/wp-content\/uploads\/2020\/10\/Sin-t\u00edtulo4-768x430.jpg 768w\" sizes=\"auto, (max-width: 854px) 100vw, 854px\" \/><figcaption>Quand j&#8217;\u00e9tais petite&#8230;<\/figcaption><\/figure>\n\n\n\n<p class=\"has-text-align-justify\"><strong>L&#8217;imparfait nos sirve para expresar descripciones de eventos del pasado: &#8220;cuando era ni\u00f1o&nbsp;<em>com\u00eda&nbsp;<\/em>muchos dulces&#8221; o &#8220;cuando era ni\u00f1o&nbsp;<em>jugaba<\/em>&nbsp;el yoyo&#8221;. <\/strong><\/p>\n\n\n\n<p class=\"has-text-align-justify\">Sus alumnos realizaron presentaciones describiendo las cosas que hac\u00edan cuando eran ni\u00f1os y aprovecharon el espacio para compartir fotos de su infancia.<\/p>\n\n\n\n<div class=\"wp-block-jetpack-slideshow aligncenter\" data-effect=\"slide\"><div class=\"wp-block-jetpack-slideshow_container swiper-container\"><ul class=\"wp-block-jetpack-slideshow_swiper-wrapper swiper-wrapper\"><li class=\"wp-block-jetpack-slideshow_slide swiper-slide\"><figure><img loading=\"lazy\" decoding=\"async\" width=\"591\" height=\"482\" alt=\"trabajo de clase de franc\u00e9s\" class=\"wp-block-jetpack-slideshow_image wp-image-579\" data-id=\"579\" src=\"https:\/\/blogs.uninter.edu.mx\/biu\/wp-content\/uploads\/2020\/10\/Sin-t\u00edtulo.jpg\" srcset=\"https:\/\/blogs.uninter.edu.mx\/biu\/wp-content\/uploads\/2020\/10\/Sin-t\u00edtulo.jpg 591w, https:\/\/blogs.uninter.edu.mx\/biu\/wp-content\/uploads\/2020\/10\/Sin-t\u00edtulo-300x245.jpg 300w\" sizes=\"auto, (max-width: 591px) 100vw, 591px\" \/><figcaption class=\"wp-block-jetpack-slideshow_caption gallery-caption\">Parte de sus presentaciones<\/figcaption><\/figure><\/li><li class=\"wp-block-jetpack-slideshow_slide swiper-slide\"><figure><img loading=\"lazy\" decoding=\"async\" width=\"448\" height=\"475\" alt=\"trabajo de clase de franc\u00e9s\" class=\"wp-block-jetpack-slideshow_image wp-image-581\" data-id=\"581\" src=\"https:\/\/blogs.uninter.edu.mx\/biu\/wp-content\/uploads\/2020\/10\/Sin-t\u00edtulo2-1.jpg\" srcset=\"https:\/\/blogs.uninter.edu.mx\/biu\/wp-content\/uploads\/2020\/10\/Sin-t\u00edtulo2-1.jpg 448w, https:\/\/blogs.uninter.edu.mx\/biu\/wp-content\/uploads\/2020\/10\/Sin-t\u00edtulo2-1-283x300.jpg 283w\" sizes=\"auto, (max-width: 448px) 100vw, 448px\" \/><figcaption class=\"wp-block-jetpack-slideshow_caption gallery-caption\">Parte de sus presentaciones<\/figcaption><\/figure><\/li><li class=\"wp-block-jetpack-slideshow_slide swiper-slide\"><figure><img loading=\"lazy\" decoding=\"async\" width=\"521\" height=\"394\" alt=\"trabajo de clases de BIU\" class=\"wp-block-jetpack-slideshow_image wp-image-582\" data-id=\"582\" src=\"https:\/\/blogs.uninter.edu.mx\/biu\/wp-content\/uploads\/2020\/10\/Sin-t\u00edtulo3.jpg\" srcset=\"https:\/\/blogs.uninter.edu.mx\/biu\/wp-content\/uploads\/2020\/10\/Sin-t\u00edtulo3.jpg 521w, https:\/\/blogs.uninter.edu.mx\/biu\/wp-content\/uploads\/2020\/10\/Sin-t\u00edtulo3-300x227.jpg 300w\" sizes=\"auto, (max-width: 521px) 100vw, 521px\" \/><figcaption class=\"wp-block-jetpack-slideshow_caption gallery-caption\">Muestra de sus presentaciones<\/figcaption><\/figure><\/li><li class=\"wp-block-jetpack-slideshow_slide swiper-slide\"><figure><img loading=\"lazy\" decoding=\"async\" width=\"775\" height=\"469\" alt=\"trabajo de clases de BIU\" class=\"wp-block-jetpack-slideshow_image wp-image-583\" data-id=\"583\" src=\"https:\/\/blogs.uninter.edu.mx\/biu\/wp-content\/uploads\/2020\/10\/Sin-t\u00edtulo5.jpg\" srcset=\"https:\/\/blogs.uninter.edu.mx\/biu\/wp-content\/uploads\/2020\/10\/Sin-t\u00edtulo5.jpg 775w, https:\/\/blogs.uninter.edu.mx\/biu\/wp-content\/uploads\/2020\/10\/Sin-t\u00edtulo5-300x182.jpg 300w, https:\/\/blogs.uninter.edu.mx\/biu\/wp-content\/uploads\/2020\/10\/Sin-t\u00edtulo5-768x465.jpg 768w\" sizes=\"auto, (max-width: 775px) 100vw, 775px\" \/><figcaption class=\"wp-block-jetpack-slideshow_caption gallery-caption\">Muestra de sus presentaciones<\/figcaption><\/figure><\/li><\/ul><a class=\"wp-block-jetpack-slideshow_button-prev swiper-button-prev swiper-button-white\" role=\"button\"><\/a><a class=\"wp-block-jetpack-slideshow_button-next swiper-button-next swiper-button-white\" role=\"button\"><\/a><a aria-label=\"Pause Slideshow\" class=\"wp-block-jetpack-slideshow_button-pause\" role=\"button\"><\/a><div class=\"wp-block-jetpack-slideshow_pagination swiper-pagination swiper-pagination-white\"><\/div><\/div><\/div>\n\n\n\n<p class=\"has-text-align-justify\">Adem\u00e1s, no s\u00f3lo pusieron en pr\u00e1ctica este tiempo verbal del idioma franc\u00e9s, tambi\u00e9n, este tipo de actividades orillan a una mejor convivencia grupal y crean lazos m\u00e1s fuertes de amistad y compa\u00f1erismo.<\/p>\n\n\n\n<p class=\"has-text-align-justify\">Claro que nuestros alumnos no quisieron ser los \u00fanicos en mostrar sus fotos de ni\u00f1os y le pidieron al profesor que tambi\u00e9n hiciera su presentaci\u00f3n.<\/p>\n\n\n\n<p class=\"has-text-align-justify\">Esto es un poco de lo que se vive en las aulas virtuales de BIU.<\/p>\n\n\n\n<p>Ent\u00e9rate de todo lo que pasa y sigue nuestro <a rel=\"noreferrer noopener\" href=\"https:\/\/blogs.uninter.edu.mx\/biu\/\" target=\"_blank\">Blog<\/a>.<\/p>\n","protected":false},"excerpt":{"rendered":"<p>Una muestra de nuestras clases de BIU en las aulas virtuales.<\/p>\n","protected":false},"author":4,"featured_media":392,"comment_status":"open","ping_status":"open","sticky":false,"template":"","format":"standard","meta":{"_jetpack_memberships_contains_paid_content":false,"footnotes":"","jetpack_publicize_message":"","jetpack_publicize_feature_enabled":true,"jetpack_social_post_already_shared":true,"jetpack_social_options":{"image_generator_settings":{"template":"highway","default_image_id":0,"font":"","enabled":false},"version":2}},"categories":[67,38],"tags":[68,69,70,71],"class_list":["post-569","post","type-post","status-publish","format-standard","has-post-thumbnail","hentry","category-aula-virtual","category-nueva-normalidad-biu","tag-aulavirtual","tag-biuvirtual","tag-proyectos","tag-proyectoscreativos"],"yoast_head":"<!-- This site is optimized with the Yoast SEO plugin v26.0 - https:\/\/yoast.com\/wordpress\/plugins\/seo\/ -->\r\n<title>Y en las clases de BIU... - Bachillerato Internacional Uninter (BIU)<\/title>\r\n<meta name=\"description\" content=\"Conoce un poco de las actividades acad\u00e9micas que realizan los estudiantes en sus clases de BIU, al mismo tiempo que desarrollan su creatividad.\" \/>\r\n<meta name=\"robots\" content=\"index, follow, max-snippet:-1, max-image-preview:large, max-video-preview:-1\" \/>\r\n<link rel=\"canonical\" href=\"https:\/\/blogs.uninter.edu.mx\/biu\/index.php\/2020\/10\/22\/y-en-las-clases-de-biu\/\" \/>\r\n<meta property=\"og:locale\" content=\"es_MX\" \/>\r\n<meta property=\"og:type\" content=\"article\" \/>\r\n<meta property=\"og:title\" content=\"Y en las clases de BIU... - Bachillerato Internacional Uninter (BIU)\" \/>\r\n<meta property=\"og:description\" content=\"Conoce un poco de las actividades acad\u00e9micas que realizan los estudiantes en sus clases de BIU, al mismo tiempo que desarrollan su creatividad.\" \/>\r\n<meta property=\"og:url\" content=\"https:\/\/blogs.uninter.edu.mx\/biu\/index.php\/2020\/10\/22\/y-en-las-clases-de-biu\/\" \/>\r\n<meta property=\"og:site_name\" content=\"Bachillerato Internacional Uninter (BIU)\" \/>\r\n<meta property=\"article:published_time\" content=\"2020-10-22T12:39:59+00:00\" \/>\r\n<meta property=\"article:modified_time\" content=\"2020-10-22T12:40:01+00:00\" \/>\r\n<meta property=\"og:image\" content=\"https:\/\/blogs.uninter.edu.mx\/biu\/wp-content\/uploads\/2020\/10\/WhatsApp-Image-2020-10-06-at-12.40.10-PM.jpeg\" \/>\r\n\t<meta property=\"og:image:width\" content=\"1023\" \/>\r\n\t<meta property=\"og:image:height\" content=\"1280\" \/>\r\n\t<meta property=\"og:image:type\" content=\"image\/jpeg\" \/>\r\n<meta name=\"author\" content=\"Ana Lourdes Alva Lopez\" \/>\r\n<meta name=\"twitter:card\" content=\"summary_large_image\" \/>\r\n<meta name=\"twitter:label1\" content=\"Escrito por\" \/>\n\t<meta name=\"twitter:data1\" content=\"Ana Lourdes Alva Lopez\" \/>\n\t<meta name=\"twitter:label2\" content=\"Tiempo de lectura\" \/>\n\t<meta name=\"twitter:data2\" content=\"2 minutos\" \/>\r\n<script type=\"application\/ld+json\" class=\"yoast-schema-graph\">{\"@context\":\"https:\/\/schema.org\",\"@graph\":[{\"@type\":\"WebPage\",\"@id\":\"https:\/\/blogs.uninter.edu.mx\/biu\/index.php\/2020\/10\/22\/y-en-las-clases-de-biu\/\",\"url\":\"https:\/\/blogs.uninter.edu.mx\/biu\/index.php\/2020\/10\/22\/y-en-las-clases-de-biu\/\",\"name\":\"Y en las clases de BIU... - Bachillerato Internacional Uninter (BIU)\",\"isPartOf\":{\"@id\":\"https:\/\/blogs.uninter.edu.mx\/biu\/#website\"},\"primaryImageOfPage\":{\"@id\":\"https:\/\/blogs.uninter.edu.mx\/biu\/index.php\/2020\/10\/22\/y-en-las-clases-de-biu\/#primaryimage\"},\"image\":{\"@id\":\"https:\/\/blogs.uninter.edu.mx\/biu\/index.php\/2020\/10\/22\/y-en-las-clases-de-biu\/#primaryimage\"},\"thumbnailUrl\":\"https:\/\/blogs.uninter.edu.mx\/biu\/wp-content\/uploads\/2020\/10\/WhatsApp-Image-2020-10-06-at-12.40.10-PM.jpeg\",\"datePublished\":\"2020-10-22T12:39:59+00:00\",\"dateModified\":\"2020-10-22T12:40:01+00:00\",\"author\":{\"@id\":\"https:\/\/blogs.uninter.edu.mx\/biu\/#\/schema\/person\/5afbdead0c3640d430524d395a583c0a\"},\"description\":\"Conoce un poco de las actividades acad\u00e9micas que realizan los estudiantes en sus clases de BIU, al mismo tiempo que desarrollan su creatividad.\",\"breadcrumb\":{\"@id\":\"https:\/\/blogs.uninter.edu.mx\/biu\/index.php\/2020\/10\/22\/y-en-las-clases-de-biu\/#breadcrumb\"},\"inLanguage\":\"es\",\"potentialAction\":[{\"@type\":\"ReadAction\",\"target\":[\"https:\/\/blogs.uninter.edu.mx\/biu\/index.php\/2020\/10\/22\/y-en-las-clases-de-biu\/\"]}]},{\"@type\":\"ImageObject\",\"inLanguage\":\"es\",\"@id\":\"https:\/\/blogs.uninter.edu.mx\/biu\/index.php\/2020\/10\/22\/y-en-las-clases-de-biu\/#primaryimage\",\"url\":\"https:\/\/blogs.uninter.edu.mx\/biu\/wp-content\/uploads\/2020\/10\/WhatsApp-Image-2020-10-06-at-12.40.10-PM.jpeg\",\"contentUrl\":\"https:\/\/blogs.uninter.edu.mx\/biu\/wp-content\/uploads\/2020\/10\/WhatsApp-Image-2020-10-06-at-12.40.10-PM.jpeg\",\"width\":1023,\"height\":1280,\"caption\":\"BIU ya quiere decirles bienvenidos\"},{\"@type\":\"BreadcrumbList\",\"@id\":\"https:\/\/blogs.uninter.edu.mx\/biu\/index.php\/2020\/10\/22\/y-en-las-clases-de-biu\/#breadcrumb\",\"itemListElement\":[{\"@type\":\"ListItem\",\"position\":1,\"name\":\"Inicio\",\"item\":\"https:\/\/blogs.uninter.edu.mx\/biu\/\"},{\"@type\":\"ListItem\",\"position\":2,\"name\":\"Y en las clases de BIU&#8230;\"}]},{\"@type\":\"WebSite\",\"@id\":\"https:\/\/blogs.uninter.edu.mx\/biu\/#website\",\"url\":\"https:\/\/blogs.uninter.edu.mx\/biu\/\",\"name\":\"Bachillerato Internacional Uninter (BIU)\",\"description\":\"\",\"potentialAction\":[{\"@type\":\"SearchAction\",\"target\":{\"@type\":\"EntryPoint\",\"urlTemplate\":\"https:\/\/blogs.uninter.edu.mx\/biu\/?s={search_term_string}\"},\"query-input\":{\"@type\":\"PropertyValueSpecification\",\"valueRequired\":true,\"valueName\":\"search_term_string\"}}],\"inLanguage\":\"es\"},{\"@type\":\"Person\",\"@id\":\"https:\/\/blogs.uninter.edu.mx\/biu\/#\/schema\/person\/5afbdead0c3640d430524d395a583c0a\",\"name\":\"Ana Lourdes Alva Lopez\",\"image\":{\"@type\":\"ImageObject\",\"inLanguage\":\"es\",\"@id\":\"https:\/\/blogs.uninter.edu.mx\/biu\/#\/schema\/person\/image\/\",\"url\":\"https:\/\/secure.gravatar.com\/avatar\/7c3c5c3afbcaac9e78742adb14848c296f22ec3b68b1286ee7f8ae0ab30f19a0?s=96&d=mm&r=g\",\"contentUrl\":\"https:\/\/secure.gravatar.com\/avatar\/7c3c5c3afbcaac9e78742adb14848c296f22ec3b68b1286ee7f8ae0ab30f19a0?s=96&d=mm&r=g\",\"caption\":\"Ana Lourdes Alva Lopez\"},\"url\":\"https:\/\/blogs.uninter.edu.mx\/biu\/index.php\/author\/lalva\/\"}]}<\/script>\r\n<!-- \/ Yoast SEO plugin. -->","yoast_head_json":{"title":"Y en las clases de BIU... - Bachillerato Internacional Uninter (BIU)","description":"Conoce un poco de las actividades acad\u00e9micas que realizan los estudiantes en sus clases de BIU, al mismo tiempo que desarrollan su creatividad.","robots":{"index":"index","follow":"follow","max-snippet":"max-snippet:-1","max-image-preview":"max-image-preview:large","max-video-preview":"max-video-preview:-1"},"canonical":"https:\/\/blogs.uninter.edu.mx\/biu\/index.php\/2020\/10\/22\/y-en-las-clases-de-biu\/","og_locale":"es_MX","og_type":"article","og_title":"Y en las clases de BIU... - Bachillerato Internacional Uninter (BIU)","og_description":"Conoce un poco de las actividades acad\u00e9micas que realizan los estudiantes en sus clases de BIU, al mismo tiempo que desarrollan su creatividad.","og_url":"https:\/\/blogs.uninter.edu.mx\/biu\/index.php\/2020\/10\/22\/y-en-las-clases-de-biu\/","og_site_name":"Bachillerato Internacional Uninter (BIU)","article_published_time":"2020-10-22T12:39:59+00:00","article_modified_time":"2020-10-22T12:40:01+00:00","og_image":[{"width":1023,"height":1280,"url":"https:\/\/blogs.uninter.edu.mx\/biu\/wp-content\/uploads\/2020\/10\/WhatsApp-Image-2020-10-06-at-12.40.10-PM.jpeg","type":"image\/jpeg"}],"author":"Ana Lourdes Alva Lopez","twitter_card":"summary_large_image","twitter_misc":{"Escrito por":"Ana Lourdes Alva Lopez","Tiempo de lectura":"2 minutos"},"schema":{"@context":"https:\/\/schema.org","@graph":[{"@type":"WebPage","@id":"https:\/\/blogs.uninter.edu.mx\/biu\/index.php\/2020\/10\/22\/y-en-las-clases-de-biu\/","url":"https:\/\/blogs.uninter.edu.mx\/biu\/index.php\/2020\/10\/22\/y-en-las-clases-de-biu\/","name":"Y en las clases de BIU... - Bachillerato Internacional Uninter (BIU)","isPartOf":{"@id":"https:\/\/blogs.uninter.edu.mx\/biu\/#website"},"primaryImageOfPage":{"@id":"https:\/\/blogs.uninter.edu.mx\/biu\/index.php\/2020\/10\/22\/y-en-las-clases-de-biu\/#primaryimage"},"image":{"@id":"https:\/\/blogs.uninter.edu.mx\/biu\/index.php\/2020\/10\/22\/y-en-las-clases-de-biu\/#primaryimage"},"thumbnailUrl":"https:\/\/blogs.uninter.edu.mx\/biu\/wp-content\/uploads\/2020\/10\/WhatsApp-Image-2020-10-06-at-12.40.10-PM.jpeg","datePublished":"2020-10-22T12:39:59+00:00","dateModified":"2020-10-22T12:40:01+00:00","author":{"@id":"https:\/\/blogs.uninter.edu.mx\/biu\/#\/schema\/person\/5afbdead0c3640d430524d395a583c0a"},"description":"Conoce un poco de las actividades acad\u00e9micas que realizan los estudiantes en sus clases de BIU, al mismo tiempo que desarrollan su creatividad.","breadcrumb":{"@id":"https:\/\/blogs.uninter.edu.mx\/biu\/index.php\/2020\/10\/22\/y-en-las-clases-de-biu\/#breadcrumb"},"inLanguage":"es","potentialAction":[{"@type":"ReadAction","target":["https:\/\/blogs.uninter.edu.mx\/biu\/index.php\/2020\/10\/22\/y-en-las-clases-de-biu\/"]}]},{"@type":"ImageObject","inLanguage":"es","@id":"https:\/\/blogs.uninter.edu.mx\/biu\/index.php\/2020\/10\/22\/y-en-las-clases-de-biu\/#primaryimage","url":"https:\/\/blogs.uninter.edu.mx\/biu\/wp-content\/uploads\/2020\/10\/WhatsApp-Image-2020-10-06-at-12.40.10-PM.jpeg","contentUrl":"https:\/\/blogs.uninter.edu.mx\/biu\/wp-content\/uploads\/2020\/10\/WhatsApp-Image-2020-10-06-at-12.40.10-PM.jpeg","width":1023,"height":1280,"caption":"BIU ya quiere decirles bienvenidos"},{"@type":"BreadcrumbList","@id":"https:\/\/blogs.uninter.edu.mx\/biu\/index.php\/2020\/10\/22\/y-en-las-clases-de-biu\/#breadcrumb","itemListElement":[{"@type":"ListItem","position":1,"name":"Inicio","item":"https:\/\/blogs.uninter.edu.mx\/biu\/"},{"@type":"ListItem","position":2,"name":"Y en las clases de BIU&#8230;"}]},{"@type":"WebSite","@id":"https:\/\/blogs.uninter.edu.mx\/biu\/#website","url":"https:\/\/blogs.uninter.edu.mx\/biu\/","name":"Bachillerato Internacional Uninter (BIU)","description":"","potentialAction":[{"@type":"SearchAction","target":{"@type":"EntryPoint","urlTemplate":"https:\/\/blogs.uninter.edu.mx\/biu\/?s={search_term_string}"},"query-input":{"@type":"PropertyValueSpecification","valueRequired":true,"valueName":"search_term_string"}}],"inLanguage":"es"},{"@type":"Person","@id":"https:\/\/blogs.uninter.edu.mx\/biu\/#\/schema\/person\/5afbdead0c3640d430524d395a583c0a","name":"Ana Lourdes Alva Lopez","image":{"@type":"ImageObject","inLanguage":"es","@id":"https:\/\/blogs.uninter.edu.mx\/biu\/#\/schema\/person\/image\/","url":"https:\/\/secure.gravatar.com\/avatar\/7c3c5c3afbcaac9e78742adb14848c296f22ec3b68b1286ee7f8ae0ab30f19a0?s=96&d=mm&r=g","contentUrl":"https:\/\/secure.gravatar.com\/avatar\/7c3c5c3afbcaac9e78742adb14848c296f22ec3b68b1286ee7f8ae0ab30f19a0?s=96&d=mm&r=g","caption":"Ana Lourdes Alva Lopez"},"url":"https:\/\/blogs.uninter.edu.mx\/biu\/index.php\/author\/lalva\/"}]}},"jetpack_publicize_connections":[],"jetpack_featured_media_url":"https:\/\/blogs.uninter.edu.mx\/biu\/wp-content\/uploads\/2020\/10\/WhatsApp-Image-2020-10-06-at-12.40.10-PM.jpeg","jetpack_sharing_enabled":true,"_links":{"self":[{"href":"https:\/\/blogs.uninter.edu.mx\/biu\/index.php\/wp-json\/wp\/v2\/posts\/569","targetHints":{"allow":["GET"]}}],"collection":[{"href":"https:\/\/blogs.uninter.edu.mx\/biu\/index.php\/wp-json\/wp\/v2\/posts"}],"about":[{"href":"https:\/\/blogs.uninter.edu.mx\/biu\/index.php\/wp-json\/wp\/v2\/types\/post"}],"author":[{"embeddable":true,"href":"https:\/\/blogs.uninter.edu.mx\/biu\/index.php\/wp-json\/wp\/v2\/users\/4"}],"replies":[{"embeddable":true,"href":"https:\/\/blogs.uninter.edu.mx\/biu\/index.php\/wp-json\/wp\/v2\/comments?post=569"}],"version-history":[{"count":9,"href":"https:\/\/blogs.uninter.edu.mx\/biu\/index.php\/wp-json\/wp\/v2\/posts\/569\/revisions"}],"predecessor-version":[{"id":590,"href":"https:\/\/blogs.uninter.edu.mx\/biu\/index.php\/wp-json\/wp\/v2\/posts\/569\/revisions\/590"}],"wp:featuredmedia":[{"embeddable":true,"href":"https:\/\/blogs.uninter.edu.mx\/biu\/index.php\/wp-json\/wp\/v2\/media\/392"}],"wp:attachment":[{"href":"https:\/\/blogs.uninter.edu.mx\/biu\/index.php\/wp-json\/wp\/v2\/media?parent=569"}],"wp:term":[{"taxonomy":"category","embeddable":true,"href":"https:\/\/blogs.uninter.edu.mx\/biu\/index.php\/wp-json\/wp\/v2\/categories?post=569"},{"taxonomy":"post_tag","embeddable":true,"href":"https:\/\/blogs.uninter.edu.mx\/biu\/index.php\/wp-json\/wp\/v2\/tags?post=569"}],"curies":[{"name":"wp","href":"https:\/\/api.w.org\/{rel}","templated":true}]}}