{"id":883,"date":"2021-03-10T14:39:16","date_gmt":"2021-03-10T20:39:16","guid":{"rendered":"https:\/\/blogs.uninter.edu.mx\/biu\/?p=883"},"modified":"2021-03-10T14:39:19","modified_gmt":"2021-03-10T20:39:19","slug":"girls-at-biu-talk-4-good","status":"publish","type":"post","link":"https:\/\/blogs.uninter.edu.mx\/biu\/index.php\/2021\/03\/10\/girls-at-biu-talk-4-good\/","title":{"rendered":"GIRLS at BIU, TALK 4 GOOD"},"content":{"rendered":"\n<p class=\"has-text-align-justify\">Hab\u00eda una vez&#8230;. un grupo de 10 chicas que quer\u00edan hacer la diferencia. Esas chicas quer\u00edan sembrar una semilla en su comunidad.                             Y su comunidad, BIU, no podr\u00eda dejar de responder a su llamado:<\/p>\n\n\n\n<p class=\"has-text-align-justify\"><span class=\"has-inline-color has-vivid-purple-color\"><strong>Girls at BIU, TALK 4 GOOD<\/strong><\/span> es la <strong>1era Edici\u00f3n<\/strong> de la <strong>Conmemoraci\u00f3n del D\u00eda Internacional de la Mujer <\/strong>en <strong>BIU<\/strong> que ha surgido gracias a un grupo de alumnas de distintos semestres.<\/p>\n\n\n\n<div class=\"wp-block-image\"><figure class=\"aligncenter size-large\"><img loading=\"lazy\" decoding=\"async\" width=\"1024\" height=\"1024\" src=\"https:\/\/blogs.uninter.edu.mx\/biu\/wp-content\/uploads\/2021\/03\/WhatsApp-Image-2021-03-05-at-7.49.38-PM-1024x1024.jpeg\" alt=\"postal del evento GIRLS at BIU, TALK 4 GOOD\" class=\"wp-image-888\" srcset=\"https:\/\/blogs.uninter.edu.mx\/biu\/wp-content\/uploads\/2021\/03\/WhatsApp-Image-2021-03-05-at-7.49.38-PM-1024x1024.jpeg 1024w, https:\/\/blogs.uninter.edu.mx\/biu\/wp-content\/uploads\/2021\/03\/WhatsApp-Image-2021-03-05-at-7.49.38-PM-300x300.jpeg 300w, https:\/\/blogs.uninter.edu.mx\/biu\/wp-content\/uploads\/2021\/03\/WhatsApp-Image-2021-03-05-at-7.49.38-PM-150x150.jpeg 150w, https:\/\/blogs.uninter.edu.mx\/biu\/wp-content\/uploads\/2021\/03\/WhatsApp-Image-2021-03-05-at-7.49.38-PM-768x768.jpeg 768w, https:\/\/blogs.uninter.edu.mx\/biu\/wp-content\/uploads\/2021\/03\/WhatsApp-Image-2021-03-05-at-7.49.38-PM-50x50.jpeg 50w, https:\/\/blogs.uninter.edu.mx\/biu\/wp-content\/uploads\/2021\/03\/WhatsApp-Image-2021-03-05-at-7.49.38-PM.jpeg 1080w\" sizes=\"auto, (max-width: 1024px) 100vw, 1024px\" \/><\/figure><\/div>\n\n\n\n<p class=\"has-text-align-justify\">El objetivo de crear este espacio en el que formaran parte todos los alumnos y profesores del <a href=\"https:\/\/biu.uninter.edu.mx\/\" target=\"_blank\" rel=\"noreferrer noopener\">bachillerato<\/a> fue el de informar, reflexionar y crear consciencia sobre el verdadero significado de este d\u00eda.<\/p>\n\n\n\n<p class=\"has-text-align-justify\">Tengamos en cuenta que este d\u00eda no es para festejar y felicitar a las mujeres; conmemoramos la lucha de miles de ellas a lo largo de la historia por derechos pol\u00edticos, laborales y sociales a los que no se ten\u00edan acceso y que hoy en d\u00eda se sigue luchando a pesar de que ya ha habido muchos logros.<\/p>\n\n\n\n<p class=\"has-text-align-justify\">Conmemoramos su lucha y la continuamos por una sociedad igualitaria en derechos y oportunidades, libre de violencia hac\u00eda la mujer s\u00f3lo por el hecho de ser mujer. <\/p>\n\n\n\n<p class=\"has-text-align-justify\">A\u00fan hay un gran camino que recorrer y mucha desinformaci\u00f3n a cerca del tema.<\/p>\n\n\n\n<p class=\"has-text-align-justify\">Por eso, nuestras alumnas tuvieron la iniciativa de darle apertura a estos temas. De informar a sus compa\u00f1eros. De crear un espacio de dialogo e intercambio de opiniones en un ambiente de respeto.<\/p>\n\n\n\n<p class=\"has-text-align-justify\">El pasado 08 de marzo del 2021 en las aulas virtuales del bachillerato se llevaron acabo distintas actividades a manera de rally; como la creaci\u00f3n de carteles virtuales, debates, juegos y visualizaci\u00f3n de documentales las alumnas organizadoras lograron cumplir el objetivo de este evento.<\/p>\n\n\n\n<figure class=\"wp-block-gallery aligncenter columns-3 is-cropped wp-block-gallery-1 is-layout-flex wp-block-gallery-is-layout-flex\"><ul class=\"blocks-gallery-grid\"><li class=\"blocks-gallery-item\"><figure><img loading=\"lazy\" decoding=\"async\" width=\"1024\" height=\"575\" src=\"https:\/\/blogs.uninter.edu.mx\/biu\/wp-content\/uploads\/2021\/03\/WhatsApp-Image-2021-03-08-at-9.03.55-AM-1024x575.jpeg\" alt=\"Girls at BIU talk 4 good\" data-id=\"889\" data-full-url=\"https:\/\/blogs.uninter.edu.mx\/biu\/wp-content\/uploads\/2021\/03\/WhatsApp-Image-2021-03-08-at-9.03.55-AM.jpeg\" data-link=\"https:\/\/blogs.uninter.edu.mx\/biu\/?attachment_id=889#main\" class=\"wp-image-889\" srcset=\"https:\/\/blogs.uninter.edu.mx\/biu\/wp-content\/uploads\/2021\/03\/WhatsApp-Image-2021-03-08-at-9.03.55-AM-1024x575.jpeg 1024w, https:\/\/blogs.uninter.edu.mx\/biu\/wp-content\/uploads\/2021\/03\/WhatsApp-Image-2021-03-08-at-9.03.55-AM-300x169.jpeg 300w, https:\/\/blogs.uninter.edu.mx\/biu\/wp-content\/uploads\/2021\/03\/WhatsApp-Image-2021-03-08-at-9.03.55-AM-768x431.jpeg 768w, https:\/\/blogs.uninter.edu.mx\/biu\/wp-content\/uploads\/2021\/03\/WhatsApp-Image-2021-03-08-at-9.03.55-AM.jpeg 1280w\" sizes=\"auto, (max-width: 1024px) 100vw, 1024px\" \/><\/figure><\/li><li class=\"blocks-gallery-item\"><figure><img loading=\"lazy\" decoding=\"async\" width=\"1024\" height=\"575\" src=\"https:\/\/blogs.uninter.edu.mx\/biu\/wp-content\/uploads\/2021\/03\/WhatsApp-Image-2021-03-08-at-10.35.38-AM-1024x575.jpeg\" alt=\"Girls at BIU talk 4 good\" data-id=\"890\" data-full-url=\"https:\/\/blogs.uninter.edu.mx\/biu\/wp-content\/uploads\/2021\/03\/WhatsApp-Image-2021-03-08-at-10.35.38-AM.jpeg\" data-link=\"https:\/\/blogs.uninter.edu.mx\/biu\/?attachment_id=890#main\" class=\"wp-image-890\" srcset=\"https:\/\/blogs.uninter.edu.mx\/biu\/wp-content\/uploads\/2021\/03\/WhatsApp-Image-2021-03-08-at-10.35.38-AM-1024x575.jpeg 1024w, https:\/\/blogs.uninter.edu.mx\/biu\/wp-content\/uploads\/2021\/03\/WhatsApp-Image-2021-03-08-at-10.35.38-AM-300x169.jpeg 300w, https:\/\/blogs.uninter.edu.mx\/biu\/wp-content\/uploads\/2021\/03\/WhatsApp-Image-2021-03-08-at-10.35.38-AM-768x431.jpeg 768w, https:\/\/blogs.uninter.edu.mx\/biu\/wp-content\/uploads\/2021\/03\/WhatsApp-Image-2021-03-08-at-10.35.38-AM.jpeg 1280w\" sizes=\"auto, (max-width: 1024px) 100vw, 1024px\" \/><\/figure><\/li><li class=\"blocks-gallery-item\"><figure><img loading=\"lazy\" decoding=\"async\" width=\"1024\" height=\"575\" src=\"https:\/\/blogs.uninter.edu.mx\/biu\/wp-content\/uploads\/2021\/03\/WhatsApp-Image-2021-03-08-at-11.07.11-AM-1024x575.jpeg\" alt=\"Girls at BIU talk 4 good\" data-id=\"891\" data-full-url=\"https:\/\/blogs.uninter.edu.mx\/biu\/wp-content\/uploads\/2021\/03\/WhatsApp-Image-2021-03-08-at-11.07.11-AM.jpeg\" data-link=\"https:\/\/blogs.uninter.edu.mx\/biu\/?attachment_id=891#main\" class=\"wp-image-891\" srcset=\"https:\/\/blogs.uninter.edu.mx\/biu\/wp-content\/uploads\/2021\/03\/WhatsApp-Image-2021-03-08-at-11.07.11-AM-1024x575.jpeg 1024w, https:\/\/blogs.uninter.edu.mx\/biu\/wp-content\/uploads\/2021\/03\/WhatsApp-Image-2021-03-08-at-11.07.11-AM-300x169.jpeg 300w, https:\/\/blogs.uninter.edu.mx\/biu\/wp-content\/uploads\/2021\/03\/WhatsApp-Image-2021-03-08-at-11.07.11-AM-768x431.jpeg 768w, https:\/\/blogs.uninter.edu.mx\/biu\/wp-content\/uploads\/2021\/03\/WhatsApp-Image-2021-03-08-at-11.07.11-AM.jpeg 1280w\" sizes=\"auto, (max-width: 1024px) 100vw, 1024px\" \/><\/figure><\/li><li class=\"blocks-gallery-item\"><figure><img loading=\"lazy\" decoding=\"async\" width=\"1024\" height=\"575\" src=\"https:\/\/blogs.uninter.edu.mx\/biu\/wp-content\/uploads\/2021\/03\/WhatsApp-Image-2021-03-08-at-11.15.14-AM-1024x575.jpeg\" alt=\"conferencia sobre la violencia contra la mujer\" data-id=\"892\" data-full-url=\"https:\/\/blogs.uninter.edu.mx\/biu\/wp-content\/uploads\/2021\/03\/WhatsApp-Image-2021-03-08-at-11.15.14-AM.jpeg\" data-link=\"https:\/\/blogs.uninter.edu.mx\/biu\/?attachment_id=892#main\" class=\"wp-image-892\" srcset=\"https:\/\/blogs.uninter.edu.mx\/biu\/wp-content\/uploads\/2021\/03\/WhatsApp-Image-2021-03-08-at-11.15.14-AM-1024x575.jpeg 1024w, https:\/\/blogs.uninter.edu.mx\/biu\/wp-content\/uploads\/2021\/03\/WhatsApp-Image-2021-03-08-at-11.15.14-AM-300x169.jpeg 300w, https:\/\/blogs.uninter.edu.mx\/biu\/wp-content\/uploads\/2021\/03\/WhatsApp-Image-2021-03-08-at-11.15.14-AM-768x431.jpeg 768w, https:\/\/blogs.uninter.edu.mx\/biu\/wp-content\/uploads\/2021\/03\/WhatsApp-Image-2021-03-08-at-11.15.14-AM.jpeg 1280w\" sizes=\"auto, (max-width: 1024px) 100vw, 1024px\" \/><\/figure><\/li><li class=\"blocks-gallery-item\"><figure><img loading=\"lazy\" decoding=\"async\" width=\"1024\" height=\"575\" src=\"https:\/\/blogs.uninter.edu.mx\/biu\/wp-content\/uploads\/2021\/03\/WhatsApp-Image-2021-03-08-at-11.30.03-AM-1024x575.jpeg\" alt=\"conferencia sobre la violencia contra la mujer\" data-id=\"893\" data-full-url=\"https:\/\/blogs.uninter.edu.mx\/biu\/wp-content\/uploads\/2021\/03\/WhatsApp-Image-2021-03-08-at-11.30.03-AM.jpeg\" data-link=\"https:\/\/blogs.uninter.edu.mx\/biu\/?attachment_id=893#main\" class=\"wp-image-893\" srcset=\"https:\/\/blogs.uninter.edu.mx\/biu\/wp-content\/uploads\/2021\/03\/WhatsApp-Image-2021-03-08-at-11.30.03-AM-1024x575.jpeg 1024w, https:\/\/blogs.uninter.edu.mx\/biu\/wp-content\/uploads\/2021\/03\/WhatsApp-Image-2021-03-08-at-11.30.03-AM-300x169.jpeg 300w, https:\/\/blogs.uninter.edu.mx\/biu\/wp-content\/uploads\/2021\/03\/WhatsApp-Image-2021-03-08-at-11.30.03-AM-768x431.jpeg 768w, https:\/\/blogs.uninter.edu.mx\/biu\/wp-content\/uploads\/2021\/03\/WhatsApp-Image-2021-03-08-at-11.30.03-AM.jpeg 1280w\" sizes=\"auto, (max-width: 1024px) 100vw, 1024px\" \/><\/figure><\/li><li class=\"blocks-gallery-item\"><figure><img loading=\"lazy\" decoding=\"async\" width=\"1024\" height=\"575\" src=\"https:\/\/blogs.uninter.edu.mx\/biu\/wp-content\/uploads\/2021\/03\/WhatsApp-Image-2021-03-08-at-11.32.16-AM-1024x575.jpeg\" alt=\"conferencia sobre la violencia contra la mujer\" data-id=\"894\" data-full-url=\"https:\/\/blogs.uninter.edu.mx\/biu\/wp-content\/uploads\/2021\/03\/WhatsApp-Image-2021-03-08-at-11.32.16-AM.jpeg\" data-link=\"https:\/\/blogs.uninter.edu.mx\/biu\/?attachment_id=894#main\" class=\"wp-image-894\" srcset=\"https:\/\/blogs.uninter.edu.mx\/biu\/wp-content\/uploads\/2021\/03\/WhatsApp-Image-2021-03-08-at-11.32.16-AM-1024x575.jpeg 1024w, https:\/\/blogs.uninter.edu.mx\/biu\/wp-content\/uploads\/2021\/03\/WhatsApp-Image-2021-03-08-at-11.32.16-AM-300x169.jpeg 300w, https:\/\/blogs.uninter.edu.mx\/biu\/wp-content\/uploads\/2021\/03\/WhatsApp-Image-2021-03-08-at-11.32.16-AM-768x431.jpeg 768w, https:\/\/blogs.uninter.edu.mx\/biu\/wp-content\/uploads\/2021\/03\/WhatsApp-Image-2021-03-08-at-11.32.16-AM.jpeg 1280w\" sizes=\"auto, (max-width: 1024px) 100vw, 1024px\" \/><\/figure><\/li><li class=\"blocks-gallery-item\"><figure><img loading=\"lazy\" decoding=\"async\" width=\"1024\" height=\"715\" src=\"https:\/\/blogs.uninter.edu.mx\/biu\/wp-content\/uploads\/2021\/03\/WhatsApp-Image-2021-03-08-at-11.32.59-AM-1024x715.jpeg\" alt=\"Girls at BIU talk 4 good\" data-id=\"895\" data-full-url=\"https:\/\/blogs.uninter.edu.mx\/biu\/wp-content\/uploads\/2021\/03\/WhatsApp-Image-2021-03-08-at-11.32.59-AM.jpeg\" data-link=\"https:\/\/blogs.uninter.edu.mx\/biu\/?attachment_id=895#main\" class=\"wp-image-895\" srcset=\"https:\/\/blogs.uninter.edu.mx\/biu\/wp-content\/uploads\/2021\/03\/WhatsApp-Image-2021-03-08-at-11.32.59-AM-1024x715.jpeg 1024w, https:\/\/blogs.uninter.edu.mx\/biu\/wp-content\/uploads\/2021\/03\/WhatsApp-Image-2021-03-08-at-11.32.59-AM-300x210.jpeg 300w, https:\/\/blogs.uninter.edu.mx\/biu\/wp-content\/uploads\/2021\/03\/WhatsApp-Image-2021-03-08-at-11.32.59-AM-768x536.jpeg 768w, https:\/\/blogs.uninter.edu.mx\/biu\/wp-content\/uploads\/2021\/03\/WhatsApp-Image-2021-03-08-at-11.32.59-AM.jpeg 1280w\" sizes=\"auto, (max-width: 1024px) 100vw, 1024px\" \/><\/figure><\/li><\/ul><figcaption class=\"blocks-gallery-caption\"><sub>BIU&#8217;s girls talking 4 good!<\/sub><\/figcaption><\/figure>\n\n\n\n<p class=\"has-text-align-justify\">Al cierre del programa tuvimos el honor de que nos acompa\u00f1ara <strong>Arussi Unda<\/strong>, reconocida como una de las 10 mujeres mexicanas m\u00e1s influyentes del 2020, del Colectivo <strong>&#8220;Las Brujas del Mar&#8221;<\/strong> y que nos impartiera la conferencia: <strong>VIOLENCIA CONTRA LA MUJER, \u00bfD\u00d3NDE EST\u00c1 Y C\u00d3MO COMBATIRLA?.<\/strong><\/p>\n\n\n\n<p class=\"has-text-align-justify\">Fue sin duda un cierre enriquecedor pues alumnos y alumnas estuvieron muy interesados con el tema y realizaron varias preguntas a nuestra conferencista.<\/p>\n\n\n\n<h2 class=\"has-text-align-center wp-block-heading\"><span class=\"has-inline-color has-vivid-purple-color\">\u2665<strong>Las GIRLS de BIU<\/strong>\u2665<\/span><\/h2>\n\n\n\n<h2 class=\"has-text-align-center wp-block-heading\"><span class=\"has-inline-color has-pale-pink-color\"> Les presentamos a las iniciadoras de la 1era Edici\u00f3n:<\/span> <span class=\"has-inline-color has-pale-pink-color\">GIRLS at BIU, TALK 4 GOOD<\/span><\/h2>\n\n\n\n<div class=\"wp-block-group\"><div class=\"wp-block-group__inner-container is-layout-flow wp-block-group-is-layout-flow\">\n<div class=\"wp-block-jetpack-slideshow aligncenter\" data-effect=\"slide\"><div class=\"wp-block-jetpack-slideshow_container swiper-container\"><ul class=\"wp-block-jetpack-slideshow_swiper-wrapper swiper-wrapper\"><li class=\"wp-block-jetpack-slideshow_slide swiper-slide\"><figure><img loading=\"lazy\" decoding=\"async\" width=\"806\" height=\"676\" alt=\"BIU GIRL\" class=\"wp-block-jetpack-slideshow_image wp-image-898\" data-id=\"898\" src=\"https:\/\/blogs.uninter.edu.mx\/biu\/wp-content\/uploads\/2021\/03\/WhatsApp-Image-2021-03-08-at-7.53.04-PM.jpeg\" srcset=\"https:\/\/blogs.uninter.edu.mx\/biu\/wp-content\/uploads\/2021\/03\/WhatsApp-Image-2021-03-08-at-7.53.04-PM.jpeg 806w, https:\/\/blogs.uninter.edu.mx\/biu\/wp-content\/uploads\/2021\/03\/WhatsApp-Image-2021-03-08-at-7.53.04-PM-300x252.jpeg 300w, https:\/\/blogs.uninter.edu.mx\/biu\/wp-content\/uploads\/2021\/03\/WhatsApp-Image-2021-03-08-at-7.53.04-PM-768x644.jpeg 768w\" sizes=\"auto, (max-width: 806px) 100vw, 806px\" \/><figcaption class=\"wp-block-jetpack-slideshow_caption gallery-caption\">Renata Ponce<\/figcaption><\/figure><\/li><li class=\"wp-block-jetpack-slideshow_slide swiper-slide\"><figure><img loading=\"lazy\" decoding=\"async\" width=\"540\" height=\"1080\" alt=\"BIU GIRL\" class=\"wp-block-jetpack-slideshow_image wp-image-900\" data-id=\"900\" src=\"https:\/\/blogs.uninter.edu.mx\/biu\/wp-content\/uploads\/2021\/03\/WhatsApp-Image-2021-03-09-at-7.31.48-PM-1.jpeg\" srcset=\"https:\/\/blogs.uninter.edu.mx\/biu\/wp-content\/uploads\/2021\/03\/WhatsApp-Image-2021-03-09-at-7.31.48-PM-1.jpeg 540w, https:\/\/blogs.uninter.edu.mx\/biu\/wp-content\/uploads\/2021\/03\/WhatsApp-Image-2021-03-09-at-7.31.48-PM-1-150x300.jpeg 150w, https:\/\/blogs.uninter.edu.mx\/biu\/wp-content\/uploads\/2021\/03\/WhatsApp-Image-2021-03-09-at-7.31.48-PM-1-512x1024.jpeg 512w\" sizes=\"auto, (max-width: 540px) 100vw, 540px\" \/><figcaption class=\"wp-block-jetpack-slideshow_caption gallery-caption\">Aranza Falc\u00f3n<\/figcaption><\/figure><\/li><li class=\"wp-block-jetpack-slideshow_slide swiper-slide\"><figure><img loading=\"lazy\" decoding=\"async\" width=\"720\" height=\"1280\" alt=\"BIU GIRL\" class=\"wp-block-jetpack-slideshow_image wp-image-901\" data-id=\"901\" src=\"https:\/\/blogs.uninter.edu.mx\/biu\/wp-content\/uploads\/2021\/03\/WhatsApp-Image-2021-03-09-at-7.31.55-PM.jpeg\" srcset=\"https:\/\/blogs.uninter.edu.mx\/biu\/wp-content\/uploads\/2021\/03\/WhatsApp-Image-2021-03-09-at-7.31.55-PM.jpeg 720w, https:\/\/blogs.uninter.edu.mx\/biu\/wp-content\/uploads\/2021\/03\/WhatsApp-Image-2021-03-09-at-7.31.55-PM-169x300.jpeg 169w, https:\/\/blogs.uninter.edu.mx\/biu\/wp-content\/uploads\/2021\/03\/WhatsApp-Image-2021-03-09-at-7.31.55-PM-576x1024.jpeg 576w\" sizes=\"auto, (max-width: 720px) 100vw, 720px\" \/><figcaption class=\"wp-block-jetpack-slideshow_caption gallery-caption\">Luna Andrea Arag\u00f3n<\/figcaption><\/figure><\/li><li class=\"wp-block-jetpack-slideshow_slide swiper-slide\"><figure><img loading=\"lazy\" decoding=\"async\" width=\"962\" height=\"1280\" alt=\"BIU GIRL\" class=\"wp-block-jetpack-slideshow_image wp-image-902\" data-id=\"902\" src=\"https:\/\/blogs.uninter.edu.mx\/biu\/wp-content\/uploads\/2021\/03\/WhatsApp-Image-2021-03-10-at-7.48.09-AM.jpeg\" srcset=\"https:\/\/blogs.uninter.edu.mx\/biu\/wp-content\/uploads\/2021\/03\/WhatsApp-Image-2021-03-10-at-7.48.09-AM.jpeg 962w, https:\/\/blogs.uninter.edu.mx\/biu\/wp-content\/uploads\/2021\/03\/WhatsApp-Image-2021-03-10-at-7.48.09-AM-225x300.jpeg 225w, https:\/\/blogs.uninter.edu.mx\/biu\/wp-content\/uploads\/2021\/03\/WhatsApp-Image-2021-03-10-at-7.48.09-AM-770x1024.jpeg 770w, https:\/\/blogs.uninter.edu.mx\/biu\/wp-content\/uploads\/2021\/03\/WhatsApp-Image-2021-03-10-at-7.48.09-AM-768x1022.jpeg 768w\" sizes=\"auto, (max-width: 962px) 100vw, 962px\" \/><figcaption class=\"wp-block-jetpack-slideshow_caption gallery-caption\">Ana Luz Medina<\/figcaption><\/figure><\/li><li class=\"wp-block-jetpack-slideshow_slide swiper-slide\"><figure><img loading=\"lazy\" decoding=\"async\" width=\"1280\" height=\"960\" alt=\"BIU GIRL\" class=\"wp-block-jetpack-slideshow_image wp-image-903\" data-id=\"903\" src=\"https:\/\/blogs.uninter.edu.mx\/biu\/wp-content\/uploads\/2021\/03\/WhatsApp-Image-2021-03-10-at-7.53.57-AM.jpeg\" srcset=\"https:\/\/blogs.uninter.edu.mx\/biu\/wp-content\/uploads\/2021\/03\/WhatsApp-Image-2021-03-10-at-7.53.57-AM.jpeg 1280w, https:\/\/blogs.uninter.edu.mx\/biu\/wp-content\/uploads\/2021\/03\/WhatsApp-Image-2021-03-10-at-7.53.57-AM-300x225.jpeg 300w, https:\/\/blogs.uninter.edu.mx\/biu\/wp-content\/uploads\/2021\/03\/WhatsApp-Image-2021-03-10-at-7.53.57-AM-1024x768.jpeg 1024w, https:\/\/blogs.uninter.edu.mx\/biu\/wp-content\/uploads\/2021\/03\/WhatsApp-Image-2021-03-10-at-7.53.57-AM-768x576.jpeg 768w\" sizes=\"auto, (max-width: 1280px) 100vw, 1280px\" \/><figcaption class=\"wp-block-jetpack-slideshow_caption gallery-caption\">Aranza Nassar<\/figcaption><\/figure><\/li><li class=\"wp-block-jetpack-slideshow_slide swiper-slide\"><figure><img loading=\"lazy\" decoding=\"async\" width=\"720\" height=\"1280\" alt=\"\" class=\"wp-block-jetpack-slideshow_image wp-image-904\" data-id=\"904\" src=\"https:\/\/blogs.uninter.edu.mx\/biu\/wp-content\/uploads\/2021\/03\/WhatsApp-Image-2021-03-10-at-7.54.08-AM.jpeg\" srcset=\"https:\/\/blogs.uninter.edu.mx\/biu\/wp-content\/uploads\/2021\/03\/WhatsApp-Image-2021-03-10-at-7.54.08-AM.jpeg 720w, https:\/\/blogs.uninter.edu.mx\/biu\/wp-content\/uploads\/2021\/03\/WhatsApp-Image-2021-03-10-at-7.54.08-AM-169x300.jpeg 169w, https:\/\/blogs.uninter.edu.mx\/biu\/wp-content\/uploads\/2021\/03\/WhatsApp-Image-2021-03-10-at-7.54.08-AM-576x1024.jpeg 576w\" sizes=\"auto, (max-width: 720px) 100vw, 720px\" \/><figcaption class=\"wp-block-jetpack-slideshow_caption gallery-caption\">Claudia Carre\u00f3n<\/figcaption><\/figure><\/li><li class=\"wp-block-jetpack-slideshow_slide swiper-slide\"><figure><img loading=\"lazy\" decoding=\"async\" width=\"685\" height=\"1024\" alt=\"\" class=\"wp-block-jetpack-slideshow_image wp-image-907\" data-id=\"907\" src=\"https:\/\/blogs.uninter.edu.mx\/biu\/wp-content\/uploads\/2021\/03\/WhatsApp-Image-2021-03-10-at-8.59.19-AM-1.jpeg\" srcset=\"https:\/\/blogs.uninter.edu.mx\/biu\/wp-content\/uploads\/2021\/03\/WhatsApp-Image-2021-03-10-at-8.59.19-AM-1.jpeg 685w, https:\/\/blogs.uninter.edu.mx\/biu\/wp-content\/uploads\/2021\/03\/WhatsApp-Image-2021-03-10-at-8.59.19-AM-1-201x300.jpeg 201w\" sizes=\"auto, (max-width: 685px) 100vw, 685px\" \/><figcaption class=\"wp-block-jetpack-slideshow_caption gallery-caption\">Paola Fernanda Rubi<\/figcaption><\/figure><\/li><li class=\"wp-block-jetpack-slideshow_slide swiper-slide\"><figure><img loading=\"lazy\" decoding=\"async\" width=\"977\" height=\"960\" alt=\"\" class=\"wp-block-jetpack-slideshow_image wp-image-911\" data-id=\"911\" src=\"https:\/\/blogs.uninter.edu.mx\/biu\/wp-content\/uploads\/2021\/03\/WhatsApp-Image-2021-03-10-at-1.14.24-PM.jpeg\" srcset=\"https:\/\/blogs.uninter.edu.mx\/biu\/wp-content\/uploads\/2021\/03\/WhatsApp-Image-2021-03-10-at-1.14.24-PM.jpeg 977w, https:\/\/blogs.uninter.edu.mx\/biu\/wp-content\/uploads\/2021\/03\/WhatsApp-Image-2021-03-10-at-1.14.24-PM-300x295.jpeg 300w, https:\/\/blogs.uninter.edu.mx\/biu\/wp-content\/uploads\/2021\/03\/WhatsApp-Image-2021-03-10-at-1.14.24-PM-768x755.jpeg 768w, https:\/\/blogs.uninter.edu.mx\/biu\/wp-content\/uploads\/2021\/03\/WhatsApp-Image-2021-03-10-at-1.14.24-PM-50x50.jpeg 50w\" sizes=\"auto, (max-width: 977px) 100vw, 977px\" \/><figcaption class=\"wp-block-jetpack-slideshow_caption gallery-caption\">Julieta Calero<\/figcaption><\/figure><\/li><li class=\"wp-block-jetpack-slideshow_slide swiper-slide\"><figure><img loading=\"lazy\" decoding=\"async\" width=\"806\" height=\"1280\" alt=\"\" class=\"wp-block-jetpack-slideshow_image wp-image-912\" data-id=\"912\" src=\"https:\/\/blogs.uninter.edu.mx\/biu\/wp-content\/uploads\/2021\/03\/WhatsApp-Image-2021-03-10-at-10.30.45-AM.jpeg\" srcset=\"https:\/\/blogs.uninter.edu.mx\/biu\/wp-content\/uploads\/2021\/03\/WhatsApp-Image-2021-03-10-at-10.30.45-AM.jpeg 806w, https:\/\/blogs.uninter.edu.mx\/biu\/wp-content\/uploads\/2021\/03\/WhatsApp-Image-2021-03-10-at-10.30.45-AM-189x300.jpeg 189w, https:\/\/blogs.uninter.edu.mx\/biu\/wp-content\/uploads\/2021\/03\/WhatsApp-Image-2021-03-10-at-10.30.45-AM-645x1024.jpeg 645w, https:\/\/blogs.uninter.edu.mx\/biu\/wp-content\/uploads\/2021\/03\/WhatsApp-Image-2021-03-10-at-10.30.45-AM-768x1220.jpeg 768w\" sizes=\"auto, (max-width: 806px) 100vw, 806px\" \/><figcaption class=\"wp-block-jetpack-slideshow_caption gallery-caption\">Ang\u00e9lica Contreras<\/figcaption><\/figure><\/li><li class=\"wp-block-jetpack-slideshow_slide swiper-slide\"><figure><img loading=\"lazy\" decoding=\"async\" width=\"1107\" height=\"1280\" alt=\"\" class=\"wp-block-jetpack-slideshow_image wp-image-913\" data-id=\"913\" src=\"https:\/\/blogs.uninter.edu.mx\/biu\/wp-content\/uploads\/2021\/03\/WhatsApp-Image-2021-03-10-at-2.01.20-PM.jpeg\" srcset=\"https:\/\/blogs.uninter.edu.mx\/biu\/wp-content\/uploads\/2021\/03\/WhatsApp-Image-2021-03-10-at-2.01.20-PM.jpeg 1107w, https:\/\/blogs.uninter.edu.mx\/biu\/wp-content\/uploads\/2021\/03\/WhatsApp-Image-2021-03-10-at-2.01.20-PM-259x300.jpeg 259w, https:\/\/blogs.uninter.edu.mx\/biu\/wp-content\/uploads\/2021\/03\/WhatsApp-Image-2021-03-10-at-2.01.20-PM-886x1024.jpeg 886w, https:\/\/blogs.uninter.edu.mx\/biu\/wp-content\/uploads\/2021\/03\/WhatsApp-Image-2021-03-10-at-2.01.20-PM-768x888.jpeg 768w\" sizes=\"auto, (max-width: 1107px) 100vw, 1107px\" \/><figcaption class=\"wp-block-jetpack-slideshow_caption gallery-caption\">Luna Mar\u00eda P\u00e9rez<\/figcaption><\/figure><\/li><\/ul><a class=\"wp-block-jetpack-slideshow_button-prev swiper-button-prev swiper-button-white\" role=\"button\"><\/a><a class=\"wp-block-jetpack-slideshow_button-next swiper-button-next swiper-button-white\" role=\"button\"><\/a><a aria-label=\"Pause Slideshow\" class=\"wp-block-jetpack-slideshow_button-pause\" role=\"button\"><\/a><div class=\"wp-block-jetpack-slideshow_pagination swiper-pagination swiper-pagination-white\"><\/div><\/div><\/div>\n\n\n\n<p><\/p>\n<\/div><\/div>\n\n\n\n<p class=\"has-text-align-justify\">Queremos felicitar a nuestras alumnas por este logro, estamos muy orgullosos de su iniciativa. Queremos reconocerles la lucha que contin\u00faan desde sus trincheras y por no ser indiferentes y no dejar pasar este d\u00eda como desapercibido.<\/p>\n\n\n\n<p class=\"has-text-align-justify\">Han sembrado una semilla que en un futuro dar\u00e1 buenos frutos. Contin\u00faen con esa hambre  y esas ganas de querer hacer un cambio positivo en su entorno y sigan inspirando a las personas a su alrededor.<\/p>\n\n\n\n<p class=\"has-text-align-justify\">S\u00f3lo a trav\u00e9s de la educaci\u00f3n podemos lograr cambios positivos en nuestra sociedad. Empoderemos a nuestras ni\u00f1as para que logren ser grandes l\u00edderes y  mujeres de cambio.<\/p>\n\n\n\n<p>Los invitamos a informarse y reflexionar sobre este d\u00eda. <\/p>\n\n\n\n<p>Y por \u00faltimo no olviden seguir nuestro <a href=\"https:\/\/blogs.uninter.edu.mx\/biu\/\" target=\"_blank\" rel=\"noreferrer noopener\">BLOG.<\/a><\/p>\n","protected":false},"excerpt":{"rendered":"<p>De esta manera conmemoramos el D\u00eda Internacional de la Mujer en BIU. <\/p>\n","protected":false},"author":4,"featured_media":908,"comment_status":"open","ping_status":"open","sticky":false,"template":"","format":"standard","meta":{"_jetpack_memberships_contains_paid_content":false,"footnotes":"","jetpack_publicize_message":"","jetpack_publicize_feature_enabled":true,"jetpack_social_post_already_shared":true,"jetpack_social_options":{"image_generator_settings":{"template":"highway","default_image_id":0,"font":"","enabled":false},"version":2}},"categories":[67,43,32,59],"tags":[102,103,104,105],"class_list":["post-883","post","type-post","status-publish","format-standard","has-post-thumbnail","hentry","category-aula-virtual","category-conferencias-para-alumnos-y-padres","category-eventos-biu","category-eventos-uninter-biu","tag-08m","tag-dia-internacional-de-la-mujer","tag-feminismo","tag-mujer-que-inspiran"],"yoast_head":"<!-- This site is optimized with the Yoast SEO plugin v26.0 - https:\/\/yoast.com\/wordpress\/plugins\/seo\/ -->\r\n<title>GIRLS at BIU, TALK 4 GOOD - Bachillerato Internacional Uninter (BIU)<\/title>\r\n<meta name=\"description\" content=\"En Conmemoraci\u00f3n del D\u00eda Internacional de la Mujer un grupo de alumnas de BIU iniciaron este evento con el fin de informar y reflexionar acerca de este d\u00eda.\" \/>\r\n<meta name=\"robots\" content=\"index, follow, max-snippet:-1, max-image-preview:large, max-video-preview:-1\" \/>\r\n<link rel=\"canonical\" href=\"https:\/\/blogs.uninter.edu.mx\/biu\/index.php\/2021\/03\/10\/girls-at-biu-talk-4-good\/\" \/>\r\n<meta property=\"og:locale\" content=\"es_MX\" \/>\r\n<meta property=\"og:type\" content=\"article\" \/>\r\n<meta property=\"og:title\" content=\"GIRLS at BIU, TALK 4 GOOD - Bachillerato Internacional Uninter (BIU)\" \/>\r\n<meta property=\"og:description\" content=\"En Conmemoraci\u00f3n del D\u00eda Internacional de la Mujer un grupo de alumnas de BIU iniciaron este evento con el fin de informar y reflexionar acerca de este d\u00eda.\" \/>\r\n<meta property=\"og:url\" content=\"https:\/\/blogs.uninter.edu.mx\/biu\/index.php\/2021\/03\/10\/girls-at-biu-talk-4-good\/\" \/>\r\n<meta property=\"og:site_name\" content=\"Bachillerato Internacional Uninter (BIU)\" \/>\r\n<meta property=\"article:published_time\" content=\"2021-03-10T20:39:16+00:00\" \/>\r\n<meta property=\"article:modified_time\" content=\"2021-03-10T20:39:19+00:00\" \/>\r\n<meta property=\"og:image\" content=\"https:\/\/blogs.uninter.edu.mx\/biu\/wp-content\/uploads\/2021\/03\/WhatsApp-Image-2021-03-08-at-8.04.35-AM.jpeg\" \/>\r\n\t<meta property=\"og:image:width\" content=\"720\" \/>\r\n\t<meta property=\"og:image:height\" content=\"745\" \/>\r\n\t<meta property=\"og:image:type\" content=\"image\/jpeg\" \/>\r\n<meta name=\"author\" content=\"Ana Lourdes Alva Lopez\" \/>\r\n<meta name=\"twitter:card\" content=\"summary_large_image\" \/>\r\n<meta name=\"twitter:label1\" content=\"Escrito por\" \/>\n\t<meta name=\"twitter:data1\" content=\"Ana Lourdes Alva Lopez\" \/>\n\t<meta name=\"twitter:label2\" content=\"Tiempo de lectura\" \/>\n\t<meta name=\"twitter:data2\" content=\"3 minutos\" \/>\r\n<script type=\"application\/ld+json\" class=\"yoast-schema-graph\">{\"@context\":\"https:\/\/schema.org\",\"@graph\":[{\"@type\":\"WebPage\",\"@id\":\"https:\/\/blogs.uninter.edu.mx\/biu\/index.php\/2021\/03\/10\/girls-at-biu-talk-4-good\/\",\"url\":\"https:\/\/blogs.uninter.edu.mx\/biu\/index.php\/2021\/03\/10\/girls-at-biu-talk-4-good\/\",\"name\":\"GIRLS at BIU, TALK 4 GOOD - Bachillerato Internacional Uninter (BIU)\",\"isPartOf\":{\"@id\":\"https:\/\/blogs.uninter.edu.mx\/biu\/#website\"},\"primaryImageOfPage\":{\"@id\":\"https:\/\/blogs.uninter.edu.mx\/biu\/index.php\/2021\/03\/10\/girls-at-biu-talk-4-good\/#primaryimage\"},\"image\":{\"@id\":\"https:\/\/blogs.uninter.edu.mx\/biu\/index.php\/2021\/03\/10\/girls-at-biu-talk-4-good\/#primaryimage\"},\"thumbnailUrl\":\"https:\/\/blogs.uninter.edu.mx\/biu\/wp-content\/uploads\/2021\/03\/WhatsApp-Image-2021-03-08-at-8.04.35-AM.jpeg\",\"datePublished\":\"2021-03-10T20:39:16+00:00\",\"dateModified\":\"2021-03-10T20:39:19+00:00\",\"author\":{\"@id\":\"https:\/\/blogs.uninter.edu.mx\/biu\/#\/schema\/person\/5afbdead0c3640d430524d395a583c0a\"},\"description\":\"En Conmemoraci\u00f3n del D\u00eda Internacional de la Mujer un grupo de alumnas de BIU iniciaron este evento con el fin de informar y reflexionar acerca de este d\u00eda.\",\"breadcrumb\":{\"@id\":\"https:\/\/blogs.uninter.edu.mx\/biu\/index.php\/2021\/03\/10\/girls-at-biu-talk-4-good\/#breadcrumb\"},\"inLanguage\":\"es\",\"potentialAction\":[{\"@type\":\"ReadAction\",\"target\":[\"https:\/\/blogs.uninter.edu.mx\/biu\/index.php\/2021\/03\/10\/girls-at-biu-talk-4-good\/\"]}]},{\"@type\":\"ImageObject\",\"inLanguage\":\"es\",\"@id\":\"https:\/\/blogs.uninter.edu.mx\/biu\/index.php\/2021\/03\/10\/girls-at-biu-talk-4-good\/#primaryimage\",\"url\":\"https:\/\/blogs.uninter.edu.mx\/biu\/wp-content\/uploads\/2021\/03\/WhatsApp-Image-2021-03-08-at-8.04.35-AM.jpeg\",\"contentUrl\":\"https:\/\/blogs.uninter.edu.mx\/biu\/wp-content\/uploads\/2021\/03\/WhatsApp-Image-2021-03-08-at-8.04.35-AM.jpeg\",\"width\":720,\"height\":745},{\"@type\":\"BreadcrumbList\",\"@id\":\"https:\/\/blogs.uninter.edu.mx\/biu\/index.php\/2021\/03\/10\/girls-at-biu-talk-4-good\/#breadcrumb\",\"itemListElement\":[{\"@type\":\"ListItem\",\"position\":1,\"name\":\"Inicio\",\"item\":\"https:\/\/blogs.uninter.edu.mx\/biu\/\"},{\"@type\":\"ListItem\",\"position\":2,\"name\":\"GIRLS at BIU, TALK 4 GOOD\"}]},{\"@type\":\"WebSite\",\"@id\":\"https:\/\/blogs.uninter.edu.mx\/biu\/#website\",\"url\":\"https:\/\/blogs.uninter.edu.mx\/biu\/\",\"name\":\"Bachillerato Internacional Uninter (BIU)\",\"description\":\"\",\"potentialAction\":[{\"@type\":\"SearchAction\",\"target\":{\"@type\":\"EntryPoint\",\"urlTemplate\":\"https:\/\/blogs.uninter.edu.mx\/biu\/?s={search_term_string}\"},\"query-input\":{\"@type\":\"PropertyValueSpecification\",\"valueRequired\":true,\"valueName\":\"search_term_string\"}}],\"inLanguage\":\"es\"},{\"@type\":\"Person\",\"@id\":\"https:\/\/blogs.uninter.edu.mx\/biu\/#\/schema\/person\/5afbdead0c3640d430524d395a583c0a\",\"name\":\"Ana Lourdes Alva Lopez\",\"image\":{\"@type\":\"ImageObject\",\"inLanguage\":\"es\",\"@id\":\"https:\/\/blogs.uninter.edu.mx\/biu\/#\/schema\/person\/image\/\",\"url\":\"https:\/\/secure.gravatar.com\/avatar\/7c3c5c3afbcaac9e78742adb14848c296f22ec3b68b1286ee7f8ae0ab30f19a0?s=96&d=mm&r=g\",\"contentUrl\":\"https:\/\/secure.gravatar.com\/avatar\/7c3c5c3afbcaac9e78742adb14848c296f22ec3b68b1286ee7f8ae0ab30f19a0?s=96&d=mm&r=g\",\"caption\":\"Ana Lourdes Alva Lopez\"},\"url\":\"https:\/\/blogs.uninter.edu.mx\/biu\/index.php\/author\/lalva\/\"}]}<\/script>\r\n<!-- \/ Yoast SEO plugin. -->","yoast_head_json":{"title":"GIRLS at BIU, TALK 4 GOOD - Bachillerato Internacional Uninter (BIU)","description":"En Conmemoraci\u00f3n del D\u00eda Internacional de la Mujer un grupo de alumnas de BIU iniciaron este evento con el fin de informar y reflexionar acerca de este d\u00eda.","robots":{"index":"index","follow":"follow","max-snippet":"max-snippet:-1","max-image-preview":"max-image-preview:large","max-video-preview":"max-video-preview:-1"},"canonical":"https:\/\/blogs.uninter.edu.mx\/biu\/index.php\/2021\/03\/10\/girls-at-biu-talk-4-good\/","og_locale":"es_MX","og_type":"article","og_title":"GIRLS at BIU, TALK 4 GOOD - Bachillerato Internacional Uninter (BIU)","og_description":"En Conmemoraci\u00f3n del D\u00eda Internacional de la Mujer un grupo de alumnas de BIU iniciaron este evento con el fin de informar y reflexionar acerca de este d\u00eda.","og_url":"https:\/\/blogs.uninter.edu.mx\/biu\/index.php\/2021\/03\/10\/girls-at-biu-talk-4-good\/","og_site_name":"Bachillerato Internacional Uninter (BIU)","article_published_time":"2021-03-10T20:39:16+00:00","article_modified_time":"2021-03-10T20:39:19+00:00","og_image":[{"width":720,"height":745,"url":"https:\/\/blogs.uninter.edu.mx\/biu\/wp-content\/uploads\/2021\/03\/WhatsApp-Image-2021-03-08-at-8.04.35-AM.jpeg","type":"image\/jpeg"}],"author":"Ana Lourdes Alva Lopez","twitter_card":"summary_large_image","twitter_misc":{"Escrito por":"Ana Lourdes Alva Lopez","Tiempo de lectura":"3 minutos"},"schema":{"@context":"https:\/\/schema.org","@graph":[{"@type":"WebPage","@id":"https:\/\/blogs.uninter.edu.mx\/biu\/index.php\/2021\/03\/10\/girls-at-biu-talk-4-good\/","url":"https:\/\/blogs.uninter.edu.mx\/biu\/index.php\/2021\/03\/10\/girls-at-biu-talk-4-good\/","name":"GIRLS at BIU, TALK 4 GOOD - Bachillerato Internacional Uninter (BIU)","isPartOf":{"@id":"https:\/\/blogs.uninter.edu.mx\/biu\/#website"},"primaryImageOfPage":{"@id":"https:\/\/blogs.uninter.edu.mx\/biu\/index.php\/2021\/03\/10\/girls-at-biu-talk-4-good\/#primaryimage"},"image":{"@id":"https:\/\/blogs.uninter.edu.mx\/biu\/index.php\/2021\/03\/10\/girls-at-biu-talk-4-good\/#primaryimage"},"thumbnailUrl":"https:\/\/blogs.uninter.edu.mx\/biu\/wp-content\/uploads\/2021\/03\/WhatsApp-Image-2021-03-08-at-8.04.35-AM.jpeg","datePublished":"2021-03-10T20:39:16+00:00","dateModified":"2021-03-10T20:39:19+00:00","author":{"@id":"https:\/\/blogs.uninter.edu.mx\/biu\/#\/schema\/person\/5afbdead0c3640d430524d395a583c0a"},"description":"En Conmemoraci\u00f3n del D\u00eda Internacional de la Mujer un grupo de alumnas de BIU iniciaron este evento con el fin de informar y reflexionar acerca de este d\u00eda.","breadcrumb":{"@id":"https:\/\/blogs.uninter.edu.mx\/biu\/index.php\/2021\/03\/10\/girls-at-biu-talk-4-good\/#breadcrumb"},"inLanguage":"es","potentialAction":[{"@type":"ReadAction","target":["https:\/\/blogs.uninter.edu.mx\/biu\/index.php\/2021\/03\/10\/girls-at-biu-talk-4-good\/"]}]},{"@type":"ImageObject","inLanguage":"es","@id":"https:\/\/blogs.uninter.edu.mx\/biu\/index.php\/2021\/03\/10\/girls-at-biu-talk-4-good\/#primaryimage","url":"https:\/\/blogs.uninter.edu.mx\/biu\/wp-content\/uploads\/2021\/03\/WhatsApp-Image-2021-03-08-at-8.04.35-AM.jpeg","contentUrl":"https:\/\/blogs.uninter.edu.mx\/biu\/wp-content\/uploads\/2021\/03\/WhatsApp-Image-2021-03-08-at-8.04.35-AM.jpeg","width":720,"height":745},{"@type":"BreadcrumbList","@id":"https:\/\/blogs.uninter.edu.mx\/biu\/index.php\/2021\/03\/10\/girls-at-biu-talk-4-good\/#breadcrumb","itemListElement":[{"@type":"ListItem","position":1,"name":"Inicio","item":"https:\/\/blogs.uninter.edu.mx\/biu\/"},{"@type":"ListItem","position":2,"name":"GIRLS at BIU, TALK 4 GOOD"}]},{"@type":"WebSite","@id":"https:\/\/blogs.uninter.edu.mx\/biu\/#website","url":"https:\/\/blogs.uninter.edu.mx\/biu\/","name":"Bachillerato Internacional Uninter (BIU)","description":"","potentialAction":[{"@type":"SearchAction","target":{"@type":"EntryPoint","urlTemplate":"https:\/\/blogs.uninter.edu.mx\/biu\/?s={search_term_string}"},"query-input":{"@type":"PropertyValueSpecification","valueRequired":true,"valueName":"search_term_string"}}],"inLanguage":"es"},{"@type":"Person","@id":"https:\/\/blogs.uninter.edu.mx\/biu\/#\/schema\/person\/5afbdead0c3640d430524d395a583c0a","name":"Ana Lourdes Alva Lopez","image":{"@type":"ImageObject","inLanguage":"es","@id":"https:\/\/blogs.uninter.edu.mx\/biu\/#\/schema\/person\/image\/","url":"https:\/\/secure.gravatar.com\/avatar\/7c3c5c3afbcaac9e78742adb14848c296f22ec3b68b1286ee7f8ae0ab30f19a0?s=96&d=mm&r=g","contentUrl":"https:\/\/secure.gravatar.com\/avatar\/7c3c5c3afbcaac9e78742adb14848c296f22ec3b68b1286ee7f8ae0ab30f19a0?s=96&d=mm&r=g","caption":"Ana Lourdes Alva Lopez"},"url":"https:\/\/blogs.uninter.edu.mx\/biu\/index.php\/author\/lalva\/"}]}},"jetpack_publicize_connections":[],"jetpack_featured_media_url":"https:\/\/blogs.uninter.edu.mx\/biu\/wp-content\/uploads\/2021\/03\/WhatsApp-Image-2021-03-08-at-8.04.35-AM.jpeg","jetpack_sharing_enabled":true,"_links":{"self":[{"href":"https:\/\/blogs.uninter.edu.mx\/biu\/index.php\/wp-json\/wp\/v2\/posts\/883","targetHints":{"allow":["GET"]}}],"collection":[{"href":"https:\/\/blogs.uninter.edu.mx\/biu\/index.php\/wp-json\/wp\/v2\/posts"}],"about":[{"href":"https:\/\/blogs.uninter.edu.mx\/biu\/index.php\/wp-json\/wp\/v2\/types\/post"}],"author":[{"embeddable":true,"href":"https:\/\/blogs.uninter.edu.mx\/biu\/index.php\/wp-json\/wp\/v2\/users\/4"}],"replies":[{"embeddable":true,"href":"https:\/\/blogs.uninter.edu.mx\/biu\/index.php\/wp-json\/wp\/v2\/comments?post=883"}],"version-history":[{"count":16,"href":"https:\/\/blogs.uninter.edu.mx\/biu\/index.php\/wp-json\/wp\/v2\/posts\/883\/revisions"}],"predecessor-version":[{"id":920,"href":"https:\/\/blogs.uninter.edu.mx\/biu\/index.php\/wp-json\/wp\/v2\/posts\/883\/revisions\/920"}],"wp:featuredmedia":[{"embeddable":true,"href":"https:\/\/blogs.uninter.edu.mx\/biu\/index.php\/wp-json\/wp\/v2\/media\/908"}],"wp:attachment":[{"href":"https:\/\/blogs.uninter.edu.mx\/biu\/index.php\/wp-json\/wp\/v2\/media?parent=883"}],"wp:term":[{"taxonomy":"category","embeddable":true,"href":"https:\/\/blogs.uninter.edu.mx\/biu\/index.php\/wp-json\/wp\/v2\/categories?post=883"},{"taxonomy":"post_tag","embeddable":true,"href":"https:\/\/blogs.uninter.edu.mx\/biu\/index.php\/wp-json\/wp\/v2\/tags?post=883"}],"curies":[{"name":"wp","href":"https:\/\/api.w.org\/{rel}","templated":true}]}}