{"id":10361,"date":"2024-12-23T19:10:53","date_gmt":"2024-12-23T19:10:53","guid":{"rendered":"https:\/\/blogs.uninter.edu.mx\/difusioncultural\/?p=10361"},"modified":"2024-12-23T19:12:12","modified_gmt":"2024-12-23T19:12:12","slug":"dia-internacional-del-cortometraje","status":"publish","type":"post","link":"https:\/\/blogs.uninter.edu.mx\/difusioncultural\/?p=10361","title":{"rendered":"D\u00eda Internacional del Cortometraje"},"content":{"rendered":"\n<h2 class=\"wp-block-heading\">21 de Diciembre: Celebrando la Magia del Cine Breve<\/h2>\n\n\n\n<p>El 21 de diciembre se celebra el D\u00eda Internacional del Cortometraje, una fecha dedicada a reconocer y promover la importancia de este formato cinematogr\u00e1fico. Este d\u00eda nos recuerda el valor del cortometraje como una forma de arte que puede contar historias conmovedoras, explorar temas complejos, y ofrecer una plataforma para nuevos talentos.\u00a0<\/p>\n\n\n\n<p>Adem\u00e1s, los cortometrajes permiten a los cineastas experimentar con diferentes estilos narrativos y visuales, lo que lleva a la creaci\u00f3n de obras \u00fanicas y originales, As\u00ed mismo, son una excelente manera de introducir a las personas al mundo del cine, ya que son m\u00e1s accesibles que los largometrajes y pueden abordar temas relevantes y actuales, ofreciendo una visi\u00f3n cr\u00edtica y reflexiva de la sociedad.<\/p>\n\n\n\n<figure class=\"wp-block-image size-full\"><img fetchpriority=\"high\" decoding=\"async\" width=\"1920\" height=\"1080\" src=\"https:\/\/blogs.uninter.edu.mx\/difusioncultural\/wp-content\/uploads\/2024\/12\/Dia-internacional-del-cortometraje.png\" alt=\"\" class=\"wp-image-10362\"\/><\/figure>\n\n\n\n<h2 class=\"wp-block-heading\">\u00bfPor qu\u00e9 el 21 de Diciembre?<\/h2>\n\n\n\n<p>La elecci\u00f3n de la fecha no es casual. El 21 de diciembre es el d\u00eda m\u00e1s corto del a\u00f1o en el hemisferio norte, lo que lo convierte en el s\u00edmbolo perfecto para rendir homenaje a los cortometrajes. As\u00ed como el solsticio de invierno marca un momento de brevedad y transici\u00f3n, los cortometrajes condensan en pocos minutos la esencia de una historia, ofreciendo una experiencia cinematogr\u00e1fica intensa y significativa.<\/p>\n\n\n\n<p>Los cortometrajes han sido el inicio de muchos grandes cineastas y un medio de expresi\u00f3n para historias y experiencias que no encuentran cabida en otros formatos. En la era digital, su accesibilidad y capacidad para viralizarse en plataformas como YouTube o Vimeo los han llevado a un p\u00fablico m\u00e1s amplio y diverso.<\/p>\n\n\n\n<p>En el D\u00eda Internacional del Cortometraje, se organizan proyecciones gratuitas, talleres y encuentros entre cineastas y p\u00fablico en todo el mundo. Es una oportunidad para descubrir nuevas historias, explorar temas complejos en pocos minutos y recordar que el cine no depende de la duraci\u00f3n, sino de la calidad y el impacto de la narrativa.<\/p>\n\n\n\n<p>Ya sea que seas un apasionado del cine o simplemente alguien que disfruta de una buena historia, el 21 de diciembre es la excusa perfecta para dedicar un momento a disfrutar del arte breve pero poderoso del cortometraje.<\/p>\n\n\n\n<h2 class=\"wp-block-heading\"><strong>Algunos cortometrajes ganadores de premios Oscar:<\/strong><\/h2>\n\n\n\n<ul class=\"wp-block-list\">\n<li><strong>The Long Goodbye:<\/strong>\u00a0Un cortometraje que explora los miedos y las inseguridades de las personas con or\u00edgenes extranjeros que viven en Inglaterra.<\/li>\n\n\n\n<li><strong>Dos Perfectos Desconocidos:<\/strong>\u00a0Un dibujante intenta regresar a casa, pero un extra\u00f1o encuentro lo obliga a vivir el mismo d\u00eda una y otra vez.<\/li>\n\n\n\n<li><strong>The Neighbor\u2019s Window:<\/strong>\u00a0Una mujer casada y frustrada con su vida se dedica a observar furtivamente a sus nuevos vecinos j\u00f3venes.<\/li>\n\n\n\n<li><strong>Piel:<\/strong>\u00a0Muestra las desavenencias entre un hombre de color y una familia de neonazis.<\/li>\n\n\n\n<li><strong>The Silent Child:<\/strong>\u00a0Cuenta como la vida de una ni\u00f1a de 6 a\u00f1os con sordera profunda es impactada por una trabajadora social, quien le ense\u00f1a a comunicarse a trav\u00e9s del lenguaje de se\u00f1as.<\/li>\n<\/ul>\n\n\n\n<p><strong>Tambi\u00e9n podr\u00eda interesarte:<\/strong><\/p>\n\n\n\n<p><a href=\"https:\/\/blogs.uninter.edu.mx\/difusioncultural\/index.php\/2024\/10\/09\/festival-internacional-cervantino-2024\/\">https:\/\/blogs.uninter.edu.mx\/difusioncultural\/index.php\/2024\/10\/09\/festival-internacional-cervantino-2024\/<\/a><\/p>\n\n\n\n<figure class=\"wp-block-embed is-type-wp-embed is-provider-difusi-n-cultural wp-block-embed-difusi-n-cultural\"><div class=\"wp-block-embed__wrapper\">\n<blockquote class=\"wp-embedded-content\" data-secret=\"OlnIKpFMBr\"><a href=\"https:\/\/blogs.uninter.edu.mx\/difusioncultural\/index.php\/2024\/10\/10\/festival-internacional-de-cine-de-morelia\/\">Festival Internacional de Cine de Morelia 2024<\/a><\/blockquote><iframe class=\"wp-embedded-content\" sandbox=\"allow-scripts\" security=\"restricted\" style=\"position: absolute; visibility: hidden;\" title=\"&#8220;Festival Internacional de Cine de Morelia 2024&#8221; &#8212; Difusi\u00f3n Cultural\" src=\"https:\/\/blogs.uninter.edu.mx\/difusioncultural\/index.php\/2024\/10\/10\/festival-internacional-de-cine-de-morelia\/embed\/#?secret=j33QGxE37M#?secret=OlnIKpFMBr\" data-secret=\"OlnIKpFMBr\" width=\"600\" height=\"338\" frameborder=\"0\" marginwidth=\"0\" marginheight=\"0\" scrolling=\"no\"><\/iframe>\n<\/div><\/figure>\n\n\n\n<p><\/p>\n","protected":false},"excerpt":{"rendered":"<p>21 de Diciembre: Celebrando la Magia del Cine Breve El 21 de diciembre se celebra el D\u00eda Internacional del Cortometraje, una fecha dedicada a reconocer y promover la importancia de este formato cinematogr\u00e1fico. Este d\u00eda nos recuerda el valor del cortometraje como una forma de arte que puede contar historias conmovedoras, explorar temas complejos, y&hellip;<\/p>\n","protected":false},"author":24,"featured_media":10362,"comment_status":"open","ping_status":"open","sticky":false,"template":"","format":"standard","meta":{"_jetpack_memberships_contains_paid_content":false,"footnotes":"","jetpack_publicize_message":"#\u00bfSab\u00edasQue?\nEste #21deDiciembre conmemoramos el #D\u00edaMundialDelCortometraje. \u00a1Conoce m\u00e1s sobre esta fecha y la relevancia de este arte en el mundo!\n\n#cultura #difusi\u00f3ncultural #cine #cortometrajes #comunidaduninter #arte","jetpack_publicize_feature_enabled":true,"jetpack_social_post_already_shared":false,"jetpack_social_options":{"image_generator_settings":{"template":"highway","enabled":false}}},"categories":[332,12],"tags":[70,354,93,113,151],"class_list":["post-10361","post","type-post","status-publish","format-standard","has-post-thumbnail","hentry","category-eventos-publicos","category-noticias","tag-cine","tag-cortometraje-2","tag-cultura","tag-difusion-cultural","tag-historia"],"yoast_head":"<!-- This site is optimized with the Yoast SEO plugin v26.3 - https:\/\/yoast.com\/wordpress\/plugins\/seo\/ -->\r\n<title>D\u00eda Internacional del Cortometraje - Difusi\u00f3n Cultural<\/title>\r\n<meta name=\"description\" content=\"21 de diciembre, D\u00eda Internacional del Cortometraje, una fecha dedicada a reconocer la importancia de este formato cinematogr\u00e1fico.\" \/>\r\n<meta name=\"robots\" content=\"index, follow, max-snippet:-1, max-image-preview:large, max-video-preview:-1\" \/>\r\n<link rel=\"canonical\" href=\"https:\/\/blogs.uninter.edu.mx\/difusioncultural\/?p=10361\" \/>\r\n<meta property=\"og:locale\" content=\"es_MX\" \/>\r\n<meta property=\"og:type\" content=\"article\" \/>\r\n<meta property=\"og:title\" content=\"D\u00eda Internacional del Cortometraje - Difusi\u00f3n Cultural\" \/>\r\n<meta property=\"og:description\" content=\"21 de diciembre, D\u00eda Internacional del Cortometraje, una fecha dedicada a reconocer la importancia de este formato cinematogr\u00e1fico.\" \/>\r\n<meta property=\"og:url\" content=\"https:\/\/blogs.uninter.edu.mx\/difusioncultural\/?p=10361\" \/>\r\n<meta property=\"og:site_name\" content=\"Difusi\u00f3n Cultural\" \/>\r\n<meta property=\"article:published_time\" content=\"2024-12-23T19:10:53+00:00\" \/>\r\n<meta property=\"article:modified_time\" content=\"2024-12-23T19:12:12+00:00\" \/>\r\n<meta property=\"og:image\" content=\"https:\/\/blogs.uninter.edu.mx\/difusioncultural\/wp-content\/uploads\/2024\/12\/Dia-internacional-del-cortometraje.png\" \/>\r\n\t<meta property=\"og:image:width\" content=\"700\" \/>\r\n\t<meta property=\"og:image:height\" content=\"394\" \/>\r\n\t<meta property=\"og:image:type\" content=\"image\/png\" \/>\r\n<meta name=\"author\" content=\"Aslhey Alejandra Gonz\u00e1lez Castro\" \/>\r\n<meta name=\"twitter:card\" content=\"summary_large_image\" \/>\r\n<meta name=\"twitter:label1\" content=\"Escrito por\" \/>\n\t<meta name=\"twitter:data1\" content=\"Aslhey Alejandra Gonz\u00e1lez Castro\" \/>\n\t<meta name=\"twitter:label2\" content=\"Tiempo de lectura\" \/>\n\t<meta name=\"twitter:data2\" content=\"3 minutos\" \/>\r\n<script type=\"application\/ld+json\" class=\"yoast-schema-graph\">{\"@context\":\"https:\/\/schema.org\",\"@graph\":[{\"@type\":\"Article\",\"@id\":\"https:\/\/blogs.uninter.edu.mx\/difusioncultural\/?p=10361#article\",\"isPartOf\":{\"@id\":\"https:\/\/blogs.uninter.edu.mx\/difusioncultural\/?p=10361\"},\"author\":{\"name\":\"Aslhey Alejandra Gonz\u00e1lez Castro\",\"@id\":\"https:\/\/blogs.uninter.edu.mx\/difusioncultural\/#\/schema\/person\/c710e37686022500827405824a08a18c\"},\"headline\":\"D\u00eda Internacional del Cortometraje\",\"datePublished\":\"2024-12-23T19:10:53+00:00\",\"dateModified\":\"2024-12-23T19:12:12+00:00\",\"mainEntityOfPage\":{\"@id\":\"https:\/\/blogs.uninter.edu.mx\/difusioncultural\/?p=10361\"},\"wordCount\":516,\"commentCount\":0,\"publisher\":{\"@id\":\"https:\/\/blogs.uninter.edu.mx\/difusioncultural\/#organization\"},\"image\":{\"@id\":\"https:\/\/blogs.uninter.edu.mx\/difusioncultural\/?p=10361#primaryimage\"},\"thumbnailUrl\":\"https:\/\/blogs.uninter.edu.mx\/difusioncultural\/wp-content\/uploads\/2024\/12\/Dia-internacional-del-cortometraje.png\",\"keywords\":[\"cine\",\"cortometraje\",\"cultura\",\"difusi\u00f3n cultural\",\"historia\"],\"articleSection\":[\"Eventos P\u00fablicos\",\"noticias\"],\"inLanguage\":\"es\",\"potentialAction\":[{\"@type\":\"CommentAction\",\"name\":\"Comment\",\"target\":[\"https:\/\/blogs.uninter.edu.mx\/difusioncultural\/?p=10361#respond\"]}]},{\"@type\":\"WebPage\",\"@id\":\"https:\/\/blogs.uninter.edu.mx\/difusioncultural\/?p=10361\",\"url\":\"https:\/\/blogs.uninter.edu.mx\/difusioncultural\/?p=10361\",\"name\":\"D\u00eda Internacional del Cortometraje - Difusi\u00f3n Cultural\",\"isPartOf\":{\"@id\":\"https:\/\/blogs.uninter.edu.mx\/difusioncultural\/#website\"},\"primaryImageOfPage\":{\"@id\":\"https:\/\/blogs.uninter.edu.mx\/difusioncultural\/?p=10361#primaryimage\"},\"image\":{\"@id\":\"https:\/\/blogs.uninter.edu.mx\/difusioncultural\/?p=10361#primaryimage\"},\"thumbnailUrl\":\"https:\/\/blogs.uninter.edu.mx\/difusioncultural\/wp-content\/uploads\/2024\/12\/Dia-internacional-del-cortometraje.png\",\"datePublished\":\"2024-12-23T19:10:53+00:00\",\"dateModified\":\"2024-12-23T19:12:12+00:00\",\"description\":\"21 de diciembre, D\u00eda Internacional del Cortometraje, una fecha dedicada a reconocer la importancia de este formato cinematogr\u00e1fico.\",\"breadcrumb\":{\"@id\":\"https:\/\/blogs.uninter.edu.mx\/difusioncultural\/?p=10361#breadcrumb\"},\"inLanguage\":\"es\",\"potentialAction\":[{\"@type\":\"ReadAction\",\"target\":[\"https:\/\/blogs.uninter.edu.mx\/difusioncultural\/?p=10361\"]}]},{\"@type\":\"ImageObject\",\"inLanguage\":\"es\",\"@id\":\"https:\/\/blogs.uninter.edu.mx\/difusioncultural\/?p=10361#primaryimage\",\"url\":\"https:\/\/blogs.uninter.edu.mx\/difusioncultural\/wp-content\/uploads\/2024\/12\/Dia-internacional-del-cortometraje.png\",\"contentUrl\":\"https:\/\/blogs.uninter.edu.mx\/difusioncultural\/wp-content\/uploads\/2024\/12\/Dia-internacional-del-cortometraje.png\",\"width\":1920,\"height\":1080},{\"@type\":\"BreadcrumbList\",\"@id\":\"https:\/\/blogs.uninter.edu.mx\/difusioncultural\/?p=10361#breadcrumb\",\"itemListElement\":[{\"@type\":\"ListItem\",\"position\":1,\"name\":\"Inicio\",\"item\":\"https:\/\/blogs.uninter.edu.mx\/difusioncultural\/\"},{\"@type\":\"ListItem\",\"position\":2,\"name\":\"D\u00eda Internacional del Cortometraje\"}]},{\"@type\":\"WebSite\",\"@id\":\"https:\/\/blogs.uninter.edu.mx\/difusioncultural\/#website\",\"url\":\"https:\/\/blogs.uninter.edu.mx\/difusioncultural\/\",\"name\":\"Difusi\u00f3n Cultural\",\"description\":\"UNINTER\",\"publisher\":{\"@id\":\"https:\/\/blogs.uninter.edu.mx\/difusioncultural\/#organization\"},\"potentialAction\":[{\"@type\":\"SearchAction\",\"target\":{\"@type\":\"EntryPoint\",\"urlTemplate\":\"https:\/\/blogs.uninter.edu.mx\/difusioncultural\/?s={search_term_string}\"},\"query-input\":{\"@type\":\"PropertyValueSpecification\",\"valueRequired\":true,\"valueName\":\"search_term_string\"}}],\"inLanguage\":\"es\"},{\"@type\":\"Organization\",\"@id\":\"https:\/\/blogs.uninter.edu.mx\/difusioncultural\/#organization\",\"name\":\"Difusi\u00f3n Cultural\",\"url\":\"https:\/\/blogs.uninter.edu.mx\/difusioncultural\/\",\"logo\":{\"@type\":\"ImageObject\",\"inLanguage\":\"es\",\"@id\":\"https:\/\/blogs.uninter.edu.mx\/difusioncultural\/#\/schema\/logo\/image\/\",\"url\":\"https:\/\/blogs.uninter.edu.mx\/difusioncultural\/wp-content\/uploads\/2022\/09\/uninter.jpg\",\"contentUrl\":\"https:\/\/blogs.uninter.edu.mx\/difusioncultural\/wp-content\/uploads\/2022\/09\/uninter.jpg\",\"width\":2048,\"height\":2048,\"caption\":\"Difusi\u00f3n Cultural\"},\"image\":{\"@id\":\"https:\/\/blogs.uninter.edu.mx\/difusioncultural\/#\/schema\/logo\/image\/\"}},{\"@type\":\"Person\",\"@id\":\"https:\/\/blogs.uninter.edu.mx\/difusioncultural\/#\/schema\/person\/c710e37686022500827405824a08a18c\",\"name\":\"Aslhey Alejandra Gonz\u00e1lez Castro\",\"image\":{\"@type\":\"ImageObject\",\"inLanguage\":\"es\",\"@id\":\"https:\/\/blogs.uninter.edu.mx\/difusioncultural\/#\/schema\/person\/image\/\",\"url\":\"https:\/\/secure.gravatar.com\/avatar\/1905d6ed47b47ccbfb53e4b64f72f2017309e25d96ef418088d4f998ecf6552e?s=96&d=mm&r=g\",\"contentUrl\":\"https:\/\/secure.gravatar.com\/avatar\/1905d6ed47b47ccbfb53e4b64f72f2017309e25d96ef418088d4f998ecf6552e?s=96&d=mm&r=g\",\"caption\":\"Aslhey Alejandra Gonz\u00e1lez Castro\"},\"url\":\"https:\/\/blogs.uninter.edu.mx\/difusioncultural\/?author=24\"}]}<\/script>\r\n<!-- \/ Yoast SEO plugin. -->","yoast_head_json":{"title":"D\u00eda Internacional del Cortometraje - Difusi\u00f3n Cultural","description":"21 de diciembre, D\u00eda Internacional del Cortometraje, una fecha dedicada a reconocer la importancia de este formato cinematogr\u00e1fico.","robots":{"index":"index","follow":"follow","max-snippet":"max-snippet:-1","max-image-preview":"max-image-preview:large","max-video-preview":"max-video-preview:-1"},"canonical":"https:\/\/blogs.uninter.edu.mx\/difusioncultural\/?p=10361","og_locale":"es_MX","og_type":"article","og_title":"D\u00eda Internacional del Cortometraje - Difusi\u00f3n Cultural","og_description":"21 de diciembre, D\u00eda Internacional del Cortometraje, una fecha dedicada a reconocer la importancia de este formato cinematogr\u00e1fico.","og_url":"https:\/\/blogs.uninter.edu.mx\/difusioncultural\/?p=10361","og_site_name":"Difusi\u00f3n Cultural","article_published_time":"2024-12-23T19:10:53+00:00","article_modified_time":"2024-12-23T19:12:12+00:00","og_image":[{"url":"https:\/\/blogs.uninter.edu.mx\/difusioncultural\/wp-content\/uploads\/2024\/12\/Dia-internacional-del-cortometraje.png","width":700,"height":394,"type":"image\/png"}],"author":"Aslhey Alejandra Gonz\u00e1lez Castro","twitter_card":"summary_large_image","twitter_misc":{"Escrito por":"Aslhey Alejandra Gonz\u00e1lez Castro","Tiempo de lectura":"3 minutos"},"schema":{"@context":"https:\/\/schema.org","@graph":[{"@type":"Article","@id":"https:\/\/blogs.uninter.edu.mx\/difusioncultural\/?p=10361#article","isPartOf":{"@id":"https:\/\/blogs.uninter.edu.mx\/difusioncultural\/?p=10361"},"author":{"name":"Aslhey Alejandra Gonz\u00e1lez Castro","@id":"https:\/\/blogs.uninter.edu.mx\/difusioncultural\/#\/schema\/person\/c710e37686022500827405824a08a18c"},"headline":"D\u00eda Internacional del Cortometraje","datePublished":"2024-12-23T19:10:53+00:00","dateModified":"2024-12-23T19:12:12+00:00","mainEntityOfPage":{"@id":"https:\/\/blogs.uninter.edu.mx\/difusioncultural\/?p=10361"},"wordCount":516,"commentCount":0,"publisher":{"@id":"https:\/\/blogs.uninter.edu.mx\/difusioncultural\/#organization"},"image":{"@id":"https:\/\/blogs.uninter.edu.mx\/difusioncultural\/?p=10361#primaryimage"},"thumbnailUrl":"https:\/\/blogs.uninter.edu.mx\/difusioncultural\/wp-content\/uploads\/2024\/12\/Dia-internacional-del-cortometraje.png","keywords":["cine","cortometraje","cultura","difusi\u00f3n cultural","historia"],"articleSection":["Eventos P\u00fablicos","noticias"],"inLanguage":"es","potentialAction":[{"@type":"CommentAction","name":"Comment","target":["https:\/\/blogs.uninter.edu.mx\/difusioncultural\/?p=10361#respond"]}]},{"@type":"WebPage","@id":"https:\/\/blogs.uninter.edu.mx\/difusioncultural\/?p=10361","url":"https:\/\/blogs.uninter.edu.mx\/difusioncultural\/?p=10361","name":"D\u00eda Internacional del Cortometraje - Difusi\u00f3n Cultural","isPartOf":{"@id":"https:\/\/blogs.uninter.edu.mx\/difusioncultural\/#website"},"primaryImageOfPage":{"@id":"https:\/\/blogs.uninter.edu.mx\/difusioncultural\/?p=10361#primaryimage"},"image":{"@id":"https:\/\/blogs.uninter.edu.mx\/difusioncultural\/?p=10361#primaryimage"},"thumbnailUrl":"https:\/\/blogs.uninter.edu.mx\/difusioncultural\/wp-content\/uploads\/2024\/12\/Dia-internacional-del-cortometraje.png","datePublished":"2024-12-23T19:10:53+00:00","dateModified":"2024-12-23T19:12:12+00:00","description":"21 de diciembre, D\u00eda Internacional del Cortometraje, una fecha dedicada a reconocer la importancia de este formato cinematogr\u00e1fico.","breadcrumb":{"@id":"https:\/\/blogs.uninter.edu.mx\/difusioncultural\/?p=10361#breadcrumb"},"inLanguage":"es","potentialAction":[{"@type":"ReadAction","target":["https:\/\/blogs.uninter.edu.mx\/difusioncultural\/?p=10361"]}]},{"@type":"ImageObject","inLanguage":"es","@id":"https:\/\/blogs.uninter.edu.mx\/difusioncultural\/?p=10361#primaryimage","url":"https:\/\/blogs.uninter.edu.mx\/difusioncultural\/wp-content\/uploads\/2024\/12\/Dia-internacional-del-cortometraje.png","contentUrl":"https:\/\/blogs.uninter.edu.mx\/difusioncultural\/wp-content\/uploads\/2024\/12\/Dia-internacional-del-cortometraje.png","width":1920,"height":1080},{"@type":"BreadcrumbList","@id":"https:\/\/blogs.uninter.edu.mx\/difusioncultural\/?p=10361#breadcrumb","itemListElement":[{"@type":"ListItem","position":1,"name":"Inicio","item":"https:\/\/blogs.uninter.edu.mx\/difusioncultural\/"},{"@type":"ListItem","position":2,"name":"D\u00eda Internacional del Cortometraje"}]},{"@type":"WebSite","@id":"https:\/\/blogs.uninter.edu.mx\/difusioncultural\/#website","url":"https:\/\/blogs.uninter.edu.mx\/difusioncultural\/","name":"Difusi\u00f3n Cultural","description":"UNINTER","publisher":{"@id":"https:\/\/blogs.uninter.edu.mx\/difusioncultural\/#organization"},"potentialAction":[{"@type":"SearchAction","target":{"@type":"EntryPoint","urlTemplate":"https:\/\/blogs.uninter.edu.mx\/difusioncultural\/?s={search_term_string}"},"query-input":{"@type":"PropertyValueSpecification","valueRequired":true,"valueName":"search_term_string"}}],"inLanguage":"es"},{"@type":"Organization","@id":"https:\/\/blogs.uninter.edu.mx\/difusioncultural\/#organization","name":"Difusi\u00f3n Cultural","url":"https:\/\/blogs.uninter.edu.mx\/difusioncultural\/","logo":{"@type":"ImageObject","inLanguage":"es","@id":"https:\/\/blogs.uninter.edu.mx\/difusioncultural\/#\/schema\/logo\/image\/","url":"https:\/\/blogs.uninter.edu.mx\/difusioncultural\/wp-content\/uploads\/2022\/09\/uninter.jpg","contentUrl":"https:\/\/blogs.uninter.edu.mx\/difusioncultural\/wp-content\/uploads\/2022\/09\/uninter.jpg","width":2048,"height":2048,"caption":"Difusi\u00f3n Cultural"},"image":{"@id":"https:\/\/blogs.uninter.edu.mx\/difusioncultural\/#\/schema\/logo\/image\/"}},{"@type":"Person","@id":"https:\/\/blogs.uninter.edu.mx\/difusioncultural\/#\/schema\/person\/c710e37686022500827405824a08a18c","name":"Aslhey Alejandra Gonz\u00e1lez Castro","image":{"@type":"ImageObject","inLanguage":"es","@id":"https:\/\/blogs.uninter.edu.mx\/difusioncultural\/#\/schema\/person\/image\/","url":"https:\/\/secure.gravatar.com\/avatar\/1905d6ed47b47ccbfb53e4b64f72f2017309e25d96ef418088d4f998ecf6552e?s=96&d=mm&r=g","contentUrl":"https:\/\/secure.gravatar.com\/avatar\/1905d6ed47b47ccbfb53e4b64f72f2017309e25d96ef418088d4f998ecf6552e?s=96&d=mm&r=g","caption":"Aslhey Alejandra Gonz\u00e1lez Castro"},"url":"https:\/\/blogs.uninter.edu.mx\/difusioncultural\/?author=24"}]}},"jetpack_publicize_connections":[],"jetpack_featured_media_url":"https:\/\/blogs.uninter.edu.mx\/difusioncultural\/wp-content\/uploads\/2024\/12\/Dia-internacional-del-cortometraje.png","jetpack_sharing_enabled":true,"_links":{"self":[{"href":"https:\/\/blogs.uninter.edu.mx\/difusioncultural\/index.php?rest_route=\/wp\/v2\/posts\/10361","targetHints":{"allow":["GET"]}}],"collection":[{"href":"https:\/\/blogs.uninter.edu.mx\/difusioncultural\/index.php?rest_route=\/wp\/v2\/posts"}],"about":[{"href":"https:\/\/blogs.uninter.edu.mx\/difusioncultural\/index.php?rest_route=\/wp\/v2\/types\/post"}],"author":[{"embeddable":true,"href":"https:\/\/blogs.uninter.edu.mx\/difusioncultural\/index.php?rest_route=\/wp\/v2\/users\/24"}],"replies":[{"embeddable":true,"href":"https:\/\/blogs.uninter.edu.mx\/difusioncultural\/index.php?rest_route=%2Fwp%2Fv2%2Fcomments&post=10361"}],"version-history":[{"count":1,"href":"https:\/\/blogs.uninter.edu.mx\/difusioncultural\/index.php?rest_route=\/wp\/v2\/posts\/10361\/revisions"}],"predecessor-version":[{"id":10363,"href":"https:\/\/blogs.uninter.edu.mx\/difusioncultural\/index.php?rest_route=\/wp\/v2\/posts\/10361\/revisions\/10363"}],"wp:featuredmedia":[{"embeddable":true,"href":"https:\/\/blogs.uninter.edu.mx\/difusioncultural\/index.php?rest_route=\/wp\/v2\/media\/10362"}],"wp:attachment":[{"href":"https:\/\/blogs.uninter.edu.mx\/difusioncultural\/index.php?rest_route=%2Fwp%2Fv2%2Fmedia&parent=10361"}],"wp:term":[{"taxonomy":"category","embeddable":true,"href":"https:\/\/blogs.uninter.edu.mx\/difusioncultural\/index.php?rest_route=%2Fwp%2Fv2%2Fcategories&post=10361"},{"taxonomy":"post_tag","embeddable":true,"href":"https:\/\/blogs.uninter.edu.mx\/difusioncultural\/index.php?rest_route=%2Fwp%2Fv2%2Ftags&post=10361"}],"curies":[{"name":"wp","href":"https:\/\/api.w.org\/{rel}","templated":true}]}}