{"id":10386,"date":"2025-01-16T10:00:00","date_gmt":"2025-01-16T10:00:00","guid":{"rendered":"https:\/\/blogs.uninter.edu.mx\/difusioncultural\/?p=10386"},"modified":"2025-01-16T00:24:56","modified_gmt":"2025-01-16T00:24:56","slug":"directores-del-cine-visual","status":"publish","type":"post","link":"https:\/\/blogs.uninter.edu.mx\/difusioncultural\/?p=10386","title":{"rendered":"Directores del Cine Visual"},"content":{"rendered":"\n<h2 class=\"wp-block-heading\"><strong>M\u00e1s All\u00e1 de la Pantalla<\/strong><\/h2>\n\n\n\n<p>La evoluci\u00f3n del cine como arte visual ha trascendido el mero entretenimiento, convirti\u00e9ndose en un poderoso veh\u00edculo de expresi\u00f3n art\u00edstica. Algunos directores han elevado sus obras a la categor\u00eda de arte puro, explorando temas complejos, experimentando con la est\u00e9tica y creando mundos imaginarios inolvidables. Este art\u00edculo explora el trabajo de algunos de estos cineastas, analizando su estilo \u00fanico, su impacto en la historia del cine como arte visual y su perdurable legado art\u00edstico.<\/p>\n\n\n\n<figure class=\"wp-block-image size-full\"><img fetchpriority=\"high\" decoding=\"async\" width=\"450\" height=\"327\" src=\"https:\/\/blogs.uninter.edu.mx\/difusioncultural\/wp-content\/uploads\/2025\/01\/imagen_2025-01-15_180306240.png\" alt=\"\" class=\"wp-image-10387\"\/><\/figure>\n\n\n\n<h2 class=\"wp-block-heading\"><strong>Stanley Kubrick<\/strong><\/h2>\n\n\n\n<p>Kubrick domin\u00f3 el cine como arte visual, reconocido por su meticulosa planificaci\u00f3n, su innovador manejo de la c\u00e1mara y su capacidad para crear im\u00e1genes ic\u00f3nicas. Pel\u00edculas como &#8220;2001: Una odisea del espacio&#8221; y &#8220;La naranja mec\u00e1nica&#8221; son ejemplos emblem\u00e1ticos de su est\u00e9tica innovadora, transportando al espectador a mundos imaginarios y cautivadores. Su dominio de la fotograf\u00eda y el dise\u00f1o de producci\u00f3n dio como resultado mundos visualmente impactantes, que se han convertido en referentes del cine de ciencia ficci\u00f3n y la est\u00e9tica futurista. Su enfoque en la composici\u00f3n y la narrativa visual lo posiciona como un pionero del cine como arte visual.<\/p>\n\n\n\n<h2 class=\"wp-block-heading\"><strong>Wes Anderson<\/strong><\/h2>\n\n\n\n<p>Anderson, un maestro del cine como arte visual, se distingue por su simetr\u00eda, sus colores vibrantes y una narrativa peculiar. Pel\u00edculas como &#8220;The Grand Budapest Hotel&#8221; y &#8220;Moonrise Kingdom&#8221; son celebraciones de la est\u00e9tica y la composici\u00f3n visual, donde la fotograf\u00eda, el dise\u00f1o de producci\u00f3n y la direcci\u00f3n de actores contribuyen a un estilo distintivo que lo ha convertido en un cineasta ic\u00f3nico. Su particular estilo visual lo ha convertido en un referente dentro del cine como arte visual.<\/p>\n\n\n\n<h2 class=\"wp-block-heading\"><strong>David Lynch<\/strong><\/h2>\n\n\n\n<p>Lynch, un explorador del cine como arte visual, es conocido por su atm\u00f3sfera surrealista, su est\u00e9tica on\u00edrica y su exploraci\u00f3n de la oscuridad humana. En pel\u00edculas como &#8220;Terciopelo azul&#8221; y &#8220;Mulholland Drive&#8221;, la mezcla de realismo y fantas\u00eda crea im\u00e1genes que perduran en la memoria del espectador. Lynch utiliza la fotograf\u00eda, la iluminaci\u00f3n y el dise\u00f1o de producci\u00f3n para generar una atm\u00f3sfera inquietante y misteriosa, que refleja la complejidad de la psique humana. Su capacidad para crear im\u00e1genes impactantes y simb\u00f3licas lo consolida como una figura clave dentro del cine como arte visual.<\/p>\n\n\n\n<h2 class=\"wp-block-heading\"><strong>El Legado<\/strong><\/h2>\n\n\n\n<p>Estos directores no solo demostraron la potencia del cine como arte visual, sino que tambi\u00e9n innovaron en su expresi\u00f3n. Su legado inspira a cineastas a explorar nuevas formas de narrar historias a trav\u00e9s de este medio, elevando a\u00fan m\u00e1s el cine como arte visual.<\/p>\n\n\n\n<p><strong><sub>Publicado por:<\/sub> <\/strong><\/p>\n\n\n\n<p>Lizeth Lara<\/p>\n\n\n\n<p><\/p>\n\n\n\n<p><strong>Tambi\u00e9n te podr\u00eda interesar:<\/strong><\/p>\n\n\n\n<p><a href=\"https:\/\/www.google.com\/url?sa=t&amp;rct=j&amp;q=&amp;esrc=s&amp;source=web&amp;cd=&amp;ved=2ahUKEwil6ZK2_PiKAxWNJUQIHQykFFsQFnoECDgQAQ&amp;url=http%3A%2F%2Fwww.cinemorelos.com%2Fhoy&amp;usg=AOvVaw33CunR9pse-QYizshYaaHi&amp;opi=89978449\">http:\/\/www.cinemorelos.com\/hoy<\/a><\/p>\n\n\n\n<figure class=\"wp-block-embed is-type-wp-embed is-provider-difusi-n-cultural wp-block-embed-difusi-n-cultural\"><div class=\"wp-block-embed__wrapper\">\n<blockquote class=\"wp-embedded-content\" data-secret=\"emxoctKpJE\"><a href=\"https:\/\/blogs.uninter.edu.mx\/difusioncultural\/index.php\/2025\/01\/15\/dia-del-compositor\/\">D\u00eda del Compositor<\/a><\/blockquote><iframe class=\"wp-embedded-content\" sandbox=\"allow-scripts\" security=\"restricted\" style=\"position: absolute; visibility: hidden;\" title=\"&#8220;D\u00eda del Compositor&#8221; &#8212; Difusi\u00f3n Cultural\" src=\"https:\/\/blogs.uninter.edu.mx\/difusioncultural\/index.php\/2025\/01\/15\/dia-del-compositor\/embed\/#?secret=FifabWYQMD#?secret=emxoctKpJE\" data-secret=\"emxoctKpJE\" width=\"600\" height=\"338\" frameborder=\"0\" marginwidth=\"0\" marginheight=\"0\" scrolling=\"no\"><\/iframe>\n<\/div><\/figure>\n","protected":false},"excerpt":{"rendered":"<p>M\u00e1s All\u00e1 de la Pantalla La evoluci\u00f3n del cine como arte visual ha trascendido el mero entretenimiento, convirti\u00e9ndose en un poderoso veh\u00edculo de expresi\u00f3n art\u00edstica. Algunos directores han elevado sus obras a la categor\u00eda de arte puro, explorando temas complejos, experimentando con la est\u00e9tica y creando mundos imaginarios inolvidables. Este art\u00edculo explora el trabajo de&hellip;<\/p>\n","protected":false},"author":24,"featured_media":10387,"comment_status":"open","ping_status":"open","sticky":false,"template":"","format":"standard","meta":{"_jetpack_memberships_contains_paid_content":false,"footnotes":"","jetpack_publicize_message":"","jetpack_publicize_feature_enabled":true,"jetpack_social_post_already_shared":true,"jetpack_social_options":{"image_generator_settings":{"template":"highway","default_image_id":0,"font":"","enabled":false},"version":2}},"categories":[2],"tags":[70,93,113],"class_list":["post-10386","post","type-post","status-publish","format-standard","has-post-thumbnail","hentry","category-actividades-artisticas-y-culturales","tag-cine","tag-cultura","tag-difusion-cultural"],"yoast_head":"<!-- This site is optimized with the Yoast SEO plugin v26.3 - https:\/\/yoast.com\/wordpress\/plugins\/seo\/ -->\r\n<title>Directores del Cine Visual - Difusi\u00f3n Cultural<\/title>\r\n<meta name=\"description\" content=\"El cine como arte visual: Explora el legado de estos directores y c\u00f3mo transformaron la historia del cine con su est\u00e9tica \u00fanica.\" \/>\r\n<meta name=\"robots\" content=\"index, follow, max-snippet:-1, max-image-preview:large, max-video-preview:-1\" \/>\r\n<link rel=\"canonical\" href=\"https:\/\/blogs.uninter.edu.mx\/difusioncultural\/?p=10386\" \/>\r\n<meta property=\"og:locale\" content=\"es_MX\" \/>\r\n<meta property=\"og:type\" content=\"article\" \/>\r\n<meta property=\"og:title\" content=\"Directores del Cine Visual - Difusi\u00f3n Cultural\" \/>\r\n<meta property=\"og:description\" content=\"El cine como arte visual: Explora el legado de estos directores y c\u00f3mo transformaron la historia del cine con su est\u00e9tica \u00fanica.\" \/>\r\n<meta property=\"og:url\" content=\"https:\/\/blogs.uninter.edu.mx\/difusioncultural\/?p=10386\" \/>\r\n<meta property=\"og:site_name\" content=\"Difusi\u00f3n Cultural\" \/>\r\n<meta property=\"article:published_time\" content=\"2025-01-16T10:00:00+00:00\" \/>\r\n<meta property=\"og:image\" content=\"https:\/\/blogs.uninter.edu.mx\/difusioncultural\/wp-content\/uploads\/2025\/01\/imagen_2025-01-15_180306240.png\" \/>\r\n\t<meta property=\"og:image:width\" content=\"450\" \/>\r\n\t<meta property=\"og:image:height\" content=\"327\" \/>\r\n\t<meta property=\"og:image:type\" content=\"image\/png\" \/>\r\n<meta name=\"author\" content=\"Aslhey Alejandra Gonz\u00e1lez Castro\" \/>\r\n<meta name=\"twitter:card\" content=\"summary_large_image\" \/>\r\n<meta name=\"twitter:label1\" content=\"Escrito por\" \/>\n\t<meta name=\"twitter:data1\" content=\"Aslhey Alejandra Gonz\u00e1lez Castro\" \/>\n\t<meta name=\"twitter:label2\" content=\"Tiempo de lectura\" \/>\n\t<meta name=\"twitter:data2\" content=\"3 minutos\" \/>\r\n<script type=\"application\/ld+json\" class=\"yoast-schema-graph\">{\"@context\":\"https:\/\/schema.org\",\"@graph\":[{\"@type\":\"Article\",\"@id\":\"https:\/\/blogs.uninter.edu.mx\/difusioncultural\/?p=10386#article\",\"isPartOf\":{\"@id\":\"https:\/\/blogs.uninter.edu.mx\/difusioncultural\/?p=10386\"},\"author\":{\"name\":\"Aslhey Alejandra Gonz\u00e1lez Castro\",\"@id\":\"https:\/\/blogs.uninter.edu.mx\/difusioncultural\/#\/schema\/person\/c710e37686022500827405824a08a18c\"},\"headline\":\"Directores del Cine Visual\",\"datePublished\":\"2025-01-16T10:00:00+00:00\",\"mainEntityOfPage\":{\"@id\":\"https:\/\/blogs.uninter.edu.mx\/difusioncultural\/?p=10386\"},\"wordCount\":482,\"commentCount\":0,\"publisher\":{\"@id\":\"https:\/\/blogs.uninter.edu.mx\/difusioncultural\/#organization\"},\"image\":{\"@id\":\"https:\/\/blogs.uninter.edu.mx\/difusioncultural\/?p=10386#primaryimage\"},\"thumbnailUrl\":\"https:\/\/blogs.uninter.edu.mx\/difusioncultural\/wp-content\/uploads\/2025\/01\/imagen_2025-01-15_180306240.png\",\"keywords\":[\"cine\",\"cultura\",\"difusi\u00f3n cultural\"],\"articleSection\":[\"Actividades Art\u00edsticas y Culturales\"],\"inLanguage\":\"es\",\"potentialAction\":[{\"@type\":\"CommentAction\",\"name\":\"Comment\",\"target\":[\"https:\/\/blogs.uninter.edu.mx\/difusioncultural\/?p=10386#respond\"]}]},{\"@type\":\"WebPage\",\"@id\":\"https:\/\/blogs.uninter.edu.mx\/difusioncultural\/?p=10386\",\"url\":\"https:\/\/blogs.uninter.edu.mx\/difusioncultural\/?p=10386\",\"name\":\"Directores del Cine Visual - Difusi\u00f3n Cultural\",\"isPartOf\":{\"@id\":\"https:\/\/blogs.uninter.edu.mx\/difusioncultural\/#website\"},\"primaryImageOfPage\":{\"@id\":\"https:\/\/blogs.uninter.edu.mx\/difusioncultural\/?p=10386#primaryimage\"},\"image\":{\"@id\":\"https:\/\/blogs.uninter.edu.mx\/difusioncultural\/?p=10386#primaryimage\"},\"thumbnailUrl\":\"https:\/\/blogs.uninter.edu.mx\/difusioncultural\/wp-content\/uploads\/2025\/01\/imagen_2025-01-15_180306240.png\",\"datePublished\":\"2025-01-16T10:00:00+00:00\",\"description\":\"El cine como arte visual: Explora el legado de estos directores y c\u00f3mo transformaron la historia del cine con su est\u00e9tica \u00fanica.\",\"breadcrumb\":{\"@id\":\"https:\/\/blogs.uninter.edu.mx\/difusioncultural\/?p=10386#breadcrumb\"},\"inLanguage\":\"es\",\"potentialAction\":[{\"@type\":\"ReadAction\",\"target\":[\"https:\/\/blogs.uninter.edu.mx\/difusioncultural\/?p=10386\"]}]},{\"@type\":\"ImageObject\",\"inLanguage\":\"es\",\"@id\":\"https:\/\/blogs.uninter.edu.mx\/difusioncultural\/?p=10386#primaryimage\",\"url\":\"https:\/\/blogs.uninter.edu.mx\/difusioncultural\/wp-content\/uploads\/2025\/01\/imagen_2025-01-15_180306240.png\",\"contentUrl\":\"https:\/\/blogs.uninter.edu.mx\/difusioncultural\/wp-content\/uploads\/2025\/01\/imagen_2025-01-15_180306240.png\",\"width\":450,\"height\":327,\"caption\":\"Cine visual\"},{\"@type\":\"BreadcrumbList\",\"@id\":\"https:\/\/blogs.uninter.edu.mx\/difusioncultural\/?p=10386#breadcrumb\",\"itemListElement\":[{\"@type\":\"ListItem\",\"position\":1,\"name\":\"Inicio\",\"item\":\"https:\/\/blogs.uninter.edu.mx\/difusioncultural\/\"},{\"@type\":\"ListItem\",\"position\":2,\"name\":\"Directores del Cine Visual\"}]},{\"@type\":\"WebSite\",\"@id\":\"https:\/\/blogs.uninter.edu.mx\/difusioncultural\/#website\",\"url\":\"https:\/\/blogs.uninter.edu.mx\/difusioncultural\/\",\"name\":\"Difusi\u00f3n Cultural\",\"description\":\"UNINTER\",\"publisher\":{\"@id\":\"https:\/\/blogs.uninter.edu.mx\/difusioncultural\/#organization\"},\"potentialAction\":[{\"@type\":\"SearchAction\",\"target\":{\"@type\":\"EntryPoint\",\"urlTemplate\":\"https:\/\/blogs.uninter.edu.mx\/difusioncultural\/?s={search_term_string}\"},\"query-input\":{\"@type\":\"PropertyValueSpecification\",\"valueRequired\":true,\"valueName\":\"search_term_string\"}}],\"inLanguage\":\"es\"},{\"@type\":\"Organization\",\"@id\":\"https:\/\/blogs.uninter.edu.mx\/difusioncultural\/#organization\",\"name\":\"Difusi\u00f3n Cultural\",\"url\":\"https:\/\/blogs.uninter.edu.mx\/difusioncultural\/\",\"logo\":{\"@type\":\"ImageObject\",\"inLanguage\":\"es\",\"@id\":\"https:\/\/blogs.uninter.edu.mx\/difusioncultural\/#\/schema\/logo\/image\/\",\"url\":\"https:\/\/blogs.uninter.edu.mx\/difusioncultural\/wp-content\/uploads\/2022\/09\/uninter.jpg\",\"contentUrl\":\"https:\/\/blogs.uninter.edu.mx\/difusioncultural\/wp-content\/uploads\/2022\/09\/uninter.jpg\",\"width\":2048,\"height\":2048,\"caption\":\"Difusi\u00f3n Cultural\"},\"image\":{\"@id\":\"https:\/\/blogs.uninter.edu.mx\/difusioncultural\/#\/schema\/logo\/image\/\"}},{\"@type\":\"Person\",\"@id\":\"https:\/\/blogs.uninter.edu.mx\/difusioncultural\/#\/schema\/person\/c710e37686022500827405824a08a18c\",\"name\":\"Aslhey Alejandra Gonz\u00e1lez Castro\",\"image\":{\"@type\":\"ImageObject\",\"inLanguage\":\"es\",\"@id\":\"https:\/\/blogs.uninter.edu.mx\/difusioncultural\/#\/schema\/person\/image\/\",\"url\":\"https:\/\/secure.gravatar.com\/avatar\/1905d6ed47b47ccbfb53e4b64f72f2017309e25d96ef418088d4f998ecf6552e?s=96&d=mm&r=g\",\"contentUrl\":\"https:\/\/secure.gravatar.com\/avatar\/1905d6ed47b47ccbfb53e4b64f72f2017309e25d96ef418088d4f998ecf6552e?s=96&d=mm&r=g\",\"caption\":\"Aslhey Alejandra Gonz\u00e1lez Castro\"},\"url\":\"https:\/\/blogs.uninter.edu.mx\/difusioncultural\/?author=24\"}]}<\/script>\r\n<!-- \/ Yoast SEO plugin. -->","yoast_head_json":{"title":"Directores del Cine Visual - Difusi\u00f3n Cultural","description":"El cine como arte visual: Explora el legado de estos directores y c\u00f3mo transformaron la historia del cine con su est\u00e9tica \u00fanica.","robots":{"index":"index","follow":"follow","max-snippet":"max-snippet:-1","max-image-preview":"max-image-preview:large","max-video-preview":"max-video-preview:-1"},"canonical":"https:\/\/blogs.uninter.edu.mx\/difusioncultural\/?p=10386","og_locale":"es_MX","og_type":"article","og_title":"Directores del Cine Visual - Difusi\u00f3n Cultural","og_description":"El cine como arte visual: Explora el legado de estos directores y c\u00f3mo transformaron la historia del cine con su est\u00e9tica \u00fanica.","og_url":"https:\/\/blogs.uninter.edu.mx\/difusioncultural\/?p=10386","og_site_name":"Difusi\u00f3n Cultural","article_published_time":"2025-01-16T10:00:00+00:00","og_image":[{"width":450,"height":327,"url":"https:\/\/blogs.uninter.edu.mx\/difusioncultural\/wp-content\/uploads\/2025\/01\/imagen_2025-01-15_180306240.png","type":"image\/png"}],"author":"Aslhey Alejandra Gonz\u00e1lez Castro","twitter_card":"summary_large_image","twitter_misc":{"Escrito por":"Aslhey Alejandra Gonz\u00e1lez Castro","Tiempo de lectura":"3 minutos"},"schema":{"@context":"https:\/\/schema.org","@graph":[{"@type":"Article","@id":"https:\/\/blogs.uninter.edu.mx\/difusioncultural\/?p=10386#article","isPartOf":{"@id":"https:\/\/blogs.uninter.edu.mx\/difusioncultural\/?p=10386"},"author":{"name":"Aslhey Alejandra Gonz\u00e1lez Castro","@id":"https:\/\/blogs.uninter.edu.mx\/difusioncultural\/#\/schema\/person\/c710e37686022500827405824a08a18c"},"headline":"Directores del Cine Visual","datePublished":"2025-01-16T10:00:00+00:00","mainEntityOfPage":{"@id":"https:\/\/blogs.uninter.edu.mx\/difusioncultural\/?p=10386"},"wordCount":482,"commentCount":0,"publisher":{"@id":"https:\/\/blogs.uninter.edu.mx\/difusioncultural\/#organization"},"image":{"@id":"https:\/\/blogs.uninter.edu.mx\/difusioncultural\/?p=10386#primaryimage"},"thumbnailUrl":"https:\/\/blogs.uninter.edu.mx\/difusioncultural\/wp-content\/uploads\/2025\/01\/imagen_2025-01-15_180306240.png","keywords":["cine","cultura","difusi\u00f3n cultural"],"articleSection":["Actividades Art\u00edsticas y Culturales"],"inLanguage":"es","potentialAction":[{"@type":"CommentAction","name":"Comment","target":["https:\/\/blogs.uninter.edu.mx\/difusioncultural\/?p=10386#respond"]}]},{"@type":"WebPage","@id":"https:\/\/blogs.uninter.edu.mx\/difusioncultural\/?p=10386","url":"https:\/\/blogs.uninter.edu.mx\/difusioncultural\/?p=10386","name":"Directores del Cine Visual - Difusi\u00f3n Cultural","isPartOf":{"@id":"https:\/\/blogs.uninter.edu.mx\/difusioncultural\/#website"},"primaryImageOfPage":{"@id":"https:\/\/blogs.uninter.edu.mx\/difusioncultural\/?p=10386#primaryimage"},"image":{"@id":"https:\/\/blogs.uninter.edu.mx\/difusioncultural\/?p=10386#primaryimage"},"thumbnailUrl":"https:\/\/blogs.uninter.edu.mx\/difusioncultural\/wp-content\/uploads\/2025\/01\/imagen_2025-01-15_180306240.png","datePublished":"2025-01-16T10:00:00+00:00","description":"El cine como arte visual: Explora el legado de estos directores y c\u00f3mo transformaron la historia del cine con su est\u00e9tica \u00fanica.","breadcrumb":{"@id":"https:\/\/blogs.uninter.edu.mx\/difusioncultural\/?p=10386#breadcrumb"},"inLanguage":"es","potentialAction":[{"@type":"ReadAction","target":["https:\/\/blogs.uninter.edu.mx\/difusioncultural\/?p=10386"]}]},{"@type":"ImageObject","inLanguage":"es","@id":"https:\/\/blogs.uninter.edu.mx\/difusioncultural\/?p=10386#primaryimage","url":"https:\/\/blogs.uninter.edu.mx\/difusioncultural\/wp-content\/uploads\/2025\/01\/imagen_2025-01-15_180306240.png","contentUrl":"https:\/\/blogs.uninter.edu.mx\/difusioncultural\/wp-content\/uploads\/2025\/01\/imagen_2025-01-15_180306240.png","width":450,"height":327,"caption":"Cine visual"},{"@type":"BreadcrumbList","@id":"https:\/\/blogs.uninter.edu.mx\/difusioncultural\/?p=10386#breadcrumb","itemListElement":[{"@type":"ListItem","position":1,"name":"Inicio","item":"https:\/\/blogs.uninter.edu.mx\/difusioncultural\/"},{"@type":"ListItem","position":2,"name":"Directores del Cine Visual"}]},{"@type":"WebSite","@id":"https:\/\/blogs.uninter.edu.mx\/difusioncultural\/#website","url":"https:\/\/blogs.uninter.edu.mx\/difusioncultural\/","name":"Difusi\u00f3n Cultural","description":"UNINTER","publisher":{"@id":"https:\/\/blogs.uninter.edu.mx\/difusioncultural\/#organization"},"potentialAction":[{"@type":"SearchAction","target":{"@type":"EntryPoint","urlTemplate":"https:\/\/blogs.uninter.edu.mx\/difusioncultural\/?s={search_term_string}"},"query-input":{"@type":"PropertyValueSpecification","valueRequired":true,"valueName":"search_term_string"}}],"inLanguage":"es"},{"@type":"Organization","@id":"https:\/\/blogs.uninter.edu.mx\/difusioncultural\/#organization","name":"Difusi\u00f3n Cultural","url":"https:\/\/blogs.uninter.edu.mx\/difusioncultural\/","logo":{"@type":"ImageObject","inLanguage":"es","@id":"https:\/\/blogs.uninter.edu.mx\/difusioncultural\/#\/schema\/logo\/image\/","url":"https:\/\/blogs.uninter.edu.mx\/difusioncultural\/wp-content\/uploads\/2022\/09\/uninter.jpg","contentUrl":"https:\/\/blogs.uninter.edu.mx\/difusioncultural\/wp-content\/uploads\/2022\/09\/uninter.jpg","width":2048,"height":2048,"caption":"Difusi\u00f3n Cultural"},"image":{"@id":"https:\/\/blogs.uninter.edu.mx\/difusioncultural\/#\/schema\/logo\/image\/"}},{"@type":"Person","@id":"https:\/\/blogs.uninter.edu.mx\/difusioncultural\/#\/schema\/person\/c710e37686022500827405824a08a18c","name":"Aslhey Alejandra Gonz\u00e1lez Castro","image":{"@type":"ImageObject","inLanguage":"es","@id":"https:\/\/blogs.uninter.edu.mx\/difusioncultural\/#\/schema\/person\/image\/","url":"https:\/\/secure.gravatar.com\/avatar\/1905d6ed47b47ccbfb53e4b64f72f2017309e25d96ef418088d4f998ecf6552e?s=96&d=mm&r=g","contentUrl":"https:\/\/secure.gravatar.com\/avatar\/1905d6ed47b47ccbfb53e4b64f72f2017309e25d96ef418088d4f998ecf6552e?s=96&d=mm&r=g","caption":"Aslhey Alejandra Gonz\u00e1lez Castro"},"url":"https:\/\/blogs.uninter.edu.mx\/difusioncultural\/?author=24"}]}},"jetpack_publicize_connections":[],"jetpack_featured_media_url":"https:\/\/blogs.uninter.edu.mx\/difusioncultural\/wp-content\/uploads\/2025\/01\/imagen_2025-01-15_180306240.png","jetpack_sharing_enabled":true,"_links":{"self":[{"href":"https:\/\/blogs.uninter.edu.mx\/difusioncultural\/index.php?rest_route=\/wp\/v2\/posts\/10386","targetHints":{"allow":["GET"]}}],"collection":[{"href":"https:\/\/blogs.uninter.edu.mx\/difusioncultural\/index.php?rest_route=\/wp\/v2\/posts"}],"about":[{"href":"https:\/\/blogs.uninter.edu.mx\/difusioncultural\/index.php?rest_route=\/wp\/v2\/types\/post"}],"author":[{"embeddable":true,"href":"https:\/\/blogs.uninter.edu.mx\/difusioncultural\/index.php?rest_route=\/wp\/v2\/users\/24"}],"replies":[{"embeddable":true,"href":"https:\/\/blogs.uninter.edu.mx\/difusioncultural\/index.php?rest_route=%2Fwp%2Fv2%2Fcomments&post=10386"}],"version-history":[{"count":2,"href":"https:\/\/blogs.uninter.edu.mx\/difusioncultural\/index.php?rest_route=\/wp\/v2\/posts\/10386\/revisions"}],"predecessor-version":[{"id":10389,"href":"https:\/\/blogs.uninter.edu.mx\/difusioncultural\/index.php?rest_route=\/wp\/v2\/posts\/10386\/revisions\/10389"}],"wp:featuredmedia":[{"embeddable":true,"href":"https:\/\/blogs.uninter.edu.mx\/difusioncultural\/index.php?rest_route=\/wp\/v2\/media\/10387"}],"wp:attachment":[{"href":"https:\/\/blogs.uninter.edu.mx\/difusioncultural\/index.php?rest_route=%2Fwp%2Fv2%2Fmedia&parent=10386"}],"wp:term":[{"taxonomy":"category","embeddable":true,"href":"https:\/\/blogs.uninter.edu.mx\/difusioncultural\/index.php?rest_route=%2Fwp%2Fv2%2Fcategories&post=10386"},{"taxonomy":"post_tag","embeddable":true,"href":"https:\/\/blogs.uninter.edu.mx\/difusioncultural\/index.php?rest_route=%2Fwp%2Fv2%2Ftags&post=10386"}],"curies":[{"name":"wp","href":"https:\/\/api.w.org\/{rel}","templated":true}]}}