{"id":10394,"date":"2025-02-20T10:00:00","date_gmt":"2025-02-20T10:00:00","guid":{"rendered":"https:\/\/blogs.uninter.edu.mx\/difusioncultural\/?p=10394"},"modified":"2025-02-18T15:23:36","modified_gmt":"2025-02-18T15:23:36","slug":"el_muralismo_mexicano","status":"publish","type":"post","link":"https:\/\/blogs.uninter.edu.mx\/difusioncultural\/?p=10394","title":{"rendered":"El Muralismo Mexicano"},"content":{"rendered":"\n<h3 class=\"wp-block-heading\">Un Legado de Arte y Revoluci\u00f3n<\/h3>\n\n\n\n<p>El muralismo mexicano, un movimiento art\u00edstico que floreci\u00f3 en M\u00e9xico durante la primera mitad del siglo XX, representa mucho m\u00e1s que una simple corriente est\u00e9tica. Es un testimonio v\u00edvido de la historia, la cultura y la identidad nacional de M\u00e9xico, \u00edntimamente ligado a la Revoluci\u00f3n Mexicana y a la b\u00fasqueda de una nueva identidad nacional. A trav\u00e9s de imponentes obras que adornan edificios p\u00fablicos y espacios urbanos, los muralistas mexicanos plasmaron sus ideales sociales, pol\u00edticos y culturales, dejando un legado perdurable en el arte y la conciencia colectiva.<\/p>\n\n\n\n<figure class=\"wp-block-gallery has-nested-images columns-default is-cropped wp-block-gallery-1 is-layout-flex wp-block-gallery-is-layout-flex\">\n<figure class=\"wp-block-image size-large\"><img fetchpriority=\"high\" decoding=\"async\" width=\"1200\" height=\"800\" data-id=\"10395\" src=\"https:\/\/blogs.uninter.edu.mx\/difusioncultural\/wp-content\/uploads\/2025\/01\/imagen_2025-01-28_013844401.png\" alt=\"\" class=\"wp-image-10395\"\/><figcaption class=\"wp-element-caption\"><em>Foto: Cortes\u00eda Movimiento Muralista Arte Zinek<\/em><\/figcaption><\/figure>\n<\/figure>\n\n\n\n<h3 class=\"wp-block-heading\">Los Gigantes del Muralismo: Diego Rivera, Jos\u00e9 Clemente Orozco y David Alfaro Siqueiros<\/h3>\n\n\n\n<p>El movimiento del muralismo mexicano est\u00e1 indisolublemente ligado a tres figuras gigantescas: Diego Rivera, Jos\u00e9 Clemente Orozco y David Alfaro Siqueiros. Cada uno, con su estilo \u00fanico y su perspectiva particular, contribuy\u00f3 a definir la est\u00e9tica y la ideolog\u00eda del muralismo.<\/p>\n\n\n\n<ul class=\"wp-block-list\">\n<li><strong>Diego Rivera:<\/strong>&nbsp;Conocido por su estilo vibrante y narrativo, Rivera plasm\u00f3 en sus murales escenas de la vida cotidiana mexicana, celebrando la cultura popular y la historia del pa\u00eds. Sus obras a menudo reflejan un mensaje pol\u00edtico de izquierda, exaltando la lucha de los trabajadores y el ideal revolucionario.<\/li>\n\n\n\n<li><strong>Jos\u00e9 Clemente Orozco:<\/strong>&nbsp;Orozco, con un estilo m\u00e1s sombr\u00edo y expresionista, abord\u00f3 temas de la condici\u00f3n humana, la violencia y la cr\u00edtica social. Sus murales transmiten una profunda reflexi\u00f3n sobre la historia de M\u00e9xico y la compleja realidad social de su tiempo.<\/li>\n\n\n\n<li><strong>David Alfaro Siqueiros:<\/strong>&nbsp;Siqueiros, un artista comprometido con la revoluci\u00f3n y el movimiento social, desarroll\u00f3 un estilo din\u00e1mico y experimental, utilizando t\u00e9cnicas innovadoras y materiales diversos en sus murales. Sus obras reflejan un fuerte compromiso pol\u00edtico y una visi\u00f3n revolucionaria.<\/li>\n<\/ul>\n\n\n\n<h3 class=\"wp-block-heading\">M\u00e1s All\u00e1 de los Tres Grandes: Una Tradici\u00f3n Colectiva<\/h3>\n\n\n\n<p>Aunque Rivera, Orozco y Siqueiros son considerados los pilares del muralismo mexicano, el movimiento cont\u00f3 con la participaci\u00f3n de numerosos artistas que contribuyeron a su riqueza y diversidad. Artistas como Rufino Tamayo, Juan O&#8217;Gorman y Jorge Gonz\u00e1lez Camarena, entre otros, enriquecieron el panorama del muralismo con sus propias interpretaciones y estilos.<\/p>\n\n\n\n<h3 class=\"wp-block-heading\">El Muralismo como Herramienta de Transformaci\u00f3n Social<\/h3>\n\n\n\n<p>El muralismo mexicano no se limit\u00f3 a la mera decoraci\u00f3n de edificios. Fue concebido como una herramienta de transformaci\u00f3n social, con la intenci\u00f3n de educar, concientizar y movilizar a la poblaci\u00f3n. Los murales se convirtieron en espacios p\u00fablicos de di\u00e1logo, donde se expresaban las ideas y las aspiraciones de un pueblo en busca de una nueva identidad.<\/p>\n\n\n\n<h3 class=\"wp-block-heading\">Un Legado Persistente: Influencia y Modernidad<\/h3>\n\n\n\n<p>El legado del muralismo mexicano trasciende las fronteras geogr\u00e1ficas y temporales. Su influencia se extiende a movimientos art\u00edsticos posteriores, inspirando a artistas de todo el mundo. Hoy en d\u00eda, el muralismo contin\u00faa vivo, adapt\u00e1ndose a nuevas expresiones y lenguajes art\u00edsticos, manteniendo su capacidad para comunicar mensajes sociales y culturales relevantes. Los murales siguen siendo espacios de di\u00e1logo, reflexi\u00f3n y creaci\u00f3n art\u00edstica, un testimonio del poder perdurable del arte como herramienta de transformaci\u00f3n social.<\/p>\n\n\n\n<p><strong><sub>Publicado por:<\/sub> <\/strong><\/p>\n\n\n\n<p>Lizeth Lara<\/p>\n\n\n\n<p><\/p>\n\n\n\n<p><strong>Tambi\u00e9n te podr\u00eda interesar:<\/strong><\/p>\n\n\n\n<p><a href=\"https:\/\/uninter.edu.mx\/talleres\">https:\/\/uninter.edu.mx\/talleres<\/a><\/p>\n\n\n\n<figure class=\"wp-block-embed is-type-wp-embed is-provider-difusi-n-cultural wp-block-embed-difusi-n-cultural\"><div class=\"wp-block-embed__wrapper\">\n<blockquote class=\"wp-embedded-content\" data-secret=\"DpEDZAQ27N\"><a href=\"https:\/\/blogs.uninter.edu.mx\/difusioncultural\/index.php\/2025\/02\/18\/celebremos-el-amor-en-todas-sus-formas\/\">Celebremos el Amor en Todas Sus Formas<\/a><\/blockquote><iframe class=\"wp-embedded-content\" sandbox=\"allow-scripts\" security=\"restricted\" style=\"position: absolute; visibility: hidden;\" title=\"&#8220;Celebremos el Amor en Todas Sus Formas&#8221; &#8212; Difusi\u00f3n Cultural\" src=\"https:\/\/blogs.uninter.edu.mx\/difusioncultural\/index.php\/2025\/02\/18\/celebremos-el-amor-en-todas-sus-formas\/embed\/#?secret=Sp4rey9IEr#?secret=DpEDZAQ27N\" data-secret=\"DpEDZAQ27N\" width=\"600\" height=\"338\" frameborder=\"0\" marginwidth=\"0\" marginheight=\"0\" scrolling=\"no\"><\/iframe>\n<\/div><\/figure>\n","protected":false},"excerpt":{"rendered":"<p>Un Legado de Arte y Revoluci\u00f3n El muralismo mexicano, un movimiento art\u00edstico que floreci\u00f3 en M\u00e9xico durante la primera mitad del siglo XX, representa mucho m\u00e1s que una simple corriente est\u00e9tica. Es un testimonio v\u00edvido de la historia, la cultura y la identidad nacional de M\u00e9xico, \u00edntimamente ligado a la Revoluci\u00f3n Mexicana y a la&hellip;<\/p>\n","protected":false},"author":24,"featured_media":10395,"comment_status":"open","ping_status":"open","sticky":false,"template":"","format":"standard","meta":{"_jetpack_memberships_contains_paid_content":false,"footnotes":"","jetpack_publicize_message":"","jetpack_publicize_feature_enabled":true,"jetpack_social_post_already_shared":true,"jetpack_social_options":{"image_generator_settings":{"template":"highway","default_image_id":0,"font":"","enabled":false},"version":2}},"categories":[1],"tags":[93,113],"class_list":["post-10394","post","type-post","status-publish","format-standard","has-post-thumbnail","hentry","category-sin-categoria","tag-cultura","tag-difusion-cultural"],"yoast_head":"<!-- This site is optimized with the Yoast SEO plugin v26.3 - https:\/\/yoast.com\/wordpress\/plugins\/seo\/ -->\r\n<title>El Muralismo Mexicano - Difusi\u00f3n Cultural<\/title>\r\n<meta name=\"description\" content=\"El muralismo mexicano: un reflejo de la Revoluci\u00f3n Mexicana y la b\u00fasqueda de una nueva identidad nacional.\" \/>\r\n<meta name=\"robots\" content=\"index, follow, max-snippet:-1, max-image-preview:large, max-video-preview:-1\" \/>\r\n<link rel=\"canonical\" href=\"https:\/\/blogs.uninter.edu.mx\/difusioncultural\/?p=10394\" \/>\r\n<meta property=\"og:locale\" content=\"es_MX\" \/>\r\n<meta property=\"og:type\" content=\"article\" \/>\r\n<meta property=\"og:title\" content=\"El Muralismo Mexicano - Difusi\u00f3n Cultural\" \/>\r\n<meta property=\"og:description\" content=\"El muralismo mexicano: un reflejo de la Revoluci\u00f3n Mexicana y la b\u00fasqueda de una nueva identidad nacional.\" \/>\r\n<meta property=\"og:url\" content=\"https:\/\/blogs.uninter.edu.mx\/difusioncultural\/?p=10394\" \/>\r\n<meta property=\"og:site_name\" content=\"Difusi\u00f3n Cultural\" \/>\r\n<meta property=\"article:published_time\" content=\"2025-02-20T10:00:00+00:00\" \/>\r\n<meta property=\"og:image\" content=\"https:\/\/blogs.uninter.edu.mx\/difusioncultural\/wp-content\/uploads\/2025\/01\/imagen_2025-01-28_013844401.png\" \/>\r\n\t<meta property=\"og:image:width\" content=\"1200\" \/>\r\n\t<meta property=\"og:image:height\" content=\"800\" \/>\r\n\t<meta property=\"og:image:type\" content=\"image\/png\" \/>\r\n<meta name=\"author\" content=\"Aslhey Alejandra Gonz\u00e1lez Castro\" \/>\r\n<meta name=\"twitter:card\" content=\"summary_large_image\" \/>\r\n<meta name=\"twitter:label1\" content=\"Escrito por\" \/>\n\t<meta name=\"twitter:data1\" content=\"Aslhey Alejandra Gonz\u00e1lez Castro\" \/>\n\t<meta name=\"twitter:label2\" content=\"Tiempo de lectura\" \/>\n\t<meta name=\"twitter:data2\" content=\"3 minutos\" \/>\r\n<script type=\"application\/ld+json\" class=\"yoast-schema-graph\">{\"@context\":\"https:\/\/schema.org\",\"@graph\":[{\"@type\":\"Article\",\"@id\":\"https:\/\/blogs.uninter.edu.mx\/difusioncultural\/?p=10394#article\",\"isPartOf\":{\"@id\":\"https:\/\/blogs.uninter.edu.mx\/difusioncultural\/?p=10394\"},\"author\":{\"name\":\"Aslhey Alejandra Gonz\u00e1lez Castro\",\"@id\":\"https:\/\/blogs.uninter.edu.mx\/difusioncultural\/#\/schema\/person\/c710e37686022500827405824a08a18c\"},\"headline\":\"El Muralismo Mexicano\",\"datePublished\":\"2025-02-20T10:00:00+00:00\",\"mainEntityOfPage\":{\"@id\":\"https:\/\/blogs.uninter.edu.mx\/difusioncultural\/?p=10394\"},\"wordCount\":569,\"commentCount\":0,\"publisher\":{\"@id\":\"https:\/\/blogs.uninter.edu.mx\/difusioncultural\/#organization\"},\"image\":{\"@id\":\"https:\/\/blogs.uninter.edu.mx\/difusioncultural\/?p=10394#primaryimage\"},\"thumbnailUrl\":\"https:\/\/blogs.uninter.edu.mx\/difusioncultural\/wp-content\/uploads\/2025\/01\/imagen_2025-01-28_013844401.png\",\"keywords\":[\"cultura\",\"difusi\u00f3n cultural\"],\"inLanguage\":\"es\",\"potentialAction\":[{\"@type\":\"CommentAction\",\"name\":\"Comment\",\"target\":[\"https:\/\/blogs.uninter.edu.mx\/difusioncultural\/?p=10394#respond\"]}]},{\"@type\":\"WebPage\",\"@id\":\"https:\/\/blogs.uninter.edu.mx\/difusioncultural\/?p=10394\",\"url\":\"https:\/\/blogs.uninter.edu.mx\/difusioncultural\/?p=10394\",\"name\":\"El Muralismo Mexicano - Difusi\u00f3n Cultural\",\"isPartOf\":{\"@id\":\"https:\/\/blogs.uninter.edu.mx\/difusioncultural\/#website\"},\"primaryImageOfPage\":{\"@id\":\"https:\/\/blogs.uninter.edu.mx\/difusioncultural\/?p=10394#primaryimage\"},\"image\":{\"@id\":\"https:\/\/blogs.uninter.edu.mx\/difusioncultural\/?p=10394#primaryimage\"},\"thumbnailUrl\":\"https:\/\/blogs.uninter.edu.mx\/difusioncultural\/wp-content\/uploads\/2025\/01\/imagen_2025-01-28_013844401.png\",\"datePublished\":\"2025-02-20T10:00:00+00:00\",\"description\":\"El muralismo mexicano: un reflejo de la Revoluci\u00f3n Mexicana y la b\u00fasqueda de una nueva identidad nacional.\",\"breadcrumb\":{\"@id\":\"https:\/\/blogs.uninter.edu.mx\/difusioncultural\/?p=10394#breadcrumb\"},\"inLanguage\":\"es\",\"potentialAction\":[{\"@type\":\"ReadAction\",\"target\":[\"https:\/\/blogs.uninter.edu.mx\/difusioncultural\/?p=10394\"]}]},{\"@type\":\"ImageObject\",\"inLanguage\":\"es\",\"@id\":\"https:\/\/blogs.uninter.edu.mx\/difusioncultural\/?p=10394#primaryimage\",\"url\":\"https:\/\/blogs.uninter.edu.mx\/difusioncultural\/wp-content\/uploads\/2025\/01\/imagen_2025-01-28_013844401.png\",\"contentUrl\":\"https:\/\/blogs.uninter.edu.mx\/difusioncultural\/wp-content\/uploads\/2025\/01\/imagen_2025-01-28_013844401.png\",\"width\":1200,\"height\":800,\"caption\":\"Muralismo Mexicano\"},{\"@type\":\"BreadcrumbList\",\"@id\":\"https:\/\/blogs.uninter.edu.mx\/difusioncultural\/?p=10394#breadcrumb\",\"itemListElement\":[{\"@type\":\"ListItem\",\"position\":1,\"name\":\"Inicio\",\"item\":\"https:\/\/blogs.uninter.edu.mx\/difusioncultural\/\"},{\"@type\":\"ListItem\",\"position\":2,\"name\":\"El Muralismo Mexicano\"}]},{\"@type\":\"WebSite\",\"@id\":\"https:\/\/blogs.uninter.edu.mx\/difusioncultural\/#website\",\"url\":\"https:\/\/blogs.uninter.edu.mx\/difusioncultural\/\",\"name\":\"Difusi\u00f3n Cultural\",\"description\":\"UNINTER\",\"publisher\":{\"@id\":\"https:\/\/blogs.uninter.edu.mx\/difusioncultural\/#organization\"},\"potentialAction\":[{\"@type\":\"SearchAction\",\"target\":{\"@type\":\"EntryPoint\",\"urlTemplate\":\"https:\/\/blogs.uninter.edu.mx\/difusioncultural\/?s={search_term_string}\"},\"query-input\":{\"@type\":\"PropertyValueSpecification\",\"valueRequired\":true,\"valueName\":\"search_term_string\"}}],\"inLanguage\":\"es\"},{\"@type\":\"Organization\",\"@id\":\"https:\/\/blogs.uninter.edu.mx\/difusioncultural\/#organization\",\"name\":\"Difusi\u00f3n Cultural\",\"url\":\"https:\/\/blogs.uninter.edu.mx\/difusioncultural\/\",\"logo\":{\"@type\":\"ImageObject\",\"inLanguage\":\"es\",\"@id\":\"https:\/\/blogs.uninter.edu.mx\/difusioncultural\/#\/schema\/logo\/image\/\",\"url\":\"https:\/\/blogs.uninter.edu.mx\/difusioncultural\/wp-content\/uploads\/2022\/09\/uninter.jpg\",\"contentUrl\":\"https:\/\/blogs.uninter.edu.mx\/difusioncultural\/wp-content\/uploads\/2022\/09\/uninter.jpg\",\"width\":2048,\"height\":2048,\"caption\":\"Difusi\u00f3n Cultural\"},\"image\":{\"@id\":\"https:\/\/blogs.uninter.edu.mx\/difusioncultural\/#\/schema\/logo\/image\/\"}},{\"@type\":\"Person\",\"@id\":\"https:\/\/blogs.uninter.edu.mx\/difusioncultural\/#\/schema\/person\/c710e37686022500827405824a08a18c\",\"name\":\"Aslhey Alejandra Gonz\u00e1lez Castro\",\"image\":{\"@type\":\"ImageObject\",\"inLanguage\":\"es\",\"@id\":\"https:\/\/blogs.uninter.edu.mx\/difusioncultural\/#\/schema\/person\/image\/\",\"url\":\"https:\/\/secure.gravatar.com\/avatar\/1905d6ed47b47ccbfb53e4b64f72f2017309e25d96ef418088d4f998ecf6552e?s=96&d=mm&r=g\",\"contentUrl\":\"https:\/\/secure.gravatar.com\/avatar\/1905d6ed47b47ccbfb53e4b64f72f2017309e25d96ef418088d4f998ecf6552e?s=96&d=mm&r=g\",\"caption\":\"Aslhey Alejandra Gonz\u00e1lez Castro\"},\"url\":\"https:\/\/blogs.uninter.edu.mx\/difusioncultural\/?author=24\"}]}<\/script>\r\n<!-- \/ Yoast SEO plugin. -->","yoast_head_json":{"title":"El Muralismo Mexicano - Difusi\u00f3n Cultural","description":"El muralismo mexicano: un reflejo de la Revoluci\u00f3n Mexicana y la b\u00fasqueda de una nueva identidad nacional.","robots":{"index":"index","follow":"follow","max-snippet":"max-snippet:-1","max-image-preview":"max-image-preview:large","max-video-preview":"max-video-preview:-1"},"canonical":"https:\/\/blogs.uninter.edu.mx\/difusioncultural\/?p=10394","og_locale":"es_MX","og_type":"article","og_title":"El Muralismo Mexicano - Difusi\u00f3n Cultural","og_description":"El muralismo mexicano: un reflejo de la Revoluci\u00f3n Mexicana y la b\u00fasqueda de una nueva identidad nacional.","og_url":"https:\/\/blogs.uninter.edu.mx\/difusioncultural\/?p=10394","og_site_name":"Difusi\u00f3n Cultural","article_published_time":"2025-02-20T10:00:00+00:00","og_image":[{"width":1200,"height":800,"url":"https:\/\/blogs.uninter.edu.mx\/difusioncultural\/wp-content\/uploads\/2025\/01\/imagen_2025-01-28_013844401.png","type":"image\/png"}],"author":"Aslhey Alejandra Gonz\u00e1lez Castro","twitter_card":"summary_large_image","twitter_misc":{"Escrito por":"Aslhey Alejandra Gonz\u00e1lez Castro","Tiempo de lectura":"3 minutos"},"schema":{"@context":"https:\/\/schema.org","@graph":[{"@type":"Article","@id":"https:\/\/blogs.uninter.edu.mx\/difusioncultural\/?p=10394#article","isPartOf":{"@id":"https:\/\/blogs.uninter.edu.mx\/difusioncultural\/?p=10394"},"author":{"name":"Aslhey Alejandra Gonz\u00e1lez Castro","@id":"https:\/\/blogs.uninter.edu.mx\/difusioncultural\/#\/schema\/person\/c710e37686022500827405824a08a18c"},"headline":"El Muralismo Mexicano","datePublished":"2025-02-20T10:00:00+00:00","mainEntityOfPage":{"@id":"https:\/\/blogs.uninter.edu.mx\/difusioncultural\/?p=10394"},"wordCount":569,"commentCount":0,"publisher":{"@id":"https:\/\/blogs.uninter.edu.mx\/difusioncultural\/#organization"},"image":{"@id":"https:\/\/blogs.uninter.edu.mx\/difusioncultural\/?p=10394#primaryimage"},"thumbnailUrl":"https:\/\/blogs.uninter.edu.mx\/difusioncultural\/wp-content\/uploads\/2025\/01\/imagen_2025-01-28_013844401.png","keywords":["cultura","difusi\u00f3n cultural"],"inLanguage":"es","potentialAction":[{"@type":"CommentAction","name":"Comment","target":["https:\/\/blogs.uninter.edu.mx\/difusioncultural\/?p=10394#respond"]}]},{"@type":"WebPage","@id":"https:\/\/blogs.uninter.edu.mx\/difusioncultural\/?p=10394","url":"https:\/\/blogs.uninter.edu.mx\/difusioncultural\/?p=10394","name":"El Muralismo Mexicano - Difusi\u00f3n Cultural","isPartOf":{"@id":"https:\/\/blogs.uninter.edu.mx\/difusioncultural\/#website"},"primaryImageOfPage":{"@id":"https:\/\/blogs.uninter.edu.mx\/difusioncultural\/?p=10394#primaryimage"},"image":{"@id":"https:\/\/blogs.uninter.edu.mx\/difusioncultural\/?p=10394#primaryimage"},"thumbnailUrl":"https:\/\/blogs.uninter.edu.mx\/difusioncultural\/wp-content\/uploads\/2025\/01\/imagen_2025-01-28_013844401.png","datePublished":"2025-02-20T10:00:00+00:00","description":"El muralismo mexicano: un reflejo de la Revoluci\u00f3n Mexicana y la b\u00fasqueda de una nueva identidad nacional.","breadcrumb":{"@id":"https:\/\/blogs.uninter.edu.mx\/difusioncultural\/?p=10394#breadcrumb"},"inLanguage":"es","potentialAction":[{"@type":"ReadAction","target":["https:\/\/blogs.uninter.edu.mx\/difusioncultural\/?p=10394"]}]},{"@type":"ImageObject","inLanguage":"es","@id":"https:\/\/blogs.uninter.edu.mx\/difusioncultural\/?p=10394#primaryimage","url":"https:\/\/blogs.uninter.edu.mx\/difusioncultural\/wp-content\/uploads\/2025\/01\/imagen_2025-01-28_013844401.png","contentUrl":"https:\/\/blogs.uninter.edu.mx\/difusioncultural\/wp-content\/uploads\/2025\/01\/imagen_2025-01-28_013844401.png","width":1200,"height":800,"caption":"Muralismo Mexicano"},{"@type":"BreadcrumbList","@id":"https:\/\/blogs.uninter.edu.mx\/difusioncultural\/?p=10394#breadcrumb","itemListElement":[{"@type":"ListItem","position":1,"name":"Inicio","item":"https:\/\/blogs.uninter.edu.mx\/difusioncultural\/"},{"@type":"ListItem","position":2,"name":"El Muralismo Mexicano"}]},{"@type":"WebSite","@id":"https:\/\/blogs.uninter.edu.mx\/difusioncultural\/#website","url":"https:\/\/blogs.uninter.edu.mx\/difusioncultural\/","name":"Difusi\u00f3n Cultural","description":"UNINTER","publisher":{"@id":"https:\/\/blogs.uninter.edu.mx\/difusioncultural\/#organization"},"potentialAction":[{"@type":"SearchAction","target":{"@type":"EntryPoint","urlTemplate":"https:\/\/blogs.uninter.edu.mx\/difusioncultural\/?s={search_term_string}"},"query-input":{"@type":"PropertyValueSpecification","valueRequired":true,"valueName":"search_term_string"}}],"inLanguage":"es"},{"@type":"Organization","@id":"https:\/\/blogs.uninter.edu.mx\/difusioncultural\/#organization","name":"Difusi\u00f3n Cultural","url":"https:\/\/blogs.uninter.edu.mx\/difusioncultural\/","logo":{"@type":"ImageObject","inLanguage":"es","@id":"https:\/\/blogs.uninter.edu.mx\/difusioncultural\/#\/schema\/logo\/image\/","url":"https:\/\/blogs.uninter.edu.mx\/difusioncultural\/wp-content\/uploads\/2022\/09\/uninter.jpg","contentUrl":"https:\/\/blogs.uninter.edu.mx\/difusioncultural\/wp-content\/uploads\/2022\/09\/uninter.jpg","width":2048,"height":2048,"caption":"Difusi\u00f3n Cultural"},"image":{"@id":"https:\/\/blogs.uninter.edu.mx\/difusioncultural\/#\/schema\/logo\/image\/"}},{"@type":"Person","@id":"https:\/\/blogs.uninter.edu.mx\/difusioncultural\/#\/schema\/person\/c710e37686022500827405824a08a18c","name":"Aslhey Alejandra Gonz\u00e1lez Castro","image":{"@type":"ImageObject","inLanguage":"es","@id":"https:\/\/blogs.uninter.edu.mx\/difusioncultural\/#\/schema\/person\/image\/","url":"https:\/\/secure.gravatar.com\/avatar\/1905d6ed47b47ccbfb53e4b64f72f2017309e25d96ef418088d4f998ecf6552e?s=96&d=mm&r=g","contentUrl":"https:\/\/secure.gravatar.com\/avatar\/1905d6ed47b47ccbfb53e4b64f72f2017309e25d96ef418088d4f998ecf6552e?s=96&d=mm&r=g","caption":"Aslhey Alejandra Gonz\u00e1lez Castro"},"url":"https:\/\/blogs.uninter.edu.mx\/difusioncultural\/?author=24"}]}},"jetpack_publicize_connections":[],"jetpack_featured_media_url":"https:\/\/blogs.uninter.edu.mx\/difusioncultural\/wp-content\/uploads\/2025\/01\/imagen_2025-01-28_013844401.png","jetpack_sharing_enabled":true,"_links":{"self":[{"href":"https:\/\/blogs.uninter.edu.mx\/difusioncultural\/index.php?rest_route=\/wp\/v2\/posts\/10394","targetHints":{"allow":["GET"]}}],"collection":[{"href":"https:\/\/blogs.uninter.edu.mx\/difusioncultural\/index.php?rest_route=\/wp\/v2\/posts"}],"about":[{"href":"https:\/\/blogs.uninter.edu.mx\/difusioncultural\/index.php?rest_route=\/wp\/v2\/types\/post"}],"author":[{"embeddable":true,"href":"https:\/\/blogs.uninter.edu.mx\/difusioncultural\/index.php?rest_route=\/wp\/v2\/users\/24"}],"replies":[{"embeddable":true,"href":"https:\/\/blogs.uninter.edu.mx\/difusioncultural\/index.php?rest_route=%2Fwp%2Fv2%2Fcomments&post=10394"}],"version-history":[{"count":4,"href":"https:\/\/blogs.uninter.edu.mx\/difusioncultural\/index.php?rest_route=\/wp\/v2\/posts\/10394\/revisions"}],"predecessor-version":[{"id":10431,"href":"https:\/\/blogs.uninter.edu.mx\/difusioncultural\/index.php?rest_route=\/wp\/v2\/posts\/10394\/revisions\/10431"}],"wp:featuredmedia":[{"embeddable":true,"href":"https:\/\/blogs.uninter.edu.mx\/difusioncultural\/index.php?rest_route=\/wp\/v2\/media\/10395"}],"wp:attachment":[{"href":"https:\/\/blogs.uninter.edu.mx\/difusioncultural\/index.php?rest_route=%2Fwp%2Fv2%2Fmedia&parent=10394"}],"wp:term":[{"taxonomy":"category","embeddable":true,"href":"https:\/\/blogs.uninter.edu.mx\/difusioncultural\/index.php?rest_route=%2Fwp%2Fv2%2Fcategories&post=10394"},{"taxonomy":"post_tag","embeddable":true,"href":"https:\/\/blogs.uninter.edu.mx\/difusioncultural\/index.php?rest_route=%2Fwp%2Fv2%2Ftags&post=10394"}],"curies":[{"name":"wp","href":"https:\/\/api.w.org\/{rel}","templated":true}]}}