{"id":10538,"date":"2025-06-27T19:39:05","date_gmt":"2025-06-27T19:39:05","guid":{"rendered":"https:\/\/blogs.uninter.edu.mx\/difusioncultural\/?p=10538"},"modified":"2025-06-27T19:39:10","modified_gmt":"2025-06-27T19:39:10","slug":"1era-edicion-artista-siu","status":"publish","type":"post","link":"https:\/\/blogs.uninter.edu.mx\/difusioncultural\/?p=10538","title":{"rendered":"Uninter te invita a la primera edici\u00f3n del &#8220;Super Artista SIU&#8221;"},"content":{"rendered":"\n<h3 class=\"wp-block-heading\">Entre los invitados se encuentran, artistas, alumnos, profesores y m\u00e1s. Te invitamos a conocer a una de ellas.<\/h3>\n\n\n\n<h3 class=\"wp-block-heading\"><strong>Karina G\u00f3mez: el arte como espejo del alma<\/strong><\/h3>\n\n\n\n<p>En uninter nos preocupamos por la formaci\u00f3n art\u00edstica de nuestros alumnos, es as\u00ed que difusi\u00f3n cultural invita a la artista Karina G\u00f3mez una artista visual cuya trayectoria est\u00e1 marcada por una profunda pasi\u00f3n por el arte. Nacida en la ciudad de Puebla, M\u00e9xico, Karina se traslad\u00f3 a temprana edad a la Ciudad de M\u00e9xico, donde comenz\u00f3 a forjar el camino que hoy la distingue en el \u00e1mbito art\u00edstico.<\/p>\n\n\n<div class=\"wp-block-image\">\n<figure class=\"aligncenter size-full is-resized\"><img fetchpriority=\"high\" decoding=\"async\" width=\"1080\" height=\"1080\" src=\"https:\/\/blogs.uninter.edu.mx\/difusioncultural\/wp-content\/uploads\/2025\/06\/karinaart.jpeg\" alt=\"\" class=\"wp-image-10550\" style=\"width:539px;height:auto\"\/><figcaption class=\"wp-element-caption\">Karina G\u00f3mez <\/figcaption><\/figure>\n<\/div>\n\n\n<p>Desde los ocho a\u00f1os, su vocaci\u00f3n se manifest\u00f3 de manera clara cuando inici\u00f3 su formaci\u00f3n en pintura bajo la gu\u00eda de la maestra <strong>Enriqueta Nader<\/strong> en siete a\u00f1os, sin embargo, Karina se sumergi\u00f3 en el aprendizaje de t\u00e9cnicas como el l\u00e1piz, el pastel y el \u00f3leo, descubriendo no solo los fundamentos del dibujo y la pintura, sino tambi\u00e9n el amor profundo por el arte como forma de vida. <\/p>\n\n\n\n<p>Esta inquietud la llev\u00f3 a adentrarse en el mundo de la <strong>acuarela<\/strong>, estudiando con el maestro <strong>Alfredo Guati Rojo<\/strong>, pero que no solo le ense\u00f1o la t\u00e9cnica, sino a observar el mundo con una mirada renovada, descubriendo los matices y colores ocultos en la naturaleza y los objetos cotidianos. Este aprendizaje result\u00f3 clave en su desarrollo art\u00edstico y espiritual.<\/p>\n\n\n\n<h4 class=\"wp-block-heading\"><strong>Sus inicios como profesional<\/strong><\/h4>\n\n\n\n<p>En 1985 inici\u00f3 la carrera de <strong>Dise\u00f1o Gr\u00e1fico<\/strong> en la Universidad An\u00e1huac del Sur, donde se gradu\u00f3 en 1989. Esta formaci\u00f3n ampli\u00f3 su universo visual e incorpor\u00f3 nuevas formas de expresi\u00f3n y comunicaci\u00f3n que enriquecieron su obra pict\u00f3rica.<\/p>\n\n\n\n<p>Karina tom\u00f3 clases con <strong>Guadalupe Morazua<\/strong> y, m\u00e1s recientemente, ha trabajado junto al maestro <strong>Shahib<\/strong> en Oaxaca, con quien ha explorado t\u00e9cnicas como el <strong>encausto<\/strong>, el <strong>asfalto<\/strong>, los <strong>pigmentos naturales<\/strong> y diversas <strong>texturas mixtas<\/strong>, ahora bien<\/p>\n\n\n\n<p>Entre sus exposiciones destacan:<\/p>\n\n\n\n<ul class=\"wp-block-list\">\n<li><strong>2012<\/strong> \u2013 Le Basque, participando con el maestro Shahib.<\/li>\n\n\n\n<li><strong>2013<\/strong> \u2013 <em>Vivencias del ayer<\/em>, colecci\u00f3n expuesta en Cuernavaca.<\/li>\n\n\n\n<li><strong>2014<\/strong> \u2013 <em>Buscando dentro de m\u00ed<\/em>, Casa Rivera.<\/li>\n\n\n\n<li><strong>2015<\/strong> \u2013 <em>El ritmo de la vida<\/em>, Don Atilio.<\/li>\n\n\n\n<li><strong>2016<\/strong> \u2013 <em>Memorias para recordar<\/em>, Misi\u00f3n del Sol.<\/li>\n\n\n\n<li><strong>2017<\/strong> \u2013 <em>Emociones<\/em>, Casa Gabilondo.<\/li>\n<\/ul>\n\n\n\n<p>Durante la pandemia, Karina canaliz\u00f3 su creatividad hacia nuevas formas, llevando as\u00ed su obra a <strong>art\u00edculos de madera<\/strong> como tablas giratorias, queseras, portavasos y otras piezas utilitarias, convirtiendo el arte en parte de la vida cotidiana.<\/p>\n\n\n\n<p>Para Karina, cada una de sus obras es un intento de invitar al espectador a un di\u00e1logo \u00edntimo: <em>\u201cPretendo que, al mirar mi obra, los espectadores logren unirse a ella, la completen y le den su propio significado, haci\u00e9ndola suya\u201d<\/em>. Sus piezas son el fruto de horas de estudio, experimentaci\u00f3n y entrega; momentos de j\u00fabilo y de frustraci\u00f3n que confluyen para plasmar en cada trazo un pedazo de su coraz\u00f3n y de su alma.<\/p>\n\n\n\n<p>Actualmente, Karina contin\u00faa creando desde Cuernavaca, explorando nuevas t\u00e9cnicas y materiales, fiel a su prop\u00f3sito de compartir, a trav\u00e9s del arte, instantes y emociones que trascienden lo personal y tocan lo universal.<\/p>\n\n\n\n<p class=\"has-text-align-center\">Perfil facebook: <a href=\"https:\/\/www.facebook.com\/karinart67\/?locale=es_LA\">https:\/\/www.facebook.com\/karinart67\/?locale=es_LA<\/a><\/p>\n\n\n\n<p>M\u00e1s de nuestro blog <\/p>\n\n\n\n<figure class=\"wp-block-embed is-type-wp-embed is-provider-difusi-n-cultural wp-block-embed-difusi-n-cultural\"><div class=\"wp-block-embed__wrapper\">\n<blockquote class=\"wp-embedded-content\" data-secret=\"jLM3Kv311D\"><a href=\"https:\/\/blogs.uninter.edu.mx\/difusioncultural\/index.php\/2025\/03\/19\/fernanda-sanchez-tallerista-de-dibujo\/\">Fernanda S\u00e1nchez &#8211; Tallerista de Dibujo<\/a><\/blockquote><iframe class=\"wp-embedded-content\" sandbox=\"allow-scripts\" security=\"restricted\" style=\"position: absolute; visibility: hidden;\" title=\"&#8220;Fernanda S\u00e1nchez &#8211; Tallerista de Dibujo&#8221; &#8212; Difusi\u00f3n Cultural\" src=\"https:\/\/blogs.uninter.edu.mx\/difusioncultural\/index.php\/2025\/03\/19\/fernanda-sanchez-tallerista-de-dibujo\/embed\/#?secret=llOVgHwV3V#?secret=jLM3Kv311D\" data-secret=\"jLM3Kv311D\" width=\"600\" height=\"338\" frameborder=\"0\" marginwidth=\"0\" marginheight=\"0\" scrolling=\"no\"><\/iframe>\n<\/div><\/figure>\n\n\n\n<p>Nuestra galer\u00eda: <a href=\"https:\/\/blogs.uninter.edu.mx\/difusioncultural\/index.php\/category\/galeria\/\">https:\/\/blogs.uninter.edu.mx\/difusioncultural\/index.php\/category\/galeria\/<\/a><\/p>\n\n\n\n<p>Por Difusi\u00f3n Cultural Uninter<\/p>\n","protected":false},"excerpt":{"rendered":"<p>Entre los invitados se encuentran, artistas, alumnos, profesores y m\u00e1s. Te invitamos a conocer a una de ellas. Karina G\u00f3mez: el arte como espejo del alma En uninter nos preocupamos por la formaci\u00f3n art\u00edstica de nuestros alumnos, es as\u00ed que difusi\u00f3n cultural invita a la artista Karina G\u00f3mez una artista visual cuya trayectoria est\u00e1 marcada&hellip;<\/p>\n","protected":false},"author":24,"featured_media":10552,"comment_status":"open","ping_status":"open","sticky":false,"template":"","format":"standard","meta":{"_jetpack_memberships_contains_paid_content":false,"footnotes":"","jetpack_publicize_message":"En Uninter nos preocupamos por la formaci\u00f3n art\u00edstica de nuestros alumnos, es as\u00ed que difusi\u00f3n cultural presenta a la artista Karina G\u00f3mez una artista visual cuya trayectoria est\u00e1 marcada por una profunda pasi\u00f3n por el arte","jetpack_publicize_feature_enabled":true,"jetpack_social_post_already_shared":false,"jetpack_social_options":{"image_generator_settings":{"template":"highway","enabled":false}}},"categories":[1],"tags":[],"class_list":["post-10538","post","type-post","status-publish","format-standard","has-post-thumbnail","hentry","category-sin-categoria"],"yoast_head":"<!-- This site is optimized with the Yoast SEO plugin v26.3 - https:\/\/yoast.com\/wordpress\/plugins\/seo\/ -->\r\n<title>Uninter te invita a la primera edici\u00f3n del &quot;Super Artista SIU&quot; -<\/title>\r\n<meta name=\"description\" content=\"Difusi\u00f3n cultural Uninter invita a la artista Karina G\u00f3mez para la primera edici\u00f3n del Super Artista SIU formando a los artistas del futuro\" \/>\r\n<meta name=\"robots\" content=\"index, follow, max-snippet:-1, max-image-preview:large, max-video-preview:-1\" \/>\r\n<link rel=\"canonical\" href=\"https:\/\/blogs.uninter.edu.mx\/difusioncultural\/?p=10538\" \/>\r\n<meta property=\"og:locale\" content=\"es_MX\" \/>\r\n<meta property=\"og:type\" content=\"article\" \/>\r\n<meta property=\"og:title\" content=\"Uninter te invita a la primera edici\u00f3n del &quot;Super Artista SIU&quot; -\" \/>\r\n<meta property=\"og:description\" content=\"Difusi\u00f3n cultural Uninter invita a la artista Karina G\u00f3mez para la primera edici\u00f3n del Super Artista SIU formando a los artistas del futuro\" \/>\r\n<meta property=\"og:url\" content=\"https:\/\/blogs.uninter.edu.mx\/difusioncultural\/?p=10538\" \/>\r\n<meta property=\"og:site_name\" content=\"Difusi\u00f3n Cultural\" \/>\r\n<meta property=\"article:published_time\" content=\"2025-06-27T19:39:05+00:00\" \/>\r\n<meta property=\"article:modified_time\" content=\"2025-06-27T19:39:10+00:00\" \/>\r\n<meta property=\"og:image\" content=\"https:\/\/blogs.uninter.edu.mx\/difusioncultural\/wp-content\/uploads\/2025\/06\/Galeria-SIU-actualizado.jpeg\" \/>\r\n\t<meta property=\"og:image:width\" content=\"1280\" \/>\r\n\t<meta property=\"og:image:height\" content=\"1280\" \/>\r\n\t<meta property=\"og:image:type\" content=\"image\/jpeg\" \/>\r\n<meta name=\"author\" content=\"Aslhey Alejandra Gonz\u00e1lez Castro\" \/>\r\n<meta name=\"twitter:card\" content=\"summary_large_image\" \/>\r\n<meta name=\"twitter:label1\" content=\"Escrito por\" \/>\n\t<meta name=\"twitter:data1\" content=\"Aslhey Alejandra Gonz\u00e1lez Castro\" \/>\n\t<meta name=\"twitter:label2\" content=\"Tiempo de lectura\" \/>\n\t<meta name=\"twitter:data2\" content=\"3 minutos\" \/>\r\n<script type=\"application\/ld+json\" class=\"yoast-schema-graph\">{\"@context\":\"https:\/\/schema.org\",\"@graph\":[{\"@type\":\"Article\",\"@id\":\"https:\/\/blogs.uninter.edu.mx\/difusioncultural\/?p=10538#article\",\"isPartOf\":{\"@id\":\"https:\/\/blogs.uninter.edu.mx\/difusioncultural\/?p=10538\"},\"author\":{\"name\":\"Aslhey Alejandra Gonz\u00e1lez Castro\",\"@id\":\"https:\/\/blogs.uninter.edu.mx\/difusioncultural\/#\/schema\/person\/c710e37686022500827405824a08a18c\"},\"headline\":\"Uninter te invita a la primera edici\u00f3n del &#8220;Super Artista SIU&#8221;\",\"datePublished\":\"2025-06-27T19:39:05+00:00\",\"dateModified\":\"2025-06-27T19:39:10+00:00\",\"mainEntityOfPage\":{\"@id\":\"https:\/\/blogs.uninter.edu.mx\/difusioncultural\/?p=10538\"},\"wordCount\":579,\"commentCount\":0,\"publisher\":{\"@id\":\"https:\/\/blogs.uninter.edu.mx\/difusioncultural\/#organization\"},\"image\":{\"@id\":\"https:\/\/blogs.uninter.edu.mx\/difusioncultural\/?p=10538#primaryimage\"},\"thumbnailUrl\":\"https:\/\/blogs.uninter.edu.mx\/difusioncultural\/wp-content\/uploads\/2025\/06\/Galeria-SIU-actualizado.jpeg\",\"inLanguage\":\"es\",\"potentialAction\":[{\"@type\":\"CommentAction\",\"name\":\"Comment\",\"target\":[\"https:\/\/blogs.uninter.edu.mx\/difusioncultural\/?p=10538#respond\"]}]},{\"@type\":\"WebPage\",\"@id\":\"https:\/\/blogs.uninter.edu.mx\/difusioncultural\/?p=10538\",\"url\":\"https:\/\/blogs.uninter.edu.mx\/difusioncultural\/?p=10538\",\"name\":\"Uninter te invita a la primera edici\u00f3n del \\\"Super Artista SIU\\\" -\",\"isPartOf\":{\"@id\":\"https:\/\/blogs.uninter.edu.mx\/difusioncultural\/#website\"},\"primaryImageOfPage\":{\"@id\":\"https:\/\/blogs.uninter.edu.mx\/difusioncultural\/?p=10538#primaryimage\"},\"image\":{\"@id\":\"https:\/\/blogs.uninter.edu.mx\/difusioncultural\/?p=10538#primaryimage\"},\"thumbnailUrl\":\"https:\/\/blogs.uninter.edu.mx\/difusioncultural\/wp-content\/uploads\/2025\/06\/Galeria-SIU-actualizado.jpeg\",\"datePublished\":\"2025-06-27T19:39:05+00:00\",\"dateModified\":\"2025-06-27T19:39:10+00:00\",\"description\":\"Difusi\u00f3n cultural Uninter invita a la artista Karina G\u00f3mez para la primera edici\u00f3n del Super Artista SIU formando a los artistas del futuro\",\"breadcrumb\":{\"@id\":\"https:\/\/blogs.uninter.edu.mx\/difusioncultural\/?p=10538#breadcrumb\"},\"inLanguage\":\"es\",\"potentialAction\":[{\"@type\":\"ReadAction\",\"target\":[\"https:\/\/blogs.uninter.edu.mx\/difusioncultural\/?p=10538\"]}]},{\"@type\":\"ImageObject\",\"inLanguage\":\"es\",\"@id\":\"https:\/\/blogs.uninter.edu.mx\/difusioncultural\/?p=10538#primaryimage\",\"url\":\"https:\/\/blogs.uninter.edu.mx\/difusioncultural\/wp-content\/uploads\/2025\/06\/Galeria-SIU-actualizado.jpeg\",\"contentUrl\":\"https:\/\/blogs.uninter.edu.mx\/difusioncultural\/wp-content\/uploads\/2025\/06\/Galeria-SIU-actualizado.jpeg\",\"width\":1280,\"height\":1280},{\"@type\":\"BreadcrumbList\",\"@id\":\"https:\/\/blogs.uninter.edu.mx\/difusioncultural\/?p=10538#breadcrumb\",\"itemListElement\":[{\"@type\":\"ListItem\",\"position\":1,\"name\":\"Inicio\",\"item\":\"https:\/\/blogs.uninter.edu.mx\/difusioncultural\/\"},{\"@type\":\"ListItem\",\"position\":2,\"name\":\"Uninter te invita a la primera edici\u00f3n del &#8220;Super Artista SIU&#8221;\"}]},{\"@type\":\"WebSite\",\"@id\":\"https:\/\/blogs.uninter.edu.mx\/difusioncultural\/#website\",\"url\":\"https:\/\/blogs.uninter.edu.mx\/difusioncultural\/\",\"name\":\"Difusi\u00f3n Cultural\",\"description\":\"UNINTER\",\"publisher\":{\"@id\":\"https:\/\/blogs.uninter.edu.mx\/difusioncultural\/#organization\"},\"potentialAction\":[{\"@type\":\"SearchAction\",\"target\":{\"@type\":\"EntryPoint\",\"urlTemplate\":\"https:\/\/blogs.uninter.edu.mx\/difusioncultural\/?s={search_term_string}\"},\"query-input\":{\"@type\":\"PropertyValueSpecification\",\"valueRequired\":true,\"valueName\":\"search_term_string\"}}],\"inLanguage\":\"es\"},{\"@type\":\"Organization\",\"@id\":\"https:\/\/blogs.uninter.edu.mx\/difusioncultural\/#organization\",\"name\":\"Difusi\u00f3n Cultural\",\"url\":\"https:\/\/blogs.uninter.edu.mx\/difusioncultural\/\",\"logo\":{\"@type\":\"ImageObject\",\"inLanguage\":\"es\",\"@id\":\"https:\/\/blogs.uninter.edu.mx\/difusioncultural\/#\/schema\/logo\/image\/\",\"url\":\"https:\/\/blogs.uninter.edu.mx\/difusioncultural\/wp-content\/uploads\/2022\/09\/uninter.jpg\",\"contentUrl\":\"https:\/\/blogs.uninter.edu.mx\/difusioncultural\/wp-content\/uploads\/2022\/09\/uninter.jpg\",\"width\":2048,\"height\":2048,\"caption\":\"Difusi\u00f3n Cultural\"},\"image\":{\"@id\":\"https:\/\/blogs.uninter.edu.mx\/difusioncultural\/#\/schema\/logo\/image\/\"}},{\"@type\":\"Person\",\"@id\":\"https:\/\/blogs.uninter.edu.mx\/difusioncultural\/#\/schema\/person\/c710e37686022500827405824a08a18c\",\"name\":\"Aslhey Alejandra Gonz\u00e1lez Castro\",\"image\":{\"@type\":\"ImageObject\",\"inLanguage\":\"es\",\"@id\":\"https:\/\/blogs.uninter.edu.mx\/difusioncultural\/#\/schema\/person\/image\/\",\"url\":\"https:\/\/secure.gravatar.com\/avatar\/1905d6ed47b47ccbfb53e4b64f72f2017309e25d96ef418088d4f998ecf6552e?s=96&d=mm&r=g\",\"contentUrl\":\"https:\/\/secure.gravatar.com\/avatar\/1905d6ed47b47ccbfb53e4b64f72f2017309e25d96ef418088d4f998ecf6552e?s=96&d=mm&r=g\",\"caption\":\"Aslhey Alejandra Gonz\u00e1lez Castro\"},\"url\":\"https:\/\/blogs.uninter.edu.mx\/difusioncultural\/?author=24\"}]}<\/script>\r\n<!-- \/ Yoast SEO plugin. -->","yoast_head_json":{"title":"Uninter te invita a la primera edici\u00f3n del \"Super Artista SIU\" -","description":"Difusi\u00f3n cultural Uninter invita a la artista Karina G\u00f3mez para la primera edici\u00f3n del Super Artista SIU formando a los artistas del futuro","robots":{"index":"index","follow":"follow","max-snippet":"max-snippet:-1","max-image-preview":"max-image-preview:large","max-video-preview":"max-video-preview:-1"},"canonical":"https:\/\/blogs.uninter.edu.mx\/difusioncultural\/?p=10538","og_locale":"es_MX","og_type":"article","og_title":"Uninter te invita a la primera edici\u00f3n del \"Super Artista SIU\" -","og_description":"Difusi\u00f3n cultural Uninter invita a la artista Karina G\u00f3mez para la primera edici\u00f3n del Super Artista SIU formando a los artistas del futuro","og_url":"https:\/\/blogs.uninter.edu.mx\/difusioncultural\/?p=10538","og_site_name":"Difusi\u00f3n Cultural","article_published_time":"2025-06-27T19:39:05+00:00","article_modified_time":"2025-06-27T19:39:10+00:00","og_image":[{"width":1280,"height":1280,"url":"https:\/\/blogs.uninter.edu.mx\/difusioncultural\/wp-content\/uploads\/2025\/06\/Galeria-SIU-actualizado.jpeg","type":"image\/jpeg"}],"author":"Aslhey Alejandra Gonz\u00e1lez Castro","twitter_card":"summary_large_image","twitter_misc":{"Escrito por":"Aslhey Alejandra Gonz\u00e1lez Castro","Tiempo de lectura":"3 minutos"},"schema":{"@context":"https:\/\/schema.org","@graph":[{"@type":"Article","@id":"https:\/\/blogs.uninter.edu.mx\/difusioncultural\/?p=10538#article","isPartOf":{"@id":"https:\/\/blogs.uninter.edu.mx\/difusioncultural\/?p=10538"},"author":{"name":"Aslhey Alejandra Gonz\u00e1lez Castro","@id":"https:\/\/blogs.uninter.edu.mx\/difusioncultural\/#\/schema\/person\/c710e37686022500827405824a08a18c"},"headline":"Uninter te invita a la primera edici\u00f3n del &#8220;Super Artista SIU&#8221;","datePublished":"2025-06-27T19:39:05+00:00","dateModified":"2025-06-27T19:39:10+00:00","mainEntityOfPage":{"@id":"https:\/\/blogs.uninter.edu.mx\/difusioncultural\/?p=10538"},"wordCount":579,"commentCount":0,"publisher":{"@id":"https:\/\/blogs.uninter.edu.mx\/difusioncultural\/#organization"},"image":{"@id":"https:\/\/blogs.uninter.edu.mx\/difusioncultural\/?p=10538#primaryimage"},"thumbnailUrl":"https:\/\/blogs.uninter.edu.mx\/difusioncultural\/wp-content\/uploads\/2025\/06\/Galeria-SIU-actualizado.jpeg","inLanguage":"es","potentialAction":[{"@type":"CommentAction","name":"Comment","target":["https:\/\/blogs.uninter.edu.mx\/difusioncultural\/?p=10538#respond"]}]},{"@type":"WebPage","@id":"https:\/\/blogs.uninter.edu.mx\/difusioncultural\/?p=10538","url":"https:\/\/blogs.uninter.edu.mx\/difusioncultural\/?p=10538","name":"Uninter te invita a la primera edici\u00f3n del \"Super Artista SIU\" -","isPartOf":{"@id":"https:\/\/blogs.uninter.edu.mx\/difusioncultural\/#website"},"primaryImageOfPage":{"@id":"https:\/\/blogs.uninter.edu.mx\/difusioncultural\/?p=10538#primaryimage"},"image":{"@id":"https:\/\/blogs.uninter.edu.mx\/difusioncultural\/?p=10538#primaryimage"},"thumbnailUrl":"https:\/\/blogs.uninter.edu.mx\/difusioncultural\/wp-content\/uploads\/2025\/06\/Galeria-SIU-actualizado.jpeg","datePublished":"2025-06-27T19:39:05+00:00","dateModified":"2025-06-27T19:39:10+00:00","description":"Difusi\u00f3n cultural Uninter invita a la artista Karina G\u00f3mez para la primera edici\u00f3n del Super Artista SIU formando a los artistas del futuro","breadcrumb":{"@id":"https:\/\/blogs.uninter.edu.mx\/difusioncultural\/?p=10538#breadcrumb"},"inLanguage":"es","potentialAction":[{"@type":"ReadAction","target":["https:\/\/blogs.uninter.edu.mx\/difusioncultural\/?p=10538"]}]},{"@type":"ImageObject","inLanguage":"es","@id":"https:\/\/blogs.uninter.edu.mx\/difusioncultural\/?p=10538#primaryimage","url":"https:\/\/blogs.uninter.edu.mx\/difusioncultural\/wp-content\/uploads\/2025\/06\/Galeria-SIU-actualizado.jpeg","contentUrl":"https:\/\/blogs.uninter.edu.mx\/difusioncultural\/wp-content\/uploads\/2025\/06\/Galeria-SIU-actualizado.jpeg","width":1280,"height":1280},{"@type":"BreadcrumbList","@id":"https:\/\/blogs.uninter.edu.mx\/difusioncultural\/?p=10538#breadcrumb","itemListElement":[{"@type":"ListItem","position":1,"name":"Inicio","item":"https:\/\/blogs.uninter.edu.mx\/difusioncultural\/"},{"@type":"ListItem","position":2,"name":"Uninter te invita a la primera edici\u00f3n del &#8220;Super Artista SIU&#8221;"}]},{"@type":"WebSite","@id":"https:\/\/blogs.uninter.edu.mx\/difusioncultural\/#website","url":"https:\/\/blogs.uninter.edu.mx\/difusioncultural\/","name":"Difusi\u00f3n Cultural","description":"UNINTER","publisher":{"@id":"https:\/\/blogs.uninter.edu.mx\/difusioncultural\/#organization"},"potentialAction":[{"@type":"SearchAction","target":{"@type":"EntryPoint","urlTemplate":"https:\/\/blogs.uninter.edu.mx\/difusioncultural\/?s={search_term_string}"},"query-input":{"@type":"PropertyValueSpecification","valueRequired":true,"valueName":"search_term_string"}}],"inLanguage":"es"},{"@type":"Organization","@id":"https:\/\/blogs.uninter.edu.mx\/difusioncultural\/#organization","name":"Difusi\u00f3n Cultural","url":"https:\/\/blogs.uninter.edu.mx\/difusioncultural\/","logo":{"@type":"ImageObject","inLanguage":"es","@id":"https:\/\/blogs.uninter.edu.mx\/difusioncultural\/#\/schema\/logo\/image\/","url":"https:\/\/blogs.uninter.edu.mx\/difusioncultural\/wp-content\/uploads\/2022\/09\/uninter.jpg","contentUrl":"https:\/\/blogs.uninter.edu.mx\/difusioncultural\/wp-content\/uploads\/2022\/09\/uninter.jpg","width":2048,"height":2048,"caption":"Difusi\u00f3n Cultural"},"image":{"@id":"https:\/\/blogs.uninter.edu.mx\/difusioncultural\/#\/schema\/logo\/image\/"}},{"@type":"Person","@id":"https:\/\/blogs.uninter.edu.mx\/difusioncultural\/#\/schema\/person\/c710e37686022500827405824a08a18c","name":"Aslhey Alejandra Gonz\u00e1lez Castro","image":{"@type":"ImageObject","inLanguage":"es","@id":"https:\/\/blogs.uninter.edu.mx\/difusioncultural\/#\/schema\/person\/image\/","url":"https:\/\/secure.gravatar.com\/avatar\/1905d6ed47b47ccbfb53e4b64f72f2017309e25d96ef418088d4f998ecf6552e?s=96&d=mm&r=g","contentUrl":"https:\/\/secure.gravatar.com\/avatar\/1905d6ed47b47ccbfb53e4b64f72f2017309e25d96ef418088d4f998ecf6552e?s=96&d=mm&r=g","caption":"Aslhey Alejandra Gonz\u00e1lez Castro"},"url":"https:\/\/blogs.uninter.edu.mx\/difusioncultural\/?author=24"}]}},"jetpack_publicize_connections":[],"jetpack_featured_media_url":"https:\/\/blogs.uninter.edu.mx\/difusioncultural\/wp-content\/uploads\/2025\/06\/Galeria-SIU-actualizado.jpeg","jetpack_sharing_enabled":true,"_links":{"self":[{"href":"https:\/\/blogs.uninter.edu.mx\/difusioncultural\/index.php?rest_route=\/wp\/v2\/posts\/10538","targetHints":{"allow":["GET"]}}],"collection":[{"href":"https:\/\/blogs.uninter.edu.mx\/difusioncultural\/index.php?rest_route=\/wp\/v2\/posts"}],"about":[{"href":"https:\/\/blogs.uninter.edu.mx\/difusioncultural\/index.php?rest_route=\/wp\/v2\/types\/post"}],"author":[{"embeddable":true,"href":"https:\/\/blogs.uninter.edu.mx\/difusioncultural\/index.php?rest_route=\/wp\/v2\/users\/24"}],"replies":[{"embeddable":true,"href":"https:\/\/blogs.uninter.edu.mx\/difusioncultural\/index.php?rest_route=%2Fwp%2Fv2%2Fcomments&post=10538"}],"version-history":[{"count":7,"href":"https:\/\/blogs.uninter.edu.mx\/difusioncultural\/index.php?rest_route=\/wp\/v2\/posts\/10538\/revisions"}],"predecessor-version":[{"id":10556,"href":"https:\/\/blogs.uninter.edu.mx\/difusioncultural\/index.php?rest_route=\/wp\/v2\/posts\/10538\/revisions\/10556"}],"wp:featuredmedia":[{"embeddable":true,"href":"https:\/\/blogs.uninter.edu.mx\/difusioncultural\/index.php?rest_route=\/wp\/v2\/media\/10552"}],"wp:attachment":[{"href":"https:\/\/blogs.uninter.edu.mx\/difusioncultural\/index.php?rest_route=%2Fwp%2Fv2%2Fmedia&parent=10538"}],"wp:term":[{"taxonomy":"category","embeddable":true,"href":"https:\/\/blogs.uninter.edu.mx\/difusioncultural\/index.php?rest_route=%2Fwp%2Fv2%2Fcategories&post=10538"},{"taxonomy":"post_tag","embeddable":true,"href":"https:\/\/blogs.uninter.edu.mx\/difusioncultural\/index.php?rest_route=%2Fwp%2Fv2%2Ftags&post=10538"}],"curies":[{"name":"wp","href":"https:\/\/api.w.org\/{rel}","templated":true}]}}