{"id":10576,"date":"2025-08-28T14:52:47","date_gmt":"2025-08-28T14:52:47","guid":{"rendered":"https:\/\/blogs.uninter.edu.mx\/difusioncultural\/?p=10576"},"modified":"2025-08-28T14:53:11","modified_gmt":"2025-08-28T14:53:11","slug":"talleres-culturales-uninter","status":"publish","type":"post","link":"https:\/\/blogs.uninter.edu.mx\/difusioncultural\/?p=10576","title":{"rendered":"Invitaci\u00f3n a los  Talleres Culturales 2026-1"},"content":{"rendered":"\n<p>La <strong>Universidad Internacional (UNINTER)<\/strong> tiene el honor de invitar a su comunidad universitaria y al p\u00fablico en general a inscribirse a los <strong>nuevos talleres del ciclo 2026-1<\/strong>, dise\u00f1ados con el prop\u00f3sito de fomentar la creatividad, el desarrollo de habilidades manuales y la apreciaci\u00f3n de las artes aplicadas, impartir\u00e1 ajedrez, danza urbana, dibujo, dibujo- expresi\u00f3n art\u00edstica, papiroflexia, teatro, acuarela, corte y confecci\u00f3n, sumando adem\u00e1s crochet.<\/p>\n\n\n\n<p>Estos talleres representan un espacio de formaci\u00f3n integral que busca no solo transmitir conocimientos t\u00e9cnicos, sino tambi\u00e9n fortalecer la sensibilidad art\u00edstica, la disciplina y la capacidad de expresi\u00f3n de los participantes.<\/p>\n\n\n\n<hr class=\"wp-block-separator has-alpha-channel-opacity\"\/>\n\n\n\n<h3 class=\"wp-block-heading\"> Taller de Acuarela<\/h3>\n\n\n\n<p>La acuarela, reconocida como una de las t\u00e9cnicas pict\u00f3ricas m\u00e1s antiguas y expresivas, se distingue por la transparencia de sus colores y la delicadeza de sus matices. En este taller, los estudiantes podr\u00e1n explorar los fundamentos del manejo del agua y los pigmentos, el estudio de la luz, la sombra y la composici\u00f3n. Asimismo, se promover\u00e1 la observaci\u00f3n art\u00edstica y la creatividad, valorando esta t\u00e9cnica como parte esencial de la historia del arte y como medio de expresi\u00f3n contempor\u00e1neo.<\/p>\n\n\n\n<p><\/p>\n\n\n\n<figure class=\"wp-block-image size-full\"><img fetchpriority=\"high\" decoding=\"async\" width=\"5000\" height=\"5000\" src=\"https:\/\/blogs.uninter.edu.mx\/difusioncultural\/wp-content\/uploads\/2025\/08\/Postales_Talleres_Culturales_Acuarela1.jpg\" alt=\"\" class=\"wp-image-10577\"\/><\/figure>\n\n\n\n<h3 class=\"wp-block-heading\"> Taller de Corte y Confecci\u00f3n<\/h3>\n\n\n\n<p>Este taller est\u00e1 dirigido a quienes deseen adentrarse en el arte de crear prendas de vestir, desarrollando un aprendizaje completo que incluye la toma de medidas, el dise\u00f1o y trazo de moldes, el corte de telas y la aplicaci\u00f3n de diversas t\u00e9cnicas de costura y acabados. Adem\u00e1s de su relevancia pr\u00e1ctica y est\u00e9tica, el corte y confecci\u00f3n fomenta la autonom\u00eda, la sostenibilidad y la capacidad de innovar en el \u00e1mbito del dise\u00f1o textil y de la moda.<\/p>\n\n\n\n<figure class=\"wp-block-image size-full\"><img decoding=\"async\" width=\"5000\" height=\"5000\" src=\"https:\/\/blogs.uninter.edu.mx\/difusioncultural\/wp-content\/uploads\/2025\/08\/Postales_Talleres_Culturales_Corte_y_confeccion1.jpg\" alt=\"\" class=\"wp-image-10579\"\/><\/figure>\n\n\n\n<h3 class=\"wp-block-heading\">\ud83e\uddf6 Taller de Crochet<\/h3>\n\n\n\n<p>El crochet es una t\u00e9cnica textil de profunda tradici\u00f3n cultural, que combina destreza manual, creatividad y paciencia. A trav\u00e9s del conocimiento de distintos puntos, patrones y texturas, los participantes podr\u00e1n confeccionar piezas \u00fanicas que van desde accesorios y prendas hasta proyectos decorativos. Este taller no solo contribuye a preservar un arte ancestral transmitido por generaciones, sino que tambi\u00e9n abre la puerta a reinterpretaciones modernas y dise\u00f1os de gran originalidad.<\/p>\n\n\n\n<figure class=\"wp-block-image size-full\"><img decoding=\"async\" width=\"5000\" height=\"5000\" src=\"https:\/\/blogs.uninter.edu.mx\/difusioncultural\/wp-content\/uploads\/2025\/08\/Postales_Talleres_Culturales_Crochet1.jpg\" alt=\"\" class=\"wp-image-10578\"\/><\/figure>\n\n\n\n<p><\/p>\n\n\n\n<p>Las inscripciones se realizaran a partir del 28 de agosto en el siguiente link: <a href=\"https:\/\/uninter.edu.mx\/talleres\/\" target=\"_blank\" rel=\"noreferrer noopener\">https:\/\/uninter.edu.mx\/talleres\/<\/a><\/p>\n\n\n\n<p><\/p>\n\n\n\n<p><\/p>\n\n\n\n<p><\/p>\n\n\n\n<p><\/p>\n\n\n\n<figure class=\"wp-block-embed is-type-wp-embed is-provider-difusi-n-cultural wp-block-embed-difusi-n-cultural\"><div class=\"wp-block-embed__wrapper\">\n<blockquote class=\"wp-embedded-content\" data-secret=\"pDsnes50zA\"><a href=\"https:\/\/blogs.uninter.edu.mx\/difusioncultural\/index.php\/2025\/06\/27\/1era-edicion-artista-siu\/\">Uninter te invita a la primera edici\u00f3n del &#8220;Super Artista SIU&#8221;<\/a><\/blockquote><iframe class=\"wp-embedded-content\" sandbox=\"allow-scripts\" security=\"restricted\" style=\"position: absolute; visibility: hidden;\" title=\"&#8220;Uninter te invita a la primera edici\u00f3n del &#8220;Super Artista SIU&#8221;&#8221; &#8212; Difusi\u00f3n Cultural\" src=\"https:\/\/blogs.uninter.edu.mx\/difusioncultural\/index.php\/2025\/06\/27\/1era-edicion-artista-siu\/embed\/#?secret=5MxUZV5Cub#?secret=pDsnes50zA\" data-secret=\"pDsnes50zA\" width=\"600\" height=\"338\" frameborder=\"0\" marginwidth=\"0\" marginheight=\"0\" scrolling=\"no\"><\/iframe>\n<\/div><\/figure>\n\n\n\n<p>Por: Difusi\u00f3n Cultural<\/p>\n","protected":false},"excerpt":{"rendered":"<p>La Universidad Internacional (UNINTER) tiene el honor de invitar a su comunidad universitaria y al p\u00fablico en general a inscribirse a los nuevos talleres del ciclo 2026-1, dise\u00f1ados con el prop\u00f3sito de fomentar la creatividad, el desarrollo de habilidades manuales y la apreciaci\u00f3n de las artes aplicadas, impartir\u00e1 ajedrez, danza urbana, dibujo, dibujo- expresi\u00f3n art\u00edstica,&hellip;<\/p>\n","protected":false},"author":24,"featured_media":0,"comment_status":"open","ping_status":"open","sticky":false,"template":"","format":"standard","meta":{"_jetpack_memberships_contains_paid_content":false,"footnotes":"","jetpack_publicize_message":"La Universidad Internacional (UNINTER) invita a la comunidad universitaria y al p\u00fablico en general a inscribirse a los nuevos talleres del ciclo 2026-1, dise\u00f1ados con el prop\u00f3sito de fomentar la creatividad, el desarrollo de tus habilidades.","jetpack_publicize_feature_enabled":true,"jetpack_social_post_already_shared":false,"jetpack_social_options":{"image_generator_settings":{"template":"highway","enabled":false}}},"categories":[1],"tags":[],"class_list":["post-10576","post","type-post","status-publish","format-standard","hentry","category-sin-categoria"],"yoast_head":"<!-- This site is optimized with the Yoast SEO plugin v26.3 - https:\/\/yoast.com\/wordpress\/plugins\/seo\/ -->\r\n<title>Invitaci\u00f3n a los Talleres Culturales 2026-1 - Difusi\u00f3n Cultural<\/title>\r\n<meta name=\"description\" content=\"Descubre los nuevos talleres culturales UNINTER: Acuarela, Crochet y Corte y Confecci\u00f3n. \u00a1Inscr\u00edbete y s\u00e9 parte de esta experiencia \u00fanica!\" \/>\r\n<meta name=\"robots\" content=\"index, follow, max-snippet:-1, max-image-preview:large, max-video-preview:-1\" \/>\r\n<link rel=\"canonical\" href=\"https:\/\/blogs.uninter.edu.mx\/difusioncultural\/?p=10576\" \/>\r\n<meta property=\"og:locale\" content=\"es_MX\" \/>\r\n<meta property=\"og:type\" content=\"article\" \/>\r\n<meta property=\"og:title\" content=\"Invitaci\u00f3n a los Talleres Culturales 2026-1 - Difusi\u00f3n Cultural\" \/>\r\n<meta property=\"og:description\" content=\"Descubre los nuevos talleres culturales UNINTER: Acuarela, Crochet y Corte y Confecci\u00f3n. \u00a1Inscr\u00edbete y s\u00e9 parte de esta experiencia \u00fanica!\" \/>\r\n<meta property=\"og:url\" content=\"https:\/\/blogs.uninter.edu.mx\/difusioncultural\/?p=10576\" \/>\r\n<meta property=\"og:site_name\" content=\"Difusi\u00f3n Cultural\" \/>\r\n<meta property=\"article:published_time\" content=\"2025-08-28T14:52:47+00:00\" \/>\r\n<meta property=\"article:modified_time\" content=\"2025-08-28T14:53:11+00:00\" \/>\r\n<meta property=\"og:image\" content=\"https:\/\/blogs.uninter.edu.mx\/difusioncultural\/wp-content\/uploads\/2025\/08\/Postales_Talleres_Culturales_Acuarela1.jpg\" \/>\r\n<meta name=\"author\" content=\"Aslhey Alejandra Gonz\u00e1lez Castro\" \/>\r\n<meta name=\"twitter:card\" content=\"summary_large_image\" \/>\r\n<meta name=\"twitter:label1\" content=\"Escrito por\" \/>\n\t<meta name=\"twitter:data1\" content=\"Aslhey Alejandra Gonz\u00e1lez Castro\" \/>\n\t<meta name=\"twitter:label2\" content=\"Tiempo de lectura\" \/>\n\t<meta name=\"twitter:data2\" content=\"3 minutos\" \/>\r\n<script type=\"application\/ld+json\" class=\"yoast-schema-graph\">{\"@context\":\"https:\/\/schema.org\",\"@graph\":[{\"@type\":\"Article\",\"@id\":\"https:\/\/blogs.uninter.edu.mx\/difusioncultural\/?p=10576#article\",\"isPartOf\":{\"@id\":\"https:\/\/blogs.uninter.edu.mx\/difusioncultural\/?p=10576\"},\"author\":{\"name\":\"Aslhey Alejandra Gonz\u00e1lez Castro\",\"@id\":\"https:\/\/blogs.uninter.edu.mx\/difusioncultural\/#\/schema\/person\/c710e37686022500827405824a08a18c\"},\"headline\":\"Invitaci\u00f3n a los Talleres Culturales 2026-1\",\"datePublished\":\"2025-08-28T14:52:47+00:00\",\"dateModified\":\"2025-08-28T14:53:11+00:00\",\"mainEntityOfPage\":{\"@id\":\"https:\/\/blogs.uninter.edu.mx\/difusioncultural\/?p=10576\"},\"wordCount\":408,\"commentCount\":0,\"publisher\":{\"@id\":\"https:\/\/blogs.uninter.edu.mx\/difusioncultural\/#organization\"},\"image\":{\"@id\":\"https:\/\/blogs.uninter.edu.mx\/difusioncultural\/?p=10576#primaryimage\"},\"thumbnailUrl\":\"https:\/\/blogs.uninter.edu.mx\/difusioncultural\/wp-content\/uploads\/2025\/08\/Postales_Talleres_Culturales_Acuarela1.jpg\",\"inLanguage\":\"es\",\"potentialAction\":[{\"@type\":\"CommentAction\",\"name\":\"Comment\",\"target\":[\"https:\/\/blogs.uninter.edu.mx\/difusioncultural\/?p=10576#respond\"]}]},{\"@type\":\"WebPage\",\"@id\":\"https:\/\/blogs.uninter.edu.mx\/difusioncultural\/?p=10576\",\"url\":\"https:\/\/blogs.uninter.edu.mx\/difusioncultural\/?p=10576\",\"name\":\"Invitaci\u00f3n a los Talleres Culturales 2026-1 - Difusi\u00f3n Cultural\",\"isPartOf\":{\"@id\":\"https:\/\/blogs.uninter.edu.mx\/difusioncultural\/#website\"},\"primaryImageOfPage\":{\"@id\":\"https:\/\/blogs.uninter.edu.mx\/difusioncultural\/?p=10576#primaryimage\"},\"image\":{\"@id\":\"https:\/\/blogs.uninter.edu.mx\/difusioncultural\/?p=10576#primaryimage\"},\"thumbnailUrl\":\"https:\/\/blogs.uninter.edu.mx\/difusioncultural\/wp-content\/uploads\/2025\/08\/Postales_Talleres_Culturales_Acuarela1.jpg\",\"datePublished\":\"2025-08-28T14:52:47+00:00\",\"dateModified\":\"2025-08-28T14:53:11+00:00\",\"description\":\"Descubre los nuevos talleres culturales UNINTER: Acuarela, Crochet y Corte y Confecci\u00f3n. \u00a1Inscr\u00edbete y s\u00e9 parte de esta experiencia \u00fanica!\",\"breadcrumb\":{\"@id\":\"https:\/\/blogs.uninter.edu.mx\/difusioncultural\/?p=10576#breadcrumb\"},\"inLanguage\":\"es\",\"potentialAction\":[{\"@type\":\"ReadAction\",\"target\":[\"https:\/\/blogs.uninter.edu.mx\/difusioncultural\/?p=10576\"]}]},{\"@type\":\"ImageObject\",\"inLanguage\":\"es\",\"@id\":\"https:\/\/blogs.uninter.edu.mx\/difusioncultural\/?p=10576#primaryimage\",\"url\":\"https:\/\/blogs.uninter.edu.mx\/difusioncultural\/wp-content\/uploads\/2025\/08\/Postales_Talleres_Culturales_Acuarela1.jpg\",\"contentUrl\":\"https:\/\/blogs.uninter.edu.mx\/difusioncultural\/wp-content\/uploads\/2025\/08\/Postales_Talleres_Culturales_Acuarela1.jpg\",\"width\":5000,\"height\":5000},{\"@type\":\"BreadcrumbList\",\"@id\":\"https:\/\/blogs.uninter.edu.mx\/difusioncultural\/?p=10576#breadcrumb\",\"itemListElement\":[{\"@type\":\"ListItem\",\"position\":1,\"name\":\"Inicio\",\"item\":\"https:\/\/blogs.uninter.edu.mx\/difusioncultural\/\"},{\"@type\":\"ListItem\",\"position\":2,\"name\":\"Invitaci\u00f3n a los Talleres Culturales 2026-1\"}]},{\"@type\":\"WebSite\",\"@id\":\"https:\/\/blogs.uninter.edu.mx\/difusioncultural\/#website\",\"url\":\"https:\/\/blogs.uninter.edu.mx\/difusioncultural\/\",\"name\":\"Difusi\u00f3n Cultural\",\"description\":\"UNINTER\",\"publisher\":{\"@id\":\"https:\/\/blogs.uninter.edu.mx\/difusioncultural\/#organization\"},\"potentialAction\":[{\"@type\":\"SearchAction\",\"target\":{\"@type\":\"EntryPoint\",\"urlTemplate\":\"https:\/\/blogs.uninter.edu.mx\/difusioncultural\/?s={search_term_string}\"},\"query-input\":{\"@type\":\"PropertyValueSpecification\",\"valueRequired\":true,\"valueName\":\"search_term_string\"}}],\"inLanguage\":\"es\"},{\"@type\":\"Organization\",\"@id\":\"https:\/\/blogs.uninter.edu.mx\/difusioncultural\/#organization\",\"name\":\"Difusi\u00f3n Cultural\",\"url\":\"https:\/\/blogs.uninter.edu.mx\/difusioncultural\/\",\"logo\":{\"@type\":\"ImageObject\",\"inLanguage\":\"es\",\"@id\":\"https:\/\/blogs.uninter.edu.mx\/difusioncultural\/#\/schema\/logo\/image\/\",\"url\":\"https:\/\/blogs.uninter.edu.mx\/difusioncultural\/wp-content\/uploads\/2022\/09\/uninter.jpg\",\"contentUrl\":\"https:\/\/blogs.uninter.edu.mx\/difusioncultural\/wp-content\/uploads\/2022\/09\/uninter.jpg\",\"width\":2048,\"height\":2048,\"caption\":\"Difusi\u00f3n Cultural\"},\"image\":{\"@id\":\"https:\/\/blogs.uninter.edu.mx\/difusioncultural\/#\/schema\/logo\/image\/\"}},{\"@type\":\"Person\",\"@id\":\"https:\/\/blogs.uninter.edu.mx\/difusioncultural\/#\/schema\/person\/c710e37686022500827405824a08a18c\",\"name\":\"Aslhey Alejandra Gonz\u00e1lez Castro\",\"image\":{\"@type\":\"ImageObject\",\"inLanguage\":\"es\",\"@id\":\"https:\/\/blogs.uninter.edu.mx\/difusioncultural\/#\/schema\/person\/image\/\",\"url\":\"https:\/\/secure.gravatar.com\/avatar\/1905d6ed47b47ccbfb53e4b64f72f2017309e25d96ef418088d4f998ecf6552e?s=96&d=mm&r=g\",\"contentUrl\":\"https:\/\/secure.gravatar.com\/avatar\/1905d6ed47b47ccbfb53e4b64f72f2017309e25d96ef418088d4f998ecf6552e?s=96&d=mm&r=g\",\"caption\":\"Aslhey Alejandra Gonz\u00e1lez Castro\"},\"url\":\"https:\/\/blogs.uninter.edu.mx\/difusioncultural\/?author=24\"}]}<\/script>\r\n<!-- \/ Yoast SEO plugin. -->","yoast_head_json":{"title":"Invitaci\u00f3n a los Talleres Culturales 2026-1 - Difusi\u00f3n Cultural","description":"Descubre los nuevos talleres culturales UNINTER: Acuarela, Crochet y Corte y Confecci\u00f3n. \u00a1Inscr\u00edbete y s\u00e9 parte de esta experiencia \u00fanica!","robots":{"index":"index","follow":"follow","max-snippet":"max-snippet:-1","max-image-preview":"max-image-preview:large","max-video-preview":"max-video-preview:-1"},"canonical":"https:\/\/blogs.uninter.edu.mx\/difusioncultural\/?p=10576","og_locale":"es_MX","og_type":"article","og_title":"Invitaci\u00f3n a los Talleres Culturales 2026-1 - Difusi\u00f3n Cultural","og_description":"Descubre los nuevos talleres culturales UNINTER: Acuarela, Crochet y Corte y Confecci\u00f3n. \u00a1Inscr\u00edbete y s\u00e9 parte de esta experiencia \u00fanica!","og_url":"https:\/\/blogs.uninter.edu.mx\/difusioncultural\/?p=10576","og_site_name":"Difusi\u00f3n Cultural","article_published_time":"2025-08-28T14:52:47+00:00","article_modified_time":"2025-08-28T14:53:11+00:00","og_image":[{"url":"https:\/\/blogs.uninter.edu.mx\/difusioncultural\/wp-content\/uploads\/2025\/08\/Postales_Talleres_Culturales_Acuarela1.jpg","type":"","width":"","height":""}],"author":"Aslhey Alejandra Gonz\u00e1lez Castro","twitter_card":"summary_large_image","twitter_misc":{"Escrito por":"Aslhey Alejandra Gonz\u00e1lez Castro","Tiempo de lectura":"3 minutos"},"schema":{"@context":"https:\/\/schema.org","@graph":[{"@type":"Article","@id":"https:\/\/blogs.uninter.edu.mx\/difusioncultural\/?p=10576#article","isPartOf":{"@id":"https:\/\/blogs.uninter.edu.mx\/difusioncultural\/?p=10576"},"author":{"name":"Aslhey Alejandra Gonz\u00e1lez Castro","@id":"https:\/\/blogs.uninter.edu.mx\/difusioncultural\/#\/schema\/person\/c710e37686022500827405824a08a18c"},"headline":"Invitaci\u00f3n a los Talleres Culturales 2026-1","datePublished":"2025-08-28T14:52:47+00:00","dateModified":"2025-08-28T14:53:11+00:00","mainEntityOfPage":{"@id":"https:\/\/blogs.uninter.edu.mx\/difusioncultural\/?p=10576"},"wordCount":408,"commentCount":0,"publisher":{"@id":"https:\/\/blogs.uninter.edu.mx\/difusioncultural\/#organization"},"image":{"@id":"https:\/\/blogs.uninter.edu.mx\/difusioncultural\/?p=10576#primaryimage"},"thumbnailUrl":"https:\/\/blogs.uninter.edu.mx\/difusioncultural\/wp-content\/uploads\/2025\/08\/Postales_Talleres_Culturales_Acuarela1.jpg","inLanguage":"es","potentialAction":[{"@type":"CommentAction","name":"Comment","target":["https:\/\/blogs.uninter.edu.mx\/difusioncultural\/?p=10576#respond"]}]},{"@type":"WebPage","@id":"https:\/\/blogs.uninter.edu.mx\/difusioncultural\/?p=10576","url":"https:\/\/blogs.uninter.edu.mx\/difusioncultural\/?p=10576","name":"Invitaci\u00f3n a los Talleres Culturales 2026-1 - Difusi\u00f3n Cultural","isPartOf":{"@id":"https:\/\/blogs.uninter.edu.mx\/difusioncultural\/#website"},"primaryImageOfPage":{"@id":"https:\/\/blogs.uninter.edu.mx\/difusioncultural\/?p=10576#primaryimage"},"image":{"@id":"https:\/\/blogs.uninter.edu.mx\/difusioncultural\/?p=10576#primaryimage"},"thumbnailUrl":"https:\/\/blogs.uninter.edu.mx\/difusioncultural\/wp-content\/uploads\/2025\/08\/Postales_Talleres_Culturales_Acuarela1.jpg","datePublished":"2025-08-28T14:52:47+00:00","dateModified":"2025-08-28T14:53:11+00:00","description":"Descubre los nuevos talleres culturales UNINTER: Acuarela, Crochet y Corte y Confecci\u00f3n. \u00a1Inscr\u00edbete y s\u00e9 parte de esta experiencia \u00fanica!","breadcrumb":{"@id":"https:\/\/blogs.uninter.edu.mx\/difusioncultural\/?p=10576#breadcrumb"},"inLanguage":"es","potentialAction":[{"@type":"ReadAction","target":["https:\/\/blogs.uninter.edu.mx\/difusioncultural\/?p=10576"]}]},{"@type":"ImageObject","inLanguage":"es","@id":"https:\/\/blogs.uninter.edu.mx\/difusioncultural\/?p=10576#primaryimage","url":"https:\/\/blogs.uninter.edu.mx\/difusioncultural\/wp-content\/uploads\/2025\/08\/Postales_Talleres_Culturales_Acuarela1.jpg","contentUrl":"https:\/\/blogs.uninter.edu.mx\/difusioncultural\/wp-content\/uploads\/2025\/08\/Postales_Talleres_Culturales_Acuarela1.jpg","width":5000,"height":5000},{"@type":"BreadcrumbList","@id":"https:\/\/blogs.uninter.edu.mx\/difusioncultural\/?p=10576#breadcrumb","itemListElement":[{"@type":"ListItem","position":1,"name":"Inicio","item":"https:\/\/blogs.uninter.edu.mx\/difusioncultural\/"},{"@type":"ListItem","position":2,"name":"Invitaci\u00f3n a los Talleres Culturales 2026-1"}]},{"@type":"WebSite","@id":"https:\/\/blogs.uninter.edu.mx\/difusioncultural\/#website","url":"https:\/\/blogs.uninter.edu.mx\/difusioncultural\/","name":"Difusi\u00f3n Cultural","description":"UNINTER","publisher":{"@id":"https:\/\/blogs.uninter.edu.mx\/difusioncultural\/#organization"},"potentialAction":[{"@type":"SearchAction","target":{"@type":"EntryPoint","urlTemplate":"https:\/\/blogs.uninter.edu.mx\/difusioncultural\/?s={search_term_string}"},"query-input":{"@type":"PropertyValueSpecification","valueRequired":true,"valueName":"search_term_string"}}],"inLanguage":"es"},{"@type":"Organization","@id":"https:\/\/blogs.uninter.edu.mx\/difusioncultural\/#organization","name":"Difusi\u00f3n Cultural","url":"https:\/\/blogs.uninter.edu.mx\/difusioncultural\/","logo":{"@type":"ImageObject","inLanguage":"es","@id":"https:\/\/blogs.uninter.edu.mx\/difusioncultural\/#\/schema\/logo\/image\/","url":"https:\/\/blogs.uninter.edu.mx\/difusioncultural\/wp-content\/uploads\/2022\/09\/uninter.jpg","contentUrl":"https:\/\/blogs.uninter.edu.mx\/difusioncultural\/wp-content\/uploads\/2022\/09\/uninter.jpg","width":2048,"height":2048,"caption":"Difusi\u00f3n Cultural"},"image":{"@id":"https:\/\/blogs.uninter.edu.mx\/difusioncultural\/#\/schema\/logo\/image\/"}},{"@type":"Person","@id":"https:\/\/blogs.uninter.edu.mx\/difusioncultural\/#\/schema\/person\/c710e37686022500827405824a08a18c","name":"Aslhey Alejandra Gonz\u00e1lez Castro","image":{"@type":"ImageObject","inLanguage":"es","@id":"https:\/\/blogs.uninter.edu.mx\/difusioncultural\/#\/schema\/person\/image\/","url":"https:\/\/secure.gravatar.com\/avatar\/1905d6ed47b47ccbfb53e4b64f72f2017309e25d96ef418088d4f998ecf6552e?s=96&d=mm&r=g","contentUrl":"https:\/\/secure.gravatar.com\/avatar\/1905d6ed47b47ccbfb53e4b64f72f2017309e25d96ef418088d4f998ecf6552e?s=96&d=mm&r=g","caption":"Aslhey Alejandra Gonz\u00e1lez Castro"},"url":"https:\/\/blogs.uninter.edu.mx\/difusioncultural\/?author=24"}]}},"jetpack_publicize_connections":[],"jetpack_featured_media_url":"","jetpack_sharing_enabled":true,"_links":{"self":[{"href":"https:\/\/blogs.uninter.edu.mx\/difusioncultural\/index.php?rest_route=\/wp\/v2\/posts\/10576","targetHints":{"allow":["GET"]}}],"collection":[{"href":"https:\/\/blogs.uninter.edu.mx\/difusioncultural\/index.php?rest_route=\/wp\/v2\/posts"}],"about":[{"href":"https:\/\/blogs.uninter.edu.mx\/difusioncultural\/index.php?rest_route=\/wp\/v2\/types\/post"}],"author":[{"embeddable":true,"href":"https:\/\/blogs.uninter.edu.mx\/difusioncultural\/index.php?rest_route=\/wp\/v2\/users\/24"}],"replies":[{"embeddable":true,"href":"https:\/\/blogs.uninter.edu.mx\/difusioncultural\/index.php?rest_route=%2Fwp%2Fv2%2Fcomments&post=10576"}],"version-history":[{"count":2,"href":"https:\/\/blogs.uninter.edu.mx\/difusioncultural\/index.php?rest_route=\/wp\/v2\/posts\/10576\/revisions"}],"predecessor-version":[{"id":10581,"href":"https:\/\/blogs.uninter.edu.mx\/difusioncultural\/index.php?rest_route=\/wp\/v2\/posts\/10576\/revisions\/10581"}],"wp:attachment":[{"href":"https:\/\/blogs.uninter.edu.mx\/difusioncultural\/index.php?rest_route=%2Fwp%2Fv2%2Fmedia&parent=10576"}],"wp:term":[{"taxonomy":"category","embeddable":true,"href":"https:\/\/blogs.uninter.edu.mx\/difusioncultural\/index.php?rest_route=%2Fwp%2Fv2%2Fcategories&post=10576"},{"taxonomy":"post_tag","embeddable":true,"href":"https:\/\/blogs.uninter.edu.mx\/difusioncultural\/index.php?rest_route=%2Fwp%2Fv2%2Ftags&post=10576"}],"curies":[{"name":"wp","href":"https:\/\/api.w.org\/{rel}","templated":true}]}}