{"id":10582,"date":"2025-08-29T08:00:00","date_gmt":"2025-08-29T08:00:00","guid":{"rendered":"https:\/\/blogs.uninter.edu.mx\/difusioncultural\/?p=10582"},"modified":"2025-08-28T19:38:26","modified_gmt":"2025-08-28T19:38:26","slug":"trayectoria-musical-taymara","status":"publish","type":"post","link":"https:\/\/blogs.uninter.edu.mx\/difusioncultural\/?p=10582","title":{"rendered":"Talento musical Taymara Su\u00e1rez \u00c1lvarez y su viaje en la m\u00fasica de c\u00e1mara mexicana"},"content":{"rendered":"\n<p>Taymara Su\u00e1rez \u00c1lvarez\u00a0<br>El viaje musical de Taymara Su\u00e1rez \u00c1lvarez: pasi\u00f3n, disciplina y arte<\/p>\n\n\n\n<p>La m\u00fasica es un lenguaje que trasciende fronteras, y la trayectoria de <strong>Taymara Su\u00e1rez \u00c1lvarez<\/strong> es un claro ejemplo de c\u00f3mo la pasi\u00f3n, la disciplina y el amor por este arte pueden abrir caminos extraordinarios.<\/p>\n\n\n\n<p>Nacida en <strong>Cuernavaca, Morelos<\/strong>, Taymara inici\u00f3 su acercamiento a la m\u00fasica desde la infancia de la mano del maestro <strong>Cruz Rojas Carranco<\/strong>. A\u00f1os m\u00e1s tarde, decidi\u00f3 profundizar su formaci\u00f3n en el <strong>Centro Morelense de las Artes<\/strong>, donde estudi\u00f3 bajo la c\u00e1tedra de <strong>Pamela Ripley<\/strong> y posteriormente con <strong>Balbi Cotter<\/strong>.<\/p>\n\n\n\n<figure class=\"wp-block-image size-full is-resized\"><img fetchpriority=\"high\" decoding=\"async\" width=\"961\" height=\"1280\" src=\"https:\/\/blogs.uninter.edu.mx\/difusioncultural\/wp-content\/uploads\/2025\/08\/TAy.jpeg\" alt=\"\" class=\"wp-image-10583\" style=\"width:326px;height:auto\"\/><\/figure>\n\n\n\n<p>Su inter\u00e9s ha estado marcado por la m\u00fasica de c\u00e1mara, un g\u00e9nero que le ha permitido expandir sus horizontes art\u00edsticos. Para ello, ha participado en destacados <strong>seminarios, festivales y master classes<\/strong> que enriquecieron su visi\u00f3n musical. Entre ellos destacan:<\/p>\n\n\n\n<ul class=\"wp-block-list\">\n<li>El <strong>Festival Internacional Cervantino<\/strong><\/li>\n\n\n\n<li>El <strong>Seminario de M\u00fasica de C\u00e1mara Mateo Oliva<\/strong><\/li>\n\n\n\n<li>El <strong>Seminario de Cuartetos de Cuerda del Cuarteto Latinoamericano<\/strong><\/li>\n\n\n\n<li>Clases magistrales con el <strong>Tr\u00edo de Viena<\/strong> y la violinista canadiense <strong>Sarah McElravy<\/strong><\/li>\n<\/ul>\n\n\n\n<p>Gracias a su talento y entrega, se ha presentado en importantes recintos culturales de M\u00e9xico, como el <strong>Jard\u00edn Borda<\/strong>, el <strong>Teatro Ocampo<\/strong>, el <strong>Auditorio Teopanzolco<\/strong>, el <strong>Auditorio de Guadalajara<\/strong>, la <strong>Universidad de Guanajuato<\/strong>, la <strong>Casa Diego Rivera<\/strong>, la <strong>Casa Laam<\/strong>, el <strong>Centro Cultural Universitario Tlatelolco<\/strong>, el <strong>Castillo de Chapultepec<\/strong> y el emblem\u00e1tico <strong>Palacio de Bellas Artes<\/strong>.<\/p>\n\n\n\n<p>Actualmente, Taymara desarrolla su <strong>proyecto personal bajo el nombre de TaySual<\/strong>, donde explora nuevas propuestas sonoras y art\u00edsticas. Adem\u00e1s, forma parte del <strong>Cuarteto de Cuerdas Cray<\/strong> y del <strong>Ensamble Vocal Crescendo<\/strong>, consolidando as\u00ed una carrera vers\u00e1til que combina la interpretaci\u00f3n individual con el trabajo colectivo.<\/p>\n\n\n\n<p class=\"has-medium-font-size\">La historia de Taymara Su\u00e1rez \u00c1lvarez es un reflejo de constancia y sensibilidad art\u00edstica, una joven m\u00fasica que sigue construyendo un camino s\u00f3lido dentro de la escena cultural de M\u00e9xico y que promete a\u00fan m\u00e1s en el futuro.<\/p>\n\n\n\n<p>Adem\u00e1s de su activa trayectoria en escenarios culturales, recientemente fue invitada a participar en un <strong>evento especial durante la graduaci\u00f3n de posgrados de la Universidad Internacional (UNINTER)<\/strong>, donde comparti\u00f3 su talento musical en una ceremonia significativa para la comunidad acad\u00e9mica.<\/p>\n\n\n\n<p>M\u00e1s sobre la m\u00fasica de c\u00e1mara en :  <a href=\"https:\/\/inba.gob.mx\/actividad\/ciclos\/8\/musica-de-camara\">https:\/\/inba.gob.mx\/actividad\/ciclos\/8\/musica-de-camara<\/a><\/p>\n\n\n\n<p><\/p>\n\n\n\n<p>Mas de uninter<\/p>\n\n\n\n<figure class=\"wp-block-embed is-type-wp-embed is-provider-difusi-n-cultural wp-block-embed-difusi-n-cultural\"><div class=\"wp-block-embed__wrapper\">\n<blockquote class=\"wp-embedded-content\" data-secret=\"1ntL6cnVUT\"><a href=\"https:\/\/blogs.uninter.edu.mx\/difusioncultural\/index.php\/2025\/07\/10\/importancia-de-la-difusion-cultural\/\">El objetivo de la difusi\u00f3n cultural en Uninter<\/a><\/blockquote><iframe class=\"wp-embedded-content\" sandbox=\"allow-scripts\" security=\"restricted\" style=\"position: absolute; visibility: hidden;\" title=\"&#8220;El objetivo de la difusi\u00f3n cultural en Uninter&#8221; &#8212; Difusi\u00f3n Cultural\" src=\"https:\/\/blogs.uninter.edu.mx\/difusioncultural\/index.php\/2025\/07\/10\/importancia-de-la-difusion-cultural\/embed\/#?secret=0LjlCZvAgF#?secret=1ntL6cnVUT\" data-secret=\"1ntL6cnVUT\" width=\"600\" height=\"338\" frameborder=\"0\" marginwidth=\"0\" marginheight=\"0\" scrolling=\"no\"><\/iframe>\n<\/div><\/figure>\n\n\n\n<figure class=\"wp-block-embed is-type-wp-embed is-provider-difusi-n-cultural wp-block-embed-difusi-n-cultural\"><div class=\"wp-block-embed__wrapper\">\n<blockquote class=\"wp-embedded-content\" data-secret=\"v3f3SoklNq\"><a href=\"https:\/\/blogs.uninter.edu.mx\/difusioncultural\/index.php\/2025\/07\/04\/diseno-de-vestuario\/\">Dise\u00f1o de vestuario para la obra H\u00e9rcules UNINTER<\/a><\/blockquote><iframe class=\"wp-embedded-content\" sandbox=\"allow-scripts\" security=\"restricted\" style=\"position: absolute; visibility: hidden;\" title=\"&#8220;Dise\u00f1o de vestuario para la obra H\u00e9rcules UNINTER&#8221; &#8212; Difusi\u00f3n Cultural\" src=\"https:\/\/blogs.uninter.edu.mx\/difusioncultural\/index.php\/2025\/07\/04\/diseno-de-vestuario\/embed\/#?secret=ds81iRbBa7#?secret=v3f3SoklNq\" data-secret=\"v3f3SoklNq\" width=\"600\" height=\"338\" frameborder=\"0\" marginwidth=\"0\" marginheight=\"0\" scrolling=\"no\"><\/iframe>\n<\/div><\/figure>\n","protected":false},"excerpt":{"rendered":"<p>Taymara Su\u00e1rez \u00c1lvarez\u00a0El viaje musical de Taymara Su\u00e1rez \u00c1lvarez: pasi\u00f3n, disciplina y arte La m\u00fasica es un lenguaje que trasciende fronteras, y la trayectoria de Taymara Su\u00e1rez \u00c1lvarez es un claro ejemplo de c\u00f3mo la pasi\u00f3n, la disciplina y el amor por este arte pueden abrir caminos extraordinarios. Nacida en Cuernavaca, Morelos, Taymara inici\u00f3 su&hellip;<\/p>\n","protected":false},"author":24,"featured_media":0,"comment_status":"open","ping_status":"open","sticky":false,"template":"","format":"standard","meta":{"_jetpack_memberships_contains_paid_content":false,"footnotes":"","jetpack_publicize_message":"Nuestra invitada a participar en un evento especial durante la graduaci\u00f3n de posgrados de la Universidad Internacional (UNINTER), donde comparti\u00f3 su talento musical en una ceremonia significativa para la comunidad acad\u00e9mica.","jetpack_publicize_feature_enabled":true,"jetpack_social_post_already_shared":true,"jetpack_social_options":{"image_generator_settings":{"template":"highway","enabled":false}}},"categories":[1],"tags":[93,113,364,201,366],"class_list":["post-10582","post","type-post","status-publish","format-standard","hentry","category-sin-categoria","tag-cultura","tag-difusion-cultural","tag-filararmonica","tag-musica","tag-violinista"],"yoast_head":"<!-- This site is optimized with the Yoast SEO plugin v26.3 - https:\/\/yoast.com\/wordpress\/plugins\/seo\/ -->\r\n<title>Talento musical Taymara Su\u00e1rez \u00c1lvarez y su viaje en la m\u00fasica de c\u00e1mara mexicana - Difusi\u00f3n Cultural<\/title>\r\n<meta name=\"description\" content=\"Conoce la trayectoria de Taymara Su\u00e1rez \u00c1lvarez, apasionada de la m\u00fasica de c\u00e1mara, creadora de TaySual y miembro del Cuarteto Cray.\" \/>\r\n<meta name=\"robots\" content=\"index, follow, max-snippet:-1, max-image-preview:large, max-video-preview:-1\" \/>\r\n<link rel=\"canonical\" href=\"https:\/\/blogs.uninter.edu.mx\/difusioncultural\/?p=10582\" \/>\r\n<meta property=\"og:locale\" content=\"es_MX\" \/>\r\n<meta property=\"og:type\" content=\"article\" \/>\r\n<meta property=\"og:title\" content=\"Talento musical Taymara Su\u00e1rez \u00c1lvarez y su viaje en la m\u00fasica de c\u00e1mara mexicana - Difusi\u00f3n Cultural\" \/>\r\n<meta property=\"og:description\" content=\"Conoce la trayectoria de Taymara Su\u00e1rez \u00c1lvarez, apasionada de la m\u00fasica de c\u00e1mara, creadora de TaySual y miembro del Cuarteto Cray.\" \/>\r\n<meta property=\"og:url\" content=\"https:\/\/blogs.uninter.edu.mx\/difusioncultural\/?p=10582\" \/>\r\n<meta property=\"og:site_name\" content=\"Difusi\u00f3n Cultural\" \/>\r\n<meta property=\"article:published_time\" content=\"2025-08-29T08:00:00+00:00\" \/>\r\n<meta property=\"og:image\" content=\"https:\/\/blogs.uninter.edu.mx\/difusioncultural\/wp-content\/uploads\/2025\/08\/TAy.jpeg\" \/>\r\n<meta name=\"author\" content=\"Aslhey Alejandra Gonz\u00e1lez Castro\" \/>\r\n<meta name=\"twitter:card\" content=\"summary_large_image\" \/>\r\n<meta name=\"twitter:label1\" content=\"Escrito por\" \/>\n\t<meta name=\"twitter:data1\" content=\"Aslhey Alejandra Gonz\u00e1lez Castro\" \/>\n\t<meta name=\"twitter:label2\" content=\"Tiempo de lectura\" \/>\n\t<meta name=\"twitter:data2\" content=\"2 minutos\" \/>\r\n<script type=\"application\/ld+json\" class=\"yoast-schema-graph\">{\"@context\":\"https:\/\/schema.org\",\"@graph\":[{\"@type\":\"Article\",\"@id\":\"https:\/\/blogs.uninter.edu.mx\/difusioncultural\/?p=10582#article\",\"isPartOf\":{\"@id\":\"https:\/\/blogs.uninter.edu.mx\/difusioncultural\/?p=10582\"},\"author\":{\"name\":\"Aslhey Alejandra Gonz\u00e1lez Castro\",\"@id\":\"https:\/\/blogs.uninter.edu.mx\/difusioncultural\/#\/schema\/person\/c710e37686022500827405824a08a18c\"},\"headline\":\"Talento musical Taymara Su\u00e1rez \u00c1lvarez y su viaje en la m\u00fasica de c\u00e1mara mexicana\",\"datePublished\":\"2025-08-29T08:00:00+00:00\",\"mainEntityOfPage\":{\"@id\":\"https:\/\/blogs.uninter.edu.mx\/difusioncultural\/?p=10582\"},\"wordCount\":443,\"commentCount\":0,\"publisher\":{\"@id\":\"https:\/\/blogs.uninter.edu.mx\/difusioncultural\/#organization\"},\"image\":{\"@id\":\"https:\/\/blogs.uninter.edu.mx\/difusioncultural\/?p=10582#primaryimage\"},\"thumbnailUrl\":\"https:\/\/blogs.uninter.edu.mx\/difusioncultural\/wp-content\/uploads\/2025\/08\/TAy.jpeg\",\"keywords\":[\"cultura\",\"difusi\u00f3n cultural\",\"filararm\u00f3nica\",\"m\u00fasica\",\"violinista\"],\"inLanguage\":\"es\",\"potentialAction\":[{\"@type\":\"CommentAction\",\"name\":\"Comment\",\"target\":[\"https:\/\/blogs.uninter.edu.mx\/difusioncultural\/?p=10582#respond\"]}]},{\"@type\":\"WebPage\",\"@id\":\"https:\/\/blogs.uninter.edu.mx\/difusioncultural\/?p=10582\",\"url\":\"https:\/\/blogs.uninter.edu.mx\/difusioncultural\/?p=10582\",\"name\":\"Talento musical Taymara Su\u00e1rez \u00c1lvarez y su viaje en la m\u00fasica de c\u00e1mara mexicana - Difusi\u00f3n Cultural\",\"isPartOf\":{\"@id\":\"https:\/\/blogs.uninter.edu.mx\/difusioncultural\/#website\"},\"primaryImageOfPage\":{\"@id\":\"https:\/\/blogs.uninter.edu.mx\/difusioncultural\/?p=10582#primaryimage\"},\"image\":{\"@id\":\"https:\/\/blogs.uninter.edu.mx\/difusioncultural\/?p=10582#primaryimage\"},\"thumbnailUrl\":\"https:\/\/blogs.uninter.edu.mx\/difusioncultural\/wp-content\/uploads\/2025\/08\/TAy.jpeg\",\"datePublished\":\"2025-08-29T08:00:00+00:00\",\"description\":\"Conoce la trayectoria de Taymara Su\u00e1rez \u00c1lvarez, apasionada de la m\u00fasica de c\u00e1mara, creadora de TaySual y miembro del Cuarteto Cray.\",\"breadcrumb\":{\"@id\":\"https:\/\/blogs.uninter.edu.mx\/difusioncultural\/?p=10582#breadcrumb\"},\"inLanguage\":\"es\",\"potentialAction\":[{\"@type\":\"ReadAction\",\"target\":[\"https:\/\/blogs.uninter.edu.mx\/difusioncultural\/?p=10582\"]}]},{\"@type\":\"ImageObject\",\"inLanguage\":\"es\",\"@id\":\"https:\/\/blogs.uninter.edu.mx\/difusioncultural\/?p=10582#primaryimage\",\"url\":\"https:\/\/blogs.uninter.edu.mx\/difusioncultural\/wp-content\/uploads\/2025\/08\/TAy.jpeg\",\"contentUrl\":\"https:\/\/blogs.uninter.edu.mx\/difusioncultural\/wp-content\/uploads\/2025\/08\/TAy.jpeg\",\"width\":961,\"height\":1280},{\"@type\":\"BreadcrumbList\",\"@id\":\"https:\/\/blogs.uninter.edu.mx\/difusioncultural\/?p=10582#breadcrumb\",\"itemListElement\":[{\"@type\":\"ListItem\",\"position\":1,\"name\":\"Inicio\",\"item\":\"https:\/\/blogs.uninter.edu.mx\/difusioncultural\/\"},{\"@type\":\"ListItem\",\"position\":2,\"name\":\"Talento musical Taymara Su\u00e1rez \u00c1lvarez y su viaje en la m\u00fasica de c\u00e1mara mexicana\"}]},{\"@type\":\"WebSite\",\"@id\":\"https:\/\/blogs.uninter.edu.mx\/difusioncultural\/#website\",\"url\":\"https:\/\/blogs.uninter.edu.mx\/difusioncultural\/\",\"name\":\"Difusi\u00f3n Cultural\",\"description\":\"UNINTER\",\"publisher\":{\"@id\":\"https:\/\/blogs.uninter.edu.mx\/difusioncultural\/#organization\"},\"potentialAction\":[{\"@type\":\"SearchAction\",\"target\":{\"@type\":\"EntryPoint\",\"urlTemplate\":\"https:\/\/blogs.uninter.edu.mx\/difusioncultural\/?s={search_term_string}\"},\"query-input\":{\"@type\":\"PropertyValueSpecification\",\"valueRequired\":true,\"valueName\":\"search_term_string\"}}],\"inLanguage\":\"es\"},{\"@type\":\"Organization\",\"@id\":\"https:\/\/blogs.uninter.edu.mx\/difusioncultural\/#organization\",\"name\":\"Difusi\u00f3n Cultural\",\"url\":\"https:\/\/blogs.uninter.edu.mx\/difusioncultural\/\",\"logo\":{\"@type\":\"ImageObject\",\"inLanguage\":\"es\",\"@id\":\"https:\/\/blogs.uninter.edu.mx\/difusioncultural\/#\/schema\/logo\/image\/\",\"url\":\"https:\/\/blogs.uninter.edu.mx\/difusioncultural\/wp-content\/uploads\/2022\/09\/uninter.jpg\",\"contentUrl\":\"https:\/\/blogs.uninter.edu.mx\/difusioncultural\/wp-content\/uploads\/2022\/09\/uninter.jpg\",\"width\":2048,\"height\":2048,\"caption\":\"Difusi\u00f3n Cultural\"},\"image\":{\"@id\":\"https:\/\/blogs.uninter.edu.mx\/difusioncultural\/#\/schema\/logo\/image\/\"}},{\"@type\":\"Person\",\"@id\":\"https:\/\/blogs.uninter.edu.mx\/difusioncultural\/#\/schema\/person\/c710e37686022500827405824a08a18c\",\"name\":\"Aslhey Alejandra Gonz\u00e1lez Castro\",\"image\":{\"@type\":\"ImageObject\",\"inLanguage\":\"es\",\"@id\":\"https:\/\/blogs.uninter.edu.mx\/difusioncultural\/#\/schema\/person\/image\/\",\"url\":\"https:\/\/secure.gravatar.com\/avatar\/1905d6ed47b47ccbfb53e4b64f72f2017309e25d96ef418088d4f998ecf6552e?s=96&d=mm&r=g\",\"contentUrl\":\"https:\/\/secure.gravatar.com\/avatar\/1905d6ed47b47ccbfb53e4b64f72f2017309e25d96ef418088d4f998ecf6552e?s=96&d=mm&r=g\",\"caption\":\"Aslhey Alejandra Gonz\u00e1lez Castro\"},\"url\":\"https:\/\/blogs.uninter.edu.mx\/difusioncultural\/?author=24\"}]}<\/script>\r\n<!-- \/ Yoast SEO plugin. -->","yoast_head_json":{"title":"Talento musical Taymara Su\u00e1rez \u00c1lvarez y su viaje en la m\u00fasica de c\u00e1mara mexicana - Difusi\u00f3n Cultural","description":"Conoce la trayectoria de Taymara Su\u00e1rez \u00c1lvarez, apasionada de la m\u00fasica de c\u00e1mara, creadora de TaySual y miembro del Cuarteto Cray.","robots":{"index":"index","follow":"follow","max-snippet":"max-snippet:-1","max-image-preview":"max-image-preview:large","max-video-preview":"max-video-preview:-1"},"canonical":"https:\/\/blogs.uninter.edu.mx\/difusioncultural\/?p=10582","og_locale":"es_MX","og_type":"article","og_title":"Talento musical Taymara Su\u00e1rez \u00c1lvarez y su viaje en la m\u00fasica de c\u00e1mara mexicana - Difusi\u00f3n Cultural","og_description":"Conoce la trayectoria de Taymara Su\u00e1rez \u00c1lvarez, apasionada de la m\u00fasica de c\u00e1mara, creadora de TaySual y miembro del Cuarteto Cray.","og_url":"https:\/\/blogs.uninter.edu.mx\/difusioncultural\/?p=10582","og_site_name":"Difusi\u00f3n Cultural","article_published_time":"2025-08-29T08:00:00+00:00","og_image":[{"url":"https:\/\/blogs.uninter.edu.mx\/difusioncultural\/wp-content\/uploads\/2025\/08\/TAy.jpeg","type":"","width":"","height":""}],"author":"Aslhey Alejandra Gonz\u00e1lez Castro","twitter_card":"summary_large_image","twitter_misc":{"Escrito por":"Aslhey Alejandra Gonz\u00e1lez Castro","Tiempo de lectura":"2 minutos"},"schema":{"@context":"https:\/\/schema.org","@graph":[{"@type":"Article","@id":"https:\/\/blogs.uninter.edu.mx\/difusioncultural\/?p=10582#article","isPartOf":{"@id":"https:\/\/blogs.uninter.edu.mx\/difusioncultural\/?p=10582"},"author":{"name":"Aslhey Alejandra Gonz\u00e1lez Castro","@id":"https:\/\/blogs.uninter.edu.mx\/difusioncultural\/#\/schema\/person\/c710e37686022500827405824a08a18c"},"headline":"Talento musical Taymara Su\u00e1rez \u00c1lvarez y su viaje en la m\u00fasica de c\u00e1mara mexicana","datePublished":"2025-08-29T08:00:00+00:00","mainEntityOfPage":{"@id":"https:\/\/blogs.uninter.edu.mx\/difusioncultural\/?p=10582"},"wordCount":443,"commentCount":0,"publisher":{"@id":"https:\/\/blogs.uninter.edu.mx\/difusioncultural\/#organization"},"image":{"@id":"https:\/\/blogs.uninter.edu.mx\/difusioncultural\/?p=10582#primaryimage"},"thumbnailUrl":"https:\/\/blogs.uninter.edu.mx\/difusioncultural\/wp-content\/uploads\/2025\/08\/TAy.jpeg","keywords":["cultura","difusi\u00f3n cultural","filararm\u00f3nica","m\u00fasica","violinista"],"inLanguage":"es","potentialAction":[{"@type":"CommentAction","name":"Comment","target":["https:\/\/blogs.uninter.edu.mx\/difusioncultural\/?p=10582#respond"]}]},{"@type":"WebPage","@id":"https:\/\/blogs.uninter.edu.mx\/difusioncultural\/?p=10582","url":"https:\/\/blogs.uninter.edu.mx\/difusioncultural\/?p=10582","name":"Talento musical Taymara Su\u00e1rez \u00c1lvarez y su viaje en la m\u00fasica de c\u00e1mara mexicana - Difusi\u00f3n Cultural","isPartOf":{"@id":"https:\/\/blogs.uninter.edu.mx\/difusioncultural\/#website"},"primaryImageOfPage":{"@id":"https:\/\/blogs.uninter.edu.mx\/difusioncultural\/?p=10582#primaryimage"},"image":{"@id":"https:\/\/blogs.uninter.edu.mx\/difusioncultural\/?p=10582#primaryimage"},"thumbnailUrl":"https:\/\/blogs.uninter.edu.mx\/difusioncultural\/wp-content\/uploads\/2025\/08\/TAy.jpeg","datePublished":"2025-08-29T08:00:00+00:00","description":"Conoce la trayectoria de Taymara Su\u00e1rez \u00c1lvarez, apasionada de la m\u00fasica de c\u00e1mara, creadora de TaySual y miembro del Cuarteto Cray.","breadcrumb":{"@id":"https:\/\/blogs.uninter.edu.mx\/difusioncultural\/?p=10582#breadcrumb"},"inLanguage":"es","potentialAction":[{"@type":"ReadAction","target":["https:\/\/blogs.uninter.edu.mx\/difusioncultural\/?p=10582"]}]},{"@type":"ImageObject","inLanguage":"es","@id":"https:\/\/blogs.uninter.edu.mx\/difusioncultural\/?p=10582#primaryimage","url":"https:\/\/blogs.uninter.edu.mx\/difusioncultural\/wp-content\/uploads\/2025\/08\/TAy.jpeg","contentUrl":"https:\/\/blogs.uninter.edu.mx\/difusioncultural\/wp-content\/uploads\/2025\/08\/TAy.jpeg","width":961,"height":1280},{"@type":"BreadcrumbList","@id":"https:\/\/blogs.uninter.edu.mx\/difusioncultural\/?p=10582#breadcrumb","itemListElement":[{"@type":"ListItem","position":1,"name":"Inicio","item":"https:\/\/blogs.uninter.edu.mx\/difusioncultural\/"},{"@type":"ListItem","position":2,"name":"Talento musical Taymara Su\u00e1rez \u00c1lvarez y su viaje en la m\u00fasica de c\u00e1mara mexicana"}]},{"@type":"WebSite","@id":"https:\/\/blogs.uninter.edu.mx\/difusioncultural\/#website","url":"https:\/\/blogs.uninter.edu.mx\/difusioncultural\/","name":"Difusi\u00f3n Cultural","description":"UNINTER","publisher":{"@id":"https:\/\/blogs.uninter.edu.mx\/difusioncultural\/#organization"},"potentialAction":[{"@type":"SearchAction","target":{"@type":"EntryPoint","urlTemplate":"https:\/\/blogs.uninter.edu.mx\/difusioncultural\/?s={search_term_string}"},"query-input":{"@type":"PropertyValueSpecification","valueRequired":true,"valueName":"search_term_string"}}],"inLanguage":"es"},{"@type":"Organization","@id":"https:\/\/blogs.uninter.edu.mx\/difusioncultural\/#organization","name":"Difusi\u00f3n Cultural","url":"https:\/\/blogs.uninter.edu.mx\/difusioncultural\/","logo":{"@type":"ImageObject","inLanguage":"es","@id":"https:\/\/blogs.uninter.edu.mx\/difusioncultural\/#\/schema\/logo\/image\/","url":"https:\/\/blogs.uninter.edu.mx\/difusioncultural\/wp-content\/uploads\/2022\/09\/uninter.jpg","contentUrl":"https:\/\/blogs.uninter.edu.mx\/difusioncultural\/wp-content\/uploads\/2022\/09\/uninter.jpg","width":2048,"height":2048,"caption":"Difusi\u00f3n Cultural"},"image":{"@id":"https:\/\/blogs.uninter.edu.mx\/difusioncultural\/#\/schema\/logo\/image\/"}},{"@type":"Person","@id":"https:\/\/blogs.uninter.edu.mx\/difusioncultural\/#\/schema\/person\/c710e37686022500827405824a08a18c","name":"Aslhey Alejandra Gonz\u00e1lez Castro","image":{"@type":"ImageObject","inLanguage":"es","@id":"https:\/\/blogs.uninter.edu.mx\/difusioncultural\/#\/schema\/person\/image\/","url":"https:\/\/secure.gravatar.com\/avatar\/1905d6ed47b47ccbfb53e4b64f72f2017309e25d96ef418088d4f998ecf6552e?s=96&d=mm&r=g","contentUrl":"https:\/\/secure.gravatar.com\/avatar\/1905d6ed47b47ccbfb53e4b64f72f2017309e25d96ef418088d4f998ecf6552e?s=96&d=mm&r=g","caption":"Aslhey Alejandra Gonz\u00e1lez Castro"},"url":"https:\/\/blogs.uninter.edu.mx\/difusioncultural\/?author=24"}]}},"jetpack_publicize_connections":[],"jetpack_featured_media_url":"","jetpack_sharing_enabled":true,"_links":{"self":[{"href":"https:\/\/blogs.uninter.edu.mx\/difusioncultural\/index.php?rest_route=\/wp\/v2\/posts\/10582","targetHints":{"allow":["GET"]}}],"collection":[{"href":"https:\/\/blogs.uninter.edu.mx\/difusioncultural\/index.php?rest_route=\/wp\/v2\/posts"}],"about":[{"href":"https:\/\/blogs.uninter.edu.mx\/difusioncultural\/index.php?rest_route=\/wp\/v2\/types\/post"}],"author":[{"embeddable":true,"href":"https:\/\/blogs.uninter.edu.mx\/difusioncultural\/index.php?rest_route=\/wp\/v2\/users\/24"}],"replies":[{"embeddable":true,"href":"https:\/\/blogs.uninter.edu.mx\/difusioncultural\/index.php?rest_route=%2Fwp%2Fv2%2Fcomments&post=10582"}],"version-history":[{"count":3,"href":"https:\/\/blogs.uninter.edu.mx\/difusioncultural\/index.php?rest_route=\/wp\/v2\/posts\/10582\/revisions"}],"predecessor-version":[{"id":10586,"href":"https:\/\/blogs.uninter.edu.mx\/difusioncultural\/index.php?rest_route=\/wp\/v2\/posts\/10582\/revisions\/10586"}],"wp:attachment":[{"href":"https:\/\/blogs.uninter.edu.mx\/difusioncultural\/index.php?rest_route=%2Fwp%2Fv2%2Fmedia&parent=10582"}],"wp:term":[{"taxonomy":"category","embeddable":true,"href":"https:\/\/blogs.uninter.edu.mx\/difusioncultural\/index.php?rest_route=%2Fwp%2Fv2%2Fcategories&post=10582"},{"taxonomy":"post_tag","embeddable":true,"href":"https:\/\/blogs.uninter.edu.mx\/difusioncultural\/index.php?rest_route=%2Fwp%2Fv2%2Ftags&post=10582"}],"curies":[{"name":"wp","href":"https:\/\/api.w.org\/{rel}","templated":true}]}}