{"id":10632,"date":"2025-09-19T15:30:11","date_gmt":"2025-09-19T15:30:11","guid":{"rendered":"https:\/\/blogs.uninter.edu.mx\/difusioncultural\/?p=10632"},"modified":"2025-09-19T15:30:13","modified_gmt":"2025-09-19T15:30:13","slug":"teatro-comunitario-cuernavaca","status":"publish","type":"post","link":"https:\/\/blogs.uninter.edu.mx\/difusioncultural\/?p=10632","title":{"rendered":"La Pauta: teatro comunitario\u2728"},"content":{"rendered":"\n<h2 class=\"wp-block-heading\">\ud83c\udfad El <strong>teatro comunitario en Cuernavaca<\/strong> se vive intensamente en El Foro Punto Cultural. Este 20 de septiembre presentamos <em>La Pauta: mito y realidad zapatista<\/em>.<\/h2>\n\n\n\n<p>El teatro tiene la fuerza de acercarnos a nuestra historia. Tambi\u00e9n nos recuerda qui\u00e9nes somos y de d\u00f3nde venimos. Por eso, este <strong>20 de septiembre a las 5:00 PM<\/strong>, <strong>El Foro Punto Cultural<\/strong> abre sus puertas con una puesta en escena que conecta arte, memoria y comunidad: <strong>La Pauta: mito y realidad zapatista<\/strong>.<\/p>\n\n\n\n<h2 class=\"wp-block-heading\">Sobre est\u00e1 experiencia <\/h2>\n\n\n\n<h2 class=\"wp-block-heading\">Una mirada a nuestra cultura<\/h2>\n\n\n\n<p>En esta obra, el espectador recorre un mosaico de voces, im\u00e1genes y recuerdos. Se revela la complejidad del zapatismo a trav\u00e9s de sus s\u00edmbolos, luchas y mitos. Adem\u00e1s, aparecen los sue\u00f1os, contradicciones y esperanzas de quienes marcaron un parteaguas en la vida nacional. As\u00ed, lo que parece historia distante se transforma en una experiencia cercana y profundamente actual.<\/p>\n\n\n\n<h2 class=\"wp-block-heading\">Direcci\u00f3n y elenco<\/h2>\n\n\n\n<p>La direcci\u00f3n est\u00e1 a cargo de <strong>Tama Posadas<\/strong> y la dramaturgia de <strong>Perla Ch\u00e1vez<\/strong>. El <strong>Grupo Cuatecomate Ticuman Teatro Comunitario<\/strong> nos entrega un espect\u00e1culo que entretiene, pero tambi\u00e9n conmueve. Cada gesto, palabra y silencio sobre el escenario construye un puente entre generaciones. En consecuencia, la obra nos recuerda que el pasado sigue vivo cuando se comparte desde el arte.<\/p>\n\n\n\n<h2 class=\"wp-block-heading\">El Foro como espacio cultural en Cuernavaca<\/h2>\n\n\n\n<p>De esta manera, El Foro reafirma su compromiso con la cultura viva. No se trata \u00fanicamente de asistir a una funci\u00f3n teatral. Tambi\u00e9n significa formar parte de un acto colectivo de memoria y resistencia. Finalmente, el teatro invita a pensar, sentir y actuar en comunidad.<\/p>\n\n\n\n<p>Adem\u00e1s de disfrutar del espect\u00e1culo, asistir a esta obra es una oportunidad para convivir, dialogar y reflexionar sobre nuestro presente. El teatro nos une y transforma como comunidad.<\/p>\n\n\n\n<h2 class=\"wp-block-heading\">Boletos y funciones<\/h2>\n\n\n\n<p>\ud83d\udcc5 <strong>S\u00e1bado 20 de septiembre<\/strong><br>\ud83d\udd54 <strong>5:00 PM<\/strong><br>\ud83c\udf9f <strong>Entrada general: $120 pesos<\/strong><br>\ud83d\udc69\u200d\ud83c\udfeb <strong>Estudiantes y maestros: 2&#215;1<\/strong><br>\ud83d\udccd <strong>El Foro Punto Cultural<\/strong> \u2014 Calle Cuauht\u00e9moc #613, Col. Del Empleado, Cuernavaca.<\/p>\n\n\n\n<figure class=\"wp-block-image size-full is-resized\"><img fetchpriority=\"high\" decoding=\"async\" width=\"1206\" height=\"1600\" src=\"https:\/\/blogs.uninter.edu.mx\/difusioncultural\/wp-content\/uploads\/2025\/09\/WhatsApp-Image-2025-09-18-at-12.32.19-PM.jpeg\" alt=\"\" class=\"wp-image-10624\" style=\"width:655px;height:auto\"\/><\/figure>\n\n\n\n<p>\ud83d\udc49 \u00a1Asegura tu lugar y acomp\u00e1\u00f1anos en esta experiencia \u00fanica!<\/p>\n\n\n\n<p>\ud83d\udd17 <a href=\"https:\/\/elforopuntocultural.com\">https:\/\/elforopuntocultural.com<\/a><\/p>\n\n\n\n<p><\/p>\n","protected":false},"excerpt":{"rendered":"<p>\ud83c\udfad El teatro comunitario en Cuernavaca se vive intensamente en El Foro Punto Cultural. Este 20 de septiembre presentamos La Pauta: mito y realidad zapatista. El teatro tiene la fuerza de acercarnos a nuestra historia. Tambi\u00e9n nos recuerda qui\u00e9nes somos y de d\u00f3nde venimos. Por eso, este 20 de septiembre a las 5:00 PM, El&hellip;<\/p>\n","protected":false},"author":24,"featured_media":0,"comment_status":"open","ping_status":"open","sticky":false,"template":"","format":"standard","meta":{"_jetpack_memberships_contains_paid_content":false,"footnotes":"","jetpack_publicize_message":"","jetpack_publicize_feature_enabled":true,"jetpack_social_post_already_shared":true,"jetpack_social_options":{"image_generator_settings":{"template":"highway","default_image_id":0,"font":"","enabled":false},"version":2}},"categories":[1],"tags":[],"class_list":["post-10632","post","type-post","status-publish","format-standard","hentry","category-sin-categoria"],"yoast_head":"<!-- This site is optimized with the Yoast SEO plugin v26.3 - https:\/\/yoast.com\/wordpress\/plugins\/seo\/ -->\r\n<title>La Pauta: teatro comunitario\u2728 - Difusi\u00f3n Cultural<\/title>\r\n<meta name=\"description\" content=\"Qu\u00e9 hacer en Cuernavaca este fin de semana: disfruta \u201cLa Pauta\u201d en El Foro Punto Cultural. Cultura viva, memoria y teatro comunitario.\" \/>\r\n<meta name=\"robots\" content=\"index, follow, max-snippet:-1, max-image-preview:large, max-video-preview:-1\" \/>\r\n<link rel=\"canonical\" href=\"https:\/\/blogs.uninter.edu.mx\/difusioncultural\/?p=10632\" \/>\r\n<meta property=\"og:locale\" content=\"es_MX\" \/>\r\n<meta property=\"og:type\" content=\"article\" \/>\r\n<meta property=\"og:title\" content=\"La Pauta: teatro comunitario\u2728 - Difusi\u00f3n Cultural\" \/>\r\n<meta property=\"og:description\" content=\"Qu\u00e9 hacer en Cuernavaca este fin de semana: disfruta \u201cLa Pauta\u201d en El Foro Punto Cultural. Cultura viva, memoria y teatro comunitario.\" \/>\r\n<meta property=\"og:url\" content=\"https:\/\/blogs.uninter.edu.mx\/difusioncultural\/?p=10632\" \/>\r\n<meta property=\"og:site_name\" content=\"Difusi\u00f3n Cultural\" \/>\r\n<meta property=\"article:published_time\" content=\"2025-09-19T15:30:11+00:00\" \/>\r\n<meta property=\"article:modified_time\" content=\"2025-09-19T15:30:13+00:00\" \/>\r\n<meta property=\"og:image\" content=\"https:\/\/blogs.uninter.edu.mx\/difusioncultural\/wp-content\/uploads\/2025\/09\/WhatsApp-Image-2025-09-18-at-12.32.19-PM.jpeg\" \/>\r\n<meta name=\"author\" content=\"Aslhey Alejandra Gonz\u00e1lez Castro\" \/>\r\n<meta name=\"twitter:card\" content=\"summary_large_image\" \/>\r\n<meta name=\"twitter:label1\" content=\"Escrito por\" \/>\n\t<meta name=\"twitter:data1\" content=\"Aslhey Alejandra Gonz\u00e1lez Castro\" \/>\n\t<meta name=\"twitter:label2\" content=\"Tiempo de lectura\" \/>\n\t<meta name=\"twitter:data2\" content=\"2 minutos\" \/>\r\n<script type=\"application\/ld+json\" class=\"yoast-schema-graph\">{\"@context\":\"https:\/\/schema.org\",\"@graph\":[{\"@type\":\"Article\",\"@id\":\"https:\/\/blogs.uninter.edu.mx\/difusioncultural\/?p=10632#article\",\"isPartOf\":{\"@id\":\"https:\/\/blogs.uninter.edu.mx\/difusioncultural\/?p=10632\"},\"author\":{\"name\":\"Aslhey Alejandra Gonz\u00e1lez Castro\",\"@id\":\"https:\/\/blogs.uninter.edu.mx\/difusioncultural\/#\/schema\/person\/c710e37686022500827405824a08a18c\"},\"headline\":\"La Pauta: teatro comunitario\u2728\",\"datePublished\":\"2025-09-19T15:30:11+00:00\",\"dateModified\":\"2025-09-19T15:30:13+00:00\",\"mainEntityOfPage\":{\"@id\":\"https:\/\/blogs.uninter.edu.mx\/difusioncultural\/?p=10632\"},\"wordCount\":342,\"commentCount\":0,\"publisher\":{\"@id\":\"https:\/\/blogs.uninter.edu.mx\/difusioncultural\/#organization\"},\"image\":{\"@id\":\"https:\/\/blogs.uninter.edu.mx\/difusioncultural\/?p=10632#primaryimage\"},\"thumbnailUrl\":\"https:\/\/blogs.uninter.edu.mx\/difusioncultural\/wp-content\/uploads\/2025\/09\/WhatsApp-Image-2025-09-18-at-12.32.19-PM.jpeg\",\"inLanguage\":\"es\",\"potentialAction\":[{\"@type\":\"CommentAction\",\"name\":\"Comment\",\"target\":[\"https:\/\/blogs.uninter.edu.mx\/difusioncultural\/?p=10632#respond\"]}]},{\"@type\":\"WebPage\",\"@id\":\"https:\/\/blogs.uninter.edu.mx\/difusioncultural\/?p=10632\",\"url\":\"https:\/\/blogs.uninter.edu.mx\/difusioncultural\/?p=10632\",\"name\":\"La Pauta: teatro comunitario\u2728 - Difusi\u00f3n Cultural\",\"isPartOf\":{\"@id\":\"https:\/\/blogs.uninter.edu.mx\/difusioncultural\/#website\"},\"primaryImageOfPage\":{\"@id\":\"https:\/\/blogs.uninter.edu.mx\/difusioncultural\/?p=10632#primaryimage\"},\"image\":{\"@id\":\"https:\/\/blogs.uninter.edu.mx\/difusioncultural\/?p=10632#primaryimage\"},\"thumbnailUrl\":\"https:\/\/blogs.uninter.edu.mx\/difusioncultural\/wp-content\/uploads\/2025\/09\/WhatsApp-Image-2025-09-18-at-12.32.19-PM.jpeg\",\"datePublished\":\"2025-09-19T15:30:11+00:00\",\"dateModified\":\"2025-09-19T15:30:13+00:00\",\"description\":\"Qu\u00e9 hacer en Cuernavaca este fin de semana: disfruta \u201cLa Pauta\u201d en El Foro Punto Cultural. Cultura viva, memoria y teatro comunitario.\",\"breadcrumb\":{\"@id\":\"https:\/\/blogs.uninter.edu.mx\/difusioncultural\/?p=10632#breadcrumb\"},\"inLanguage\":\"es\",\"potentialAction\":[{\"@type\":\"ReadAction\",\"target\":[\"https:\/\/blogs.uninter.edu.mx\/difusioncultural\/?p=10632\"]}]},{\"@type\":\"ImageObject\",\"inLanguage\":\"es\",\"@id\":\"https:\/\/blogs.uninter.edu.mx\/difusioncultural\/?p=10632#primaryimage\",\"url\":\"https:\/\/blogs.uninter.edu.mx\/difusioncultural\/wp-content\/uploads\/2025\/09\/WhatsApp-Image-2025-09-18-at-12.32.19-PM.jpeg\",\"contentUrl\":\"https:\/\/blogs.uninter.edu.mx\/difusioncultural\/wp-content\/uploads\/2025\/09\/WhatsApp-Image-2025-09-18-at-12.32.19-PM.jpeg\",\"width\":1206,\"height\":1600},{\"@type\":\"BreadcrumbList\",\"@id\":\"https:\/\/blogs.uninter.edu.mx\/difusioncultural\/?p=10632#breadcrumb\",\"itemListElement\":[{\"@type\":\"ListItem\",\"position\":1,\"name\":\"Inicio\",\"item\":\"https:\/\/blogs.uninter.edu.mx\/difusioncultural\/\"},{\"@type\":\"ListItem\",\"position\":2,\"name\":\"La Pauta: teatro comunitario\u2728\"}]},{\"@type\":\"WebSite\",\"@id\":\"https:\/\/blogs.uninter.edu.mx\/difusioncultural\/#website\",\"url\":\"https:\/\/blogs.uninter.edu.mx\/difusioncultural\/\",\"name\":\"Difusi\u00f3n Cultural\",\"description\":\"UNINTER\",\"publisher\":{\"@id\":\"https:\/\/blogs.uninter.edu.mx\/difusioncultural\/#organization\"},\"potentialAction\":[{\"@type\":\"SearchAction\",\"target\":{\"@type\":\"EntryPoint\",\"urlTemplate\":\"https:\/\/blogs.uninter.edu.mx\/difusioncultural\/?s={search_term_string}\"},\"query-input\":{\"@type\":\"PropertyValueSpecification\",\"valueRequired\":true,\"valueName\":\"search_term_string\"}}],\"inLanguage\":\"es\"},{\"@type\":\"Organization\",\"@id\":\"https:\/\/blogs.uninter.edu.mx\/difusioncultural\/#organization\",\"name\":\"Difusi\u00f3n Cultural\",\"url\":\"https:\/\/blogs.uninter.edu.mx\/difusioncultural\/\",\"logo\":{\"@type\":\"ImageObject\",\"inLanguage\":\"es\",\"@id\":\"https:\/\/blogs.uninter.edu.mx\/difusioncultural\/#\/schema\/logo\/image\/\",\"url\":\"https:\/\/blogs.uninter.edu.mx\/difusioncultural\/wp-content\/uploads\/2022\/09\/uninter.jpg\",\"contentUrl\":\"https:\/\/blogs.uninter.edu.mx\/difusioncultural\/wp-content\/uploads\/2022\/09\/uninter.jpg\",\"width\":2048,\"height\":2048,\"caption\":\"Difusi\u00f3n Cultural\"},\"image\":{\"@id\":\"https:\/\/blogs.uninter.edu.mx\/difusioncultural\/#\/schema\/logo\/image\/\"}},{\"@type\":\"Person\",\"@id\":\"https:\/\/blogs.uninter.edu.mx\/difusioncultural\/#\/schema\/person\/c710e37686022500827405824a08a18c\",\"name\":\"Aslhey Alejandra Gonz\u00e1lez Castro\",\"image\":{\"@type\":\"ImageObject\",\"inLanguage\":\"es\",\"@id\":\"https:\/\/blogs.uninter.edu.mx\/difusioncultural\/#\/schema\/person\/image\/\",\"url\":\"https:\/\/secure.gravatar.com\/avatar\/1905d6ed47b47ccbfb53e4b64f72f2017309e25d96ef418088d4f998ecf6552e?s=96&d=mm&r=g\",\"contentUrl\":\"https:\/\/secure.gravatar.com\/avatar\/1905d6ed47b47ccbfb53e4b64f72f2017309e25d96ef418088d4f998ecf6552e?s=96&d=mm&r=g\",\"caption\":\"Aslhey Alejandra Gonz\u00e1lez Castro\"},\"url\":\"https:\/\/blogs.uninter.edu.mx\/difusioncultural\/?author=24\"}]}<\/script>\r\n<!-- \/ Yoast SEO plugin. -->","yoast_head_json":{"title":"La Pauta: teatro comunitario\u2728 - Difusi\u00f3n Cultural","description":"Qu\u00e9 hacer en Cuernavaca este fin de semana: disfruta \u201cLa Pauta\u201d en El Foro Punto Cultural. Cultura viva, memoria y teatro comunitario.","robots":{"index":"index","follow":"follow","max-snippet":"max-snippet:-1","max-image-preview":"max-image-preview:large","max-video-preview":"max-video-preview:-1"},"canonical":"https:\/\/blogs.uninter.edu.mx\/difusioncultural\/?p=10632","og_locale":"es_MX","og_type":"article","og_title":"La Pauta: teatro comunitario\u2728 - Difusi\u00f3n Cultural","og_description":"Qu\u00e9 hacer en Cuernavaca este fin de semana: disfruta \u201cLa Pauta\u201d en El Foro Punto Cultural. Cultura viva, memoria y teatro comunitario.","og_url":"https:\/\/blogs.uninter.edu.mx\/difusioncultural\/?p=10632","og_site_name":"Difusi\u00f3n Cultural","article_published_time":"2025-09-19T15:30:11+00:00","article_modified_time":"2025-09-19T15:30:13+00:00","og_image":[{"url":"https:\/\/blogs.uninter.edu.mx\/difusioncultural\/wp-content\/uploads\/2025\/09\/WhatsApp-Image-2025-09-18-at-12.32.19-PM.jpeg","type":"","width":"","height":""}],"author":"Aslhey Alejandra Gonz\u00e1lez Castro","twitter_card":"summary_large_image","twitter_misc":{"Escrito por":"Aslhey Alejandra Gonz\u00e1lez Castro","Tiempo de lectura":"2 minutos"},"schema":{"@context":"https:\/\/schema.org","@graph":[{"@type":"Article","@id":"https:\/\/blogs.uninter.edu.mx\/difusioncultural\/?p=10632#article","isPartOf":{"@id":"https:\/\/blogs.uninter.edu.mx\/difusioncultural\/?p=10632"},"author":{"name":"Aslhey Alejandra Gonz\u00e1lez Castro","@id":"https:\/\/blogs.uninter.edu.mx\/difusioncultural\/#\/schema\/person\/c710e37686022500827405824a08a18c"},"headline":"La Pauta: teatro comunitario\u2728","datePublished":"2025-09-19T15:30:11+00:00","dateModified":"2025-09-19T15:30:13+00:00","mainEntityOfPage":{"@id":"https:\/\/blogs.uninter.edu.mx\/difusioncultural\/?p=10632"},"wordCount":342,"commentCount":0,"publisher":{"@id":"https:\/\/blogs.uninter.edu.mx\/difusioncultural\/#organization"},"image":{"@id":"https:\/\/blogs.uninter.edu.mx\/difusioncultural\/?p=10632#primaryimage"},"thumbnailUrl":"https:\/\/blogs.uninter.edu.mx\/difusioncultural\/wp-content\/uploads\/2025\/09\/WhatsApp-Image-2025-09-18-at-12.32.19-PM.jpeg","inLanguage":"es","potentialAction":[{"@type":"CommentAction","name":"Comment","target":["https:\/\/blogs.uninter.edu.mx\/difusioncultural\/?p=10632#respond"]}]},{"@type":"WebPage","@id":"https:\/\/blogs.uninter.edu.mx\/difusioncultural\/?p=10632","url":"https:\/\/blogs.uninter.edu.mx\/difusioncultural\/?p=10632","name":"La Pauta: teatro comunitario\u2728 - Difusi\u00f3n Cultural","isPartOf":{"@id":"https:\/\/blogs.uninter.edu.mx\/difusioncultural\/#website"},"primaryImageOfPage":{"@id":"https:\/\/blogs.uninter.edu.mx\/difusioncultural\/?p=10632#primaryimage"},"image":{"@id":"https:\/\/blogs.uninter.edu.mx\/difusioncultural\/?p=10632#primaryimage"},"thumbnailUrl":"https:\/\/blogs.uninter.edu.mx\/difusioncultural\/wp-content\/uploads\/2025\/09\/WhatsApp-Image-2025-09-18-at-12.32.19-PM.jpeg","datePublished":"2025-09-19T15:30:11+00:00","dateModified":"2025-09-19T15:30:13+00:00","description":"Qu\u00e9 hacer en Cuernavaca este fin de semana: disfruta \u201cLa Pauta\u201d en El Foro Punto Cultural. Cultura viva, memoria y teatro comunitario.","breadcrumb":{"@id":"https:\/\/blogs.uninter.edu.mx\/difusioncultural\/?p=10632#breadcrumb"},"inLanguage":"es","potentialAction":[{"@type":"ReadAction","target":["https:\/\/blogs.uninter.edu.mx\/difusioncultural\/?p=10632"]}]},{"@type":"ImageObject","inLanguage":"es","@id":"https:\/\/blogs.uninter.edu.mx\/difusioncultural\/?p=10632#primaryimage","url":"https:\/\/blogs.uninter.edu.mx\/difusioncultural\/wp-content\/uploads\/2025\/09\/WhatsApp-Image-2025-09-18-at-12.32.19-PM.jpeg","contentUrl":"https:\/\/blogs.uninter.edu.mx\/difusioncultural\/wp-content\/uploads\/2025\/09\/WhatsApp-Image-2025-09-18-at-12.32.19-PM.jpeg","width":1206,"height":1600},{"@type":"BreadcrumbList","@id":"https:\/\/blogs.uninter.edu.mx\/difusioncultural\/?p=10632#breadcrumb","itemListElement":[{"@type":"ListItem","position":1,"name":"Inicio","item":"https:\/\/blogs.uninter.edu.mx\/difusioncultural\/"},{"@type":"ListItem","position":2,"name":"La Pauta: teatro comunitario\u2728"}]},{"@type":"WebSite","@id":"https:\/\/blogs.uninter.edu.mx\/difusioncultural\/#website","url":"https:\/\/blogs.uninter.edu.mx\/difusioncultural\/","name":"Difusi\u00f3n Cultural","description":"UNINTER","publisher":{"@id":"https:\/\/blogs.uninter.edu.mx\/difusioncultural\/#organization"},"potentialAction":[{"@type":"SearchAction","target":{"@type":"EntryPoint","urlTemplate":"https:\/\/blogs.uninter.edu.mx\/difusioncultural\/?s={search_term_string}"},"query-input":{"@type":"PropertyValueSpecification","valueRequired":true,"valueName":"search_term_string"}}],"inLanguage":"es"},{"@type":"Organization","@id":"https:\/\/blogs.uninter.edu.mx\/difusioncultural\/#organization","name":"Difusi\u00f3n Cultural","url":"https:\/\/blogs.uninter.edu.mx\/difusioncultural\/","logo":{"@type":"ImageObject","inLanguage":"es","@id":"https:\/\/blogs.uninter.edu.mx\/difusioncultural\/#\/schema\/logo\/image\/","url":"https:\/\/blogs.uninter.edu.mx\/difusioncultural\/wp-content\/uploads\/2022\/09\/uninter.jpg","contentUrl":"https:\/\/blogs.uninter.edu.mx\/difusioncultural\/wp-content\/uploads\/2022\/09\/uninter.jpg","width":2048,"height":2048,"caption":"Difusi\u00f3n Cultural"},"image":{"@id":"https:\/\/blogs.uninter.edu.mx\/difusioncultural\/#\/schema\/logo\/image\/"}},{"@type":"Person","@id":"https:\/\/blogs.uninter.edu.mx\/difusioncultural\/#\/schema\/person\/c710e37686022500827405824a08a18c","name":"Aslhey Alejandra Gonz\u00e1lez Castro","image":{"@type":"ImageObject","inLanguage":"es","@id":"https:\/\/blogs.uninter.edu.mx\/difusioncultural\/#\/schema\/person\/image\/","url":"https:\/\/secure.gravatar.com\/avatar\/1905d6ed47b47ccbfb53e4b64f72f2017309e25d96ef418088d4f998ecf6552e?s=96&d=mm&r=g","contentUrl":"https:\/\/secure.gravatar.com\/avatar\/1905d6ed47b47ccbfb53e4b64f72f2017309e25d96ef418088d4f998ecf6552e?s=96&d=mm&r=g","caption":"Aslhey Alejandra Gonz\u00e1lez Castro"},"url":"https:\/\/blogs.uninter.edu.mx\/difusioncultural\/?author=24"}]}},"jetpack_publicize_connections":[],"jetpack_featured_media_url":"","jetpack_sharing_enabled":true,"_links":{"self":[{"href":"https:\/\/blogs.uninter.edu.mx\/difusioncultural\/index.php?rest_route=\/wp\/v2\/posts\/10632","targetHints":{"allow":["GET"]}}],"collection":[{"href":"https:\/\/blogs.uninter.edu.mx\/difusioncultural\/index.php?rest_route=\/wp\/v2\/posts"}],"about":[{"href":"https:\/\/blogs.uninter.edu.mx\/difusioncultural\/index.php?rest_route=\/wp\/v2\/types\/post"}],"author":[{"embeddable":true,"href":"https:\/\/blogs.uninter.edu.mx\/difusioncultural\/index.php?rest_route=\/wp\/v2\/users\/24"}],"replies":[{"embeddable":true,"href":"https:\/\/blogs.uninter.edu.mx\/difusioncultural\/index.php?rest_route=%2Fwp%2Fv2%2Fcomments&post=10632"}],"version-history":[{"count":1,"href":"https:\/\/blogs.uninter.edu.mx\/difusioncultural\/index.php?rest_route=\/wp\/v2\/posts\/10632\/revisions"}],"predecessor-version":[{"id":10633,"href":"https:\/\/blogs.uninter.edu.mx\/difusioncultural\/index.php?rest_route=\/wp\/v2\/posts\/10632\/revisions\/10633"}],"wp:attachment":[{"href":"https:\/\/blogs.uninter.edu.mx\/difusioncultural\/index.php?rest_route=%2Fwp%2Fv2%2Fmedia&parent=10632"}],"wp:term":[{"taxonomy":"category","embeddable":true,"href":"https:\/\/blogs.uninter.edu.mx\/difusioncultural\/index.php?rest_route=%2Fwp%2Fv2%2Fcategories&post=10632"},{"taxonomy":"post_tag","embeddable":true,"href":"https:\/\/blogs.uninter.edu.mx\/difusioncultural\/index.php?rest_route=%2Fwp%2Fv2%2Ftags&post=10632"}],"curies":[{"name":"wp","href":"https:\/\/api.w.org\/{rel}","templated":true}]}}