{"id":11026,"date":"2026-03-12T21:31:31","date_gmt":"2026-03-12T21:31:31","guid":{"rendered":"https:\/\/blogs.uninter.edu.mx\/difusioncultural\/?p=11026"},"modified":"2026-04-17T17:01:25","modified_gmt":"2026-04-17T17:01:25","slug":"dia-internacional-de-la-mujer-uninter-reconocimiento","status":"publish","type":"post","link":"https:\/\/blogs.uninter.edu.mx\/difusioncultural\/?p=11026","title":{"rendered":"UNINTER reconoce a mujeres que inspiran y transforman su comunidad"},"content":{"rendered":"\n<h2 class=\"wp-block-heading\">UNINTER reconoce liderazgo femenino en el D\u00eda Internacional de la Mujer<\/h2>\n\n\n\n<figure class=\"wp-block-image size-full\"><img fetchpriority=\"high\" decoding=\"async\" width=\"1080\" height=\"720\" src=\"https:\/\/blogs.uninter.edu.mx\/difusioncultural\/wp-content\/uploads\/2026\/03\/Imagen5.png\" alt=\"\" class=\"wp-image-11033\"\/><\/figure>\n\n\n\n<p>En el marco del D\u00eda Internacional de la Mujer, la Universidad Internacional realiz\u00f3 un encuentro para reconocer el liderazgo y el impacto social de mujeres que han transformado \u00e1mbitos acad\u00e9micos, culturales y comunitarios.<\/p>\n\n\n\n<p>M\u00e1s que una ceremonia, fue un espacio para compartir historias de vida, experiencias y reflexiones sobre los desaf\u00edos y motivaciones que impulsan su labor.<\/p>\n\n\n\n<p>Con este evento, UNINTER reafirma su compromiso con la visibilizaci\u00f3n del talento femenino y la creaci\u00f3n de espacios donde las voces de las mujeres sean escuchadas y valoradas.<\/p>\n\n\n\n<h2 class=\"wp-block-heading has-text-align-center\"><strong>RECONOCIMIENTOS&nbsp;A MUJERES UNINTER<\/strong><\/h2>\n\n\n\n<div class=\"wp-block-cover\"><span aria-hidden=\"true\" class=\"wp-block-cover__background has-background-dim\"><\/span><div class=\"wp-block-cover__inner-container is-layout-flow wp-block-cover-is-layout-flow\">\n<div class=\"wp-block-group is-vertical is-content-justification-left is-layout-flex wp-container-core-group-is-layout-c0ca7d81 wp-block-group-is-layout-flex\">\n<div class=\"wp-block-media-text is-stacked-on-mobile is-vertically-aligned-top\"><figure class=\"wp-block-media-text__media\"><img decoding=\"async\" width=\"480\" height=\"720\" src=\"https:\/\/blogs.uninter.edu.mx\/difusioncultural\/wp-content\/uploads\/2026\/03\/Imagen1.jpg\" alt=\"\" class=\"wp-image-11030 size-full\"\/><\/figure><div class=\"wp-block-media-text__content\">\n<h2 class=\"wp-block-heading\"><strong>DRA. MARTHA LELIA PALENCIA \u00c1VILA<\/strong><\/h2>\n\n\n\n<p><strong>Categor\u00eda: Ciencia y Academia<\/strong><\/p>\n\n\n\n<p>M\u00e9dica egresada de la <strong>Universidad Nacional Aut\u00f3noma de M\u00e9xico<\/strong> y especialista en <strong>tanatolog\u00eda<\/strong>, la Dra. Martha Lelia Palencia \u00c1vila ha dedicado m\u00e1s de 27 a\u00f1os al acompa\u00f1amiento emocional de personas en el final de la vida y de familias en duelo.<\/p>\n\n\n\n<p>Es presidenta fundadora de la Asociaci\u00f3n de <strong><a href=\"https:\/\/www.bing.com\/ck\/a?!&amp;&amp;p=f6b77179c59a916f2223f5455343c9a0d380c7503e417184ab499750dfa7d659JmltdHM9MTc3MzI3MzYwMA&amp;ptn=3&amp;ver=2&amp;hsh=4&amp;fclid=31bae6b1-c326-61de-3fa3-f26bc28760bc&amp;psq=Asociaci%c3%b3n+de+tanatolog%c3%ada&amp;u=a1aHR0cHM6Ly93d3cudGFuYXRvbG9naWFtb3JlbG9zLm9yZy8\">Tanatolog\u00eda del Estado de Morelos<\/a><\/strong>, organizaci\u00f3n desde la cual ha impulsado programas de acompa\u00f1amiento emocional en hospitales del estado, brindando apoyo a miles de pacientes y familiares en momentos profundamente dif\u00edciles.<\/p>\n<\/div><\/div>\n\n\n\n<div class=\"wp-block-media-text is-stacked-on-mobile is-vertically-aligned-top\"><figure class=\"wp-block-media-text__media\"><img decoding=\"async\" width=\"480\" height=\"720\" src=\"https:\/\/blogs.uninter.edu.mx\/difusioncultural\/wp-content\/uploads\/2026\/03\/Imagen3.png\" alt=\"\" class=\"wp-image-11031 size-full\"\/><\/figure><div class=\"wp-block-media-text__content\">\n<p>A lo largo de su trayectoria ha coordinado diplomados, congresos internacionales y programas acad\u00e9micos enfocados en la calidad humana de la atenci\u00f3n al final de la vida, formando a cientos de profesionales y voluntarios dedicados al acompa\u00f1amiento tanatol\u00f3gico.<\/p>\n\n\n\n<p>Su labor ha trascendido el \u00e1mbito m\u00e9dico para convertirse en un trabajo profundamente humano, enfocado en acompa\u00f1ar, escuchar y aliviar el dolor emocional de quienes enfrentan el duelo.<\/p>\n<\/div><\/div>\n<\/div>\n<\/div><\/div>\n\n\n\n<div class=\"wp-block-cover\"><span aria-hidden=\"true\" class=\"wp-block-cover__background has-background-dim\"><\/span><div class=\"wp-block-cover__inner-container is-layout-flow wp-block-cover-is-layout-flow\">\n<div class=\"wp-block-group\"><div class=\"wp-block-group__inner-container is-layout-constrained wp-block-group-is-layout-constrained\">\n<div class=\"wp-block-media-text is-stacked-on-mobile is-vertically-aligned-top\"><figure class=\"wp-block-media-text__media\"><img loading=\"lazy\" decoding=\"async\" width=\"480\" height=\"720\" src=\"https:\/\/blogs.uninter.edu.mx\/difusioncultural\/wp-content\/uploads\/2026\/03\/Imagen4-2.png\" alt=\"\" class=\"wp-image-11038 size-full\"\/><\/figure><div class=\"wp-block-media-text__content\">\n<h2 class=\"wp-block-heading\">ADRIANA M\u00daJICA MURIAS <\/h2>\n\n\n\n<p><strong>Categor\u00eda: Activismo y Lucha Social<\/strong><\/p>\n\n\n\n<p>Con m\u00e1s de cinco d\u00e9cadas de trayectoria en el periodismo, Adriana M\u00fajica Murias es una de las voces m\u00e1s comprometidas con la defensa de los derechos de las mujeres y la igualdad de g\u00e9nero.<\/p>\n\n\n\n<p>Desde su incorporaci\u00f3n al <strong>movimiento feminista en 1975<\/strong>, a\u00f1o declarado por la ONU como el A\u00f1o Internacional de la Mujer, ha dedicado su trabajo period\u00edstico a visibilizar las problem\u00e1ticas sociales que enfrentan las mujeres y a promover una comunicaci\u00f3n con perspectiva de g\u00e9nero.<\/p>\n\n\n\n<p>A lo largo de su carrera ha colaborado en medios impresos, electr\u00f3nicos y digitales, adem\u00e1s de participar activamente en <strong>redes nacionales e internacionales<\/strong> de periodistas con visi\u00f3n de g\u00e9nero.<\/p>\n\n\n\n<p>Su trayectoria fue reconocida recientemente con el <strong>Premio M\u00e9xico de Periodismo<\/strong> por 50 a\u00f1os de ejercicio profesional, distinci\u00f3n que destaca su compromiso con la libertad de expresi\u00f3n y la justicia social.<\/p>\n<\/div><\/div>\n<\/div><\/div>\n<\/div><\/div>\n\n\n\n<div class=\"wp-block-cover\"><span aria-hidden=\"true\" class=\"wp-block-cover__background has-background-dim\"><\/span><div class=\"wp-block-cover__inner-container is-layout-flow wp-block-cover-is-layout-flow\">\n<div class=\"wp-block-group\"><div class=\"wp-block-group__inner-container is-layout-constrained wp-block-group-is-layout-constrained\">\n<div class=\"wp-block-media-text is-stacked-on-mobile is-vertically-aligned-top\"><figure class=\"wp-block-media-text__media\"><img loading=\"lazy\" decoding=\"async\" width=\"480\" height=\"720\" src=\"https:\/\/blogs.uninter.edu.mx\/difusioncultural\/wp-content\/uploads\/2026\/03\/Imagen6.png\" alt=\"\" class=\"wp-image-11034 size-full\"\/><\/figure><div class=\"wp-block-media-text__content\">\n<h2 class=\"wp-block-heading\"><strong>CASSANDRA GARC\u00cdA OLEA<\/strong><\/h2>\n\n\n\n<p><strong>Categor\u00eda: Juventud y Nuevos Liderazgos<\/strong><\/p>\n\n\n\n<p>Originaria de Morelos, Cassandra Garc\u00eda Olea representa a una generaci\u00f3n de j\u00f3venes que combinan preparaci\u00f3n acad\u00e9mica, compromiso social y liderazgo p\u00fablico.<\/p>\n\n\n\n<p>Licenciada en <strong>Relaciones Internacionales y Ciencias Pol\u00edticas,<\/strong> actualmente cursa un posgrado en <strong>Relaciones Mercantiles Internacionales<\/strong>. Adem\u00e1s, obtuvo el t\u00edtulo nacional dentro de la <strong>organizaci\u00f3n Miss M\u00e9xico<\/strong>, lo que la convierte en la <strong>representante oficial del pa\u00eds rumbo a Miss Mundo 2026.<\/strong><\/p>\n\n\n\n<p>Su historia personal ha sido tambi\u00e9n una fuente de inspiraci\u00f3n. Nacida con labio y paladar hendido, transform\u00f3 esta experiencia en una causa social al fundar el <strong>proyecto \u201cDibujando Sonrisas en el Alma\u201d<\/strong>, iniciativa que busca apoyar a ni\u00f1as y ni\u00f1os con esta condici\u00f3n y generar conciencia sobre la importancia del acceso a tratamientos m\u00e9dicos y redes de apoyo.<\/p>\n<\/div><\/div>\n<\/div><\/div>\n<\/div><\/div>\n\n\n\n<div class=\"wp-block-cover\"><span aria-hidden=\"true\" class=\"wp-block-cover__background has-background-dim\"><\/span><div class=\"wp-block-cover__inner-container is-layout-flow wp-block-cover-is-layout-flow\">\n<div class=\"wp-block-group\"><div class=\"wp-block-group__inner-container is-layout-constrained wp-block-group-is-layout-constrained\">\n<div class=\"wp-block-media-text is-stacked-on-mobile is-vertically-aligned-top\"><figure class=\"wp-block-media-text__media\"><img loading=\"lazy\" decoding=\"async\" width=\"480\" height=\"720\" src=\"https:\/\/blogs.uninter.edu.mx\/difusioncultural\/wp-content\/uploads\/2026\/03\/Imagen7-1.png\" alt=\"\" class=\"wp-image-11036 size-full\"\/><\/figure><div class=\"wp-block-media-text__content\">\n<h2 class=\"wp-block-heading\">ESTELA BARONA<\/h2>\n\n\n\n<p><strong>Categor\u00eda: Cultura y Letras<\/strong><\/p>\n\n\n\n<p>Soprano, actriz, escritora y promotora cultural. Estela Barona cuenta con m\u00e1s de cuatro d\u00e9cadas de trayectoria art\u00edstica dedicadas a la difusi\u00f3n de la m\u00fasica mexicana y la creaci\u00f3n esc\u00e9nica.<\/p>\n\n\n\n<p>Conocida como <strong>\u201cLa Voz del Centzontle\u201d<\/strong>, ha llevado la m\u00fasica y la cultura mexicana a <strong>escenarios nacionales e internacionale<\/strong>s, present\u00e1ndose en recintos emblem\u00e1ticos como el <strong>Palacio de Bellas Artes<\/strong>, el <strong>Palacio de Miner\u00eda y el Castillo de Chapultepec<\/strong>.<\/p>\n\n\n\n<p>A lo largo de su carrera ha participado en importantes producciones teatrales, ha desarrollado espect\u00e1culos culturales propios y ha impulsado proyectos que rescatan la historia, las tradiciones y la identidad cultural de Morelos.<\/p>\n<\/div><\/div>\n<\/div><\/div>\n<\/div><\/div>\n\n\n\n<div class=\"wp-block-cover\"><span aria-hidden=\"true\" class=\"wp-block-cover__background has-background-dim\"><\/span><div class=\"wp-block-cover__inner-container is-layout-flow wp-block-cover-is-layout-flow\">\n<div class=\"wp-block-group\"><div class=\"wp-block-group__inner-container is-layout-constrained wp-block-group-is-layout-constrained\">\n<div class=\"wp-block-media-text is-stacked-on-mobile is-vertically-aligned-top\"><figure class=\"wp-block-media-text__media\"><img loading=\"lazy\" decoding=\"async\" width=\"480\" height=\"720\" src=\"https:\/\/blogs.uninter.edu.mx\/difusioncultural\/wp-content\/uploads\/2026\/03\/Imagen11.png\" alt=\"\" class=\"wp-image-11039 size-full\"\/><\/figure><div class=\"wp-block-media-text__content\">\n<h2 class=\"wp-block-heading\"><strong>BEL\u00c9N GABRIELA S\u00c1NCHEZ GONZ\u00c1LEZ <\/strong><\/h2>\n\n\n\n<p><strong>Categor\u00eda: Innovaci\u00f3n en Costumbres y Tradiciones<\/strong><\/p>\n\n\n\n<p>Artesana cartonera con m\u00e1s de quince a\u00f1os de trayectoria, Bel\u00e9n Gabriela S\u00e1nchez Gonz\u00e1lez ha dedicado su trabajo a preservar y reinventar el arte popular mexicano a trav\u00e9s de la cartoner\u00eda.<\/p>\n\n\n\n<p><strong>Fundadora del Colectivo Yolotl<\/strong>, ha formado a decenas de estudiantes y ha impartido numerosos talleres enfocados en la creaci\u00f3n de catrinas, alebrijes y esculturas monumentales elaboradas con t\u00e9cnicas tradicionales y materiales experimentales.<\/p>\n\n\n\n<p>Su obra ha sido exhibida en distintos espacios culturales del pa\u00eds y ha participado en eventos de gran relevancia como el<strong> Desfile de Alebrijes Monumentales del Museo de Arte Popular <\/strong>en la Ciudad de M\u00e9xico.<\/p>\n<\/div><\/div>\n<\/div><\/div>\n<\/div><\/div>\n\n\n\n<div class=\"wp-block-cover\"><span aria-hidden=\"true\" class=\"wp-block-cover__background has-background-dim\"><\/span><div class=\"wp-block-cover__inner-container is-layout-flow wp-block-cover-is-layout-flow\">\n<div class=\"wp-block-group\"><div class=\"wp-block-group__inner-container is-layout-constrained wp-block-group-is-layout-constrained\">\n<div class=\"wp-block-media-text is-stacked-on-mobile is-vertically-aligned-top\"><figure class=\"wp-block-media-text__media\"><img loading=\"lazy\" decoding=\"async\" width=\"480\" height=\"720\" src=\"https:\/\/blogs.uninter.edu.mx\/difusioncultural\/wp-content\/uploads\/2026\/03\/Imagen12.png\" alt=\"\" class=\"wp-image-11040 size-full\"\/><\/figure><div class=\"wp-block-media-text__content\">\n<h2 class=\"wp-block-heading\">ADRIANA X\u00d3CHITL MORA RODR\u00cdGUEZ<\/h2>\n\n\n\n<p><strong>Categor\u00eda: Comunidad y Medio Ambiente<\/strong><\/p>\n\n\n\n<p>Originaria de <strong>Tepoztl\u00e1n<\/strong>, <strong>Morelos<\/strong>, Adriana X\u00f3chitl Mora Rodr\u00edguez ha dedicado gran parte de su vida a la protecci\u00f3n del medio ambiente y el servicio comunitario.<\/p>\n\n\n\n<p>Es integrante de la <strong>Asociaci\u00f3n Civil Guardabosques de Tepoztl\u00e1n<\/strong> y <strong>fundadora de la primera brigada de mujeres combatientes de incendios forestales<\/strong> en el estado de Morelos.<\/p>\n\n\n\n<p>Desde muy joven ha participado en labores de vigilancia y protecci\u00f3n de los bosques de su regi\u00f3n, adem\u00e1s de involucrarse en actividades de rescate animal y apoyo solidario a personas en situaci\u00f3n vulnerable.<\/p>\n\n\n\n<p>Su trabajo refleja un profundo amor por la naturaleza, su comunidad y el bienestar colectivo.<\/p>\n<\/div><\/div>\n<\/div><\/div>\n<\/div><\/div>\n\n\n\n<div class=\"wp-block-cover\"><span aria-hidden=\"true\" class=\"wp-block-cover__background has-background-dim\"><\/span><div class=\"wp-block-cover__inner-container is-layout-flow wp-block-cover-is-layout-flow\">\n<div class=\"wp-block-group\"><div class=\"wp-block-group__inner-container is-layout-constrained wp-block-group-is-layout-constrained\">\n<div class=\"wp-block-media-text is-stacked-on-mobile is-vertically-aligned-top\"><figure class=\"wp-block-media-text__media\"><img loading=\"lazy\" decoding=\"async\" width=\"480\" height=\"720\" src=\"https:\/\/blogs.uninter.edu.mx\/difusioncultural\/wp-content\/uploads\/2026\/03\/Imagen13.png\" alt=\"\" class=\"wp-image-11041 size-full\"\/><\/figure><div class=\"wp-block-media-text__content\">\n<h2 class=\"wp-block-heading\"><strong>Reconocimiento P\u00f3stumo<br>MARCEL DEL R\u00cdO REYES (1932\u20132022)<\/strong><\/h2>\n\n\n\n<p><strong>Categor\u00eda: Cultura y Letras<\/strong><\/p>\n\n\n\n<p>Destacada escritora, dramaturga, poeta y promotora cultural mexicana.<\/p>\n\n\n\n<p>Formada en la<strong> Facultad de Filosof\u00eda y Letras de la UNAM <\/strong>y <strong>doctora en Filosof\u00eda por la Universidad de California<\/strong>, desarroll\u00f3 una amplia obra literaria que abarca teatro, narrativa, ensayo y poes\u00eda.<\/p>\n\n\n\n<p>Su legado intelectual y art\u00edstico ha dejado una huella profunda en la literatura y el teatro mexicano, consolid\u00e1ndola como una de las figuras m\u00e1s relevantes de la cultura contempor\u00e1nea.<\/p>\n<\/div><\/div>\n<\/div><\/div>\n<\/div><\/div>\n\n\n\n<h2 class=\"wp-block-heading\"><strong>Galard\u00f3n institucional<\/strong><\/h2>\n\n\n\n<p>Durante la ceremonia, el Colegio de Bachilleres del Estado de Morelos recibi\u00f3 un reconocimiento por su compromiso con la igualdad de oportunidades y un entorno laboral inclusivo.<\/p>\n\n\n\n<p>El galard\u00f3n destaca sus esfuerzos por reducir la brecha de g\u00e9nero y promover el liderazgo y la participaci\u00f3n de las mujeres dentro de la instituci\u00f3n.<\/p>\n\n\n\n<h2 class=\"wp-block-heading\"><strong>Un encuentro para celebrar el liderazgo femenino<\/strong><\/h2>\n\n\n\n<p>La jornada destac\u00f3 que el liderazgo femenino se expresa en \u00e1mbitos como la ciencia, el arte, el periodismo y el trabajo comunitario.<\/p>\n\n\n\n<p>Las historias de las homenajeadas reflejan que el cambio social nace de trayectorias diversas con un mismo objetivo: construir una sociedad m\u00e1s justa y humana.<\/p>\n\n\n\n<p>Con iniciativas como esta, la Universidad Internacional reafirma su compromiso con la promoci\u00f3n del talento femenino y una comunidad m\u00e1s inclusiva.<\/p>\n\n\n\n<p>M\u00e1s sobre esto: <a href=\"https:\/\/www.facebook.com\/uninteredu\/posts\/pfbid03exHQZSgjiq3C4oP7qJ6uVHBSvEu5ycXNXub7T55DMHryuukwfu8SP5UFmdw4YCKl\">https:\/\/www.facebook.com\/uninteredu\/posts\/pfbid03exHQZSgjiq3C4oP7qJ6uVHBSvEu5ycXNXub7T55DMHryuukwfu8SP5UFmdw4YCKl<\/a><\/p>\n","protected":false},"excerpt":{"rendered":"<p>UNINTER reconoce liderazgo femenino en el D\u00eda Internacional de la Mujer En el marco del D\u00eda Internacional de la Mujer, la Universidad Internacional realiz\u00f3 un encuentro para reconocer el liderazgo y el impacto social de mujeres que han transformado \u00e1mbitos acad\u00e9micos, culturales y comunitarios. M\u00e1s que una ceremonia, fue un espacio para compartir historias de&hellip;<\/p>\n","protected":false},"author":24,"featured_media":11056,"comment_status":"open","ping_status":"open","sticky":false,"template":"","format":"standard","meta":{"_jetpack_memberships_contains_paid_content":false,"footnotes":"","jetpack_publicize_message":"","jetpack_publicize_feature_enabled":true,"jetpack_social_post_already_shared":true,"jetpack_social_options":{"image_generator_settings":{"template":"highway","default_image_id":0,"font":"","enabled":false},"version":2}},"categories":[1],"tags":[],"class_list":["post-11026","post","type-post","status-publish","format-standard","has-post-thumbnail","hentry","category-sin-categoria"],"yoast_head":"<!-- This site is optimized with the Yoast SEO plugin v26.3 - https:\/\/yoast.com\/wordpress\/plugins\/seo\/ -->\r\n<title>UNINTER reconoce a mujeres que inspiran y transforman su comunidad - Difusi\u00f3n Cultural<\/title>\r\n<meta name=\"description\" content=\"UNINTER destaca el liderazgo femenino en distintos \u00e1mbitos, reconociendo su impacto social y reafirmando su compromiso con una comunidad inclusiva y equitativa.\" \/>\r\n<meta name=\"robots\" content=\"index, follow, max-snippet:-1, max-image-preview:large, max-video-preview:-1\" \/>\r\n<link rel=\"canonical\" href=\"https:\/\/blogs.uninter.edu.mx\/difusioncultural\/?p=11026\" \/>\r\n<meta property=\"og:locale\" content=\"es_MX\" \/>\r\n<meta property=\"og:type\" content=\"article\" \/>\r\n<meta property=\"og:title\" content=\"UNINTER reconoce a mujeres que inspiran y transforman su comunidad - Difusi\u00f3n Cultural\" \/>\r\n<meta property=\"og:description\" content=\"UNINTER destaca el liderazgo femenino en distintos \u00e1mbitos, reconociendo su impacto social y reafirmando su compromiso con una comunidad inclusiva y equitativa.\" \/>\r\n<meta property=\"og:url\" content=\"https:\/\/blogs.uninter.edu.mx\/difusioncultural\/?p=11026\" \/>\r\n<meta property=\"og:site_name\" content=\"Difusi\u00f3n Cultural\" \/>\r\n<meta property=\"article:published_time\" content=\"2026-03-12T21:31:31+00:00\" \/>\r\n<meta property=\"article:modified_time\" content=\"2026-04-17T17:01:25+00:00\" \/>\r\n<meta property=\"og:image\" content=\"https:\/\/blogs.uninter.edu.mx\/difusioncultural\/wp-content\/uploads\/2026\/03\/Imagen1-1.png\" \/>\r\n\t<meta property=\"og:image:width\" content=\"729\" \/>\r\n\t<meta property=\"og:image:height\" content=\"412\" \/>\r\n\t<meta property=\"og:image:type\" content=\"image\/png\" \/>\r\n<meta name=\"author\" content=\"Aslhey Alejandra Gonz\u00e1lez Castro\" \/>\r\n<meta name=\"twitter:card\" content=\"summary_large_image\" \/>\r\n<meta name=\"twitter:label1\" content=\"Escrito por\" \/>\n\t<meta name=\"twitter:data1\" content=\"Aslhey Alejandra Gonz\u00e1lez Castro\" \/>\n\t<meta name=\"twitter:label2\" content=\"Tiempo de lectura\" \/>\n\t<meta name=\"twitter:data2\" content=\"7 minutos\" \/>\r\n<script type=\"application\/ld+json\" class=\"yoast-schema-graph\">{\"@context\":\"https:\/\/schema.org\",\"@graph\":[{\"@type\":\"Article\",\"@id\":\"https:\/\/blogs.uninter.edu.mx\/difusioncultural\/?p=11026#article\",\"isPartOf\":{\"@id\":\"https:\/\/blogs.uninter.edu.mx\/difusioncultural\/?p=11026\"},\"author\":{\"name\":\"Aslhey Alejandra Gonz\u00e1lez Castro\",\"@id\":\"https:\/\/blogs.uninter.edu.mx\/difusioncultural\/#\/schema\/person\/c710e37686022500827405824a08a18c\"},\"headline\":\"UNINTER reconoce a mujeres que inspiran y transforman su comunidad\",\"datePublished\":\"2026-03-12T21:31:31+00:00\",\"dateModified\":\"2026-04-17T17:01:25+00:00\",\"mainEntityOfPage\":{\"@id\":\"https:\/\/blogs.uninter.edu.mx\/difusioncultural\/?p=11026\"},\"wordCount\":1212,\"commentCount\":0,\"publisher\":{\"@id\":\"https:\/\/blogs.uninter.edu.mx\/difusioncultural\/#organization\"},\"image\":{\"@id\":\"https:\/\/blogs.uninter.edu.mx\/difusioncultural\/?p=11026#primaryimage\"},\"thumbnailUrl\":\"https:\/\/blogs.uninter.edu.mx\/difusioncultural\/wp-content\/uploads\/2026\/03\/Imagen1-1.png\",\"inLanguage\":\"es\",\"potentialAction\":[{\"@type\":\"CommentAction\",\"name\":\"Comment\",\"target\":[\"https:\/\/blogs.uninter.edu.mx\/difusioncultural\/?p=11026#respond\"]}]},{\"@type\":\"WebPage\",\"@id\":\"https:\/\/blogs.uninter.edu.mx\/difusioncultural\/?p=11026\",\"url\":\"https:\/\/blogs.uninter.edu.mx\/difusioncultural\/?p=11026\",\"name\":\"UNINTER reconoce a mujeres que inspiran y transforman su comunidad - Difusi\u00f3n Cultural\",\"isPartOf\":{\"@id\":\"https:\/\/blogs.uninter.edu.mx\/difusioncultural\/#website\"},\"primaryImageOfPage\":{\"@id\":\"https:\/\/blogs.uninter.edu.mx\/difusioncultural\/?p=11026#primaryimage\"},\"image\":{\"@id\":\"https:\/\/blogs.uninter.edu.mx\/difusioncultural\/?p=11026#primaryimage\"},\"thumbnailUrl\":\"https:\/\/blogs.uninter.edu.mx\/difusioncultural\/wp-content\/uploads\/2026\/03\/Imagen1-1.png\",\"datePublished\":\"2026-03-12T21:31:31+00:00\",\"dateModified\":\"2026-04-17T17:01:25+00:00\",\"description\":\"UNINTER destaca el liderazgo femenino en distintos \u00e1mbitos, reconociendo su impacto social y reafirmando su compromiso con una comunidad inclusiva y equitativa.\",\"breadcrumb\":{\"@id\":\"https:\/\/blogs.uninter.edu.mx\/difusioncultural\/?p=11026#breadcrumb\"},\"inLanguage\":\"es\",\"potentialAction\":[{\"@type\":\"ReadAction\",\"target\":[\"https:\/\/blogs.uninter.edu.mx\/difusioncultural\/?p=11026\"]}]},{\"@type\":\"ImageObject\",\"inLanguage\":\"es\",\"@id\":\"https:\/\/blogs.uninter.edu.mx\/difusioncultural\/?p=11026#primaryimage\",\"url\":\"https:\/\/blogs.uninter.edu.mx\/difusioncultural\/wp-content\/uploads\/2026\/03\/Imagen1-1.png\",\"contentUrl\":\"https:\/\/blogs.uninter.edu.mx\/difusioncultural\/wp-content\/uploads\/2026\/03\/Imagen1-1.png\",\"width\":729,\"height\":412},{\"@type\":\"BreadcrumbList\",\"@id\":\"https:\/\/blogs.uninter.edu.mx\/difusioncultural\/?p=11026#breadcrumb\",\"itemListElement\":[{\"@type\":\"ListItem\",\"position\":1,\"name\":\"Inicio\",\"item\":\"https:\/\/blogs.uninter.edu.mx\/difusioncultural\/\"},{\"@type\":\"ListItem\",\"position\":2,\"name\":\"UNINTER reconoce a mujeres que inspiran y transforman su comunidad\"}]},{\"@type\":\"WebSite\",\"@id\":\"https:\/\/blogs.uninter.edu.mx\/difusioncultural\/#website\",\"url\":\"https:\/\/blogs.uninter.edu.mx\/difusioncultural\/\",\"name\":\"Difusi\u00f3n Cultural\",\"description\":\"UNINTER\",\"publisher\":{\"@id\":\"https:\/\/blogs.uninter.edu.mx\/difusioncultural\/#organization\"},\"potentialAction\":[{\"@type\":\"SearchAction\",\"target\":{\"@type\":\"EntryPoint\",\"urlTemplate\":\"https:\/\/blogs.uninter.edu.mx\/difusioncultural\/?s={search_term_string}\"},\"query-input\":{\"@type\":\"PropertyValueSpecification\",\"valueRequired\":true,\"valueName\":\"search_term_string\"}}],\"inLanguage\":\"es\"},{\"@type\":\"Organization\",\"@id\":\"https:\/\/blogs.uninter.edu.mx\/difusioncultural\/#organization\",\"name\":\"Difusi\u00f3n Cultural\",\"url\":\"https:\/\/blogs.uninter.edu.mx\/difusioncultural\/\",\"logo\":{\"@type\":\"ImageObject\",\"inLanguage\":\"es\",\"@id\":\"https:\/\/blogs.uninter.edu.mx\/difusioncultural\/#\/schema\/logo\/image\/\",\"url\":\"https:\/\/blogs.uninter.edu.mx\/difusioncultural\/wp-content\/uploads\/2022\/09\/uninter.jpg\",\"contentUrl\":\"https:\/\/blogs.uninter.edu.mx\/difusioncultural\/wp-content\/uploads\/2022\/09\/uninter.jpg\",\"width\":2048,\"height\":2048,\"caption\":\"Difusi\u00f3n Cultural\"},\"image\":{\"@id\":\"https:\/\/blogs.uninter.edu.mx\/difusioncultural\/#\/schema\/logo\/image\/\"}},{\"@type\":\"Person\",\"@id\":\"https:\/\/blogs.uninter.edu.mx\/difusioncultural\/#\/schema\/person\/c710e37686022500827405824a08a18c\",\"name\":\"Aslhey Alejandra Gonz\u00e1lez Castro\",\"image\":{\"@type\":\"ImageObject\",\"inLanguage\":\"es\",\"@id\":\"https:\/\/blogs.uninter.edu.mx\/difusioncultural\/#\/schema\/person\/image\/\",\"url\":\"https:\/\/secure.gravatar.com\/avatar\/1905d6ed47b47ccbfb53e4b64f72f2017309e25d96ef418088d4f998ecf6552e?s=96&d=mm&r=g\",\"contentUrl\":\"https:\/\/secure.gravatar.com\/avatar\/1905d6ed47b47ccbfb53e4b64f72f2017309e25d96ef418088d4f998ecf6552e?s=96&d=mm&r=g\",\"caption\":\"Aslhey Alejandra Gonz\u00e1lez Castro\"},\"url\":\"https:\/\/blogs.uninter.edu.mx\/difusioncultural\/?author=24\"}]}<\/script>\r\n<!-- \/ Yoast SEO plugin. -->","yoast_head_json":{"title":"UNINTER reconoce a mujeres que inspiran y transforman su comunidad - Difusi\u00f3n Cultural","description":"UNINTER destaca el liderazgo femenino en distintos \u00e1mbitos, reconociendo su impacto social y reafirmando su compromiso con una comunidad inclusiva y equitativa.","robots":{"index":"index","follow":"follow","max-snippet":"max-snippet:-1","max-image-preview":"max-image-preview:large","max-video-preview":"max-video-preview:-1"},"canonical":"https:\/\/blogs.uninter.edu.mx\/difusioncultural\/?p=11026","og_locale":"es_MX","og_type":"article","og_title":"UNINTER reconoce a mujeres que inspiran y transforman su comunidad - Difusi\u00f3n Cultural","og_description":"UNINTER destaca el liderazgo femenino en distintos \u00e1mbitos, reconociendo su impacto social y reafirmando su compromiso con una comunidad inclusiva y equitativa.","og_url":"https:\/\/blogs.uninter.edu.mx\/difusioncultural\/?p=11026","og_site_name":"Difusi\u00f3n Cultural","article_published_time":"2026-03-12T21:31:31+00:00","article_modified_time":"2026-04-17T17:01:25+00:00","og_image":[{"width":729,"height":412,"url":"https:\/\/blogs.uninter.edu.mx\/difusioncultural\/wp-content\/uploads\/2026\/03\/Imagen1-1.png","type":"image\/png"}],"author":"Aslhey Alejandra Gonz\u00e1lez Castro","twitter_card":"summary_large_image","twitter_misc":{"Escrito por":"Aslhey Alejandra Gonz\u00e1lez Castro","Tiempo de lectura":"7 minutos"},"schema":{"@context":"https:\/\/schema.org","@graph":[{"@type":"Article","@id":"https:\/\/blogs.uninter.edu.mx\/difusioncultural\/?p=11026#article","isPartOf":{"@id":"https:\/\/blogs.uninter.edu.mx\/difusioncultural\/?p=11026"},"author":{"name":"Aslhey Alejandra Gonz\u00e1lez Castro","@id":"https:\/\/blogs.uninter.edu.mx\/difusioncultural\/#\/schema\/person\/c710e37686022500827405824a08a18c"},"headline":"UNINTER reconoce a mujeres que inspiran y transforman su comunidad","datePublished":"2026-03-12T21:31:31+00:00","dateModified":"2026-04-17T17:01:25+00:00","mainEntityOfPage":{"@id":"https:\/\/blogs.uninter.edu.mx\/difusioncultural\/?p=11026"},"wordCount":1212,"commentCount":0,"publisher":{"@id":"https:\/\/blogs.uninter.edu.mx\/difusioncultural\/#organization"},"image":{"@id":"https:\/\/blogs.uninter.edu.mx\/difusioncultural\/?p=11026#primaryimage"},"thumbnailUrl":"https:\/\/blogs.uninter.edu.mx\/difusioncultural\/wp-content\/uploads\/2026\/03\/Imagen1-1.png","inLanguage":"es","potentialAction":[{"@type":"CommentAction","name":"Comment","target":["https:\/\/blogs.uninter.edu.mx\/difusioncultural\/?p=11026#respond"]}]},{"@type":"WebPage","@id":"https:\/\/blogs.uninter.edu.mx\/difusioncultural\/?p=11026","url":"https:\/\/blogs.uninter.edu.mx\/difusioncultural\/?p=11026","name":"UNINTER reconoce a mujeres que inspiran y transforman su comunidad - Difusi\u00f3n Cultural","isPartOf":{"@id":"https:\/\/blogs.uninter.edu.mx\/difusioncultural\/#website"},"primaryImageOfPage":{"@id":"https:\/\/blogs.uninter.edu.mx\/difusioncultural\/?p=11026#primaryimage"},"image":{"@id":"https:\/\/blogs.uninter.edu.mx\/difusioncultural\/?p=11026#primaryimage"},"thumbnailUrl":"https:\/\/blogs.uninter.edu.mx\/difusioncultural\/wp-content\/uploads\/2026\/03\/Imagen1-1.png","datePublished":"2026-03-12T21:31:31+00:00","dateModified":"2026-04-17T17:01:25+00:00","description":"UNINTER destaca el liderazgo femenino en distintos \u00e1mbitos, reconociendo su impacto social y reafirmando su compromiso con una comunidad inclusiva y equitativa.","breadcrumb":{"@id":"https:\/\/blogs.uninter.edu.mx\/difusioncultural\/?p=11026#breadcrumb"},"inLanguage":"es","potentialAction":[{"@type":"ReadAction","target":["https:\/\/blogs.uninter.edu.mx\/difusioncultural\/?p=11026"]}]},{"@type":"ImageObject","inLanguage":"es","@id":"https:\/\/blogs.uninter.edu.mx\/difusioncultural\/?p=11026#primaryimage","url":"https:\/\/blogs.uninter.edu.mx\/difusioncultural\/wp-content\/uploads\/2026\/03\/Imagen1-1.png","contentUrl":"https:\/\/blogs.uninter.edu.mx\/difusioncultural\/wp-content\/uploads\/2026\/03\/Imagen1-1.png","width":729,"height":412},{"@type":"BreadcrumbList","@id":"https:\/\/blogs.uninter.edu.mx\/difusioncultural\/?p=11026#breadcrumb","itemListElement":[{"@type":"ListItem","position":1,"name":"Inicio","item":"https:\/\/blogs.uninter.edu.mx\/difusioncultural\/"},{"@type":"ListItem","position":2,"name":"UNINTER reconoce a mujeres que inspiran y transforman su comunidad"}]},{"@type":"WebSite","@id":"https:\/\/blogs.uninter.edu.mx\/difusioncultural\/#website","url":"https:\/\/blogs.uninter.edu.mx\/difusioncultural\/","name":"Difusi\u00f3n Cultural","description":"UNINTER","publisher":{"@id":"https:\/\/blogs.uninter.edu.mx\/difusioncultural\/#organization"},"potentialAction":[{"@type":"SearchAction","target":{"@type":"EntryPoint","urlTemplate":"https:\/\/blogs.uninter.edu.mx\/difusioncultural\/?s={search_term_string}"},"query-input":{"@type":"PropertyValueSpecification","valueRequired":true,"valueName":"search_term_string"}}],"inLanguage":"es"},{"@type":"Organization","@id":"https:\/\/blogs.uninter.edu.mx\/difusioncultural\/#organization","name":"Difusi\u00f3n Cultural","url":"https:\/\/blogs.uninter.edu.mx\/difusioncultural\/","logo":{"@type":"ImageObject","inLanguage":"es","@id":"https:\/\/blogs.uninter.edu.mx\/difusioncultural\/#\/schema\/logo\/image\/","url":"https:\/\/blogs.uninter.edu.mx\/difusioncultural\/wp-content\/uploads\/2022\/09\/uninter.jpg","contentUrl":"https:\/\/blogs.uninter.edu.mx\/difusioncultural\/wp-content\/uploads\/2022\/09\/uninter.jpg","width":2048,"height":2048,"caption":"Difusi\u00f3n Cultural"},"image":{"@id":"https:\/\/blogs.uninter.edu.mx\/difusioncultural\/#\/schema\/logo\/image\/"}},{"@type":"Person","@id":"https:\/\/blogs.uninter.edu.mx\/difusioncultural\/#\/schema\/person\/c710e37686022500827405824a08a18c","name":"Aslhey Alejandra Gonz\u00e1lez Castro","image":{"@type":"ImageObject","inLanguage":"es","@id":"https:\/\/blogs.uninter.edu.mx\/difusioncultural\/#\/schema\/person\/image\/","url":"https:\/\/secure.gravatar.com\/avatar\/1905d6ed47b47ccbfb53e4b64f72f2017309e25d96ef418088d4f998ecf6552e?s=96&d=mm&r=g","contentUrl":"https:\/\/secure.gravatar.com\/avatar\/1905d6ed47b47ccbfb53e4b64f72f2017309e25d96ef418088d4f998ecf6552e?s=96&d=mm&r=g","caption":"Aslhey Alejandra Gonz\u00e1lez Castro"},"url":"https:\/\/blogs.uninter.edu.mx\/difusioncultural\/?author=24"}]}},"jetpack_publicize_connections":[],"jetpack_featured_media_url":"https:\/\/blogs.uninter.edu.mx\/difusioncultural\/wp-content\/uploads\/2026\/03\/Imagen1-1.png","jetpack_sharing_enabled":true,"_links":{"self":[{"href":"https:\/\/blogs.uninter.edu.mx\/difusioncultural\/index.php?rest_route=\/wp\/v2\/posts\/11026","targetHints":{"allow":["GET"]}}],"collection":[{"href":"https:\/\/blogs.uninter.edu.mx\/difusioncultural\/index.php?rest_route=\/wp\/v2\/posts"}],"about":[{"href":"https:\/\/blogs.uninter.edu.mx\/difusioncultural\/index.php?rest_route=\/wp\/v2\/types\/post"}],"author":[{"embeddable":true,"href":"https:\/\/blogs.uninter.edu.mx\/difusioncultural\/index.php?rest_route=\/wp\/v2\/users\/24"}],"replies":[{"embeddable":true,"href":"https:\/\/blogs.uninter.edu.mx\/difusioncultural\/index.php?rest_route=%2Fwp%2Fv2%2Fcomments&post=11026"}],"version-history":[{"count":5,"href":"https:\/\/blogs.uninter.edu.mx\/difusioncultural\/index.php?rest_route=\/wp\/v2\/posts\/11026\/revisions"}],"predecessor-version":[{"id":11101,"href":"https:\/\/blogs.uninter.edu.mx\/difusioncultural\/index.php?rest_route=\/wp\/v2\/posts\/11026\/revisions\/11101"}],"wp:featuredmedia":[{"embeddable":true,"href":"https:\/\/blogs.uninter.edu.mx\/difusioncultural\/index.php?rest_route=\/wp\/v2\/media\/11056"}],"wp:attachment":[{"href":"https:\/\/blogs.uninter.edu.mx\/difusioncultural\/index.php?rest_route=%2Fwp%2Fv2%2Fmedia&parent=11026"}],"wp:term":[{"taxonomy":"category","embeddable":true,"href":"https:\/\/blogs.uninter.edu.mx\/difusioncultural\/index.php?rest_route=%2Fwp%2Fv2%2Fcategories&post=11026"},{"taxonomy":"post_tag","embeddable":true,"href":"https:\/\/blogs.uninter.edu.mx\/difusioncultural\/index.php?rest_route=%2Fwp%2Fv2%2Ftags&post=11026"}],"curies":[{"name":"wp","href":"https:\/\/api.w.org\/{rel}","templated":true}]}}