{"id":1256,"date":"2013-02-27T21:21:11","date_gmt":"2013-02-27T21:21:11","guid":{"rendered":"http:\/\/difusionculturaluninter.wordpress.com\/?p=1256"},"modified":"2013-02-27T21:21:11","modified_gmt":"2013-02-27T21:21:11","slug":"compositores-clasicos-mas-influyentes-de-la-musica","status":"publish","type":"post","link":"https:\/\/blogs.uninter.edu.mx\/difusioncultural\/?p=1256","title":{"rendered":"Compositores Cl\u00e1sicos m\u00e1s Influyentes de la M\u00fasica"},"content":{"rendered":"<p><strong>Aqu\u00ed hay varios compositores notables del\u00a0 per\u00edodo Barroco o aquellos cuyas obras representan la m\u00fasica cl\u00e1sica:<\/strong><\/p>\n<p><strong>1. Ludwig van Beethoven<\/strong><br \/>\nUno de los grandes compositores del per\u00edodo cl\u00e1sico. Se convirti\u00f3 en sordo de unos 20 a\u00f1os (algunos libros dicen de unos 30 a\u00f1os), pero continu\u00f3 componiendo m\u00fasica que est\u00e1 siendo muy apreciado en la actualidad. \u00c9l escribi\u00f3: &#8220;Sinfon\u00eda n \u00ba 2, op. 36 (Re Mayor),&#8221; Sinfon\u00eda n \u00ba 3 Heroica, op. 55 (E flat Major) &#8220;,&#8221; Sinfon\u00eda n \u00ba 4, op. 60 (Si bemol Mayor) &#8220;y otras grandes obras maestras cuando era casi completamente sordo.<br \/>\nAnuncios<\/p>\n<p><strong>2. Johannes Brahms<\/strong><br \/>\nA los siete a\u00f1os de edad, Brahms aprendi\u00f3 a tocar el piano bajo la direcci\u00f3n de Otto Friedrich Willibald Cossel. Ampl\u00eda sus estudios de teor\u00eda y composici\u00f3n con Eduard Marxen. Brahms se hizo amigo de los Schumanns y supuestamente se enamor\u00f3 de Clara Schumann, esposa de Robert Schumann.<\/p>\n<p><strong>3. Francesco Cavalli<\/strong><br \/>\nUno de los compositores de \u00f3pera m\u00e1s influyentes italianos durante el siglo 17. Entre sus obras m\u00e1s famosas son: Didone (1641), Egisto (1646), y Erismena Ormindo L&#8217;.<\/p>\n<p><strong>4. Fryderyk Franciszek Chopin<\/strong><br \/>\nUn ni\u00f1o prodigio y genio de la m\u00fasica. Entre sus composiciones m\u00e1s famosas son: &#8220;Polonesas en sol menor y Si bemol mayor 9&#8221; (que compuso cuando ten\u00eda 7 a\u00f1os de edad), &#8220;Variaciones Op. 2, sobre un tema de Don Juan de Mozart,.&#8221; &#8220;Ballade en F importante &#8220;y&#8221; Sonata en do menor &#8220;.<\/p>\n<p><strong>5. Antonin Dvorak<\/strong><br \/>\nUn director de orquesta, profesor y compositor cuyas obras reflejan diferentes influencias, desde canciones populares americanas a las obras de Brahms. Su obra m\u00e1s famosa es la Novena Sinfon\u00eda de la &#8220;Sinfon\u00eda del Nuevo Mundo&#8221;.<\/p>\n<p><strong>6. Christoph Willibald Gluck<\/strong><br \/>\nUn compositor durante el per\u00edodo cl\u00e1sico conocido especialmente por sus \u00f3peras y para la reforma de los estilos de \u00f3pera de la \u00e9poca. Ven\u00eda de una familia de silvicultores pero verdadera pasi\u00f3n era la m\u00fasica de Gluck. Cuando ten\u00eda unos 13 a\u00f1os de edad, sali\u00f3 de su casa, tal vez para evitar la profesi\u00f3n familiar. Sus obras m\u00e1s exitosas son sus &#8220;\u00f3peras de reforma&#8221; con Ranieri Calzabigi a saber, &#8220;Orfeo ed Euridice&#8221; y &#8220;Alceste&#8221;.<\/p>\n<p><strong>7. Franz Joseph Haydn<\/strong><br \/>\nCuando era ni\u00f1o, Haydn pose\u00eda una voz muy bella y pas\u00f3 la mayor parte de su tiempo cantando en coros de iglesias. Al madurar se concentr\u00f3 su talento en la composici\u00f3n, de manera constante haciendo un nombre por s\u00ed mismo y ganar bastante bien. Wolfgang Amadeus Mozart fue un buen amigo de Haydn, de hecho, Requiem de Mozart, se llev\u00f3 a cabo en el funeral de Haydn.<\/p>\n<p><strong>8. Gustav Mahler<\/strong><br \/>\nMahler es conocido por sus canciones, cantatas y sinfon\u00edas que escribi\u00f3 en varias teclas. Algunas de sus obras requieren de una gran orquesta, por ejemplo, la &#8220;Octava Sinfon\u00eda en mi bemol&#8221;, tambi\u00e9n llamada la Sinfon\u00eda de los Mil.<\/p>\n<p><strong>9. William Mason<\/strong><br \/>\nMason proven\u00eda de una familia amante de la m\u00fasica, aunque al principio su padre quer\u00eda que fuera un cl\u00e9rigo. Fue el tercer hijo de Lowell Mason, considerado como el &#8220;padre de la m\u00fasica de la iglesia estadounidense&#8221;. Su hermano, Henry Mason, fue uno de los fundadores de la Compa\u00f1\u00eda de Mason &amp; Hamlin.<\/p>\n<p><strong>10. Wolfgang Amadeus Mozart<\/strong><br \/>\nA la edad de 5 a\u00f1os, Wolfgang Amadeus Mozart ya hab\u00eda escrito un allegro miniatura (K. 1b) y andante (K. 1a). Fue un ni\u00f1o enfermizo y muri\u00f3 a la temprana edad de 35 a\u00f1os. Sin embargo, sus m\u00e1s de 600 composiciones siguen influyendo en innumerables m\u00fasicos y oyentes en la actualidad. Entre sus obras m\u00e1s famosas son &#8220;Sinfon\u00eda n \u00ba 35 Haffner, K. 385 &#8211; D Major&#8221;, &#8220;Cos\u00ec fan tutte, K. 588&#8221; y &#8220;Misa de R\u00e9quiem, K. 626 -. Menor d&#8221;<\/p>\n<p><a href=\"https:\/\/blogs.uninter.edu.mx\/difusioncultural\/wp-content\/uploads\/2013\/02\/palladio2.jpg\"><img fetchpriority=\"high\" decoding=\"async\" class=\"aligncenter size-full wp-image-1257\" alt=\"palladio2\" src=\"https:\/\/blogs.uninter.edu.mx\/difusioncultural\/wp-content\/uploads\/2013\/02\/palladio2.jpg\" width=\"500\" height=\"375\" \/><\/a><\/p>\n","protected":false},"excerpt":{"rendered":"<p>Aqu\u00ed hay varios compositores notables del\u00a0 per\u00edodo Barroco o aquellos cuyas obras representan la m\u00fasica cl\u00e1sica: 1. Ludwig van Beethoven Uno de los grandes compositores del per\u00edodo cl\u00e1sico. Se convirti\u00f3 en sordo de unos 20 a\u00f1os (algunos libros dicen de unos 30 a\u00f1os), pero continu\u00f3 componiendo m\u00fasica que est\u00e1 siendo muy apreciado en la actualidad.&hellip;<\/p>\n","protected":false},"author":24,"featured_media":0,"comment_status":"open","ping_status":"open","sticky":false,"template":"","format":"standard","meta":{"_jetpack_memberships_contains_paid_content":false,"footnotes":"","jetpack_publicize_message":"","jetpack_publicize_feature_enabled":true,"jetpack_social_post_already_shared":false,"jetpack_social_options":{"image_generator_settings":{"template":"highway","default_image_id":0,"font":"","enabled":false},"version":2}},"categories":[1],"tags":[],"class_list":["post-1256","post","type-post","status-publish","format-standard","hentry","category-sin-categoria"],"yoast_head":"<!-- This site is optimized with the Yoast SEO plugin v26.3 - https:\/\/yoast.com\/wordpress\/plugins\/seo\/ -->\r\n<title>Compositores Cl\u00e1sicos m\u00e1s Influyentes de la M\u00fasica - Difusi\u00f3n Cultural<\/title>\r\n<meta name=\"robots\" content=\"index, follow, max-snippet:-1, max-image-preview:large, max-video-preview:-1\" \/>\r\n<link rel=\"canonical\" href=\"https:\/\/blogs.uninter.edu.mx\/difusioncultural\/?p=1256\" \/>\r\n<meta property=\"og:locale\" content=\"es_MX\" \/>\r\n<meta property=\"og:type\" content=\"article\" \/>\r\n<meta property=\"og:title\" content=\"Compositores Cl\u00e1sicos m\u00e1s Influyentes de la M\u00fasica - Difusi\u00f3n Cultural\" \/>\r\n<meta property=\"og:description\" content=\"Aqu\u00ed hay varios compositores notables del\u00a0 per\u00edodo Barroco o aquellos cuyas obras representan la m\u00fasica cl\u00e1sica: 1. Ludwig van Beethoven Uno de los grandes compositores del per\u00edodo cl\u00e1sico. Se convirti\u00f3 en sordo de unos 20 a\u00f1os (algunos libros dicen de unos 30 a\u00f1os), pero continu\u00f3 componiendo m\u00fasica que est\u00e1 siendo muy apreciado en la actualidad.&hellip;\" \/>\r\n<meta property=\"og:url\" content=\"https:\/\/blogs.uninter.edu.mx\/difusioncultural\/?p=1256\" \/>\r\n<meta property=\"og:site_name\" content=\"Difusi\u00f3n Cultural\" \/>\r\n<meta property=\"article:published_time\" content=\"2013-02-27T21:21:11+00:00\" \/>\r\n<meta property=\"og:image\" content=\"https:\/\/blogs.uninter.edu.mx\/difusioncultural\/wp-content\/uploads\/2013\/02\/palladio2.jpg\" \/>\r\n<meta name=\"author\" content=\"Aslhey Alejandra Gonz\u00e1lez Castro\" \/>\r\n<meta name=\"twitter:card\" content=\"summary_large_image\" \/>\r\n<meta name=\"twitter:label1\" content=\"Escrito por\" \/>\n\t<meta name=\"twitter:data1\" content=\"Aslhey Alejandra Gonz\u00e1lez Castro\" \/>\n\t<meta name=\"twitter:label2\" content=\"Tiempo de lectura\" \/>\n\t<meta name=\"twitter:data2\" content=\"3 minutos\" \/>\r\n<script type=\"application\/ld+json\" class=\"yoast-schema-graph\">{\"@context\":\"https:\/\/schema.org\",\"@graph\":[{\"@type\":\"Article\",\"@id\":\"https:\/\/blogs.uninter.edu.mx\/difusioncultural\/?p=1256#article\",\"isPartOf\":{\"@id\":\"https:\/\/blogs.uninter.edu.mx\/difusioncultural\/?p=1256\"},\"author\":{\"name\":\"Aslhey Alejandra Gonz\u00e1lez Castro\",\"@id\":\"https:\/\/blogs.uninter.edu.mx\/difusioncultural\/#\/schema\/person\/c710e37686022500827405824a08a18c\"},\"headline\":\"Compositores Cl\u00e1sicos m\u00e1s Influyentes de la M\u00fasica\",\"datePublished\":\"2013-02-27T21:21:11+00:00\",\"mainEntityOfPage\":{\"@id\":\"https:\/\/blogs.uninter.edu.mx\/difusioncultural\/?p=1256\"},\"wordCount\":631,\"commentCount\":0,\"publisher\":{\"@id\":\"https:\/\/blogs.uninter.edu.mx\/difusioncultural\/#organization\"},\"image\":{\"@id\":\"https:\/\/blogs.uninter.edu.mx\/difusioncultural\/?p=1256#primaryimage\"},\"thumbnailUrl\":\"https:\/\/blogs.uninter.edu.mx\/difusioncultural\/wp-content\/uploads\/2013\/02\/palladio2.jpg\",\"inLanguage\":\"es\",\"potentialAction\":[{\"@type\":\"CommentAction\",\"name\":\"Comment\",\"target\":[\"https:\/\/blogs.uninter.edu.mx\/difusioncultural\/?p=1256#respond\"]}]},{\"@type\":\"WebPage\",\"@id\":\"https:\/\/blogs.uninter.edu.mx\/difusioncultural\/?p=1256\",\"url\":\"https:\/\/blogs.uninter.edu.mx\/difusioncultural\/?p=1256\",\"name\":\"Compositores Cl\u00e1sicos m\u00e1s Influyentes de la M\u00fasica - Difusi\u00f3n Cultural\",\"isPartOf\":{\"@id\":\"https:\/\/blogs.uninter.edu.mx\/difusioncultural\/#website\"},\"primaryImageOfPage\":{\"@id\":\"https:\/\/blogs.uninter.edu.mx\/difusioncultural\/?p=1256#primaryimage\"},\"image\":{\"@id\":\"https:\/\/blogs.uninter.edu.mx\/difusioncultural\/?p=1256#primaryimage\"},\"thumbnailUrl\":\"https:\/\/blogs.uninter.edu.mx\/difusioncultural\/wp-content\/uploads\/2013\/02\/palladio2.jpg\",\"datePublished\":\"2013-02-27T21:21:11+00:00\",\"breadcrumb\":{\"@id\":\"https:\/\/blogs.uninter.edu.mx\/difusioncultural\/?p=1256#breadcrumb\"},\"inLanguage\":\"es\",\"potentialAction\":[{\"@type\":\"ReadAction\",\"target\":[\"https:\/\/blogs.uninter.edu.mx\/difusioncultural\/?p=1256\"]}]},{\"@type\":\"ImageObject\",\"inLanguage\":\"es\",\"@id\":\"https:\/\/blogs.uninter.edu.mx\/difusioncultural\/?p=1256#primaryimage\",\"url\":\"https:\/\/blogs.uninter.edu.mx\/difusioncultural\/wp-content\/uploads\/2013\/02\/palladio2.jpg\",\"contentUrl\":\"https:\/\/blogs.uninter.edu.mx\/difusioncultural\/wp-content\/uploads\/2013\/02\/palladio2.jpg\",\"width\":2816,\"height\":2112},{\"@type\":\"BreadcrumbList\",\"@id\":\"https:\/\/blogs.uninter.edu.mx\/difusioncultural\/?p=1256#breadcrumb\",\"itemListElement\":[{\"@type\":\"ListItem\",\"position\":1,\"name\":\"Inicio\",\"item\":\"https:\/\/blogs.uninter.edu.mx\/difusioncultural\/\"},{\"@type\":\"ListItem\",\"position\":2,\"name\":\"Compositores Cl\u00e1sicos m\u00e1s Influyentes de la M\u00fasica\"}]},{\"@type\":\"WebSite\",\"@id\":\"https:\/\/blogs.uninter.edu.mx\/difusioncultural\/#website\",\"url\":\"https:\/\/blogs.uninter.edu.mx\/difusioncultural\/\",\"name\":\"Difusi\u00f3n Cultural\",\"description\":\"UNINTER\",\"publisher\":{\"@id\":\"https:\/\/blogs.uninter.edu.mx\/difusioncultural\/#organization\"},\"potentialAction\":[{\"@type\":\"SearchAction\",\"target\":{\"@type\":\"EntryPoint\",\"urlTemplate\":\"https:\/\/blogs.uninter.edu.mx\/difusioncultural\/?s={search_term_string}\"},\"query-input\":{\"@type\":\"PropertyValueSpecification\",\"valueRequired\":true,\"valueName\":\"search_term_string\"}}],\"inLanguage\":\"es\"},{\"@type\":\"Organization\",\"@id\":\"https:\/\/blogs.uninter.edu.mx\/difusioncultural\/#organization\",\"name\":\"Difusi\u00f3n Cultural\",\"url\":\"https:\/\/blogs.uninter.edu.mx\/difusioncultural\/\",\"logo\":{\"@type\":\"ImageObject\",\"inLanguage\":\"es\",\"@id\":\"https:\/\/blogs.uninter.edu.mx\/difusioncultural\/#\/schema\/logo\/image\/\",\"url\":\"https:\/\/blogs.uninter.edu.mx\/difusioncultural\/wp-content\/uploads\/2022\/09\/uninter.jpg\",\"contentUrl\":\"https:\/\/blogs.uninter.edu.mx\/difusioncultural\/wp-content\/uploads\/2022\/09\/uninter.jpg\",\"width\":2048,\"height\":2048,\"caption\":\"Difusi\u00f3n Cultural\"},\"image\":{\"@id\":\"https:\/\/blogs.uninter.edu.mx\/difusioncultural\/#\/schema\/logo\/image\/\"}},{\"@type\":\"Person\",\"@id\":\"https:\/\/blogs.uninter.edu.mx\/difusioncultural\/#\/schema\/person\/c710e37686022500827405824a08a18c\",\"name\":\"Aslhey Alejandra Gonz\u00e1lez Castro\",\"image\":{\"@type\":\"ImageObject\",\"inLanguage\":\"es\",\"@id\":\"https:\/\/blogs.uninter.edu.mx\/difusioncultural\/#\/schema\/person\/image\/\",\"url\":\"https:\/\/secure.gravatar.com\/avatar\/1905d6ed47b47ccbfb53e4b64f72f2017309e25d96ef418088d4f998ecf6552e?s=96&d=mm&r=g\",\"contentUrl\":\"https:\/\/secure.gravatar.com\/avatar\/1905d6ed47b47ccbfb53e4b64f72f2017309e25d96ef418088d4f998ecf6552e?s=96&d=mm&r=g\",\"caption\":\"Aslhey Alejandra Gonz\u00e1lez Castro\"},\"url\":\"https:\/\/blogs.uninter.edu.mx\/difusioncultural\/?author=24\"}]}<\/script>\r\n<!-- \/ Yoast SEO plugin. -->","yoast_head_json":{"title":"Compositores Cl\u00e1sicos m\u00e1s Influyentes de la M\u00fasica - Difusi\u00f3n Cultural","robots":{"index":"index","follow":"follow","max-snippet":"max-snippet:-1","max-image-preview":"max-image-preview:large","max-video-preview":"max-video-preview:-1"},"canonical":"https:\/\/blogs.uninter.edu.mx\/difusioncultural\/?p=1256","og_locale":"es_MX","og_type":"article","og_title":"Compositores Cl\u00e1sicos m\u00e1s Influyentes de la M\u00fasica - Difusi\u00f3n Cultural","og_description":"Aqu\u00ed hay varios compositores notables del\u00a0 per\u00edodo Barroco o aquellos cuyas obras representan la m\u00fasica cl\u00e1sica: 1. Ludwig van Beethoven Uno de los grandes compositores del per\u00edodo cl\u00e1sico. Se convirti\u00f3 en sordo de unos 20 a\u00f1os (algunos libros dicen de unos 30 a\u00f1os), pero continu\u00f3 componiendo m\u00fasica que est\u00e1 siendo muy apreciado en la actualidad.&hellip;","og_url":"https:\/\/blogs.uninter.edu.mx\/difusioncultural\/?p=1256","og_site_name":"Difusi\u00f3n Cultural","article_published_time":"2013-02-27T21:21:11+00:00","og_image":[{"url":"https:\/\/blogs.uninter.edu.mx\/difusioncultural\/wp-content\/uploads\/2013\/02\/palladio2.jpg","type":"","width":"","height":""}],"author":"Aslhey Alejandra Gonz\u00e1lez Castro","twitter_card":"summary_large_image","twitter_misc":{"Escrito por":"Aslhey Alejandra Gonz\u00e1lez Castro","Tiempo de lectura":"3 minutos"},"schema":{"@context":"https:\/\/schema.org","@graph":[{"@type":"Article","@id":"https:\/\/blogs.uninter.edu.mx\/difusioncultural\/?p=1256#article","isPartOf":{"@id":"https:\/\/blogs.uninter.edu.mx\/difusioncultural\/?p=1256"},"author":{"name":"Aslhey Alejandra Gonz\u00e1lez Castro","@id":"https:\/\/blogs.uninter.edu.mx\/difusioncultural\/#\/schema\/person\/c710e37686022500827405824a08a18c"},"headline":"Compositores Cl\u00e1sicos m\u00e1s Influyentes de la M\u00fasica","datePublished":"2013-02-27T21:21:11+00:00","mainEntityOfPage":{"@id":"https:\/\/blogs.uninter.edu.mx\/difusioncultural\/?p=1256"},"wordCount":631,"commentCount":0,"publisher":{"@id":"https:\/\/blogs.uninter.edu.mx\/difusioncultural\/#organization"},"image":{"@id":"https:\/\/blogs.uninter.edu.mx\/difusioncultural\/?p=1256#primaryimage"},"thumbnailUrl":"https:\/\/blogs.uninter.edu.mx\/difusioncultural\/wp-content\/uploads\/2013\/02\/palladio2.jpg","inLanguage":"es","potentialAction":[{"@type":"CommentAction","name":"Comment","target":["https:\/\/blogs.uninter.edu.mx\/difusioncultural\/?p=1256#respond"]}]},{"@type":"WebPage","@id":"https:\/\/blogs.uninter.edu.mx\/difusioncultural\/?p=1256","url":"https:\/\/blogs.uninter.edu.mx\/difusioncultural\/?p=1256","name":"Compositores Cl\u00e1sicos m\u00e1s Influyentes de la M\u00fasica - Difusi\u00f3n Cultural","isPartOf":{"@id":"https:\/\/blogs.uninter.edu.mx\/difusioncultural\/#website"},"primaryImageOfPage":{"@id":"https:\/\/blogs.uninter.edu.mx\/difusioncultural\/?p=1256#primaryimage"},"image":{"@id":"https:\/\/blogs.uninter.edu.mx\/difusioncultural\/?p=1256#primaryimage"},"thumbnailUrl":"https:\/\/blogs.uninter.edu.mx\/difusioncultural\/wp-content\/uploads\/2013\/02\/palladio2.jpg","datePublished":"2013-02-27T21:21:11+00:00","breadcrumb":{"@id":"https:\/\/blogs.uninter.edu.mx\/difusioncultural\/?p=1256#breadcrumb"},"inLanguage":"es","potentialAction":[{"@type":"ReadAction","target":["https:\/\/blogs.uninter.edu.mx\/difusioncultural\/?p=1256"]}]},{"@type":"ImageObject","inLanguage":"es","@id":"https:\/\/blogs.uninter.edu.mx\/difusioncultural\/?p=1256#primaryimage","url":"https:\/\/blogs.uninter.edu.mx\/difusioncultural\/wp-content\/uploads\/2013\/02\/palladio2.jpg","contentUrl":"https:\/\/blogs.uninter.edu.mx\/difusioncultural\/wp-content\/uploads\/2013\/02\/palladio2.jpg","width":2816,"height":2112},{"@type":"BreadcrumbList","@id":"https:\/\/blogs.uninter.edu.mx\/difusioncultural\/?p=1256#breadcrumb","itemListElement":[{"@type":"ListItem","position":1,"name":"Inicio","item":"https:\/\/blogs.uninter.edu.mx\/difusioncultural\/"},{"@type":"ListItem","position":2,"name":"Compositores Cl\u00e1sicos m\u00e1s Influyentes de la M\u00fasica"}]},{"@type":"WebSite","@id":"https:\/\/blogs.uninter.edu.mx\/difusioncultural\/#website","url":"https:\/\/blogs.uninter.edu.mx\/difusioncultural\/","name":"Difusi\u00f3n Cultural","description":"UNINTER","publisher":{"@id":"https:\/\/blogs.uninter.edu.mx\/difusioncultural\/#organization"},"potentialAction":[{"@type":"SearchAction","target":{"@type":"EntryPoint","urlTemplate":"https:\/\/blogs.uninter.edu.mx\/difusioncultural\/?s={search_term_string}"},"query-input":{"@type":"PropertyValueSpecification","valueRequired":true,"valueName":"search_term_string"}}],"inLanguage":"es"},{"@type":"Organization","@id":"https:\/\/blogs.uninter.edu.mx\/difusioncultural\/#organization","name":"Difusi\u00f3n Cultural","url":"https:\/\/blogs.uninter.edu.mx\/difusioncultural\/","logo":{"@type":"ImageObject","inLanguage":"es","@id":"https:\/\/blogs.uninter.edu.mx\/difusioncultural\/#\/schema\/logo\/image\/","url":"https:\/\/blogs.uninter.edu.mx\/difusioncultural\/wp-content\/uploads\/2022\/09\/uninter.jpg","contentUrl":"https:\/\/blogs.uninter.edu.mx\/difusioncultural\/wp-content\/uploads\/2022\/09\/uninter.jpg","width":2048,"height":2048,"caption":"Difusi\u00f3n Cultural"},"image":{"@id":"https:\/\/blogs.uninter.edu.mx\/difusioncultural\/#\/schema\/logo\/image\/"}},{"@type":"Person","@id":"https:\/\/blogs.uninter.edu.mx\/difusioncultural\/#\/schema\/person\/c710e37686022500827405824a08a18c","name":"Aslhey Alejandra Gonz\u00e1lez Castro","image":{"@type":"ImageObject","inLanguage":"es","@id":"https:\/\/blogs.uninter.edu.mx\/difusioncultural\/#\/schema\/person\/image\/","url":"https:\/\/secure.gravatar.com\/avatar\/1905d6ed47b47ccbfb53e4b64f72f2017309e25d96ef418088d4f998ecf6552e?s=96&d=mm&r=g","contentUrl":"https:\/\/secure.gravatar.com\/avatar\/1905d6ed47b47ccbfb53e4b64f72f2017309e25d96ef418088d4f998ecf6552e?s=96&d=mm&r=g","caption":"Aslhey Alejandra Gonz\u00e1lez Castro"},"url":"https:\/\/blogs.uninter.edu.mx\/difusioncultural\/?author=24"}]}},"jetpack_publicize_connections":[],"jetpack_featured_media_url":"","jetpack_sharing_enabled":true,"_links":{"self":[{"href":"https:\/\/blogs.uninter.edu.mx\/difusioncultural\/index.php?rest_route=\/wp\/v2\/posts\/1256","targetHints":{"allow":["GET"]}}],"collection":[{"href":"https:\/\/blogs.uninter.edu.mx\/difusioncultural\/index.php?rest_route=\/wp\/v2\/posts"}],"about":[{"href":"https:\/\/blogs.uninter.edu.mx\/difusioncultural\/index.php?rest_route=\/wp\/v2\/types\/post"}],"author":[{"embeddable":true,"href":"https:\/\/blogs.uninter.edu.mx\/difusioncultural\/index.php?rest_route=\/wp\/v2\/users\/24"}],"replies":[{"embeddable":true,"href":"https:\/\/blogs.uninter.edu.mx\/difusioncultural\/index.php?rest_route=%2Fwp%2Fv2%2Fcomments&post=1256"}],"version-history":[{"count":0,"href":"https:\/\/blogs.uninter.edu.mx\/difusioncultural\/index.php?rest_route=\/wp\/v2\/posts\/1256\/revisions"}],"wp:attachment":[{"href":"https:\/\/blogs.uninter.edu.mx\/difusioncultural\/index.php?rest_route=%2Fwp%2Fv2%2Fmedia&parent=1256"}],"wp:term":[{"taxonomy":"category","embeddable":true,"href":"https:\/\/blogs.uninter.edu.mx\/difusioncultural\/index.php?rest_route=%2Fwp%2Fv2%2Fcategories&post=1256"},{"taxonomy":"post_tag","embeddable":true,"href":"https:\/\/blogs.uninter.edu.mx\/difusioncultural\/index.php?rest_route=%2Fwp%2Fv2%2Ftags&post=1256"}],"curies":[{"name":"wp","href":"https:\/\/api.w.org\/{rel}","templated":true}]}}