{"id":1279,"date":"2013-03-06T19:14:00","date_gmt":"2013-03-06T19:14:00","guid":{"rendered":"http:\/\/difusionculturaluninter.wordpress.com\/?p=1279"},"modified":"2013-03-06T19:14:00","modified_gmt":"2013-03-06T19:14:00","slug":"eventos-del-mes-de-marzo-2013","status":"publish","type":"post","link":"https:\/\/blogs.uninter.edu.mx\/difusioncultural\/?p=1279","title":{"rendered":"EVENTOS DEL MES DE MARZO 2013"},"content":{"rendered":"<p><a href=\"https:\/\/blogs.uninter.edu.mx\/difusioncultural\/wp-content\/uploads\/2013\/03\/spring-blossom-sunshine.jpg\"><img fetchpriority=\"high\" decoding=\"async\" alt=\"Spring-Blossom-Sunshine\" src=\"https:\/\/blogs.uninter.edu.mx\/difusioncultural\/wp-content\/uploads\/2013\/03\/spring-blossom-sunshine.jpg\" width=\"500\" height=\"312\" \/><\/a><\/p>\n<table border=\"1\" cellspacing=\"0\" cellpadding=\"0\">\n<tbody>\n<tr>\n<td valign=\"top\" width=\"588\"><b>EVENTO:<\/b> <b><span style=\"text-decoration:underline;\">FERIA DEL LIBRO<\/span><\/b><br \/>\n<b>CLENDARIZACI\u00d3N:<\/b> Viernes 1\u00ba de marzo, 2013<br \/>\n<b>LUGAR:<\/b> Instalaciones de la Secundaria Internacional<br \/>\n<b>SINOPSIS:<\/b> La feria del libro pretende brindar un acercamiento a la lectura recreativa, a la lectura de\u00a0placer. Se procurar\u00e1 que los maestros, padres de familia y alumnos sean motivados para leer, en estos dos bimestres, literatura que ayude a su formaci\u00f3n integral.<br \/>\nAdem\u00e1s, con la aportaci\u00f3n en especie que dejen las editoriales se dotar\u00e1n t\u00edtulos para la Biblioteca de la Secundaria.<br \/>\n<b>HORA:<\/b> 10:00 am<br \/>\n10:00 Inauguraci\u00f3n por parte de la Directora<br \/>\n10:15-11:30 Cuenta-cuentos (editorial Larousse) a todos los grados<br \/>\n11:30- 11:50 Descanso<br \/>\n11:50-13:00 Pl\u00e1tica motivacional por parte del Lic. Teodoro Lav\u00edn<br \/>\n13:00-14:00 Recorrido, por grupo, a los stands de las diferentes editoriales.<br \/>\n<b>P\u00dcBLICO AL QUE VA DIRIGIDO:<\/b> A los alumnos de Secundaria, todos los grados<b><\/b><\/td>\n<\/tr>\n<tr>\n<td valign=\"top\" width=\"588\"><b>\u00a0<\/b><b>EVENTO:<\/b> <b><span style=\"text-decoration:underline;\">JUNTA DE SEGUNDO PARCIAL DE VINCULACI\u00d3N<\/span><\/b><\/p>\n<p><b>CALENDARIZACI\u00d3N:<\/b> 4, 5 Y 9 de Marzo<\/p>\n<p><b>LUGAR:<\/b> Sala 7-201<\/p>\n<p><b>HORA: <\/b>DE12:00 A 13:30 hrs y S\u00e1bado de 10:00 A 12:00 pm<\/p>\n<p><b>AREAS INTERNAS PARA COORDINACI\u00d3N:<\/b><\/p>\n<p><b>SINOPSIS: <\/b>Reuni\u00f3n en la que se da a conocer a los alumnos la metodolog\u00eda de la vinculaci\u00f3n laboral y los procedimientos de documentaci\u00f3n y tr\u00e1mites del Servicio Social<b><\/b><\/p>\n<p><b>P\u00daBLICO: <\/b>Estudiantes de Licenciatura que est\u00e9n laborando su vinculaci\u00f3n.<b><\/b><\/td>\n<\/tr>\n<tr>\n<td valign=\"top\" width=\"588\"><b>EVENTO:<\/b> <b><span style=\"text-decoration:underline;\">1er Casting Miss Uninter<\/span><\/b><b>CALENDARIZACI\u00d3N:<\/b> 6 de Marzo.<\/p>\n<p><b>LUGAR:<\/b> 4-101<\/p>\n<p><b>HORA: <\/b>4:30 a 6:30<b><\/b><\/p>\n<p><b>AREAS INTERNAS PARA COORDINACI\u00d3N:<\/b> Difusi\u00f3n Cultural y Programas Representativos.<\/p>\n<p><b>SINOPSIS: <\/b>Como cada a\u00f1o se eligen a las estudiantes m\u00e1s bonitas, inteligentes y mejores de la Universidad.<\/p>\n<p><b>P\u00daBLICO: <\/b>Comunidad UNINTER<\/p>\n<p><b>\u00a0<\/b><\/td>\n<\/tr>\n<tr>\n<td valign=\"top\" width=\"588\"><b>EVENTO:<\/b> <b><span style=\"text-decoration:underline;\">ENFERMER\u00cdA CONFERENCIA\u00a0 Violencia a las mujeres<\/span><\/b><b>CALENDARIZACI\u00d3N:<\/b> 7 de Marzo.<\/p>\n<p><b>LUGAR:<\/b> Sala 7-201<\/p>\n<p><b>HORA: <\/b>10:00 am<b><\/b><\/p>\n<p><b>AREAS INTERNAS PARA COORDINACI\u00d3N: <\/b>Enfermer\u00eda<\/p>\n<p><b>SINOPSIS: <\/b>Conferencia sobre violencia a las mujeres por motivo del d\u00eda internacional de la mujer.<\/p>\n<p><b>P\u00daBLICO: <\/b>Comunidad UNINTER<\/p>\n<p><b>\u00a0<\/b><\/td>\n<\/tr>\n<tr>\n<td valign=\"top\" width=\"588\"><b>EVENTO:<\/b> <b><span style=\"text-decoration:underline;\">Fiesta de Bienvenida Alumnos<\/span><\/b><\/p>\n<p><b>CALENDARIZACI\u00d3N:<\/b> 7 de Marzo<\/p>\n<p><b>LUGAR:<\/b> Porto Santo<\/p>\n<p><b>HORA: 7:00 a 11:00pm<\/b><\/p>\n<p><b>AREAS INTERNAS PARA COORDINACI\u00d3N:<\/b> Difusi\u00f3n Cultural y Programas Representativos.<\/p>\n<p><b>SINOPSIS: <\/b>Evento para convivir con los alumnos y entre ellos mismos, intercambien ideolog\u00edas y se conozcan mejor.<b><\/b><\/p>\n<p><b>P\u00daBLICO: <\/b>Comunidad UNINTER<b><\/b><\/p>\n<p><b>\u00a0<\/b><\/td>\n<\/tr>\n<tr>\n<td valign=\"top\" width=\"588\"><b>EVENTO:<\/b> <b><span style=\"text-decoration:underline;\">DHEI UNINTER MUN<\/span><\/b><b>CALENDARIZACI\u00d3N:<\/b> 7, 8 y 9 de Marzo<\/p>\n<p><b>LUGAR:<\/b> SALA 7-201, 4 101, 5-101, 5-301, 16-101, 102<\/p>\n<p><b>HORA: A partir de las 8:00am hasta 8:00pm<\/b><\/p>\n<p><b>AREAS INTERNAS PARA COORDINACI\u00d3N:<\/b> Relaciones Internacionales y Ciencias pol\u00edticas.<\/p>\n<p><b>SINOPSIS: <\/b>evento en el cual los alumnos desarrollaron el modelo de la Organizaci\u00f3n de las Naciones Unidas (ONU) para buscar un cambio favorable entre las diversas naciones del mundo.<\/p>\n<p>Es una simulaci\u00f3n de lo que acontece en Naciones Unidas, donde estudiantes de diversas latitudes del mundo, proponen alternativas reales y formulan propuestas de soluci\u00f3n a conflictos actuales. Todo esto a trav\u00e9s de mesas de debate donde se discuten temas sobre derecho internacional, econom\u00eda, sociales, culturales y de pol\u00edtica.<b><\/b><\/p>\n<p><b>P\u00daBLICO: <\/b>Alumnos de la <strong>Licenciatura en Relaciones Internacionales y la Licenciatura en Relaciones Internacionales y Ciencias Pol\u00edticas<\/strong><\/p>\n<p><b>\u00a0<\/b><\/td>\n<\/tr>\n<tr>\n<td valign=\"top\" width=\"588\"><b>EVENTO:<\/b> <b><span style=\"text-decoration:underline;\">BIU Tradition Tastes and Sounds Around the globe<\/span><\/b><b>CALENDARIZACI\u00d3N:<\/b> 22 de Marzo (Era el 2 de marzo)<\/p>\n<p><b>LUGAR:<\/b> BIU<\/p>\n<p><b>HORA: <\/b>4:00<b><\/b><\/p>\n<p><b>AREAS INTERNAS PARA COORDINACI\u00d3N:<\/b> Difusi\u00f3n Cultural y Programas Representativos. BIU<\/p>\n<p><b>SINOPSIS: <\/b>Evento en el cual los alumnos expresan en diferentes idiomas diferentes pa\u00edses, exponiendo sus tradiciones, costumbres y cultura.<b><\/b><\/p>\n<p><b>P\u00daBLICO: <\/b>Comunidad BIU<\/p>\n<p><b>\u00a0<\/b><\/p>\n<p><b>\u00a0<\/b><\/td>\n<\/tr>\n<tr>\n<td valign=\"top\" width=\"588\"><b>EVENTO: <span style=\"text-decoration:underline;\">Jornadas Culturales Franc\u00f3fonas<\/span> <\/b><b>CALENDARIZACION: <\/b>20 y 21 de marzo<\/p>\n<p><b>LUGAR: <\/b>sala 7-201<\/p>\n<p><b>HORA: <\/b>8:30 A 16:00<\/p>\n<p><b>AREAS INTERNAS PARA COORDINACION: <\/b>relaciones internacionales.<\/p>\n<p><b>SINOPSIS: <\/b>Durante las jornadas se llevar\u00e1n a cabo diferentes actividades de interacci\u00f3n sobre la cultura del pa\u00eds a trav\u00e9s de conferencias, degustaciones de platillos y bebidas t\u00edpicos, con invitados especiales y preparaci\u00f3n para el DELF ser\u00e1 una experiencia muy agradable e inolvidable, con asistencia de profesores, estudiantes de licenciatura, BIU, SIU.<\/p>\n<p><b>PUBLICO: <\/b>comunidad UNINTER.<\/p>\n<p><b>\u00a0<\/b><\/td>\n<\/tr>\n<tr>\n<td valign=\"top\" width=\"588\"><b>EVENTO:<span style=\"text-decoration:underline;\"> 2do<\/span><\/b> <b><span style=\"text-decoration:underline;\">Casting Miss Uninter<\/span><\/b><b>CALENDARIZACI\u00d3N:<\/b> 21 de Marzo.<\/p>\n<p><b>LUGAR:<\/b> 16-101<\/p>\n<p><b>HORA: <\/b>4:00 a 5:30<b><\/b><\/p>\n<p><b>AREAS INTERNAS PARA COORDINACI\u00d3N:<\/b> Difusi\u00f3n Cultural y Programas Representativos.<\/p>\n<p><b>SINOPSIS: <\/b>Como cada a\u00f1o se eligen a las estudiantes m\u00e1s bonitas, inteligentes y mejores de la Universidad.<\/p>\n<p><b>P\u00daBLICO: <\/b>Comunidad UNINTER<\/p>\n<p><b>\u00a0<\/b><\/td>\n<\/tr>\n<tr>\n<td valign=\"top\" width=\"588\"><b>\u00a0<\/b><b>EVENTO:<\/b> <b><span style=\"text-decoration:underline;\">Semana de la ciencia<\/span><\/b><br \/>\n<b>D\u00cdAS:<\/b> 19 al 22 de Marzo<br \/>\n<b>LUGAR:<\/b> Secundaria Internacional.<br \/>\n<b>SINOPSIS:<\/b> La feria tiene como objetivo motivar en los alumnos el\u00a0inter\u00e9s\u00a0por la ciencia, por la investigaci\u00f3n, la\u00a0experimentaci\u00f3n\u00a0y el que puedan presentarse ante un p\u00fablico a exponer sus trabajos realizados.<br \/>\n<b>HORA:<\/b> 11:40 en adelante.<br \/>\n<b>P\u00dcBLICO AL QUE VA DIRIGIDO:<\/b> Alumnos de Secundaria<b><\/b><\/td>\n<\/tr>\n<\/tbody>\n<\/table>\n<p><a href=\"https:\/\/blogs.uninter.edu.mx\/difusioncultural\/wp-content\/uploads\/2013\/03\/spring-blossom-sunshine.jpg\">\u00a0<\/a><\/p>\n","protected":false},"excerpt":{"rendered":"<p>EVENTO: FERIA DEL LIBRO CLENDARIZACI\u00d3N: Viernes 1\u00ba de marzo, 2013 LUGAR: Instalaciones de la Secundaria Internacional SINOPSIS: La feria del libro pretende brindar un acercamiento a la lectura recreativa, a la lectura de\u00a0placer. Se procurar\u00e1 que los maestros, padres de familia y alumnos sean motivados para leer, en estos dos bimestres, literatura que ayude a&hellip;<\/p>\n","protected":false},"author":24,"featured_media":0,"comment_status":"open","ping_status":"open","sticky":false,"template":"","format":"standard","meta":{"_jetpack_memberships_contains_paid_content":false,"footnotes":"","jetpack_publicize_message":"","jetpack_publicize_feature_enabled":true,"jetpack_social_post_already_shared":false,"jetpack_social_options":{"image_generator_settings":{"template":"highway","default_image_id":0,"font":"","enabled":false},"version":2}},"categories":[8],"tags":[],"class_list":["post-1279","post","type-post","status-publish","format-standard","hentry","category-eventos"],"yoast_head":"<!-- This site is optimized with the Yoast SEO plugin v26.3 - https:\/\/yoast.com\/wordpress\/plugins\/seo\/ -->\r\n<title>EVENTOS DEL MES DE MARZO 2013 - Difusi\u00f3n Cultural<\/title>\r\n<meta name=\"robots\" content=\"index, follow, max-snippet:-1, max-image-preview:large, max-video-preview:-1\" \/>\r\n<link rel=\"canonical\" href=\"https:\/\/blogs.uninter.edu.mx\/difusioncultural\/?p=1279\" \/>\r\n<meta property=\"og:locale\" content=\"es_MX\" \/>\r\n<meta property=\"og:type\" content=\"article\" \/>\r\n<meta property=\"og:title\" content=\"EVENTOS DEL MES DE MARZO 2013 - Difusi\u00f3n Cultural\" \/>\r\n<meta property=\"og:description\" content=\"EVENTO: FERIA DEL LIBRO CLENDARIZACI\u00d3N: Viernes 1\u00ba de marzo, 2013 LUGAR: Instalaciones de la Secundaria Internacional SINOPSIS: La feria del libro pretende brindar un acercamiento a la lectura recreativa, a la lectura de\u00a0placer. Se procurar\u00e1 que los maestros, padres de familia y alumnos sean motivados para leer, en estos dos bimestres, literatura que ayude a&hellip;\" \/>\r\n<meta property=\"og:url\" content=\"https:\/\/blogs.uninter.edu.mx\/difusioncultural\/?p=1279\" \/>\r\n<meta property=\"og:site_name\" content=\"Difusi\u00f3n Cultural\" \/>\r\n<meta property=\"article:published_time\" content=\"2013-03-06T19:14:00+00:00\" \/>\r\n<meta property=\"og:image\" content=\"https:\/\/blogs.uninter.edu.mx\/difusioncultural\/wp-content\/uploads\/2013\/03\/spring-blossom-sunshine.jpg\" \/>\r\n<meta name=\"author\" content=\"Aslhey Alejandra Gonz\u00e1lez Castro\" \/>\r\n<meta name=\"twitter:card\" content=\"summary_large_image\" \/>\r\n<meta name=\"twitter:label1\" content=\"Escrito por\" \/>\n\t<meta name=\"twitter:data1\" content=\"Aslhey Alejandra Gonz\u00e1lez Castro\" \/>\n\t<meta name=\"twitter:label2\" content=\"Tiempo de lectura\" \/>\n\t<meta name=\"twitter:data2\" content=\"4 minutos\" \/>\r\n<script type=\"application\/ld+json\" class=\"yoast-schema-graph\">{\"@context\":\"https:\/\/schema.org\",\"@graph\":[{\"@type\":\"Article\",\"@id\":\"https:\/\/blogs.uninter.edu.mx\/difusioncultural\/?p=1279#article\",\"isPartOf\":{\"@id\":\"https:\/\/blogs.uninter.edu.mx\/difusioncultural\/?p=1279\"},\"author\":{\"name\":\"Aslhey Alejandra Gonz\u00e1lez Castro\",\"@id\":\"https:\/\/blogs.uninter.edu.mx\/difusioncultural\/#\/schema\/person\/c710e37686022500827405824a08a18c\"},\"headline\":\"EVENTOS DEL MES DE MARZO 2013\",\"datePublished\":\"2013-03-06T19:14:00+00:00\",\"mainEntityOfPage\":{\"@id\":\"https:\/\/blogs.uninter.edu.mx\/difusioncultural\/?p=1279\"},\"wordCount\":739,\"commentCount\":0,\"publisher\":{\"@id\":\"https:\/\/blogs.uninter.edu.mx\/difusioncultural\/#organization\"},\"image\":{\"@id\":\"https:\/\/blogs.uninter.edu.mx\/difusioncultural\/?p=1279#primaryimage\"},\"thumbnailUrl\":\"https:\/\/blogs.uninter.edu.mx\/difusioncultural\/wp-content\/uploads\/2013\/03\/spring-blossom-sunshine.jpg\",\"articleSection\":[\"Eventos\"],\"inLanguage\":\"es\",\"potentialAction\":[{\"@type\":\"CommentAction\",\"name\":\"Comment\",\"target\":[\"https:\/\/blogs.uninter.edu.mx\/difusioncultural\/?p=1279#respond\"]}]},{\"@type\":\"WebPage\",\"@id\":\"https:\/\/blogs.uninter.edu.mx\/difusioncultural\/?p=1279\",\"url\":\"https:\/\/blogs.uninter.edu.mx\/difusioncultural\/?p=1279\",\"name\":\"EVENTOS DEL MES DE MARZO 2013 - Difusi\u00f3n Cultural\",\"isPartOf\":{\"@id\":\"https:\/\/blogs.uninter.edu.mx\/difusioncultural\/#website\"},\"primaryImageOfPage\":{\"@id\":\"https:\/\/blogs.uninter.edu.mx\/difusioncultural\/?p=1279#primaryimage\"},\"image\":{\"@id\":\"https:\/\/blogs.uninter.edu.mx\/difusioncultural\/?p=1279#primaryimage\"},\"thumbnailUrl\":\"https:\/\/blogs.uninter.edu.mx\/difusioncultural\/wp-content\/uploads\/2013\/03\/spring-blossom-sunshine.jpg\",\"datePublished\":\"2013-03-06T19:14:00+00:00\",\"breadcrumb\":{\"@id\":\"https:\/\/blogs.uninter.edu.mx\/difusioncultural\/?p=1279#breadcrumb\"},\"inLanguage\":\"es\",\"potentialAction\":[{\"@type\":\"ReadAction\",\"target\":[\"https:\/\/blogs.uninter.edu.mx\/difusioncultural\/?p=1279\"]}]},{\"@type\":\"ImageObject\",\"inLanguage\":\"es\",\"@id\":\"https:\/\/blogs.uninter.edu.mx\/difusioncultural\/?p=1279#primaryimage\",\"url\":\"https:\/\/blogs.uninter.edu.mx\/difusioncultural\/wp-content\/uploads\/2013\/03\/spring-blossom-sunshine.jpg\",\"contentUrl\":\"https:\/\/blogs.uninter.edu.mx\/difusioncultural\/wp-content\/uploads\/2013\/03\/spring-blossom-sunshine.jpg\",\"width\":2560,\"height\":1600},{\"@type\":\"BreadcrumbList\",\"@id\":\"https:\/\/blogs.uninter.edu.mx\/difusioncultural\/?p=1279#breadcrumb\",\"itemListElement\":[{\"@type\":\"ListItem\",\"position\":1,\"name\":\"Inicio\",\"item\":\"https:\/\/blogs.uninter.edu.mx\/difusioncultural\/\"},{\"@type\":\"ListItem\",\"position\":2,\"name\":\"EVENTOS DEL MES DE MARZO 2013\"}]},{\"@type\":\"WebSite\",\"@id\":\"https:\/\/blogs.uninter.edu.mx\/difusioncultural\/#website\",\"url\":\"https:\/\/blogs.uninter.edu.mx\/difusioncultural\/\",\"name\":\"Difusi\u00f3n Cultural\",\"description\":\"UNINTER\",\"publisher\":{\"@id\":\"https:\/\/blogs.uninter.edu.mx\/difusioncultural\/#organization\"},\"potentialAction\":[{\"@type\":\"SearchAction\",\"target\":{\"@type\":\"EntryPoint\",\"urlTemplate\":\"https:\/\/blogs.uninter.edu.mx\/difusioncultural\/?s={search_term_string}\"},\"query-input\":{\"@type\":\"PropertyValueSpecification\",\"valueRequired\":true,\"valueName\":\"search_term_string\"}}],\"inLanguage\":\"es\"},{\"@type\":\"Organization\",\"@id\":\"https:\/\/blogs.uninter.edu.mx\/difusioncultural\/#organization\",\"name\":\"Difusi\u00f3n Cultural\",\"url\":\"https:\/\/blogs.uninter.edu.mx\/difusioncultural\/\",\"logo\":{\"@type\":\"ImageObject\",\"inLanguage\":\"es\",\"@id\":\"https:\/\/blogs.uninter.edu.mx\/difusioncultural\/#\/schema\/logo\/image\/\",\"url\":\"https:\/\/blogs.uninter.edu.mx\/difusioncultural\/wp-content\/uploads\/2022\/09\/uninter.jpg\",\"contentUrl\":\"https:\/\/blogs.uninter.edu.mx\/difusioncultural\/wp-content\/uploads\/2022\/09\/uninter.jpg\",\"width\":2048,\"height\":2048,\"caption\":\"Difusi\u00f3n Cultural\"},\"image\":{\"@id\":\"https:\/\/blogs.uninter.edu.mx\/difusioncultural\/#\/schema\/logo\/image\/\"}},{\"@type\":\"Person\",\"@id\":\"https:\/\/blogs.uninter.edu.mx\/difusioncultural\/#\/schema\/person\/c710e37686022500827405824a08a18c\",\"name\":\"Aslhey Alejandra Gonz\u00e1lez Castro\",\"image\":{\"@type\":\"ImageObject\",\"inLanguage\":\"es\",\"@id\":\"https:\/\/blogs.uninter.edu.mx\/difusioncultural\/#\/schema\/person\/image\/\",\"url\":\"https:\/\/secure.gravatar.com\/avatar\/1905d6ed47b47ccbfb53e4b64f72f2017309e25d96ef418088d4f998ecf6552e?s=96&d=mm&r=g\",\"contentUrl\":\"https:\/\/secure.gravatar.com\/avatar\/1905d6ed47b47ccbfb53e4b64f72f2017309e25d96ef418088d4f998ecf6552e?s=96&d=mm&r=g\",\"caption\":\"Aslhey Alejandra Gonz\u00e1lez Castro\"},\"url\":\"https:\/\/blogs.uninter.edu.mx\/difusioncultural\/?author=24\"}]}<\/script>\r\n<!-- \/ Yoast SEO plugin. -->","yoast_head_json":{"title":"EVENTOS DEL MES DE MARZO 2013 - Difusi\u00f3n Cultural","robots":{"index":"index","follow":"follow","max-snippet":"max-snippet:-1","max-image-preview":"max-image-preview:large","max-video-preview":"max-video-preview:-1"},"canonical":"https:\/\/blogs.uninter.edu.mx\/difusioncultural\/?p=1279","og_locale":"es_MX","og_type":"article","og_title":"EVENTOS DEL MES DE MARZO 2013 - Difusi\u00f3n Cultural","og_description":"EVENTO: FERIA DEL LIBRO CLENDARIZACI\u00d3N: Viernes 1\u00ba de marzo, 2013 LUGAR: Instalaciones de la Secundaria Internacional SINOPSIS: La feria del libro pretende brindar un acercamiento a la lectura recreativa, a la lectura de\u00a0placer. Se procurar\u00e1 que los maestros, padres de familia y alumnos sean motivados para leer, en estos dos bimestres, literatura que ayude a&hellip;","og_url":"https:\/\/blogs.uninter.edu.mx\/difusioncultural\/?p=1279","og_site_name":"Difusi\u00f3n Cultural","article_published_time":"2013-03-06T19:14:00+00:00","og_image":[{"url":"https:\/\/blogs.uninter.edu.mx\/difusioncultural\/wp-content\/uploads\/2013\/03\/spring-blossom-sunshine.jpg","type":"","width":"","height":""}],"author":"Aslhey Alejandra Gonz\u00e1lez Castro","twitter_card":"summary_large_image","twitter_misc":{"Escrito por":"Aslhey Alejandra Gonz\u00e1lez Castro","Tiempo de lectura":"4 minutos"},"schema":{"@context":"https:\/\/schema.org","@graph":[{"@type":"Article","@id":"https:\/\/blogs.uninter.edu.mx\/difusioncultural\/?p=1279#article","isPartOf":{"@id":"https:\/\/blogs.uninter.edu.mx\/difusioncultural\/?p=1279"},"author":{"name":"Aslhey Alejandra Gonz\u00e1lez Castro","@id":"https:\/\/blogs.uninter.edu.mx\/difusioncultural\/#\/schema\/person\/c710e37686022500827405824a08a18c"},"headline":"EVENTOS DEL MES DE MARZO 2013","datePublished":"2013-03-06T19:14:00+00:00","mainEntityOfPage":{"@id":"https:\/\/blogs.uninter.edu.mx\/difusioncultural\/?p=1279"},"wordCount":739,"commentCount":0,"publisher":{"@id":"https:\/\/blogs.uninter.edu.mx\/difusioncultural\/#organization"},"image":{"@id":"https:\/\/blogs.uninter.edu.mx\/difusioncultural\/?p=1279#primaryimage"},"thumbnailUrl":"https:\/\/blogs.uninter.edu.mx\/difusioncultural\/wp-content\/uploads\/2013\/03\/spring-blossom-sunshine.jpg","articleSection":["Eventos"],"inLanguage":"es","potentialAction":[{"@type":"CommentAction","name":"Comment","target":["https:\/\/blogs.uninter.edu.mx\/difusioncultural\/?p=1279#respond"]}]},{"@type":"WebPage","@id":"https:\/\/blogs.uninter.edu.mx\/difusioncultural\/?p=1279","url":"https:\/\/blogs.uninter.edu.mx\/difusioncultural\/?p=1279","name":"EVENTOS DEL MES DE MARZO 2013 - Difusi\u00f3n Cultural","isPartOf":{"@id":"https:\/\/blogs.uninter.edu.mx\/difusioncultural\/#website"},"primaryImageOfPage":{"@id":"https:\/\/blogs.uninter.edu.mx\/difusioncultural\/?p=1279#primaryimage"},"image":{"@id":"https:\/\/blogs.uninter.edu.mx\/difusioncultural\/?p=1279#primaryimage"},"thumbnailUrl":"https:\/\/blogs.uninter.edu.mx\/difusioncultural\/wp-content\/uploads\/2013\/03\/spring-blossom-sunshine.jpg","datePublished":"2013-03-06T19:14:00+00:00","breadcrumb":{"@id":"https:\/\/blogs.uninter.edu.mx\/difusioncultural\/?p=1279#breadcrumb"},"inLanguage":"es","potentialAction":[{"@type":"ReadAction","target":["https:\/\/blogs.uninter.edu.mx\/difusioncultural\/?p=1279"]}]},{"@type":"ImageObject","inLanguage":"es","@id":"https:\/\/blogs.uninter.edu.mx\/difusioncultural\/?p=1279#primaryimage","url":"https:\/\/blogs.uninter.edu.mx\/difusioncultural\/wp-content\/uploads\/2013\/03\/spring-blossom-sunshine.jpg","contentUrl":"https:\/\/blogs.uninter.edu.mx\/difusioncultural\/wp-content\/uploads\/2013\/03\/spring-blossom-sunshine.jpg","width":2560,"height":1600},{"@type":"BreadcrumbList","@id":"https:\/\/blogs.uninter.edu.mx\/difusioncultural\/?p=1279#breadcrumb","itemListElement":[{"@type":"ListItem","position":1,"name":"Inicio","item":"https:\/\/blogs.uninter.edu.mx\/difusioncultural\/"},{"@type":"ListItem","position":2,"name":"EVENTOS DEL MES DE MARZO 2013"}]},{"@type":"WebSite","@id":"https:\/\/blogs.uninter.edu.mx\/difusioncultural\/#website","url":"https:\/\/blogs.uninter.edu.mx\/difusioncultural\/","name":"Difusi\u00f3n Cultural","description":"UNINTER","publisher":{"@id":"https:\/\/blogs.uninter.edu.mx\/difusioncultural\/#organization"},"potentialAction":[{"@type":"SearchAction","target":{"@type":"EntryPoint","urlTemplate":"https:\/\/blogs.uninter.edu.mx\/difusioncultural\/?s={search_term_string}"},"query-input":{"@type":"PropertyValueSpecification","valueRequired":true,"valueName":"search_term_string"}}],"inLanguage":"es"},{"@type":"Organization","@id":"https:\/\/blogs.uninter.edu.mx\/difusioncultural\/#organization","name":"Difusi\u00f3n Cultural","url":"https:\/\/blogs.uninter.edu.mx\/difusioncultural\/","logo":{"@type":"ImageObject","inLanguage":"es","@id":"https:\/\/blogs.uninter.edu.mx\/difusioncultural\/#\/schema\/logo\/image\/","url":"https:\/\/blogs.uninter.edu.mx\/difusioncultural\/wp-content\/uploads\/2022\/09\/uninter.jpg","contentUrl":"https:\/\/blogs.uninter.edu.mx\/difusioncultural\/wp-content\/uploads\/2022\/09\/uninter.jpg","width":2048,"height":2048,"caption":"Difusi\u00f3n Cultural"},"image":{"@id":"https:\/\/blogs.uninter.edu.mx\/difusioncultural\/#\/schema\/logo\/image\/"}},{"@type":"Person","@id":"https:\/\/blogs.uninter.edu.mx\/difusioncultural\/#\/schema\/person\/c710e37686022500827405824a08a18c","name":"Aslhey Alejandra Gonz\u00e1lez Castro","image":{"@type":"ImageObject","inLanguage":"es","@id":"https:\/\/blogs.uninter.edu.mx\/difusioncultural\/#\/schema\/person\/image\/","url":"https:\/\/secure.gravatar.com\/avatar\/1905d6ed47b47ccbfb53e4b64f72f2017309e25d96ef418088d4f998ecf6552e?s=96&d=mm&r=g","contentUrl":"https:\/\/secure.gravatar.com\/avatar\/1905d6ed47b47ccbfb53e4b64f72f2017309e25d96ef418088d4f998ecf6552e?s=96&d=mm&r=g","caption":"Aslhey Alejandra Gonz\u00e1lez Castro"},"url":"https:\/\/blogs.uninter.edu.mx\/difusioncultural\/?author=24"}]}},"jetpack_publicize_connections":[],"jetpack_featured_media_url":"","jetpack_sharing_enabled":true,"_links":{"self":[{"href":"https:\/\/blogs.uninter.edu.mx\/difusioncultural\/index.php?rest_route=\/wp\/v2\/posts\/1279","targetHints":{"allow":["GET"]}}],"collection":[{"href":"https:\/\/blogs.uninter.edu.mx\/difusioncultural\/index.php?rest_route=\/wp\/v2\/posts"}],"about":[{"href":"https:\/\/blogs.uninter.edu.mx\/difusioncultural\/index.php?rest_route=\/wp\/v2\/types\/post"}],"author":[{"embeddable":true,"href":"https:\/\/blogs.uninter.edu.mx\/difusioncultural\/index.php?rest_route=\/wp\/v2\/users\/24"}],"replies":[{"embeddable":true,"href":"https:\/\/blogs.uninter.edu.mx\/difusioncultural\/index.php?rest_route=%2Fwp%2Fv2%2Fcomments&post=1279"}],"version-history":[{"count":0,"href":"https:\/\/blogs.uninter.edu.mx\/difusioncultural\/index.php?rest_route=\/wp\/v2\/posts\/1279\/revisions"}],"wp:attachment":[{"href":"https:\/\/blogs.uninter.edu.mx\/difusioncultural\/index.php?rest_route=%2Fwp%2Fv2%2Fmedia&parent=1279"}],"wp:term":[{"taxonomy":"category","embeddable":true,"href":"https:\/\/blogs.uninter.edu.mx\/difusioncultural\/index.php?rest_route=%2Fwp%2Fv2%2Fcategories&post=1279"},{"taxonomy":"post_tag","embeddable":true,"href":"https:\/\/blogs.uninter.edu.mx\/difusioncultural\/index.php?rest_route=%2Fwp%2Fv2%2Ftags&post=1279"}],"curies":[{"name":"wp","href":"https:\/\/api.w.org\/{rel}","templated":true}]}}