{"id":1548,"date":"2013-03-18T05:59:20","date_gmt":"2013-03-18T05:59:20","guid":{"rendered":"http:\/\/difusionculturaluninter.wordpress.com\/?p=1548"},"modified":"2013-03-18T05:59:20","modified_gmt":"2013-03-18T05:59:20","slug":"hoy-se-celebra-el-75-aniversario-de-la-expropiacion-petrolera","status":"publish","type":"post","link":"https:\/\/blogs.uninter.edu.mx\/difusioncultural\/?p=1548","title":{"rendered":"Hoy se celebra el 75 Aniversario de la Expropiaci\u00f3n Petrolera"},"content":{"rendered":"<blockquote><p>&#8220;M\u00e9xico cuenta con reservas petroleras que garantizan a operaci\u00f3n de la industria e infraestructura que sigue teniendo como meta la modernizaci\u00f3n y competitividad &#8220;L\u00e1zaro C\u00e1rdenas<\/p><\/blockquote>\n<p>Un d\u00eda Viernes 18 de Marzo de 1938, se realiz\u00f3 un acontecimiento que marcar\u00eda la historia de M\u00e9xico, el presidente entonces en el poder L\u00e1zaro C\u00e1rdenas se present\u00f3 para anunciar ante los medios de comunicaci\u00f3n M\u00e9xico hab\u00eda logrado la Expropiaci\u00f3n Petrolera .<\/p>\n<p>\u00c9sta consisti\u00f3 en la apropiaci\u00f3n legal del petr\u00f3leo que explotaban 17 compa\u00f1\u00edas extranjeras para convertirse en propiedad de los mexicanos, entre ellas figuraban Mexican Petroleum Company of California, Compa\u00f1\u00eda Mexicana de Petr\u00f3leo \u201cEl Anguila\u201d y la Compa\u00f1\u00eda Exploradora de Petr\u00f3leo la Imperial SA, que hoy forman las m\u00e1s grandes corporaciones internacionales de comercializaci\u00f3n de \u201coro negro\u201dLa pol\u00edtica de apoyo a la organizaci\u00f3n de los obreros y la fundaci\u00f3n de Petromex (hoy conocido como Pemex)<\/p>\n<p><a href=\"https:\/\/blogs.uninter.edu.mx\/difusioncultural\/wp-content\/uploads\/2013\/03\/180313313ed4936med-1.jpg\"><img fetchpriority=\"high\" decoding=\"async\" class=\"aligncenter size-full wp-image-1546\" alt=\"180313313ed4936med (1)\" src=\"https:\/\/blogs.uninter.edu.mx\/difusioncultural\/wp-content\/uploads\/2013\/03\/180313313ed4936med-1.jpg\" width=\"418\" height=\"259\" \/><\/a><\/p>\n","protected":false},"excerpt":{"rendered":"<p>&#8220;M\u00e9xico cuenta con reservas petroleras que garantizan a operaci\u00f3n de la industria e infraestructura que sigue teniendo como meta la modernizaci\u00f3n y competitividad &#8220;L\u00e1zaro C\u00e1rdenas Un d\u00eda Viernes 18 de Marzo de 1938, se realiz\u00f3 un acontecimiento que marcar\u00eda la historia de M\u00e9xico, el presidente entonces en el poder L\u00e1zaro C\u00e1rdenas se present\u00f3 para anunciar&hellip;<\/p>\n","protected":false},"author":24,"featured_media":0,"comment_status":"open","ping_status":"open","sticky":false,"template":"","format":"standard","meta":{"_jetpack_memberships_contains_paid_content":false,"footnotes":"","jetpack_publicize_message":"","jetpack_publicize_feature_enabled":true,"jetpack_social_post_already_shared":false,"jetpack_social_options":{"image_generator_settings":{"template":"highway","default_image_id":0,"font":"","enabled":false},"version":2}},"categories":[1],"tags":[],"class_list":["post-1548","post","type-post","status-publish","format-standard","hentry","category-sin-categoria"],"yoast_head":"<!-- This site is optimized with the Yoast SEO plugin v26.3 - https:\/\/yoast.com\/wordpress\/plugins\/seo\/ -->\r\n<title>Hoy se celebra el 75 Aniversario de la Expropiaci\u00f3n Petrolera - Difusi\u00f3n Cultural<\/title>\r\n<meta name=\"robots\" content=\"index, follow, max-snippet:-1, max-image-preview:large, max-video-preview:-1\" \/>\r\n<link rel=\"canonical\" href=\"https:\/\/blogs.uninter.edu.mx\/difusioncultural\/?p=1548\" \/>\r\n<meta property=\"og:locale\" content=\"es_MX\" \/>\r\n<meta property=\"og:type\" content=\"article\" \/>\r\n<meta property=\"og:title\" content=\"Hoy se celebra el 75 Aniversario de la Expropiaci\u00f3n Petrolera - Difusi\u00f3n Cultural\" \/>\r\n<meta property=\"og:description\" content=\"&#8220;M\u00e9xico cuenta con reservas petroleras que garantizan a operaci\u00f3n de la industria e infraestructura que sigue teniendo como meta la modernizaci\u00f3n y competitividad &#8220;L\u00e1zaro C\u00e1rdenas Un d\u00eda Viernes 18 de Marzo de 1938, se realiz\u00f3 un acontecimiento que marcar\u00eda la historia de M\u00e9xico, el presidente entonces en el poder L\u00e1zaro C\u00e1rdenas se present\u00f3 para anunciar&hellip;\" \/>\r\n<meta property=\"og:url\" content=\"https:\/\/blogs.uninter.edu.mx\/difusioncultural\/?p=1548\" \/>\r\n<meta property=\"og:site_name\" content=\"Difusi\u00f3n Cultural\" \/>\r\n<meta property=\"article:published_time\" content=\"2013-03-18T05:59:20+00:00\" \/>\r\n<meta property=\"og:image\" content=\"https:\/\/blogs.uninter.edu.mx\/difusioncultural\/wp-content\/uploads\/2013\/03\/180313313ed4936med-1.jpg\" \/>\r\n<meta name=\"author\" content=\"Aslhey Alejandra Gonz\u00e1lez Castro\" \/>\r\n<meta name=\"twitter:card\" content=\"summary_large_image\" \/>\r\n<meta name=\"twitter:label1\" content=\"Escrito por\" \/>\n\t<meta name=\"twitter:data1\" content=\"Aslhey Alejandra Gonz\u00e1lez Castro\" \/>\n\t<meta name=\"twitter:label2\" content=\"Tiempo de lectura\" \/>\n\t<meta name=\"twitter:data2\" content=\"1 minuto\" \/>\r\n<script type=\"application\/ld+json\" class=\"yoast-schema-graph\">{\"@context\":\"https:\/\/schema.org\",\"@graph\":[{\"@type\":\"Article\",\"@id\":\"https:\/\/blogs.uninter.edu.mx\/difusioncultural\/?p=1548#article\",\"isPartOf\":{\"@id\":\"https:\/\/blogs.uninter.edu.mx\/difusioncultural\/?p=1548\"},\"author\":{\"name\":\"Aslhey Alejandra Gonz\u00e1lez Castro\",\"@id\":\"https:\/\/blogs.uninter.edu.mx\/difusioncultural\/#\/schema\/person\/c710e37686022500827405824a08a18c\"},\"headline\":\"Hoy se celebra el 75 Aniversario de la Expropiaci\u00f3n Petrolera\",\"datePublished\":\"2013-03-18T05:59:20+00:00\",\"mainEntityOfPage\":{\"@id\":\"https:\/\/blogs.uninter.edu.mx\/difusioncultural\/?p=1548\"},\"wordCount\":174,\"commentCount\":0,\"publisher\":{\"@id\":\"https:\/\/blogs.uninter.edu.mx\/difusioncultural\/#organization\"},\"image\":{\"@id\":\"https:\/\/blogs.uninter.edu.mx\/difusioncultural\/?p=1548#primaryimage\"},\"thumbnailUrl\":\"https:\/\/blogs.uninter.edu.mx\/difusioncultural\/wp-content\/uploads\/2013\/03\/180313313ed4936med-1.jpg\",\"inLanguage\":\"es\",\"potentialAction\":[{\"@type\":\"CommentAction\",\"name\":\"Comment\",\"target\":[\"https:\/\/blogs.uninter.edu.mx\/difusioncultural\/?p=1548#respond\"]}]},{\"@type\":\"WebPage\",\"@id\":\"https:\/\/blogs.uninter.edu.mx\/difusioncultural\/?p=1548\",\"url\":\"https:\/\/blogs.uninter.edu.mx\/difusioncultural\/?p=1548\",\"name\":\"Hoy se celebra el 75 Aniversario de la Expropiaci\u00f3n Petrolera - Difusi\u00f3n Cultural\",\"isPartOf\":{\"@id\":\"https:\/\/blogs.uninter.edu.mx\/difusioncultural\/#website\"},\"primaryImageOfPage\":{\"@id\":\"https:\/\/blogs.uninter.edu.mx\/difusioncultural\/?p=1548#primaryimage\"},\"image\":{\"@id\":\"https:\/\/blogs.uninter.edu.mx\/difusioncultural\/?p=1548#primaryimage\"},\"thumbnailUrl\":\"https:\/\/blogs.uninter.edu.mx\/difusioncultural\/wp-content\/uploads\/2013\/03\/180313313ed4936med-1.jpg\",\"datePublished\":\"2013-03-18T05:59:20+00:00\",\"breadcrumb\":{\"@id\":\"https:\/\/blogs.uninter.edu.mx\/difusioncultural\/?p=1548#breadcrumb\"},\"inLanguage\":\"es\",\"potentialAction\":[{\"@type\":\"ReadAction\",\"target\":[\"https:\/\/blogs.uninter.edu.mx\/difusioncultural\/?p=1548\"]}]},{\"@type\":\"ImageObject\",\"inLanguage\":\"es\",\"@id\":\"https:\/\/blogs.uninter.edu.mx\/difusioncultural\/?p=1548#primaryimage\",\"url\":\"https:\/\/blogs.uninter.edu.mx\/difusioncultural\/wp-content\/uploads\/2013\/03\/180313313ed4936med-1.jpg\",\"contentUrl\":\"https:\/\/blogs.uninter.edu.mx\/difusioncultural\/wp-content\/uploads\/2013\/03\/180313313ed4936med-1.jpg\",\"width\":418,\"height\":259},{\"@type\":\"BreadcrumbList\",\"@id\":\"https:\/\/blogs.uninter.edu.mx\/difusioncultural\/?p=1548#breadcrumb\",\"itemListElement\":[{\"@type\":\"ListItem\",\"position\":1,\"name\":\"Inicio\",\"item\":\"https:\/\/blogs.uninter.edu.mx\/difusioncultural\/\"},{\"@type\":\"ListItem\",\"position\":2,\"name\":\"Hoy se celebra el 75 Aniversario de la Expropiaci\u00f3n Petrolera\"}]},{\"@type\":\"WebSite\",\"@id\":\"https:\/\/blogs.uninter.edu.mx\/difusioncultural\/#website\",\"url\":\"https:\/\/blogs.uninter.edu.mx\/difusioncultural\/\",\"name\":\"Difusi\u00f3n Cultural\",\"description\":\"UNINTER\",\"publisher\":{\"@id\":\"https:\/\/blogs.uninter.edu.mx\/difusioncultural\/#organization\"},\"potentialAction\":[{\"@type\":\"SearchAction\",\"target\":{\"@type\":\"EntryPoint\",\"urlTemplate\":\"https:\/\/blogs.uninter.edu.mx\/difusioncultural\/?s={search_term_string}\"},\"query-input\":{\"@type\":\"PropertyValueSpecification\",\"valueRequired\":true,\"valueName\":\"search_term_string\"}}],\"inLanguage\":\"es\"},{\"@type\":\"Organization\",\"@id\":\"https:\/\/blogs.uninter.edu.mx\/difusioncultural\/#organization\",\"name\":\"Difusi\u00f3n Cultural\",\"url\":\"https:\/\/blogs.uninter.edu.mx\/difusioncultural\/\",\"logo\":{\"@type\":\"ImageObject\",\"inLanguage\":\"es\",\"@id\":\"https:\/\/blogs.uninter.edu.mx\/difusioncultural\/#\/schema\/logo\/image\/\",\"url\":\"https:\/\/blogs.uninter.edu.mx\/difusioncultural\/wp-content\/uploads\/2022\/09\/uninter.jpg\",\"contentUrl\":\"https:\/\/blogs.uninter.edu.mx\/difusioncultural\/wp-content\/uploads\/2022\/09\/uninter.jpg\",\"width\":2048,\"height\":2048,\"caption\":\"Difusi\u00f3n Cultural\"},\"image\":{\"@id\":\"https:\/\/blogs.uninter.edu.mx\/difusioncultural\/#\/schema\/logo\/image\/\"}},{\"@type\":\"Person\",\"@id\":\"https:\/\/blogs.uninter.edu.mx\/difusioncultural\/#\/schema\/person\/c710e37686022500827405824a08a18c\",\"name\":\"Aslhey Alejandra Gonz\u00e1lez Castro\",\"image\":{\"@type\":\"ImageObject\",\"inLanguage\":\"es\",\"@id\":\"https:\/\/blogs.uninter.edu.mx\/difusioncultural\/#\/schema\/person\/image\/\",\"url\":\"https:\/\/secure.gravatar.com\/avatar\/1905d6ed47b47ccbfb53e4b64f72f2017309e25d96ef418088d4f998ecf6552e?s=96&d=mm&r=g\",\"contentUrl\":\"https:\/\/secure.gravatar.com\/avatar\/1905d6ed47b47ccbfb53e4b64f72f2017309e25d96ef418088d4f998ecf6552e?s=96&d=mm&r=g\",\"caption\":\"Aslhey Alejandra Gonz\u00e1lez Castro\"},\"url\":\"https:\/\/blogs.uninter.edu.mx\/difusioncultural\/?author=24\"}]}<\/script>\r\n<!-- \/ Yoast SEO plugin. -->","yoast_head_json":{"title":"Hoy se celebra el 75 Aniversario de la Expropiaci\u00f3n Petrolera - Difusi\u00f3n Cultural","robots":{"index":"index","follow":"follow","max-snippet":"max-snippet:-1","max-image-preview":"max-image-preview:large","max-video-preview":"max-video-preview:-1"},"canonical":"https:\/\/blogs.uninter.edu.mx\/difusioncultural\/?p=1548","og_locale":"es_MX","og_type":"article","og_title":"Hoy se celebra el 75 Aniversario de la Expropiaci\u00f3n Petrolera - Difusi\u00f3n Cultural","og_description":"&#8220;M\u00e9xico cuenta con reservas petroleras que garantizan a operaci\u00f3n de la industria e infraestructura que sigue teniendo como meta la modernizaci\u00f3n y competitividad &#8220;L\u00e1zaro C\u00e1rdenas Un d\u00eda Viernes 18 de Marzo de 1938, se realiz\u00f3 un acontecimiento que marcar\u00eda la historia de M\u00e9xico, el presidente entonces en el poder L\u00e1zaro C\u00e1rdenas se present\u00f3 para anunciar&hellip;","og_url":"https:\/\/blogs.uninter.edu.mx\/difusioncultural\/?p=1548","og_site_name":"Difusi\u00f3n Cultural","article_published_time":"2013-03-18T05:59:20+00:00","og_image":[{"url":"https:\/\/blogs.uninter.edu.mx\/difusioncultural\/wp-content\/uploads\/2013\/03\/180313313ed4936med-1.jpg","type":"","width":"","height":""}],"author":"Aslhey Alejandra Gonz\u00e1lez Castro","twitter_card":"summary_large_image","twitter_misc":{"Escrito por":"Aslhey Alejandra Gonz\u00e1lez Castro","Tiempo de lectura":"1 minuto"},"schema":{"@context":"https:\/\/schema.org","@graph":[{"@type":"Article","@id":"https:\/\/blogs.uninter.edu.mx\/difusioncultural\/?p=1548#article","isPartOf":{"@id":"https:\/\/blogs.uninter.edu.mx\/difusioncultural\/?p=1548"},"author":{"name":"Aslhey Alejandra Gonz\u00e1lez Castro","@id":"https:\/\/blogs.uninter.edu.mx\/difusioncultural\/#\/schema\/person\/c710e37686022500827405824a08a18c"},"headline":"Hoy se celebra el 75 Aniversario de la Expropiaci\u00f3n Petrolera","datePublished":"2013-03-18T05:59:20+00:00","mainEntityOfPage":{"@id":"https:\/\/blogs.uninter.edu.mx\/difusioncultural\/?p=1548"},"wordCount":174,"commentCount":0,"publisher":{"@id":"https:\/\/blogs.uninter.edu.mx\/difusioncultural\/#organization"},"image":{"@id":"https:\/\/blogs.uninter.edu.mx\/difusioncultural\/?p=1548#primaryimage"},"thumbnailUrl":"https:\/\/blogs.uninter.edu.mx\/difusioncultural\/wp-content\/uploads\/2013\/03\/180313313ed4936med-1.jpg","inLanguage":"es","potentialAction":[{"@type":"CommentAction","name":"Comment","target":["https:\/\/blogs.uninter.edu.mx\/difusioncultural\/?p=1548#respond"]}]},{"@type":"WebPage","@id":"https:\/\/blogs.uninter.edu.mx\/difusioncultural\/?p=1548","url":"https:\/\/blogs.uninter.edu.mx\/difusioncultural\/?p=1548","name":"Hoy se celebra el 75 Aniversario de la Expropiaci\u00f3n Petrolera - Difusi\u00f3n Cultural","isPartOf":{"@id":"https:\/\/blogs.uninter.edu.mx\/difusioncultural\/#website"},"primaryImageOfPage":{"@id":"https:\/\/blogs.uninter.edu.mx\/difusioncultural\/?p=1548#primaryimage"},"image":{"@id":"https:\/\/blogs.uninter.edu.mx\/difusioncultural\/?p=1548#primaryimage"},"thumbnailUrl":"https:\/\/blogs.uninter.edu.mx\/difusioncultural\/wp-content\/uploads\/2013\/03\/180313313ed4936med-1.jpg","datePublished":"2013-03-18T05:59:20+00:00","breadcrumb":{"@id":"https:\/\/blogs.uninter.edu.mx\/difusioncultural\/?p=1548#breadcrumb"},"inLanguage":"es","potentialAction":[{"@type":"ReadAction","target":["https:\/\/blogs.uninter.edu.mx\/difusioncultural\/?p=1548"]}]},{"@type":"ImageObject","inLanguage":"es","@id":"https:\/\/blogs.uninter.edu.mx\/difusioncultural\/?p=1548#primaryimage","url":"https:\/\/blogs.uninter.edu.mx\/difusioncultural\/wp-content\/uploads\/2013\/03\/180313313ed4936med-1.jpg","contentUrl":"https:\/\/blogs.uninter.edu.mx\/difusioncultural\/wp-content\/uploads\/2013\/03\/180313313ed4936med-1.jpg","width":418,"height":259},{"@type":"BreadcrumbList","@id":"https:\/\/blogs.uninter.edu.mx\/difusioncultural\/?p=1548#breadcrumb","itemListElement":[{"@type":"ListItem","position":1,"name":"Inicio","item":"https:\/\/blogs.uninter.edu.mx\/difusioncultural\/"},{"@type":"ListItem","position":2,"name":"Hoy se celebra el 75 Aniversario de la Expropiaci\u00f3n Petrolera"}]},{"@type":"WebSite","@id":"https:\/\/blogs.uninter.edu.mx\/difusioncultural\/#website","url":"https:\/\/blogs.uninter.edu.mx\/difusioncultural\/","name":"Difusi\u00f3n Cultural","description":"UNINTER","publisher":{"@id":"https:\/\/blogs.uninter.edu.mx\/difusioncultural\/#organization"},"potentialAction":[{"@type":"SearchAction","target":{"@type":"EntryPoint","urlTemplate":"https:\/\/blogs.uninter.edu.mx\/difusioncultural\/?s={search_term_string}"},"query-input":{"@type":"PropertyValueSpecification","valueRequired":true,"valueName":"search_term_string"}}],"inLanguage":"es"},{"@type":"Organization","@id":"https:\/\/blogs.uninter.edu.mx\/difusioncultural\/#organization","name":"Difusi\u00f3n Cultural","url":"https:\/\/blogs.uninter.edu.mx\/difusioncultural\/","logo":{"@type":"ImageObject","inLanguage":"es","@id":"https:\/\/blogs.uninter.edu.mx\/difusioncultural\/#\/schema\/logo\/image\/","url":"https:\/\/blogs.uninter.edu.mx\/difusioncultural\/wp-content\/uploads\/2022\/09\/uninter.jpg","contentUrl":"https:\/\/blogs.uninter.edu.mx\/difusioncultural\/wp-content\/uploads\/2022\/09\/uninter.jpg","width":2048,"height":2048,"caption":"Difusi\u00f3n Cultural"},"image":{"@id":"https:\/\/blogs.uninter.edu.mx\/difusioncultural\/#\/schema\/logo\/image\/"}},{"@type":"Person","@id":"https:\/\/blogs.uninter.edu.mx\/difusioncultural\/#\/schema\/person\/c710e37686022500827405824a08a18c","name":"Aslhey Alejandra Gonz\u00e1lez Castro","image":{"@type":"ImageObject","inLanguage":"es","@id":"https:\/\/blogs.uninter.edu.mx\/difusioncultural\/#\/schema\/person\/image\/","url":"https:\/\/secure.gravatar.com\/avatar\/1905d6ed47b47ccbfb53e4b64f72f2017309e25d96ef418088d4f998ecf6552e?s=96&d=mm&r=g","contentUrl":"https:\/\/secure.gravatar.com\/avatar\/1905d6ed47b47ccbfb53e4b64f72f2017309e25d96ef418088d4f998ecf6552e?s=96&d=mm&r=g","caption":"Aslhey Alejandra Gonz\u00e1lez Castro"},"url":"https:\/\/blogs.uninter.edu.mx\/difusioncultural\/?author=24"}]}},"jetpack_publicize_connections":[],"jetpack_featured_media_url":"","jetpack_sharing_enabled":true,"_links":{"self":[{"href":"https:\/\/blogs.uninter.edu.mx\/difusioncultural\/index.php?rest_route=\/wp\/v2\/posts\/1548","targetHints":{"allow":["GET"]}}],"collection":[{"href":"https:\/\/blogs.uninter.edu.mx\/difusioncultural\/index.php?rest_route=\/wp\/v2\/posts"}],"about":[{"href":"https:\/\/blogs.uninter.edu.mx\/difusioncultural\/index.php?rest_route=\/wp\/v2\/types\/post"}],"author":[{"embeddable":true,"href":"https:\/\/blogs.uninter.edu.mx\/difusioncultural\/index.php?rest_route=\/wp\/v2\/users\/24"}],"replies":[{"embeddable":true,"href":"https:\/\/blogs.uninter.edu.mx\/difusioncultural\/index.php?rest_route=%2Fwp%2Fv2%2Fcomments&post=1548"}],"version-history":[{"count":0,"href":"https:\/\/blogs.uninter.edu.mx\/difusioncultural\/index.php?rest_route=\/wp\/v2\/posts\/1548\/revisions"}],"wp:attachment":[{"href":"https:\/\/blogs.uninter.edu.mx\/difusioncultural\/index.php?rest_route=%2Fwp%2Fv2%2Fmedia&parent=1548"}],"wp:term":[{"taxonomy":"category","embeddable":true,"href":"https:\/\/blogs.uninter.edu.mx\/difusioncultural\/index.php?rest_route=%2Fwp%2Fv2%2Fcategories&post=1548"},{"taxonomy":"post_tag","embeddable":true,"href":"https:\/\/blogs.uninter.edu.mx\/difusioncultural\/index.php?rest_route=%2Fwp%2Fv2%2Ftags&post=1548"}],"curies":[{"name":"wp","href":"https:\/\/api.w.org\/{rel}","templated":true}]}}