{"id":1620,"date":"2014-03-27T20:24:17","date_gmt":"2014-03-27T20:24:17","guid":{"rendered":"http:\/\/difusionculturaluninter.wordpress.com\/?p=1620"},"modified":"2014-03-27T20:24:17","modified_gmt":"2014-03-27T20:24:17","slug":"dia-internacional-del-teatro-51-anos-promoviendo-el-arte-escenico-2","status":"publish","type":"post","link":"https:\/\/blogs.uninter.edu.mx\/difusioncultural\/?p=1620","title":{"rendered":"D\u00eda Internacional del Teatro : 52 a\u00f1os promoviendo el arte esc\u00e9nico."},"content":{"rendered":"<p align=\"center\"><i>\u201cLa vida es una obra de teatro que no permite ensayos&#8230;\u00a0<\/i><i><br \/>\nPor eso, canta, r\u00ede, baila, llora<br \/>\ny vive intensamente cada momento de tu vida&#8230;<br \/>\n&#8230;antes que el tel\u00f3n baje<br \/>\ny la obra termine sin aplausos \u201c<\/i><\/p>\n<p align=\"center\"><i>Charles Chaplin<\/i><i><\/i><\/p>\n<p><b>Hoy\u00a0 27 de Marzo se celebra el d\u00eda Internacional del Teatro, el cual fue creado en 1961 por el ITI Instituto Internacional del Teatro<\/b>. Es una forma de promover una de las representaciones art\u00edsticas m\u00e1s antiguas de la humanidad. Esta celebraci\u00f3n va contigua a diversos eventos teatrales nacionales e internacionales que son realizados para conmemorar y dar difusi\u00f3n a la preservaci\u00f3n de \u00e9ste mismo.<\/p>\n<p>De igual forma, se circula el Mensaje Internacional del D\u00eda Mundial del Teatro, con el cual una figura de talla mundial, sobresaliente en el teatro o alguna persona de grande esp\u00edritu y cualidades en otro campo,\u00a0 comparte reflexi\u00f3n y\u00a0 ponderaci\u00f3n sobre el Teatro, la Cultura de la Paz y la Armon\u00eda Internacional, el cual es traducido en m\u00e1s de 20 idiomas y le\u00eddos por miles de espectadores antes de las representaciones en teatros de todo el mundo.<\/p>\n<p><b>Han pasado 51 a\u00f1os desde que el franc\u00e9s Jean Cocteau redact\u00f3 el primer mensaje, le\u00eddo en 1962<\/b>\u00a0y, como \u00e9l, muchos han sido los dramaturgos que lo han escrito, incluido el italiano Dar\u00edo Fo (Premio Nobel de Literatura 1997), quien este 2013 mand\u00f3 unas l\u00edneas sobre la cavilaci\u00f3n en relaci\u00f3n con este festejo.<\/p>\n<p>En el mensaje se da de forma breve todas las inclemencias y prosperidades que ha tenido este arte, el cual pas\u00f3 de ser algo burdo sin lugar para ser representado, perseguido y visto como c\u00f3mico a ser nombrado como una distinci\u00f3n entre el arte por su filantrop\u00eda y\u00a0 su valor en la educaci\u00f3n espiritual.\u00a0 Hoy en d\u00eda el teatro ha sufrido un declive debido a su desd\u00e9n de las nuevas generaciones por asistir, sin duda hoy es un d\u00eda para promover que se efectu\u00e9 lo contrario.<\/p>\n<p><em>FB: Alix Chiquita del Bosque<\/em><\/p>\n<p><a href=\"http:\/\/difusionculturaluninter.files.wordpress.com\/2013\/03\/dmtweb.jpg\"><img fetchpriority=\"high\" decoding=\"async\" class=\"aligncenter size-full wp-image-1616\" alt=\"dmtweb\" src=\"http:\/\/difusionculturaluninter.files.wordpress.com\/2013\/03\/dmtweb.jpg\" width=\"640\" height=\"753\" \/><\/a><\/p>\n","protected":false},"excerpt":{"rendered":"<p>\u201cLa vida es una obra de teatro que no permite ensayos&#8230;\u00a0 Por eso, canta, r\u00ede, baila, llora y vive intensamente cada momento de tu vida&#8230; &#8230;antes que el tel\u00f3n baje y la obra termine sin aplausos \u201c Charles Chaplin Hoy\u00a0 27 de Marzo se celebra el d\u00eda Internacional del Teatro, el cual fue creado en&hellip;<\/p>\n","protected":false},"author":1,"featured_media":0,"comment_status":"open","ping_status":"open","sticky":false,"template":"","format":"standard","meta":{"_jetpack_memberships_contains_paid_content":false,"footnotes":"","jetpack_publicize_message":"","jetpack_publicize_feature_enabled":true,"jetpack_social_post_already_shared":false,"jetpack_social_options":{"image_generator_settings":{"template":"highway","default_image_id":0,"font":"","enabled":false},"version":2}},"categories":[1],"tags":[94,105,176],"class_list":["post-1620","post","type-post","status-publish","format-standard","hentry","category-sin-categoria","tag-cultura-de-la-paz","tag-dia-mundial-del-teatro","tag-jean-cocteau"],"yoast_head":"<!-- This site is optimized with the Yoast SEO plugin v26.3 - https:\/\/yoast.com\/wordpress\/plugins\/seo\/ -->\r\n<title>D\u00eda Internacional del Teatro : 52 a\u00f1os promoviendo el arte esc\u00e9nico. - Difusi\u00f3n Cultural<\/title>\r\n<meta name=\"robots\" content=\"index, follow, max-snippet:-1, max-image-preview:large, max-video-preview:-1\" \/>\r\n<link rel=\"canonical\" href=\"https:\/\/blogs.uninter.edu.mx\/difusioncultural\/?p=1620\" \/>\r\n<meta property=\"og:locale\" content=\"es_MX\" \/>\r\n<meta property=\"og:type\" content=\"article\" \/>\r\n<meta property=\"og:title\" content=\"D\u00eda Internacional del Teatro : 52 a\u00f1os promoviendo el arte esc\u00e9nico. - Difusi\u00f3n Cultural\" \/>\r\n<meta property=\"og:description\" content=\"\u201cLa vida es una obra de teatro que no permite ensayos&#8230;\u00a0 Por eso, canta, r\u00ede, baila, llora y vive intensamente cada momento de tu vida&#8230; &#8230;antes que el tel\u00f3n baje y la obra termine sin aplausos \u201c Charles Chaplin Hoy\u00a0 27 de Marzo se celebra el d\u00eda Internacional del Teatro, el cual fue creado en&hellip;\" \/>\r\n<meta property=\"og:url\" content=\"https:\/\/blogs.uninter.edu.mx\/difusioncultural\/?p=1620\" \/>\r\n<meta property=\"og:site_name\" content=\"Difusi\u00f3n Cultural\" \/>\r\n<meta property=\"article:published_time\" content=\"2014-03-27T20:24:17+00:00\" \/>\r\n<meta property=\"og:image\" content=\"http:\/\/difusionculturaluninter.files.wordpress.com\/2013\/03\/dmtweb.jpg\" \/>\r\n<meta name=\"author\" content=\"webmaster\" \/>\r\n<meta name=\"twitter:card\" content=\"summary_large_image\" \/>\r\n<meta name=\"twitter:label1\" content=\"Escrito por\" \/>\n\t<meta name=\"twitter:data1\" content=\"webmaster\" \/>\n\t<meta name=\"twitter:label2\" content=\"Tiempo de lectura\" \/>\n\t<meta name=\"twitter:data2\" content=\"2 minutos\" \/>\r\n<script type=\"application\/ld+json\" class=\"yoast-schema-graph\">{\"@context\":\"https:\/\/schema.org\",\"@graph\":[{\"@type\":\"Article\",\"@id\":\"https:\/\/blogs.uninter.edu.mx\/difusioncultural\/?p=1620#article\",\"isPartOf\":{\"@id\":\"https:\/\/blogs.uninter.edu.mx\/difusioncultural\/?p=1620\"},\"author\":{\"name\":\"webmaster\",\"@id\":\"https:\/\/blogs.uninter.edu.mx\/difusioncultural\/#\/schema\/person\/37a0926f4dd300a814993fd595abdc4a\"},\"headline\":\"D\u00eda Internacional del Teatro : 52 a\u00f1os promoviendo el arte esc\u00e9nico.\",\"datePublished\":\"2014-03-27T20:24:17+00:00\",\"mainEntityOfPage\":{\"@id\":\"https:\/\/blogs.uninter.edu.mx\/difusioncultural\/?p=1620\"},\"wordCount\":357,\"commentCount\":0,\"publisher\":{\"@id\":\"https:\/\/blogs.uninter.edu.mx\/difusioncultural\/#organization\"},\"image\":{\"@id\":\"https:\/\/blogs.uninter.edu.mx\/difusioncultural\/?p=1620#primaryimage\"},\"thumbnailUrl\":\"http:\/\/difusionculturaluninter.files.wordpress.com\/2013\/03\/dmtweb.jpg\",\"keywords\":[\"cultura de la paz\",\"d\u00eda mundial del teatro\",\"jean cocteau\"],\"inLanguage\":\"es\",\"potentialAction\":[{\"@type\":\"CommentAction\",\"name\":\"Comment\",\"target\":[\"https:\/\/blogs.uninter.edu.mx\/difusioncultural\/?p=1620#respond\"]}]},{\"@type\":\"WebPage\",\"@id\":\"https:\/\/blogs.uninter.edu.mx\/difusioncultural\/?p=1620\",\"url\":\"https:\/\/blogs.uninter.edu.mx\/difusioncultural\/?p=1620\",\"name\":\"D\u00eda Internacional del Teatro : 52 a\u00f1os promoviendo el arte esc\u00e9nico. - Difusi\u00f3n Cultural\",\"isPartOf\":{\"@id\":\"https:\/\/blogs.uninter.edu.mx\/difusioncultural\/#website\"},\"primaryImageOfPage\":{\"@id\":\"https:\/\/blogs.uninter.edu.mx\/difusioncultural\/?p=1620#primaryimage\"},\"image\":{\"@id\":\"https:\/\/blogs.uninter.edu.mx\/difusioncultural\/?p=1620#primaryimage\"},\"thumbnailUrl\":\"http:\/\/difusionculturaluninter.files.wordpress.com\/2013\/03\/dmtweb.jpg\",\"datePublished\":\"2014-03-27T20:24:17+00:00\",\"breadcrumb\":{\"@id\":\"https:\/\/blogs.uninter.edu.mx\/difusioncultural\/?p=1620#breadcrumb\"},\"inLanguage\":\"es\",\"potentialAction\":[{\"@type\":\"ReadAction\",\"target\":[\"https:\/\/blogs.uninter.edu.mx\/difusioncultural\/?p=1620\"]}]},{\"@type\":\"ImageObject\",\"inLanguage\":\"es\",\"@id\":\"https:\/\/blogs.uninter.edu.mx\/difusioncultural\/?p=1620#primaryimage\",\"url\":\"http:\/\/difusionculturaluninter.files.wordpress.com\/2013\/03\/dmtweb.jpg\",\"contentUrl\":\"http:\/\/difusionculturaluninter.files.wordpress.com\/2013\/03\/dmtweb.jpg\"},{\"@type\":\"BreadcrumbList\",\"@id\":\"https:\/\/blogs.uninter.edu.mx\/difusioncultural\/?p=1620#breadcrumb\",\"itemListElement\":[{\"@type\":\"ListItem\",\"position\":1,\"name\":\"Inicio\",\"item\":\"https:\/\/blogs.uninter.edu.mx\/difusioncultural\/\"},{\"@type\":\"ListItem\",\"position\":2,\"name\":\"D\u00eda Internacional del Teatro : 52 a\u00f1os promoviendo el arte esc\u00e9nico.\"}]},{\"@type\":\"WebSite\",\"@id\":\"https:\/\/blogs.uninter.edu.mx\/difusioncultural\/#website\",\"url\":\"https:\/\/blogs.uninter.edu.mx\/difusioncultural\/\",\"name\":\"Difusi\u00f3n Cultural\",\"description\":\"UNINTER\",\"publisher\":{\"@id\":\"https:\/\/blogs.uninter.edu.mx\/difusioncultural\/#organization\"},\"potentialAction\":[{\"@type\":\"SearchAction\",\"target\":{\"@type\":\"EntryPoint\",\"urlTemplate\":\"https:\/\/blogs.uninter.edu.mx\/difusioncultural\/?s={search_term_string}\"},\"query-input\":{\"@type\":\"PropertyValueSpecification\",\"valueRequired\":true,\"valueName\":\"search_term_string\"}}],\"inLanguage\":\"es\"},{\"@type\":\"Organization\",\"@id\":\"https:\/\/blogs.uninter.edu.mx\/difusioncultural\/#organization\",\"name\":\"Difusi\u00f3n Cultural\",\"url\":\"https:\/\/blogs.uninter.edu.mx\/difusioncultural\/\",\"logo\":{\"@type\":\"ImageObject\",\"inLanguage\":\"es\",\"@id\":\"https:\/\/blogs.uninter.edu.mx\/difusioncultural\/#\/schema\/logo\/image\/\",\"url\":\"https:\/\/blogs.uninter.edu.mx\/difusioncultural\/wp-content\/uploads\/2022\/09\/uninter.jpg\",\"contentUrl\":\"https:\/\/blogs.uninter.edu.mx\/difusioncultural\/wp-content\/uploads\/2022\/09\/uninter.jpg\",\"width\":2048,\"height\":2048,\"caption\":\"Difusi\u00f3n Cultural\"},\"image\":{\"@id\":\"https:\/\/blogs.uninter.edu.mx\/difusioncultural\/#\/schema\/logo\/image\/\"}},{\"@type\":\"Person\",\"@id\":\"https:\/\/blogs.uninter.edu.mx\/difusioncultural\/#\/schema\/person\/37a0926f4dd300a814993fd595abdc4a\",\"name\":\"webmaster\",\"image\":{\"@type\":\"ImageObject\",\"inLanguage\":\"es\",\"@id\":\"https:\/\/blogs.uninter.edu.mx\/difusioncultural\/#\/schema\/person\/image\/\",\"url\":\"https:\/\/secure.gravatar.com\/avatar\/a59c276b01147463ef3aab4118e3137ebc5e1ad6700deb39ccdf8b89e517f7dc?s=96&d=mm&r=g\",\"contentUrl\":\"https:\/\/secure.gravatar.com\/avatar\/a59c276b01147463ef3aab4118e3137ebc5e1ad6700deb39ccdf8b89e517f7dc?s=96&d=mm&r=g\",\"caption\":\"webmaster\"},\"sameAs\":[\"https:\/\/blogs.uninter.edu.mx\/difusioncultural\"],\"url\":\"https:\/\/blogs.uninter.edu.mx\/difusioncultural\/?author=1\"}]}<\/script>\r\n<!-- \/ Yoast SEO plugin. -->","yoast_head_json":{"title":"D\u00eda Internacional del Teatro : 52 a\u00f1os promoviendo el arte esc\u00e9nico. - Difusi\u00f3n Cultural","robots":{"index":"index","follow":"follow","max-snippet":"max-snippet:-1","max-image-preview":"max-image-preview:large","max-video-preview":"max-video-preview:-1"},"canonical":"https:\/\/blogs.uninter.edu.mx\/difusioncultural\/?p=1620","og_locale":"es_MX","og_type":"article","og_title":"D\u00eda Internacional del Teatro : 52 a\u00f1os promoviendo el arte esc\u00e9nico. - Difusi\u00f3n Cultural","og_description":"\u201cLa vida es una obra de teatro que no permite ensayos&#8230;\u00a0 Por eso, canta, r\u00ede, baila, llora y vive intensamente cada momento de tu vida&#8230; &#8230;antes que el tel\u00f3n baje y la obra termine sin aplausos \u201c Charles Chaplin Hoy\u00a0 27 de Marzo se celebra el d\u00eda Internacional del Teatro, el cual fue creado en&hellip;","og_url":"https:\/\/blogs.uninter.edu.mx\/difusioncultural\/?p=1620","og_site_name":"Difusi\u00f3n Cultural","article_published_time":"2014-03-27T20:24:17+00:00","og_image":[{"url":"http:\/\/difusionculturaluninter.files.wordpress.com\/2013\/03\/dmtweb.jpg","type":"","width":"","height":""}],"author":"webmaster","twitter_card":"summary_large_image","twitter_misc":{"Escrito por":"webmaster","Tiempo de lectura":"2 minutos"},"schema":{"@context":"https:\/\/schema.org","@graph":[{"@type":"Article","@id":"https:\/\/blogs.uninter.edu.mx\/difusioncultural\/?p=1620#article","isPartOf":{"@id":"https:\/\/blogs.uninter.edu.mx\/difusioncultural\/?p=1620"},"author":{"name":"webmaster","@id":"https:\/\/blogs.uninter.edu.mx\/difusioncultural\/#\/schema\/person\/37a0926f4dd300a814993fd595abdc4a"},"headline":"D\u00eda Internacional del Teatro : 52 a\u00f1os promoviendo el arte esc\u00e9nico.","datePublished":"2014-03-27T20:24:17+00:00","mainEntityOfPage":{"@id":"https:\/\/blogs.uninter.edu.mx\/difusioncultural\/?p=1620"},"wordCount":357,"commentCount":0,"publisher":{"@id":"https:\/\/blogs.uninter.edu.mx\/difusioncultural\/#organization"},"image":{"@id":"https:\/\/blogs.uninter.edu.mx\/difusioncultural\/?p=1620#primaryimage"},"thumbnailUrl":"http:\/\/difusionculturaluninter.files.wordpress.com\/2013\/03\/dmtweb.jpg","keywords":["cultura de la paz","d\u00eda mundial del teatro","jean cocteau"],"inLanguage":"es","potentialAction":[{"@type":"CommentAction","name":"Comment","target":["https:\/\/blogs.uninter.edu.mx\/difusioncultural\/?p=1620#respond"]}]},{"@type":"WebPage","@id":"https:\/\/blogs.uninter.edu.mx\/difusioncultural\/?p=1620","url":"https:\/\/blogs.uninter.edu.mx\/difusioncultural\/?p=1620","name":"D\u00eda Internacional del Teatro : 52 a\u00f1os promoviendo el arte esc\u00e9nico. - Difusi\u00f3n Cultural","isPartOf":{"@id":"https:\/\/blogs.uninter.edu.mx\/difusioncultural\/#website"},"primaryImageOfPage":{"@id":"https:\/\/blogs.uninter.edu.mx\/difusioncultural\/?p=1620#primaryimage"},"image":{"@id":"https:\/\/blogs.uninter.edu.mx\/difusioncultural\/?p=1620#primaryimage"},"thumbnailUrl":"http:\/\/difusionculturaluninter.files.wordpress.com\/2013\/03\/dmtweb.jpg","datePublished":"2014-03-27T20:24:17+00:00","breadcrumb":{"@id":"https:\/\/blogs.uninter.edu.mx\/difusioncultural\/?p=1620#breadcrumb"},"inLanguage":"es","potentialAction":[{"@type":"ReadAction","target":["https:\/\/blogs.uninter.edu.mx\/difusioncultural\/?p=1620"]}]},{"@type":"ImageObject","inLanguage":"es","@id":"https:\/\/blogs.uninter.edu.mx\/difusioncultural\/?p=1620#primaryimage","url":"http:\/\/difusionculturaluninter.files.wordpress.com\/2013\/03\/dmtweb.jpg","contentUrl":"http:\/\/difusionculturaluninter.files.wordpress.com\/2013\/03\/dmtweb.jpg"},{"@type":"BreadcrumbList","@id":"https:\/\/blogs.uninter.edu.mx\/difusioncultural\/?p=1620#breadcrumb","itemListElement":[{"@type":"ListItem","position":1,"name":"Inicio","item":"https:\/\/blogs.uninter.edu.mx\/difusioncultural\/"},{"@type":"ListItem","position":2,"name":"D\u00eda Internacional del Teatro : 52 a\u00f1os promoviendo el arte esc\u00e9nico."}]},{"@type":"WebSite","@id":"https:\/\/blogs.uninter.edu.mx\/difusioncultural\/#website","url":"https:\/\/blogs.uninter.edu.mx\/difusioncultural\/","name":"Difusi\u00f3n Cultural","description":"UNINTER","publisher":{"@id":"https:\/\/blogs.uninter.edu.mx\/difusioncultural\/#organization"},"potentialAction":[{"@type":"SearchAction","target":{"@type":"EntryPoint","urlTemplate":"https:\/\/blogs.uninter.edu.mx\/difusioncultural\/?s={search_term_string}"},"query-input":{"@type":"PropertyValueSpecification","valueRequired":true,"valueName":"search_term_string"}}],"inLanguage":"es"},{"@type":"Organization","@id":"https:\/\/blogs.uninter.edu.mx\/difusioncultural\/#organization","name":"Difusi\u00f3n Cultural","url":"https:\/\/blogs.uninter.edu.mx\/difusioncultural\/","logo":{"@type":"ImageObject","inLanguage":"es","@id":"https:\/\/blogs.uninter.edu.mx\/difusioncultural\/#\/schema\/logo\/image\/","url":"https:\/\/blogs.uninter.edu.mx\/difusioncultural\/wp-content\/uploads\/2022\/09\/uninter.jpg","contentUrl":"https:\/\/blogs.uninter.edu.mx\/difusioncultural\/wp-content\/uploads\/2022\/09\/uninter.jpg","width":2048,"height":2048,"caption":"Difusi\u00f3n Cultural"},"image":{"@id":"https:\/\/blogs.uninter.edu.mx\/difusioncultural\/#\/schema\/logo\/image\/"}},{"@type":"Person","@id":"https:\/\/blogs.uninter.edu.mx\/difusioncultural\/#\/schema\/person\/37a0926f4dd300a814993fd595abdc4a","name":"webmaster","image":{"@type":"ImageObject","inLanguage":"es","@id":"https:\/\/blogs.uninter.edu.mx\/difusioncultural\/#\/schema\/person\/image\/","url":"https:\/\/secure.gravatar.com\/avatar\/a59c276b01147463ef3aab4118e3137ebc5e1ad6700deb39ccdf8b89e517f7dc?s=96&d=mm&r=g","contentUrl":"https:\/\/secure.gravatar.com\/avatar\/a59c276b01147463ef3aab4118e3137ebc5e1ad6700deb39ccdf8b89e517f7dc?s=96&d=mm&r=g","caption":"webmaster"},"sameAs":["https:\/\/blogs.uninter.edu.mx\/difusioncultural"],"url":"https:\/\/blogs.uninter.edu.mx\/difusioncultural\/?author=1"}]}},"jetpack_publicize_connections":[],"jetpack_featured_media_url":"","jetpack_sharing_enabled":true,"_links":{"self":[{"href":"https:\/\/blogs.uninter.edu.mx\/difusioncultural\/index.php?rest_route=\/wp\/v2\/posts\/1620","targetHints":{"allow":["GET"]}}],"collection":[{"href":"https:\/\/blogs.uninter.edu.mx\/difusioncultural\/index.php?rest_route=\/wp\/v2\/posts"}],"about":[{"href":"https:\/\/blogs.uninter.edu.mx\/difusioncultural\/index.php?rest_route=\/wp\/v2\/types\/post"}],"author":[{"embeddable":true,"href":"https:\/\/blogs.uninter.edu.mx\/difusioncultural\/index.php?rest_route=\/wp\/v2\/users\/1"}],"replies":[{"embeddable":true,"href":"https:\/\/blogs.uninter.edu.mx\/difusioncultural\/index.php?rest_route=%2Fwp%2Fv2%2Fcomments&post=1620"}],"version-history":[{"count":0,"href":"https:\/\/blogs.uninter.edu.mx\/difusioncultural\/index.php?rest_route=\/wp\/v2\/posts\/1620\/revisions"}],"wp:attachment":[{"href":"https:\/\/blogs.uninter.edu.mx\/difusioncultural\/index.php?rest_route=%2Fwp%2Fv2%2Fmedia&parent=1620"}],"wp:term":[{"taxonomy":"category","embeddable":true,"href":"https:\/\/blogs.uninter.edu.mx\/difusioncultural\/index.php?rest_route=%2Fwp%2Fv2%2Fcategories&post=1620"},{"taxonomy":"post_tag","embeddable":true,"href":"https:\/\/blogs.uninter.edu.mx\/difusioncultural\/index.php?rest_route=%2Fwp%2Fv2%2Ftags&post=1620"}],"curies":[{"name":"wp","href":"https:\/\/api.w.org\/{rel}","templated":true}]}}