{"id":1702,"date":"2013-04-24T00:41:03","date_gmt":"2013-04-24T00:41:03","guid":{"rendered":"http:\/\/difusionculturaluninter.wordpress.com\/?p=1702"},"modified":"2013-04-24T00:41:03","modified_gmt":"2013-04-24T00:41:03","slug":"un-mexicano-entre-las-camaras-nacimiento-de-gabriel-figeroa","status":"publish","type":"post","link":"https:\/\/blogs.uninter.edu.mx\/difusioncultural\/?p=1702","title":{"rendered":"Un mexicano entre las c\u00e1maras : Nacimiento de Gabriel Figeroa"},"content":{"rendered":"<p><strong>Un d\u00eda como hoy 24 de abril de 1907 nace uno de \u00a0los mexicanos m\u00e1s representativos en el s\u00e9ptimo arte, Gabriel Figueroa, un cinefot\u00f3grafo y director de\u00a0fotograf\u00eda mexicano<\/strong>. Figura importante de la \u00e9poca de oro del\u00a0cine mexicano, comenz\u00f3 su carrera como fot\u00f3grafo en pel\u00edculas que narraban los sucesos de la Revoluci\u00f3n Mexicana como fue Revoluci\u00f3n de Miguel Conteras Torres.<\/p>\n<p>Entre sus trabajos m\u00e1s destacados se encuentra su realizaci\u00f3n fotogr\u00e1fica de la pel\u00edcula <em>Los olvidados<\/em> de Luis Bu\u00f1uel,<em> el ni\u00f1o en la piedra, Divinas palabras ,Enamorada,<\/em> su filmograf\u00eda cuenta con 210 t\u00edtulos en los cuales se desempe\u00f1\u00f3 como director de fotograf\u00eda o coodirigiendo. Los trabajos f\u00edlmicos son desde largometrajes hasta documentales. Adem\u00e1s de realizar proyectos en M\u00e9xico, logro destacar tambi\u00e9n en Holywood colaborando y creando amistad con directores internacionales como John Ford y John Huston.<\/p>\n<p>Su nivel, t\u00e9cnica y gran habilidad para la fotograf\u00eda en p\u00e9liculas lo llevaron a ser candidato al Premio \u00d3scar en la categof\u00eda a mejor fotograf\u00eda por <em>La noche de la iguana<\/em> en 1964. La Academia Mexicana de Artes y Ciencias Cinematogr\u00e1ficas le otorg\u00f3 16 premios Ariel y un Ariel de Oro en 1987.<\/p>\n<p>Aunado a eso fue co-fundador junto con Mario Moreno &#8220;Cantinflas&#8221; y Jorge Negrete del Sindicato de Trabajadores de la Producci\u00f3n Cinematogr\u00e1fica de la Rep\u00fablica Mexicana. Fue ganador del Premio Nacional de Bellas Artes en 1971.\u00a0 Un Mexicano que ha demostrado un aplaudible talento en un Arte magnifica.<\/p>\n<p><a href=\"https:\/\/blogs.uninter.edu.mx\/difusioncultural\/wp-content\/uploads\/2013\/04\/gabriel-figueroa-fic.jpg\"><img fetchpriority=\"high\" decoding=\"async\" class=\"aligncenter size-full wp-image-1703\" alt=\"gabriel-figueroa-FIC-\" src=\"https:\/\/blogs.uninter.edu.mx\/difusioncultural\/wp-content\/uploads\/2013\/04\/gabriel-figueroa-fic.jpg\" width=\"472\" height=\"368\" \/><\/a><\/p>\n","protected":false},"excerpt":{"rendered":"<p>Un d\u00eda como hoy 24 de abril de 1907 nace uno de \u00a0los mexicanos m\u00e1s representativos en el s\u00e9ptimo arte, Gabriel Figueroa, un cinefot\u00f3grafo y director de\u00a0fotograf\u00eda mexicano. Figura importante de la \u00e9poca de oro del\u00a0cine mexicano, comenz\u00f3 su carrera como fot\u00f3grafo en pel\u00edculas que narraban los sucesos de la Revoluci\u00f3n Mexicana como fue Revoluci\u00f3n&hellip;<\/p>\n","protected":false},"author":24,"featured_media":0,"comment_status":"open","ping_status":"open","sticky":false,"template":"","format":"standard","meta":{"_jetpack_memberships_contains_paid_content":false,"footnotes":"","jetpack_publicize_message":"","jetpack_publicize_feature_enabled":true,"jetpack_social_post_already_shared":false,"jetpack_social_options":{"image_generator_settings":{"template":"highway","default_image_id":0,"font":"","enabled":false},"version":2}},"categories":[1],"tags":[],"class_list":["post-1702","post","type-post","status-publish","format-standard","hentry","category-sin-categoria"],"yoast_head":"<!-- This site is optimized with the Yoast SEO plugin v26.3 - https:\/\/yoast.com\/wordpress\/plugins\/seo\/ -->\r\n<title>Un mexicano entre las c\u00e1maras : Nacimiento de Gabriel Figeroa - Difusi\u00f3n Cultural<\/title>\r\n<meta name=\"robots\" content=\"index, follow, max-snippet:-1, max-image-preview:large, max-video-preview:-1\" \/>\r\n<link rel=\"canonical\" href=\"https:\/\/blogs.uninter.edu.mx\/difusioncultural\/?p=1702\" \/>\r\n<meta property=\"og:locale\" content=\"es_MX\" \/>\r\n<meta property=\"og:type\" content=\"article\" \/>\r\n<meta property=\"og:title\" content=\"Un mexicano entre las c\u00e1maras : Nacimiento de Gabriel Figeroa - Difusi\u00f3n Cultural\" \/>\r\n<meta property=\"og:description\" content=\"Un d\u00eda como hoy 24 de abril de 1907 nace uno de \u00a0los mexicanos m\u00e1s representativos en el s\u00e9ptimo arte, Gabriel Figueroa, un cinefot\u00f3grafo y director de\u00a0fotograf\u00eda mexicano. Figura importante de la \u00e9poca de oro del\u00a0cine mexicano, comenz\u00f3 su carrera como fot\u00f3grafo en pel\u00edculas que narraban los sucesos de la Revoluci\u00f3n Mexicana como fue Revoluci\u00f3n&hellip;\" \/>\r\n<meta property=\"og:url\" content=\"https:\/\/blogs.uninter.edu.mx\/difusioncultural\/?p=1702\" \/>\r\n<meta property=\"og:site_name\" content=\"Difusi\u00f3n Cultural\" \/>\r\n<meta property=\"article:published_time\" content=\"2013-04-24T00:41:03+00:00\" \/>\r\n<meta property=\"og:image\" content=\"https:\/\/blogs.uninter.edu.mx\/difusioncultural\/wp-content\/uploads\/2013\/04\/gabriel-figueroa-fic.jpg\" \/>\r\n<meta name=\"author\" content=\"Aslhey Alejandra Gonz\u00e1lez Castro\" \/>\r\n<meta name=\"twitter:card\" content=\"summary_large_image\" \/>\r\n<meta name=\"twitter:label1\" content=\"Escrito por\" \/>\n\t<meta name=\"twitter:data1\" content=\"Aslhey Alejandra Gonz\u00e1lez Castro\" \/>\n\t<meta name=\"twitter:label2\" content=\"Tiempo de lectura\" \/>\n\t<meta name=\"twitter:data2\" content=\"1 minuto\" \/>\r\n<script type=\"application\/ld+json\" class=\"yoast-schema-graph\">{\"@context\":\"https:\/\/schema.org\",\"@graph\":[{\"@type\":\"Article\",\"@id\":\"https:\/\/blogs.uninter.edu.mx\/difusioncultural\/?p=1702#article\",\"isPartOf\":{\"@id\":\"https:\/\/blogs.uninter.edu.mx\/difusioncultural\/?p=1702\"},\"author\":{\"name\":\"Aslhey Alejandra Gonz\u00e1lez Castro\",\"@id\":\"https:\/\/blogs.uninter.edu.mx\/difusioncultural\/#\/schema\/person\/c710e37686022500827405824a08a18c\"},\"headline\":\"Un mexicano entre las c\u00e1maras : Nacimiento de Gabriel Figeroa\",\"datePublished\":\"2013-04-24T00:41:03+00:00\",\"mainEntityOfPage\":{\"@id\":\"https:\/\/blogs.uninter.edu.mx\/difusioncultural\/?p=1702\"},\"wordCount\":270,\"commentCount\":0,\"publisher\":{\"@id\":\"https:\/\/blogs.uninter.edu.mx\/difusioncultural\/#organization\"},\"image\":{\"@id\":\"https:\/\/blogs.uninter.edu.mx\/difusioncultural\/?p=1702#primaryimage\"},\"thumbnailUrl\":\"https:\/\/blogs.uninter.edu.mx\/difusioncultural\/wp-content\/uploads\/2013\/04\/gabriel-figueroa-fic.jpg\",\"inLanguage\":\"es\",\"potentialAction\":[{\"@type\":\"CommentAction\",\"name\":\"Comment\",\"target\":[\"https:\/\/blogs.uninter.edu.mx\/difusioncultural\/?p=1702#respond\"]}]},{\"@type\":\"WebPage\",\"@id\":\"https:\/\/blogs.uninter.edu.mx\/difusioncultural\/?p=1702\",\"url\":\"https:\/\/blogs.uninter.edu.mx\/difusioncultural\/?p=1702\",\"name\":\"Un mexicano entre las c\u00e1maras : Nacimiento de Gabriel Figeroa - Difusi\u00f3n Cultural\",\"isPartOf\":{\"@id\":\"https:\/\/blogs.uninter.edu.mx\/difusioncultural\/#website\"},\"primaryImageOfPage\":{\"@id\":\"https:\/\/blogs.uninter.edu.mx\/difusioncultural\/?p=1702#primaryimage\"},\"image\":{\"@id\":\"https:\/\/blogs.uninter.edu.mx\/difusioncultural\/?p=1702#primaryimage\"},\"thumbnailUrl\":\"https:\/\/blogs.uninter.edu.mx\/difusioncultural\/wp-content\/uploads\/2013\/04\/gabriel-figueroa-fic.jpg\",\"datePublished\":\"2013-04-24T00:41:03+00:00\",\"breadcrumb\":{\"@id\":\"https:\/\/blogs.uninter.edu.mx\/difusioncultural\/?p=1702#breadcrumb\"},\"inLanguage\":\"es\",\"potentialAction\":[{\"@type\":\"ReadAction\",\"target\":[\"https:\/\/blogs.uninter.edu.mx\/difusioncultural\/?p=1702\"]}]},{\"@type\":\"ImageObject\",\"inLanguage\":\"es\",\"@id\":\"https:\/\/blogs.uninter.edu.mx\/difusioncultural\/?p=1702#primaryimage\",\"url\":\"https:\/\/blogs.uninter.edu.mx\/difusioncultural\/wp-content\/uploads\/2013\/04\/gabriel-figueroa-fic.jpg\",\"contentUrl\":\"https:\/\/blogs.uninter.edu.mx\/difusioncultural\/wp-content\/uploads\/2013\/04\/gabriel-figueroa-fic.jpg\",\"width\":472,\"height\":368},{\"@type\":\"BreadcrumbList\",\"@id\":\"https:\/\/blogs.uninter.edu.mx\/difusioncultural\/?p=1702#breadcrumb\",\"itemListElement\":[{\"@type\":\"ListItem\",\"position\":1,\"name\":\"Inicio\",\"item\":\"https:\/\/blogs.uninter.edu.mx\/difusioncultural\/\"},{\"@type\":\"ListItem\",\"position\":2,\"name\":\"Un mexicano entre las c\u00e1maras : Nacimiento de Gabriel Figeroa\"}]},{\"@type\":\"WebSite\",\"@id\":\"https:\/\/blogs.uninter.edu.mx\/difusioncultural\/#website\",\"url\":\"https:\/\/blogs.uninter.edu.mx\/difusioncultural\/\",\"name\":\"Difusi\u00f3n Cultural\",\"description\":\"UNINTER\",\"publisher\":{\"@id\":\"https:\/\/blogs.uninter.edu.mx\/difusioncultural\/#organization\"},\"potentialAction\":[{\"@type\":\"SearchAction\",\"target\":{\"@type\":\"EntryPoint\",\"urlTemplate\":\"https:\/\/blogs.uninter.edu.mx\/difusioncultural\/?s={search_term_string}\"},\"query-input\":{\"@type\":\"PropertyValueSpecification\",\"valueRequired\":true,\"valueName\":\"search_term_string\"}}],\"inLanguage\":\"es\"},{\"@type\":\"Organization\",\"@id\":\"https:\/\/blogs.uninter.edu.mx\/difusioncultural\/#organization\",\"name\":\"Difusi\u00f3n Cultural\",\"url\":\"https:\/\/blogs.uninter.edu.mx\/difusioncultural\/\",\"logo\":{\"@type\":\"ImageObject\",\"inLanguage\":\"es\",\"@id\":\"https:\/\/blogs.uninter.edu.mx\/difusioncultural\/#\/schema\/logo\/image\/\",\"url\":\"https:\/\/blogs.uninter.edu.mx\/difusioncultural\/wp-content\/uploads\/2022\/09\/uninter.jpg\",\"contentUrl\":\"https:\/\/blogs.uninter.edu.mx\/difusioncultural\/wp-content\/uploads\/2022\/09\/uninter.jpg\",\"width\":2048,\"height\":2048,\"caption\":\"Difusi\u00f3n Cultural\"},\"image\":{\"@id\":\"https:\/\/blogs.uninter.edu.mx\/difusioncultural\/#\/schema\/logo\/image\/\"}},{\"@type\":\"Person\",\"@id\":\"https:\/\/blogs.uninter.edu.mx\/difusioncultural\/#\/schema\/person\/c710e37686022500827405824a08a18c\",\"name\":\"Aslhey Alejandra Gonz\u00e1lez Castro\",\"image\":{\"@type\":\"ImageObject\",\"inLanguage\":\"es\",\"@id\":\"https:\/\/blogs.uninter.edu.mx\/difusioncultural\/#\/schema\/person\/image\/\",\"url\":\"https:\/\/secure.gravatar.com\/avatar\/1905d6ed47b47ccbfb53e4b64f72f2017309e25d96ef418088d4f998ecf6552e?s=96&d=mm&r=g\",\"contentUrl\":\"https:\/\/secure.gravatar.com\/avatar\/1905d6ed47b47ccbfb53e4b64f72f2017309e25d96ef418088d4f998ecf6552e?s=96&d=mm&r=g\",\"caption\":\"Aslhey Alejandra Gonz\u00e1lez Castro\"},\"url\":\"https:\/\/blogs.uninter.edu.mx\/difusioncultural\/?author=24\"}]}<\/script>\r\n<!-- \/ Yoast SEO plugin. -->","yoast_head_json":{"title":"Un mexicano entre las c\u00e1maras : Nacimiento de Gabriel Figeroa - Difusi\u00f3n Cultural","robots":{"index":"index","follow":"follow","max-snippet":"max-snippet:-1","max-image-preview":"max-image-preview:large","max-video-preview":"max-video-preview:-1"},"canonical":"https:\/\/blogs.uninter.edu.mx\/difusioncultural\/?p=1702","og_locale":"es_MX","og_type":"article","og_title":"Un mexicano entre las c\u00e1maras : Nacimiento de Gabriel Figeroa - Difusi\u00f3n Cultural","og_description":"Un d\u00eda como hoy 24 de abril de 1907 nace uno de \u00a0los mexicanos m\u00e1s representativos en el s\u00e9ptimo arte, Gabriel Figueroa, un cinefot\u00f3grafo y director de\u00a0fotograf\u00eda mexicano. Figura importante de la \u00e9poca de oro del\u00a0cine mexicano, comenz\u00f3 su carrera como fot\u00f3grafo en pel\u00edculas que narraban los sucesos de la Revoluci\u00f3n Mexicana como fue Revoluci\u00f3n&hellip;","og_url":"https:\/\/blogs.uninter.edu.mx\/difusioncultural\/?p=1702","og_site_name":"Difusi\u00f3n Cultural","article_published_time":"2013-04-24T00:41:03+00:00","og_image":[{"url":"https:\/\/blogs.uninter.edu.mx\/difusioncultural\/wp-content\/uploads\/2013\/04\/gabriel-figueroa-fic.jpg","type":"","width":"","height":""}],"author":"Aslhey Alejandra Gonz\u00e1lez Castro","twitter_card":"summary_large_image","twitter_misc":{"Escrito por":"Aslhey Alejandra Gonz\u00e1lez Castro","Tiempo de lectura":"1 minuto"},"schema":{"@context":"https:\/\/schema.org","@graph":[{"@type":"Article","@id":"https:\/\/blogs.uninter.edu.mx\/difusioncultural\/?p=1702#article","isPartOf":{"@id":"https:\/\/blogs.uninter.edu.mx\/difusioncultural\/?p=1702"},"author":{"name":"Aslhey Alejandra Gonz\u00e1lez Castro","@id":"https:\/\/blogs.uninter.edu.mx\/difusioncultural\/#\/schema\/person\/c710e37686022500827405824a08a18c"},"headline":"Un mexicano entre las c\u00e1maras : Nacimiento de Gabriel Figeroa","datePublished":"2013-04-24T00:41:03+00:00","mainEntityOfPage":{"@id":"https:\/\/blogs.uninter.edu.mx\/difusioncultural\/?p=1702"},"wordCount":270,"commentCount":0,"publisher":{"@id":"https:\/\/blogs.uninter.edu.mx\/difusioncultural\/#organization"},"image":{"@id":"https:\/\/blogs.uninter.edu.mx\/difusioncultural\/?p=1702#primaryimage"},"thumbnailUrl":"https:\/\/blogs.uninter.edu.mx\/difusioncultural\/wp-content\/uploads\/2013\/04\/gabriel-figueroa-fic.jpg","inLanguage":"es","potentialAction":[{"@type":"CommentAction","name":"Comment","target":["https:\/\/blogs.uninter.edu.mx\/difusioncultural\/?p=1702#respond"]}]},{"@type":"WebPage","@id":"https:\/\/blogs.uninter.edu.mx\/difusioncultural\/?p=1702","url":"https:\/\/blogs.uninter.edu.mx\/difusioncultural\/?p=1702","name":"Un mexicano entre las c\u00e1maras : Nacimiento de Gabriel Figeroa - Difusi\u00f3n Cultural","isPartOf":{"@id":"https:\/\/blogs.uninter.edu.mx\/difusioncultural\/#website"},"primaryImageOfPage":{"@id":"https:\/\/blogs.uninter.edu.mx\/difusioncultural\/?p=1702#primaryimage"},"image":{"@id":"https:\/\/blogs.uninter.edu.mx\/difusioncultural\/?p=1702#primaryimage"},"thumbnailUrl":"https:\/\/blogs.uninter.edu.mx\/difusioncultural\/wp-content\/uploads\/2013\/04\/gabriel-figueroa-fic.jpg","datePublished":"2013-04-24T00:41:03+00:00","breadcrumb":{"@id":"https:\/\/blogs.uninter.edu.mx\/difusioncultural\/?p=1702#breadcrumb"},"inLanguage":"es","potentialAction":[{"@type":"ReadAction","target":["https:\/\/blogs.uninter.edu.mx\/difusioncultural\/?p=1702"]}]},{"@type":"ImageObject","inLanguage":"es","@id":"https:\/\/blogs.uninter.edu.mx\/difusioncultural\/?p=1702#primaryimage","url":"https:\/\/blogs.uninter.edu.mx\/difusioncultural\/wp-content\/uploads\/2013\/04\/gabriel-figueroa-fic.jpg","contentUrl":"https:\/\/blogs.uninter.edu.mx\/difusioncultural\/wp-content\/uploads\/2013\/04\/gabriel-figueroa-fic.jpg","width":472,"height":368},{"@type":"BreadcrumbList","@id":"https:\/\/blogs.uninter.edu.mx\/difusioncultural\/?p=1702#breadcrumb","itemListElement":[{"@type":"ListItem","position":1,"name":"Inicio","item":"https:\/\/blogs.uninter.edu.mx\/difusioncultural\/"},{"@type":"ListItem","position":2,"name":"Un mexicano entre las c\u00e1maras : Nacimiento de Gabriel Figeroa"}]},{"@type":"WebSite","@id":"https:\/\/blogs.uninter.edu.mx\/difusioncultural\/#website","url":"https:\/\/blogs.uninter.edu.mx\/difusioncultural\/","name":"Difusi\u00f3n Cultural","description":"UNINTER","publisher":{"@id":"https:\/\/blogs.uninter.edu.mx\/difusioncultural\/#organization"},"potentialAction":[{"@type":"SearchAction","target":{"@type":"EntryPoint","urlTemplate":"https:\/\/blogs.uninter.edu.mx\/difusioncultural\/?s={search_term_string}"},"query-input":{"@type":"PropertyValueSpecification","valueRequired":true,"valueName":"search_term_string"}}],"inLanguage":"es"},{"@type":"Organization","@id":"https:\/\/blogs.uninter.edu.mx\/difusioncultural\/#organization","name":"Difusi\u00f3n Cultural","url":"https:\/\/blogs.uninter.edu.mx\/difusioncultural\/","logo":{"@type":"ImageObject","inLanguage":"es","@id":"https:\/\/blogs.uninter.edu.mx\/difusioncultural\/#\/schema\/logo\/image\/","url":"https:\/\/blogs.uninter.edu.mx\/difusioncultural\/wp-content\/uploads\/2022\/09\/uninter.jpg","contentUrl":"https:\/\/blogs.uninter.edu.mx\/difusioncultural\/wp-content\/uploads\/2022\/09\/uninter.jpg","width":2048,"height":2048,"caption":"Difusi\u00f3n Cultural"},"image":{"@id":"https:\/\/blogs.uninter.edu.mx\/difusioncultural\/#\/schema\/logo\/image\/"}},{"@type":"Person","@id":"https:\/\/blogs.uninter.edu.mx\/difusioncultural\/#\/schema\/person\/c710e37686022500827405824a08a18c","name":"Aslhey Alejandra Gonz\u00e1lez Castro","image":{"@type":"ImageObject","inLanguage":"es","@id":"https:\/\/blogs.uninter.edu.mx\/difusioncultural\/#\/schema\/person\/image\/","url":"https:\/\/secure.gravatar.com\/avatar\/1905d6ed47b47ccbfb53e4b64f72f2017309e25d96ef418088d4f998ecf6552e?s=96&d=mm&r=g","contentUrl":"https:\/\/secure.gravatar.com\/avatar\/1905d6ed47b47ccbfb53e4b64f72f2017309e25d96ef418088d4f998ecf6552e?s=96&d=mm&r=g","caption":"Aslhey Alejandra Gonz\u00e1lez Castro"},"url":"https:\/\/blogs.uninter.edu.mx\/difusioncultural\/?author=24"}]}},"jetpack_publicize_connections":[],"jetpack_featured_media_url":"","jetpack_sharing_enabled":true,"_links":{"self":[{"href":"https:\/\/blogs.uninter.edu.mx\/difusioncultural\/index.php?rest_route=\/wp\/v2\/posts\/1702","targetHints":{"allow":["GET"]}}],"collection":[{"href":"https:\/\/blogs.uninter.edu.mx\/difusioncultural\/index.php?rest_route=\/wp\/v2\/posts"}],"about":[{"href":"https:\/\/blogs.uninter.edu.mx\/difusioncultural\/index.php?rest_route=\/wp\/v2\/types\/post"}],"author":[{"embeddable":true,"href":"https:\/\/blogs.uninter.edu.mx\/difusioncultural\/index.php?rest_route=\/wp\/v2\/users\/24"}],"replies":[{"embeddable":true,"href":"https:\/\/blogs.uninter.edu.mx\/difusioncultural\/index.php?rest_route=%2Fwp%2Fv2%2Fcomments&post=1702"}],"version-history":[{"count":0,"href":"https:\/\/blogs.uninter.edu.mx\/difusioncultural\/index.php?rest_route=\/wp\/v2\/posts\/1702\/revisions"}],"wp:attachment":[{"href":"https:\/\/blogs.uninter.edu.mx\/difusioncultural\/index.php?rest_route=%2Fwp%2Fv2%2Fmedia&parent=1702"}],"wp:term":[{"taxonomy":"category","embeddable":true,"href":"https:\/\/blogs.uninter.edu.mx\/difusioncultural\/index.php?rest_route=%2Fwp%2Fv2%2Fcategories&post=1702"},{"taxonomy":"post_tag","embeddable":true,"href":"https:\/\/blogs.uninter.edu.mx\/difusioncultural\/index.php?rest_route=%2Fwp%2Fv2%2Ftags&post=1702"}],"curies":[{"name":"wp","href":"https:\/\/api.w.org\/{rel}","templated":true}]}}