{"id":179,"date":"2011-10-21T20:03:25","date_gmt":"2011-10-21T20:03:25","guid":{"rendered":"http:\/\/difusionculturaluninter.wordpress.com\/?p=179"},"modified":"2026-04-30T18:00:39","modified_gmt":"2026-04-30T18:00:39","slug":"jornadas-culturales-cultura-tradicion-y-alcance-contemporaneo","status":"publish","type":"post","link":"https:\/\/blogs.uninter.edu.mx\/difusioncultural\/?p=179","title":{"rendered":"Jornadas Culturales &#8220;Cultura, Tradici\u00f3n y Alcance Contempor\u00e1neo&#8221;"},"content":{"rendered":"<p>Del 07 al 09 de diciembre del 2010, se llevaron a cabo las Jornadas Culturales UNINTER 2010; teniendo un programa de talleres, conferencias, clases magistrales, exposiciones, y presentaciones de m\u00fasica, danza y teatro.<\/p>\n<p>Las Jornadas contaron con el apoyo del Instituto de Cultura de Morelos y del Centro Cultural Infantil \u201cLa Vecindad\u201d.<\/p>\n<p>Se cont\u00f3 con la presencia de expositores y conferencistas como:<\/p>\n<ul>\n<li>Mtro. X\u00f3lotl Polo (pintor)<\/li>\n<li>Luis Morales (Primer bailar\u00edn del Ballet de C\u00e1mara del Estado de Morelos)<\/li>\n<li>Mtra. Silvia Susarrey (Co-Fundadora de la Escuela Nacional de Danza Cl\u00e1sica)<\/li>\n<li>Constanza Herrera (Taller de Clown), Cristina Mart\u00ednez (artista pl\u00e1stico y caricaturista)<\/li>\n<li>Alejandro L\u00f3pez (bailar\u00edn de Danza Contempor\u00e1nea).<\/li>\n<\/ul>\n<p>Dentro de las actividades de las Jornadas Culturales se tuvo:<\/p>\n<ul>\n<li>Taller de Sexualidad en el Arte<\/li>\n<li>Taller Clown<\/li>\n<li>Taller de Acercamiento al Teatro<\/li>\n<li>Muestra de Obra de Teatro (Lat\u00edn)<\/li>\n<li>Taller de Creatividad en el Arte<\/li>\n<li>Taller de Expresi\u00f3n Esc\u00e9nica<\/li>\n<li>Conferencia de Danza Cl\u00e1sica<\/li>\n<li>Taller de Terapia en la Danza<\/li>\n<li>Exhibici\u00f3n de Danza Irlandesa<\/li>\n<li>Guitarra, Capoeira<\/li>\n<li>Kick Boxing<\/li>\n<\/ul>\n<p>Se realiz\u00f3 un homenaje al Mtro. X\u00f3lotl Polo, por sus 25 a\u00f1os de carrera como Pintor y Artista del Estado de Morelos. De igual manera un merecido homenaje a la Mtra. Silvia Susarrey, por sus casi 30 a\u00f1os de Trayectoria Art\u00edstica Nacional como Bailarina, Core\u00f3grafa, Investigadora y Docente de la Danza Cl\u00e1sica en M\u00e9xico y el extranjero.<\/p>\n\n\n<p><\/p>\n","protected":false},"excerpt":{"rendered":"<p>Del 07 al 09 de diciembre del 2010, se llevaron a cabo las Jornadas Culturales UNINTER 2010; teniendo un programa de talleres, conferencias, clases magistrales, exposiciones, y presentaciones de m\u00fasica, danza y teatro. Las Jornadas contaron con el apoyo del Instituto de Cultura de Morelos y del Centro Cultural Infantil \u201cLa Vecindad\u201d. Se cont\u00f3 con&hellip;<\/p>\n","protected":false},"author":24,"featured_media":0,"comment_status":"open","ping_status":"open","sticky":false,"template":"","format":"standard","meta":{"_jetpack_memberships_contains_paid_content":false,"footnotes":"","jetpack_publicize_message":"","jetpack_publicize_feature_enabled":true,"jetpack_social_post_already_shared":false,"jetpack_social_options":{"image_generator_settings":{"template":"highway","default_image_id":0,"font":"","enabled":false},"version":2}},"categories":[1],"tags":[],"class_list":["post-179","post","type-post","status-publish","format-standard","hentry","category-sin-categoria"],"yoast_head":"<!-- This site is optimized with the Yoast SEO plugin v26.3 - https:\/\/yoast.com\/wordpress\/plugins\/seo\/ -->\r\n<title>Jornadas Culturales &quot;Cultura, Tradici\u00f3n y Alcance Contempor\u00e1neo&quot; - Difusi\u00f3n Cultural<\/title>\r\n<meta name=\"description\" content=\"rograma de talleres, conferencias, clases magistrales, exposiciones, y presentaciones de m\u00fasica, danza y teatro.\" \/>\r\n<meta name=\"robots\" content=\"index, follow, max-snippet:-1, max-image-preview:large, max-video-preview:-1\" \/>\r\n<link rel=\"canonical\" href=\"https:\/\/blogs.uninter.edu.mx\/difusioncultural\/?p=179\" \/>\r\n<meta property=\"og:locale\" content=\"es_MX\" \/>\r\n<meta property=\"og:type\" content=\"article\" \/>\r\n<meta property=\"og:title\" content=\"Jornadas Culturales &quot;Cultura, Tradici\u00f3n y Alcance Contempor\u00e1neo&quot; - Difusi\u00f3n Cultural\" \/>\r\n<meta property=\"og:description\" content=\"rograma de talleres, conferencias, clases magistrales, exposiciones, y presentaciones de m\u00fasica, danza y teatro.\" \/>\r\n<meta property=\"og:url\" content=\"https:\/\/blogs.uninter.edu.mx\/difusioncultural\/?p=179\" \/>\r\n<meta property=\"og:site_name\" content=\"Difusi\u00f3n Cultural\" \/>\r\n<meta property=\"article:published_time\" content=\"2011-10-21T20:03:25+00:00\" \/>\r\n<meta property=\"article:modified_time\" content=\"2026-04-30T18:00:39+00:00\" \/>\r\n<meta name=\"author\" content=\"Aslhey Alejandra Gonz\u00e1lez Castro\" \/>\r\n<meta name=\"twitter:card\" content=\"summary_large_image\" \/>\r\n<meta name=\"twitter:label1\" content=\"Escrito por\" \/>\n\t<meta name=\"twitter:data1\" content=\"Aslhey Alejandra Gonz\u00e1lez Castro\" \/>\n\t<meta name=\"twitter:label2\" content=\"Tiempo de lectura\" \/>\n\t<meta name=\"twitter:data2\" content=\"2 minutos\" \/>\r\n<script type=\"application\/ld+json\" class=\"yoast-schema-graph\">{\"@context\":\"https:\/\/schema.org\",\"@graph\":[{\"@type\":\"Article\",\"@id\":\"https:\/\/blogs.uninter.edu.mx\/difusioncultural\/?p=179#article\",\"isPartOf\":{\"@id\":\"https:\/\/blogs.uninter.edu.mx\/difusioncultural\/?p=179\"},\"author\":{\"name\":\"Aslhey Alejandra Gonz\u00e1lez Castro\",\"@id\":\"https:\/\/blogs.uninter.edu.mx\/difusioncultural\/#\/schema\/person\/c710e37686022500827405824a08a18c\"},\"headline\":\"Jornadas Culturales &#8220;Cultura, Tradici\u00f3n y Alcance Contempor\u00e1neo&#8221;\",\"datePublished\":\"2011-10-21T20:03:25+00:00\",\"dateModified\":\"2026-04-30T18:00:39+00:00\",\"mainEntityOfPage\":{\"@id\":\"https:\/\/blogs.uninter.edu.mx\/difusioncultural\/?p=179\"},\"wordCount\":245,\"commentCount\":0,\"publisher\":{\"@id\":\"https:\/\/blogs.uninter.edu.mx\/difusioncultural\/#organization\"},\"inLanguage\":\"es\",\"potentialAction\":[{\"@type\":\"CommentAction\",\"name\":\"Comment\",\"target\":[\"https:\/\/blogs.uninter.edu.mx\/difusioncultural\/?p=179#respond\"]}]},{\"@type\":\"WebPage\",\"@id\":\"https:\/\/blogs.uninter.edu.mx\/difusioncultural\/?p=179\",\"url\":\"https:\/\/blogs.uninter.edu.mx\/difusioncultural\/?p=179\",\"name\":\"Jornadas Culturales \\\"Cultura, Tradici\u00f3n y Alcance Contempor\u00e1neo\\\" - Difusi\u00f3n Cultural\",\"isPartOf\":{\"@id\":\"https:\/\/blogs.uninter.edu.mx\/difusioncultural\/#website\"},\"datePublished\":\"2011-10-21T20:03:25+00:00\",\"dateModified\":\"2026-04-30T18:00:39+00:00\",\"description\":\"rograma de talleres, conferencias, clases magistrales, exposiciones, y presentaciones de m\u00fasica, danza y teatro.\",\"breadcrumb\":{\"@id\":\"https:\/\/blogs.uninter.edu.mx\/difusioncultural\/?p=179#breadcrumb\"},\"inLanguage\":\"es\",\"potentialAction\":[{\"@type\":\"ReadAction\",\"target\":[\"https:\/\/blogs.uninter.edu.mx\/difusioncultural\/?p=179\"]}]},{\"@type\":\"BreadcrumbList\",\"@id\":\"https:\/\/blogs.uninter.edu.mx\/difusioncultural\/?p=179#breadcrumb\",\"itemListElement\":[{\"@type\":\"ListItem\",\"position\":1,\"name\":\"Inicio\",\"item\":\"https:\/\/blogs.uninter.edu.mx\/difusioncultural\/\"},{\"@type\":\"ListItem\",\"position\":2,\"name\":\"Jornadas Culturales &#8220;Cultura, Tradici\u00f3n y Alcance Contempor\u00e1neo&#8221;\"}]},{\"@type\":\"WebSite\",\"@id\":\"https:\/\/blogs.uninter.edu.mx\/difusioncultural\/#website\",\"url\":\"https:\/\/blogs.uninter.edu.mx\/difusioncultural\/\",\"name\":\"Difusi\u00f3n Cultural\",\"description\":\"UNINTER\",\"publisher\":{\"@id\":\"https:\/\/blogs.uninter.edu.mx\/difusioncultural\/#organization\"},\"potentialAction\":[{\"@type\":\"SearchAction\",\"target\":{\"@type\":\"EntryPoint\",\"urlTemplate\":\"https:\/\/blogs.uninter.edu.mx\/difusioncultural\/?s={search_term_string}\"},\"query-input\":{\"@type\":\"PropertyValueSpecification\",\"valueRequired\":true,\"valueName\":\"search_term_string\"}}],\"inLanguage\":\"es\"},{\"@type\":\"Organization\",\"@id\":\"https:\/\/blogs.uninter.edu.mx\/difusioncultural\/#organization\",\"name\":\"Difusi\u00f3n Cultural\",\"url\":\"https:\/\/blogs.uninter.edu.mx\/difusioncultural\/\",\"logo\":{\"@type\":\"ImageObject\",\"inLanguage\":\"es\",\"@id\":\"https:\/\/blogs.uninter.edu.mx\/difusioncultural\/#\/schema\/logo\/image\/\",\"url\":\"https:\/\/blogs.uninter.edu.mx\/difusioncultural\/wp-content\/uploads\/2022\/09\/uninter.jpg\",\"contentUrl\":\"https:\/\/blogs.uninter.edu.mx\/difusioncultural\/wp-content\/uploads\/2022\/09\/uninter.jpg\",\"width\":2048,\"height\":2048,\"caption\":\"Difusi\u00f3n Cultural\"},\"image\":{\"@id\":\"https:\/\/blogs.uninter.edu.mx\/difusioncultural\/#\/schema\/logo\/image\/\"}},{\"@type\":\"Person\",\"@id\":\"https:\/\/blogs.uninter.edu.mx\/difusioncultural\/#\/schema\/person\/c710e37686022500827405824a08a18c\",\"name\":\"Aslhey Alejandra Gonz\u00e1lez Castro\",\"image\":{\"@type\":\"ImageObject\",\"inLanguage\":\"es\",\"@id\":\"https:\/\/blogs.uninter.edu.mx\/difusioncultural\/#\/schema\/person\/image\/\",\"url\":\"https:\/\/secure.gravatar.com\/avatar\/1905d6ed47b47ccbfb53e4b64f72f2017309e25d96ef418088d4f998ecf6552e?s=96&d=mm&r=g\",\"contentUrl\":\"https:\/\/secure.gravatar.com\/avatar\/1905d6ed47b47ccbfb53e4b64f72f2017309e25d96ef418088d4f998ecf6552e?s=96&d=mm&r=g\",\"caption\":\"Aslhey Alejandra Gonz\u00e1lez Castro\"},\"url\":\"https:\/\/blogs.uninter.edu.mx\/difusioncultural\/?author=24\"}]}<\/script>\r\n<!-- \/ Yoast SEO plugin. -->","yoast_head_json":{"title":"Jornadas Culturales \"Cultura, Tradici\u00f3n y Alcance Contempor\u00e1neo\" - Difusi\u00f3n Cultural","description":"rograma de talleres, conferencias, clases magistrales, exposiciones, y presentaciones de m\u00fasica, danza y teatro.","robots":{"index":"index","follow":"follow","max-snippet":"max-snippet:-1","max-image-preview":"max-image-preview:large","max-video-preview":"max-video-preview:-1"},"canonical":"https:\/\/blogs.uninter.edu.mx\/difusioncultural\/?p=179","og_locale":"es_MX","og_type":"article","og_title":"Jornadas Culturales \"Cultura, Tradici\u00f3n y Alcance Contempor\u00e1neo\" - Difusi\u00f3n Cultural","og_description":"rograma de talleres, conferencias, clases magistrales, exposiciones, y presentaciones de m\u00fasica, danza y teatro.","og_url":"https:\/\/blogs.uninter.edu.mx\/difusioncultural\/?p=179","og_site_name":"Difusi\u00f3n Cultural","article_published_time":"2011-10-21T20:03:25+00:00","article_modified_time":"2026-04-30T18:00:39+00:00","author":"Aslhey Alejandra Gonz\u00e1lez Castro","twitter_card":"summary_large_image","twitter_misc":{"Escrito por":"Aslhey Alejandra Gonz\u00e1lez Castro","Tiempo de lectura":"2 minutos"},"schema":{"@context":"https:\/\/schema.org","@graph":[{"@type":"Article","@id":"https:\/\/blogs.uninter.edu.mx\/difusioncultural\/?p=179#article","isPartOf":{"@id":"https:\/\/blogs.uninter.edu.mx\/difusioncultural\/?p=179"},"author":{"name":"Aslhey Alejandra Gonz\u00e1lez Castro","@id":"https:\/\/blogs.uninter.edu.mx\/difusioncultural\/#\/schema\/person\/c710e37686022500827405824a08a18c"},"headline":"Jornadas Culturales &#8220;Cultura, Tradici\u00f3n y Alcance Contempor\u00e1neo&#8221;","datePublished":"2011-10-21T20:03:25+00:00","dateModified":"2026-04-30T18:00:39+00:00","mainEntityOfPage":{"@id":"https:\/\/blogs.uninter.edu.mx\/difusioncultural\/?p=179"},"wordCount":245,"commentCount":0,"publisher":{"@id":"https:\/\/blogs.uninter.edu.mx\/difusioncultural\/#organization"},"inLanguage":"es","potentialAction":[{"@type":"CommentAction","name":"Comment","target":["https:\/\/blogs.uninter.edu.mx\/difusioncultural\/?p=179#respond"]}]},{"@type":"WebPage","@id":"https:\/\/blogs.uninter.edu.mx\/difusioncultural\/?p=179","url":"https:\/\/blogs.uninter.edu.mx\/difusioncultural\/?p=179","name":"Jornadas Culturales \"Cultura, Tradici\u00f3n y Alcance Contempor\u00e1neo\" - Difusi\u00f3n Cultural","isPartOf":{"@id":"https:\/\/blogs.uninter.edu.mx\/difusioncultural\/#website"},"datePublished":"2011-10-21T20:03:25+00:00","dateModified":"2026-04-30T18:00:39+00:00","description":"rograma de talleres, conferencias, clases magistrales, exposiciones, y presentaciones de m\u00fasica, danza y teatro.","breadcrumb":{"@id":"https:\/\/blogs.uninter.edu.mx\/difusioncultural\/?p=179#breadcrumb"},"inLanguage":"es","potentialAction":[{"@type":"ReadAction","target":["https:\/\/blogs.uninter.edu.mx\/difusioncultural\/?p=179"]}]},{"@type":"BreadcrumbList","@id":"https:\/\/blogs.uninter.edu.mx\/difusioncultural\/?p=179#breadcrumb","itemListElement":[{"@type":"ListItem","position":1,"name":"Inicio","item":"https:\/\/blogs.uninter.edu.mx\/difusioncultural\/"},{"@type":"ListItem","position":2,"name":"Jornadas Culturales &#8220;Cultura, Tradici\u00f3n y Alcance Contempor\u00e1neo&#8221;"}]},{"@type":"WebSite","@id":"https:\/\/blogs.uninter.edu.mx\/difusioncultural\/#website","url":"https:\/\/blogs.uninter.edu.mx\/difusioncultural\/","name":"Difusi\u00f3n Cultural","description":"UNINTER","publisher":{"@id":"https:\/\/blogs.uninter.edu.mx\/difusioncultural\/#organization"},"potentialAction":[{"@type":"SearchAction","target":{"@type":"EntryPoint","urlTemplate":"https:\/\/blogs.uninter.edu.mx\/difusioncultural\/?s={search_term_string}"},"query-input":{"@type":"PropertyValueSpecification","valueRequired":true,"valueName":"search_term_string"}}],"inLanguage":"es"},{"@type":"Organization","@id":"https:\/\/blogs.uninter.edu.mx\/difusioncultural\/#organization","name":"Difusi\u00f3n Cultural","url":"https:\/\/blogs.uninter.edu.mx\/difusioncultural\/","logo":{"@type":"ImageObject","inLanguage":"es","@id":"https:\/\/blogs.uninter.edu.mx\/difusioncultural\/#\/schema\/logo\/image\/","url":"https:\/\/blogs.uninter.edu.mx\/difusioncultural\/wp-content\/uploads\/2022\/09\/uninter.jpg","contentUrl":"https:\/\/blogs.uninter.edu.mx\/difusioncultural\/wp-content\/uploads\/2022\/09\/uninter.jpg","width":2048,"height":2048,"caption":"Difusi\u00f3n Cultural"},"image":{"@id":"https:\/\/blogs.uninter.edu.mx\/difusioncultural\/#\/schema\/logo\/image\/"}},{"@type":"Person","@id":"https:\/\/blogs.uninter.edu.mx\/difusioncultural\/#\/schema\/person\/c710e37686022500827405824a08a18c","name":"Aslhey Alejandra Gonz\u00e1lez Castro","image":{"@type":"ImageObject","inLanguage":"es","@id":"https:\/\/blogs.uninter.edu.mx\/difusioncultural\/#\/schema\/person\/image\/","url":"https:\/\/secure.gravatar.com\/avatar\/1905d6ed47b47ccbfb53e4b64f72f2017309e25d96ef418088d4f998ecf6552e?s=96&d=mm&r=g","contentUrl":"https:\/\/secure.gravatar.com\/avatar\/1905d6ed47b47ccbfb53e4b64f72f2017309e25d96ef418088d4f998ecf6552e?s=96&d=mm&r=g","caption":"Aslhey Alejandra Gonz\u00e1lez Castro"},"url":"https:\/\/blogs.uninter.edu.mx\/difusioncultural\/?author=24"}]}},"jetpack_publicize_connections":[],"jetpack_featured_media_url":"","jetpack_sharing_enabled":true,"_links":{"self":[{"href":"https:\/\/blogs.uninter.edu.mx\/difusioncultural\/index.php?rest_route=\/wp\/v2\/posts\/179","targetHints":{"allow":["GET"]}}],"collection":[{"href":"https:\/\/blogs.uninter.edu.mx\/difusioncultural\/index.php?rest_route=\/wp\/v2\/posts"}],"about":[{"href":"https:\/\/blogs.uninter.edu.mx\/difusioncultural\/index.php?rest_route=\/wp\/v2\/types\/post"}],"author":[{"embeddable":true,"href":"https:\/\/blogs.uninter.edu.mx\/difusioncultural\/index.php?rest_route=\/wp\/v2\/users\/24"}],"replies":[{"embeddable":true,"href":"https:\/\/blogs.uninter.edu.mx\/difusioncultural\/index.php?rest_route=%2Fwp%2Fv2%2Fcomments&post=179"}],"version-history":[{"count":3,"href":"https:\/\/blogs.uninter.edu.mx\/difusioncultural\/index.php?rest_route=\/wp\/v2\/posts\/179\/revisions"}],"predecessor-version":[{"id":11118,"href":"https:\/\/blogs.uninter.edu.mx\/difusioncultural\/index.php?rest_route=\/wp\/v2\/posts\/179\/revisions\/11118"}],"wp:attachment":[{"href":"https:\/\/blogs.uninter.edu.mx\/difusioncultural\/index.php?rest_route=%2Fwp%2Fv2%2Fmedia&parent=179"}],"wp:term":[{"taxonomy":"category","embeddable":true,"href":"https:\/\/blogs.uninter.edu.mx\/difusioncultural\/index.php?rest_route=%2Fwp%2Fv2%2Fcategories&post=179"},{"taxonomy":"post_tag","embeddable":true,"href":"https:\/\/blogs.uninter.edu.mx\/difusioncultural\/index.php?rest_route=%2Fwp%2Fv2%2Ftags&post=179"}],"curies":[{"name":"wp","href":"https:\/\/api.w.org\/{rel}","templated":true}]}}