{"id":1803,"date":"2013-06-04T14:22:14","date_gmt":"2013-06-04T14:22:14","guid":{"rendered":"http:\/\/difusionculturaluninter.wordpress.com\/?p=1803"},"modified":"2013-06-04T14:22:14","modified_gmt":"2013-06-04T14:22:14","slug":"la-musica-para-combatir-la-violencia-entre-lo-jovenes","status":"publish","type":"post","link":"https:\/\/blogs.uninter.edu.mx\/difusioncultural\/?p=1803","title":{"rendered":"La m\u00fasica para combatir la violencia entre lo j\u00f3venes"},"content":{"rendered":"<p>Paralelo a las acciones policiacas para combatir la violencia, el Gobierno del Estado present\u00f3 otro programa destinado a mejorar la calidad\u00a0de vida: una estrategia que dotar\u00e1 de instrumentos musicales y ense\u00f1anza art\u00edstica a ni\u00f1os y j\u00f3venes de siete a 17 a\u00f1os, con lo que la autoridad estatal espera alejarlos de actos delincuenciales.<\/p>\n<p>Se trata de &#8220;ECOS, M\u00fasica para el desarrollo&#8221;. El programa arrancar\u00e1 en tres municipios que ya firmaron convenio con el Ejecutivo estatal: Tlajomulco, Tuxpan y Poncitl\u00e1n. En presencia de los alcaldes de los dos primeros municipios y de un representante del tercero, el gobernador Arist\u00f3teles Sandoval explic\u00f3 el alcance que busca tener esta estrategia: &#8220;Todos los ni\u00f1os son creadores en potencia, es s\u00f3lo cuesti\u00f3n de cultivarlos, de invitarlos a que tengan esta oportunidadpara que cada ni\u00f1o en Jalisco pueda tener acceso a la cultura (&#8230;) ser\u00e1 la diferencia entre un ni\u00f1o que enfoque sus energ\u00edas en aprender habilidades musicales o que se desv\u00ede hacia el desinter\u00e9s escolar, la violencia o depresi\u00f3n que tanto afectan a los ni\u00f1os y j\u00f3venes&#8221;.<\/p>\n<p>El programa tiene como objetivo crear una red estatal de coros y orquestas sinf\u00f3nicas universitarias, en las que habr\u00e1 una cooperaci\u00f3n entre el Estado y los municipios; mientras el primero se encargar\u00e1 de dar los instrumentos musicales y de operar los centros de formaci\u00f3n musical, los segundos tendr\u00e1n la responsabilidad de dar mantenimiento a los instrumentos y de disponer el edificio -para el cual no hay especificaciones especiales-, as\u00ed como el inmobiliario que sea necesario.<\/p>\n<p>La funcionaria estatal puso \u00e9nfasis en que ECOS operar\u00e1 orquestas sinf\u00f3nicas, bandas sinf\u00f3nicas, orquestas de cuerdas y bandas orquesta, al igual que coros y ensambles de mariachi. Afirm\u00f3: &#8220;Los ensambles comunitarios rescatan a los j\u00f3venes del ocio mal encausado&#8221;.<\/p>\n<p>&nbsp;<\/p>\n<p style=\"text-align:center;\"><img fetchpriority=\"high\" decoding=\"async\" class=\"aligncenter\" alt=\"\" src=\"http:\/\/img.informador.com.mx\/biblioteca\/imagen\/370x277\/913\/912955.jpg\" width=\"370\" height=\"277\" \/><\/p>\n","protected":false},"excerpt":{"rendered":"<p>Paralelo a las acciones policiacas para combatir la violencia, el Gobierno del Estado present\u00f3 otro programa destinado a mejorar la calidad\u00a0de vida: una estrategia que dotar\u00e1 de instrumentos musicales y ense\u00f1anza art\u00edstica a ni\u00f1os y j\u00f3venes de siete a 17 a\u00f1os, con lo que la autoridad estatal espera alejarlos de actos delincuenciales. Se trata de&hellip;<\/p>\n","protected":false},"author":24,"featured_media":0,"comment_status":"open","ping_status":"open","sticky":false,"template":"","format":"standard","meta":{"_jetpack_memberships_contains_paid_content":false,"footnotes":"","jetpack_publicize_message":"","jetpack_publicize_feature_enabled":true,"jetpack_social_post_already_shared":false,"jetpack_social_options":{"image_generator_settings":{"template":"highway","default_image_id":0,"font":"","enabled":false},"version":2}},"categories":[1],"tags":[],"class_list":["post-1803","post","type-post","status-publish","format-standard","hentry","category-sin-categoria"],"yoast_head":"<!-- This site is optimized with the Yoast SEO plugin v26.3 - https:\/\/yoast.com\/wordpress\/plugins\/seo\/ -->\r\n<title>La m\u00fasica para combatir la violencia entre lo j\u00f3venes - Difusi\u00f3n Cultural<\/title>\r\n<meta name=\"robots\" content=\"index, follow, max-snippet:-1, max-image-preview:large, max-video-preview:-1\" \/>\r\n<link rel=\"canonical\" href=\"https:\/\/blogs.uninter.edu.mx\/difusioncultural\/?p=1803\" \/>\r\n<meta property=\"og:locale\" content=\"es_MX\" \/>\r\n<meta property=\"og:type\" content=\"article\" \/>\r\n<meta property=\"og:title\" content=\"La m\u00fasica para combatir la violencia entre lo j\u00f3venes - Difusi\u00f3n Cultural\" \/>\r\n<meta property=\"og:description\" content=\"Paralelo a las acciones policiacas para combatir la violencia, el Gobierno del Estado present\u00f3 otro programa destinado a mejorar la calidad\u00a0de vida: una estrategia que dotar\u00e1 de instrumentos musicales y ense\u00f1anza art\u00edstica a ni\u00f1os y j\u00f3venes de siete a 17 a\u00f1os, con lo que la autoridad estatal espera alejarlos de actos delincuenciales. Se trata de&hellip;\" \/>\r\n<meta property=\"og:url\" content=\"https:\/\/blogs.uninter.edu.mx\/difusioncultural\/?p=1803\" \/>\r\n<meta property=\"og:site_name\" content=\"Difusi\u00f3n Cultural\" \/>\r\n<meta property=\"article:published_time\" content=\"2013-06-04T14:22:14+00:00\" \/>\r\n<meta property=\"og:image\" content=\"http:\/\/img.informador.com.mx\/biblioteca\/imagen\/370x277\/913\/912955.jpg\" \/>\r\n<meta name=\"author\" content=\"Aslhey Alejandra Gonz\u00e1lez Castro\" \/>\r\n<meta name=\"twitter:card\" content=\"summary_large_image\" \/>\r\n<meta name=\"twitter:label1\" content=\"Escrito por\" \/>\n\t<meta name=\"twitter:data1\" content=\"Aslhey Alejandra Gonz\u00e1lez Castro\" \/>\n\t<meta name=\"twitter:label2\" content=\"Tiempo de lectura\" \/>\n\t<meta name=\"twitter:data2\" content=\"2 minutos\" \/>\r\n<script type=\"application\/ld+json\" class=\"yoast-schema-graph\">{\"@context\":\"https:\/\/schema.org\",\"@graph\":[{\"@type\":\"Article\",\"@id\":\"https:\/\/blogs.uninter.edu.mx\/difusioncultural\/?p=1803#article\",\"isPartOf\":{\"@id\":\"https:\/\/blogs.uninter.edu.mx\/difusioncultural\/?p=1803\"},\"author\":{\"name\":\"Aslhey Alejandra Gonz\u00e1lez Castro\",\"@id\":\"https:\/\/blogs.uninter.edu.mx\/difusioncultural\/#\/schema\/person\/c710e37686022500827405824a08a18c\"},\"headline\":\"La m\u00fasica para combatir la violencia entre lo j\u00f3venes\",\"datePublished\":\"2013-06-04T14:22:14+00:00\",\"mainEntityOfPage\":{\"@id\":\"https:\/\/blogs.uninter.edu.mx\/difusioncultural\/?p=1803\"},\"wordCount\":322,\"commentCount\":0,\"publisher\":{\"@id\":\"https:\/\/blogs.uninter.edu.mx\/difusioncultural\/#organization\"},\"image\":{\"@id\":\"https:\/\/blogs.uninter.edu.mx\/difusioncultural\/?p=1803#primaryimage\"},\"thumbnailUrl\":\"http:\/\/img.informador.com.mx\/biblioteca\/imagen\/370x277\/913\/912955.jpg\",\"inLanguage\":\"es\",\"potentialAction\":[{\"@type\":\"CommentAction\",\"name\":\"Comment\",\"target\":[\"https:\/\/blogs.uninter.edu.mx\/difusioncultural\/?p=1803#respond\"]}]},{\"@type\":\"WebPage\",\"@id\":\"https:\/\/blogs.uninter.edu.mx\/difusioncultural\/?p=1803\",\"url\":\"https:\/\/blogs.uninter.edu.mx\/difusioncultural\/?p=1803\",\"name\":\"La m\u00fasica para combatir la violencia entre lo j\u00f3venes - Difusi\u00f3n Cultural\",\"isPartOf\":{\"@id\":\"https:\/\/blogs.uninter.edu.mx\/difusioncultural\/#website\"},\"primaryImageOfPage\":{\"@id\":\"https:\/\/blogs.uninter.edu.mx\/difusioncultural\/?p=1803#primaryimage\"},\"image\":{\"@id\":\"https:\/\/blogs.uninter.edu.mx\/difusioncultural\/?p=1803#primaryimage\"},\"thumbnailUrl\":\"http:\/\/img.informador.com.mx\/biblioteca\/imagen\/370x277\/913\/912955.jpg\",\"datePublished\":\"2013-06-04T14:22:14+00:00\",\"breadcrumb\":{\"@id\":\"https:\/\/blogs.uninter.edu.mx\/difusioncultural\/?p=1803#breadcrumb\"},\"inLanguage\":\"es\",\"potentialAction\":[{\"@type\":\"ReadAction\",\"target\":[\"https:\/\/blogs.uninter.edu.mx\/difusioncultural\/?p=1803\"]}]},{\"@type\":\"ImageObject\",\"inLanguage\":\"es\",\"@id\":\"https:\/\/blogs.uninter.edu.mx\/difusioncultural\/?p=1803#primaryimage\",\"url\":\"http:\/\/img.informador.com.mx\/biblioteca\/imagen\/370x277\/913\/912955.jpg\",\"contentUrl\":\"http:\/\/img.informador.com.mx\/biblioteca\/imagen\/370x277\/913\/912955.jpg\"},{\"@type\":\"BreadcrumbList\",\"@id\":\"https:\/\/blogs.uninter.edu.mx\/difusioncultural\/?p=1803#breadcrumb\",\"itemListElement\":[{\"@type\":\"ListItem\",\"position\":1,\"name\":\"Inicio\",\"item\":\"https:\/\/blogs.uninter.edu.mx\/difusioncultural\/\"},{\"@type\":\"ListItem\",\"position\":2,\"name\":\"La m\u00fasica para combatir la violencia entre lo j\u00f3venes\"}]},{\"@type\":\"WebSite\",\"@id\":\"https:\/\/blogs.uninter.edu.mx\/difusioncultural\/#website\",\"url\":\"https:\/\/blogs.uninter.edu.mx\/difusioncultural\/\",\"name\":\"Difusi\u00f3n Cultural\",\"description\":\"UNINTER\",\"publisher\":{\"@id\":\"https:\/\/blogs.uninter.edu.mx\/difusioncultural\/#organization\"},\"potentialAction\":[{\"@type\":\"SearchAction\",\"target\":{\"@type\":\"EntryPoint\",\"urlTemplate\":\"https:\/\/blogs.uninter.edu.mx\/difusioncultural\/?s={search_term_string}\"},\"query-input\":{\"@type\":\"PropertyValueSpecification\",\"valueRequired\":true,\"valueName\":\"search_term_string\"}}],\"inLanguage\":\"es\"},{\"@type\":\"Organization\",\"@id\":\"https:\/\/blogs.uninter.edu.mx\/difusioncultural\/#organization\",\"name\":\"Difusi\u00f3n Cultural\",\"url\":\"https:\/\/blogs.uninter.edu.mx\/difusioncultural\/\",\"logo\":{\"@type\":\"ImageObject\",\"inLanguage\":\"es\",\"@id\":\"https:\/\/blogs.uninter.edu.mx\/difusioncultural\/#\/schema\/logo\/image\/\",\"url\":\"https:\/\/blogs.uninter.edu.mx\/difusioncultural\/wp-content\/uploads\/2022\/09\/uninter.jpg\",\"contentUrl\":\"https:\/\/blogs.uninter.edu.mx\/difusioncultural\/wp-content\/uploads\/2022\/09\/uninter.jpg\",\"width\":2048,\"height\":2048,\"caption\":\"Difusi\u00f3n Cultural\"},\"image\":{\"@id\":\"https:\/\/blogs.uninter.edu.mx\/difusioncultural\/#\/schema\/logo\/image\/\"}},{\"@type\":\"Person\",\"@id\":\"https:\/\/blogs.uninter.edu.mx\/difusioncultural\/#\/schema\/person\/c710e37686022500827405824a08a18c\",\"name\":\"Aslhey Alejandra Gonz\u00e1lez Castro\",\"image\":{\"@type\":\"ImageObject\",\"inLanguage\":\"es\",\"@id\":\"https:\/\/blogs.uninter.edu.mx\/difusioncultural\/#\/schema\/person\/image\/\",\"url\":\"https:\/\/secure.gravatar.com\/avatar\/1905d6ed47b47ccbfb53e4b64f72f2017309e25d96ef418088d4f998ecf6552e?s=96&d=mm&r=g\",\"contentUrl\":\"https:\/\/secure.gravatar.com\/avatar\/1905d6ed47b47ccbfb53e4b64f72f2017309e25d96ef418088d4f998ecf6552e?s=96&d=mm&r=g\",\"caption\":\"Aslhey Alejandra Gonz\u00e1lez Castro\"},\"url\":\"https:\/\/blogs.uninter.edu.mx\/difusioncultural\/?author=24\"}]}<\/script>\r\n<!-- \/ Yoast SEO plugin. -->","yoast_head_json":{"title":"La m\u00fasica para combatir la violencia entre lo j\u00f3venes - Difusi\u00f3n Cultural","robots":{"index":"index","follow":"follow","max-snippet":"max-snippet:-1","max-image-preview":"max-image-preview:large","max-video-preview":"max-video-preview:-1"},"canonical":"https:\/\/blogs.uninter.edu.mx\/difusioncultural\/?p=1803","og_locale":"es_MX","og_type":"article","og_title":"La m\u00fasica para combatir la violencia entre lo j\u00f3venes - Difusi\u00f3n Cultural","og_description":"Paralelo a las acciones policiacas para combatir la violencia, el Gobierno del Estado present\u00f3 otro programa destinado a mejorar la calidad\u00a0de vida: una estrategia que dotar\u00e1 de instrumentos musicales y ense\u00f1anza art\u00edstica a ni\u00f1os y j\u00f3venes de siete a 17 a\u00f1os, con lo que la autoridad estatal espera alejarlos de actos delincuenciales. Se trata de&hellip;","og_url":"https:\/\/blogs.uninter.edu.mx\/difusioncultural\/?p=1803","og_site_name":"Difusi\u00f3n Cultural","article_published_time":"2013-06-04T14:22:14+00:00","og_image":[{"url":"http:\/\/img.informador.com.mx\/biblioteca\/imagen\/370x277\/913\/912955.jpg","type":"","width":"","height":""}],"author":"Aslhey Alejandra Gonz\u00e1lez Castro","twitter_card":"summary_large_image","twitter_misc":{"Escrito por":"Aslhey Alejandra Gonz\u00e1lez Castro","Tiempo de lectura":"2 minutos"},"schema":{"@context":"https:\/\/schema.org","@graph":[{"@type":"Article","@id":"https:\/\/blogs.uninter.edu.mx\/difusioncultural\/?p=1803#article","isPartOf":{"@id":"https:\/\/blogs.uninter.edu.mx\/difusioncultural\/?p=1803"},"author":{"name":"Aslhey Alejandra Gonz\u00e1lez Castro","@id":"https:\/\/blogs.uninter.edu.mx\/difusioncultural\/#\/schema\/person\/c710e37686022500827405824a08a18c"},"headline":"La m\u00fasica para combatir la violencia entre lo j\u00f3venes","datePublished":"2013-06-04T14:22:14+00:00","mainEntityOfPage":{"@id":"https:\/\/blogs.uninter.edu.mx\/difusioncultural\/?p=1803"},"wordCount":322,"commentCount":0,"publisher":{"@id":"https:\/\/blogs.uninter.edu.mx\/difusioncultural\/#organization"},"image":{"@id":"https:\/\/blogs.uninter.edu.mx\/difusioncultural\/?p=1803#primaryimage"},"thumbnailUrl":"http:\/\/img.informador.com.mx\/biblioteca\/imagen\/370x277\/913\/912955.jpg","inLanguage":"es","potentialAction":[{"@type":"CommentAction","name":"Comment","target":["https:\/\/blogs.uninter.edu.mx\/difusioncultural\/?p=1803#respond"]}]},{"@type":"WebPage","@id":"https:\/\/blogs.uninter.edu.mx\/difusioncultural\/?p=1803","url":"https:\/\/blogs.uninter.edu.mx\/difusioncultural\/?p=1803","name":"La m\u00fasica para combatir la violencia entre lo j\u00f3venes - Difusi\u00f3n Cultural","isPartOf":{"@id":"https:\/\/blogs.uninter.edu.mx\/difusioncultural\/#website"},"primaryImageOfPage":{"@id":"https:\/\/blogs.uninter.edu.mx\/difusioncultural\/?p=1803#primaryimage"},"image":{"@id":"https:\/\/blogs.uninter.edu.mx\/difusioncultural\/?p=1803#primaryimage"},"thumbnailUrl":"http:\/\/img.informador.com.mx\/biblioteca\/imagen\/370x277\/913\/912955.jpg","datePublished":"2013-06-04T14:22:14+00:00","breadcrumb":{"@id":"https:\/\/blogs.uninter.edu.mx\/difusioncultural\/?p=1803#breadcrumb"},"inLanguage":"es","potentialAction":[{"@type":"ReadAction","target":["https:\/\/blogs.uninter.edu.mx\/difusioncultural\/?p=1803"]}]},{"@type":"ImageObject","inLanguage":"es","@id":"https:\/\/blogs.uninter.edu.mx\/difusioncultural\/?p=1803#primaryimage","url":"http:\/\/img.informador.com.mx\/biblioteca\/imagen\/370x277\/913\/912955.jpg","contentUrl":"http:\/\/img.informador.com.mx\/biblioteca\/imagen\/370x277\/913\/912955.jpg"},{"@type":"BreadcrumbList","@id":"https:\/\/blogs.uninter.edu.mx\/difusioncultural\/?p=1803#breadcrumb","itemListElement":[{"@type":"ListItem","position":1,"name":"Inicio","item":"https:\/\/blogs.uninter.edu.mx\/difusioncultural\/"},{"@type":"ListItem","position":2,"name":"La m\u00fasica para combatir la violencia entre lo j\u00f3venes"}]},{"@type":"WebSite","@id":"https:\/\/blogs.uninter.edu.mx\/difusioncultural\/#website","url":"https:\/\/blogs.uninter.edu.mx\/difusioncultural\/","name":"Difusi\u00f3n Cultural","description":"UNINTER","publisher":{"@id":"https:\/\/blogs.uninter.edu.mx\/difusioncultural\/#organization"},"potentialAction":[{"@type":"SearchAction","target":{"@type":"EntryPoint","urlTemplate":"https:\/\/blogs.uninter.edu.mx\/difusioncultural\/?s={search_term_string}"},"query-input":{"@type":"PropertyValueSpecification","valueRequired":true,"valueName":"search_term_string"}}],"inLanguage":"es"},{"@type":"Organization","@id":"https:\/\/blogs.uninter.edu.mx\/difusioncultural\/#organization","name":"Difusi\u00f3n Cultural","url":"https:\/\/blogs.uninter.edu.mx\/difusioncultural\/","logo":{"@type":"ImageObject","inLanguage":"es","@id":"https:\/\/blogs.uninter.edu.mx\/difusioncultural\/#\/schema\/logo\/image\/","url":"https:\/\/blogs.uninter.edu.mx\/difusioncultural\/wp-content\/uploads\/2022\/09\/uninter.jpg","contentUrl":"https:\/\/blogs.uninter.edu.mx\/difusioncultural\/wp-content\/uploads\/2022\/09\/uninter.jpg","width":2048,"height":2048,"caption":"Difusi\u00f3n Cultural"},"image":{"@id":"https:\/\/blogs.uninter.edu.mx\/difusioncultural\/#\/schema\/logo\/image\/"}},{"@type":"Person","@id":"https:\/\/blogs.uninter.edu.mx\/difusioncultural\/#\/schema\/person\/c710e37686022500827405824a08a18c","name":"Aslhey Alejandra Gonz\u00e1lez Castro","image":{"@type":"ImageObject","inLanguage":"es","@id":"https:\/\/blogs.uninter.edu.mx\/difusioncultural\/#\/schema\/person\/image\/","url":"https:\/\/secure.gravatar.com\/avatar\/1905d6ed47b47ccbfb53e4b64f72f2017309e25d96ef418088d4f998ecf6552e?s=96&d=mm&r=g","contentUrl":"https:\/\/secure.gravatar.com\/avatar\/1905d6ed47b47ccbfb53e4b64f72f2017309e25d96ef418088d4f998ecf6552e?s=96&d=mm&r=g","caption":"Aslhey Alejandra Gonz\u00e1lez Castro"},"url":"https:\/\/blogs.uninter.edu.mx\/difusioncultural\/?author=24"}]}},"jetpack_publicize_connections":[],"jetpack_featured_media_url":"","jetpack_sharing_enabled":true,"_links":{"self":[{"href":"https:\/\/blogs.uninter.edu.mx\/difusioncultural\/index.php?rest_route=\/wp\/v2\/posts\/1803","targetHints":{"allow":["GET"]}}],"collection":[{"href":"https:\/\/blogs.uninter.edu.mx\/difusioncultural\/index.php?rest_route=\/wp\/v2\/posts"}],"about":[{"href":"https:\/\/blogs.uninter.edu.mx\/difusioncultural\/index.php?rest_route=\/wp\/v2\/types\/post"}],"author":[{"embeddable":true,"href":"https:\/\/blogs.uninter.edu.mx\/difusioncultural\/index.php?rest_route=\/wp\/v2\/users\/24"}],"replies":[{"embeddable":true,"href":"https:\/\/blogs.uninter.edu.mx\/difusioncultural\/index.php?rest_route=%2Fwp%2Fv2%2Fcomments&post=1803"}],"version-history":[{"count":0,"href":"https:\/\/blogs.uninter.edu.mx\/difusioncultural\/index.php?rest_route=\/wp\/v2\/posts\/1803\/revisions"}],"wp:attachment":[{"href":"https:\/\/blogs.uninter.edu.mx\/difusioncultural\/index.php?rest_route=%2Fwp%2Fv2%2Fmedia&parent=1803"}],"wp:term":[{"taxonomy":"category","embeddable":true,"href":"https:\/\/blogs.uninter.edu.mx\/difusioncultural\/index.php?rest_route=%2Fwp%2Fv2%2Fcategories&post=1803"},{"taxonomy":"post_tag","embeddable":true,"href":"https:\/\/blogs.uninter.edu.mx\/difusioncultural\/index.php?rest_route=%2Fwp%2Fv2%2Ftags&post=1803"}],"curies":[{"name":"wp","href":"https:\/\/api.w.org\/{rel}","templated":true}]}}