{"id":1928,"date":"2013-07-13T16:02:29","date_gmt":"2013-07-13T16:02:29","guid":{"rendered":"http:\/\/difusionculturaluninter.wordpress.com\/?p=1928"},"modified":"2013-07-13T16:02:29","modified_gmt":"2013-07-13T16:02:29","slug":"13-de-julio-dia-internacional-del-rock","status":"publish","type":"post","link":"https:\/\/blogs.uninter.edu.mx\/difusioncultural\/?p=1928","title":{"rendered":"13 de Julio D\u00eda Internacional del Rock"},"content":{"rendered":"<p>Hoy 13 de Julio es el D\u00eda Internacional del Rock ,\u00a0una de las corrientes musicales m\u00e1s populares en el mundo y ha jugado un papel fundamental en acontecimientos sociales y culturales desde la segunda mitad del siglo veinte.<\/p>\n<p>Surgido a ra\u00edz del Rock and Roll y Rockabilly de la d\u00e9cada de los cincuenta, poco a poco se deriv\u00f3 en diversas corrientes que contaban con una alineaci\u00f3n similar (vocales, guitarras, bajo, bater\u00eda y teclado son los instrumentos convencionales) pero que se diferenciaban por querer expresar emociones y situaciones diferentes.<\/p>\n<p>El rock es un g\u00e9nero donde caben muchas formas de ser y de pensar: desde la importancia de las sensaciones para el rock psicod\u00e9lico, pasando por el exhibicionismo y excesos del Glam rock o la depresi\u00f3n y frustraci\u00f3n expresada por el Grunge, hasta la simplicidad mel\u00f3dica y popularidad comercial del Rock alternativo y el Indie Rock.<\/p>\n<p>EL D\u00eda Mundial del Rock naci\u00f3 a ra\u00edz del primer festival LIVE AID (13 de Julio de 1985), una iniciativa que result\u00f3 de la preocupaci\u00f3n del actor y m\u00fasico Bob Geldof,\u00a0 y la de otros, por la precaria situaci\u00f3n de Etiop\u00eda (falta de agua y comida) que costaba la vida a muchas personas.<\/p>\n<p>LIVE AID 1985 cont\u00f3 con la participaci\u00f3n de legendarias bandas como The Who, Led Zeppelin, Queen, Sting, Duran Duran, Judas Priest, Black Sabbath, Scorpions, Status Quo, U2, Paul McCartney, Phil Collins y Eric Clapton. Se celebr\u00f3 simult\u00e1neamente en Londres y EUA: logr\u00f3 una recaudaci\u00f3n inesperada de m\u00e1s de cien millones de d\u00f3lares.<\/p>\n<p>LED ZEPPELIN LIVE AID<\/p>\n<p><a href=\"http:\/\/www.youtube.com\/watch?feature=player_embedded&amp;v=CBk-iRihSUg\">http:\/\/www.youtube.com\/watch?feature=player_embedded&amp;v=CBk-iRihSUg<\/a><\/p>\n<p>&nbsp;<\/p>\n<p>QUEEN LIVE AID<\/p>\n<p><a href=\"http:\/\/www.youtube.com\/watch?feature=player_embedded&amp;v=lDckgX3oU_w\">http:\/\/www.youtube.com\/watch?feature=player_embedded&amp;v=lDckgX3oU_w<\/a><\/p>\n<p><img decoding=\"async\" alt=\"\" src=\"http:\/\/lh4.ggpht.com\/-tt8HBVQshTE\/Th1UhGF6DyI\/AAAAAAAAP_Q\/NYPxQLD21YY\/rock-day_thumb2.jpg?imgmax=800\" \/><\/p>\n<p>&nbsp;<\/p>\n","protected":false},"excerpt":{"rendered":"<p>Hoy 13 de Julio es el D\u00eda Internacional del Rock ,\u00a0una de las corrientes musicales m\u00e1s populares en el mundo y ha jugado un papel fundamental en acontecimientos sociales y culturales desde la segunda mitad del siglo veinte. Surgido a ra\u00edz del Rock and Roll y Rockabilly de la d\u00e9cada de los cincuenta, poco a&hellip;<\/p>\n","protected":false},"author":24,"featured_media":0,"comment_status":"open","ping_status":"open","sticky":false,"template":"","format":"standard","meta":{"_jetpack_memberships_contains_paid_content":false,"footnotes":"","jetpack_publicize_message":"","jetpack_publicize_feature_enabled":true,"jetpack_social_post_already_shared":false,"jetpack_social_options":{"image_generator_settings":{"template":"highway","default_image_id":0,"font":"","enabled":false},"version":2}},"categories":[8],"tags":[],"class_list":["post-1928","post","type-post","status-publish","format-standard","hentry","category-eventos"],"yoast_head":"<!-- This site is optimized with the Yoast SEO plugin v26.3 - https:\/\/yoast.com\/wordpress\/plugins\/seo\/ -->\r\n<title>13 de Julio D\u00eda Internacional del Rock - Difusi\u00f3n Cultural<\/title>\r\n<meta name=\"robots\" content=\"index, follow, max-snippet:-1, max-image-preview:large, max-video-preview:-1\" \/>\r\n<link rel=\"canonical\" href=\"https:\/\/blogs.uninter.edu.mx\/difusioncultural\/?p=1928\" \/>\r\n<meta property=\"og:locale\" content=\"es_MX\" \/>\r\n<meta property=\"og:type\" content=\"article\" \/>\r\n<meta property=\"og:title\" content=\"13 de Julio D\u00eda Internacional del Rock - Difusi\u00f3n Cultural\" \/>\r\n<meta property=\"og:description\" content=\"Hoy 13 de Julio es el D\u00eda Internacional del Rock ,\u00a0una de las corrientes musicales m\u00e1s populares en el mundo y ha jugado un papel fundamental en acontecimientos sociales y culturales desde la segunda mitad del siglo veinte. Surgido a ra\u00edz del Rock and Roll y Rockabilly de la d\u00e9cada de los cincuenta, poco a&hellip;\" \/>\r\n<meta property=\"og:url\" content=\"https:\/\/blogs.uninter.edu.mx\/difusioncultural\/?p=1928\" \/>\r\n<meta property=\"og:site_name\" content=\"Difusi\u00f3n Cultural\" \/>\r\n<meta property=\"article:published_time\" content=\"2013-07-13T16:02:29+00:00\" \/>\r\n<meta property=\"og:image\" content=\"http:\/\/lh4.ggpht.com\/-tt8HBVQshTE\/Th1UhGF6DyI\/AAAAAAAAP_Q\/NYPxQLD21YY\/rock-day_thumb2.jpg?imgmax=800\" \/>\r\n<meta name=\"author\" content=\"Aslhey Alejandra Gonz\u00e1lez Castro\" \/>\r\n<meta name=\"twitter:card\" content=\"summary_large_image\" \/>\r\n<meta name=\"twitter:label1\" content=\"Escrito por\" \/>\n\t<meta name=\"twitter:data1\" content=\"Aslhey Alejandra Gonz\u00e1lez Castro\" \/>\n\t<meta name=\"twitter:label2\" content=\"Tiempo de lectura\" \/>\n\t<meta name=\"twitter:data2\" content=\"2 minutos\" \/>\r\n<script type=\"application\/ld+json\" class=\"yoast-schema-graph\">{\"@context\":\"https:\/\/schema.org\",\"@graph\":[{\"@type\":\"Article\",\"@id\":\"https:\/\/blogs.uninter.edu.mx\/difusioncultural\/?p=1928#article\",\"isPartOf\":{\"@id\":\"https:\/\/blogs.uninter.edu.mx\/difusioncultural\/?p=1928\"},\"author\":{\"name\":\"Aslhey Alejandra Gonz\u00e1lez Castro\",\"@id\":\"https:\/\/blogs.uninter.edu.mx\/difusioncultural\/#\/schema\/person\/c710e37686022500827405824a08a18c\"},\"headline\":\"13 de Julio D\u00eda Internacional del Rock\",\"datePublished\":\"2013-07-13T16:02:29+00:00\",\"mainEntityOfPage\":{\"@id\":\"https:\/\/blogs.uninter.edu.mx\/difusioncultural\/?p=1928\"},\"wordCount\":307,\"commentCount\":0,\"publisher\":{\"@id\":\"https:\/\/blogs.uninter.edu.mx\/difusioncultural\/#organization\"},\"image\":{\"@id\":\"https:\/\/blogs.uninter.edu.mx\/difusioncultural\/?p=1928#primaryimage\"},\"thumbnailUrl\":\"http:\/\/lh4.ggpht.com\/-tt8HBVQshTE\/Th1UhGF6DyI\/AAAAAAAAP_Q\/NYPxQLD21YY\/rock-day_thumb2.jpg?imgmax=800\",\"articleSection\":[\"Eventos\"],\"inLanguage\":\"es\",\"potentialAction\":[{\"@type\":\"CommentAction\",\"name\":\"Comment\",\"target\":[\"https:\/\/blogs.uninter.edu.mx\/difusioncultural\/?p=1928#respond\"]}]},{\"@type\":\"WebPage\",\"@id\":\"https:\/\/blogs.uninter.edu.mx\/difusioncultural\/?p=1928\",\"url\":\"https:\/\/blogs.uninter.edu.mx\/difusioncultural\/?p=1928\",\"name\":\"13 de Julio D\u00eda Internacional del Rock - Difusi\u00f3n Cultural\",\"isPartOf\":{\"@id\":\"https:\/\/blogs.uninter.edu.mx\/difusioncultural\/#website\"},\"primaryImageOfPage\":{\"@id\":\"https:\/\/blogs.uninter.edu.mx\/difusioncultural\/?p=1928#primaryimage\"},\"image\":{\"@id\":\"https:\/\/blogs.uninter.edu.mx\/difusioncultural\/?p=1928#primaryimage\"},\"thumbnailUrl\":\"http:\/\/lh4.ggpht.com\/-tt8HBVQshTE\/Th1UhGF6DyI\/AAAAAAAAP_Q\/NYPxQLD21YY\/rock-day_thumb2.jpg?imgmax=800\",\"datePublished\":\"2013-07-13T16:02:29+00:00\",\"breadcrumb\":{\"@id\":\"https:\/\/blogs.uninter.edu.mx\/difusioncultural\/?p=1928#breadcrumb\"},\"inLanguage\":\"es\",\"potentialAction\":[{\"@type\":\"ReadAction\",\"target\":[\"https:\/\/blogs.uninter.edu.mx\/difusioncultural\/?p=1928\"]}]},{\"@type\":\"ImageObject\",\"inLanguage\":\"es\",\"@id\":\"https:\/\/blogs.uninter.edu.mx\/difusioncultural\/?p=1928#primaryimage\",\"url\":\"http:\/\/lh4.ggpht.com\/-tt8HBVQshTE\/Th1UhGF6DyI\/AAAAAAAAP_Q\/NYPxQLD21YY\/rock-day_thumb2.jpg?imgmax=800\",\"contentUrl\":\"http:\/\/lh4.ggpht.com\/-tt8HBVQshTE\/Th1UhGF6DyI\/AAAAAAAAP_Q\/NYPxQLD21YY\/rock-day_thumb2.jpg?imgmax=800\"},{\"@type\":\"BreadcrumbList\",\"@id\":\"https:\/\/blogs.uninter.edu.mx\/difusioncultural\/?p=1928#breadcrumb\",\"itemListElement\":[{\"@type\":\"ListItem\",\"position\":1,\"name\":\"Inicio\",\"item\":\"https:\/\/blogs.uninter.edu.mx\/difusioncultural\/\"},{\"@type\":\"ListItem\",\"position\":2,\"name\":\"13 de Julio D\u00eda Internacional del Rock\"}]},{\"@type\":\"WebSite\",\"@id\":\"https:\/\/blogs.uninter.edu.mx\/difusioncultural\/#website\",\"url\":\"https:\/\/blogs.uninter.edu.mx\/difusioncultural\/\",\"name\":\"Difusi\u00f3n Cultural\",\"description\":\"UNINTER\",\"publisher\":{\"@id\":\"https:\/\/blogs.uninter.edu.mx\/difusioncultural\/#organization\"},\"potentialAction\":[{\"@type\":\"SearchAction\",\"target\":{\"@type\":\"EntryPoint\",\"urlTemplate\":\"https:\/\/blogs.uninter.edu.mx\/difusioncultural\/?s={search_term_string}\"},\"query-input\":{\"@type\":\"PropertyValueSpecification\",\"valueRequired\":true,\"valueName\":\"search_term_string\"}}],\"inLanguage\":\"es\"},{\"@type\":\"Organization\",\"@id\":\"https:\/\/blogs.uninter.edu.mx\/difusioncultural\/#organization\",\"name\":\"Difusi\u00f3n Cultural\",\"url\":\"https:\/\/blogs.uninter.edu.mx\/difusioncultural\/\",\"logo\":{\"@type\":\"ImageObject\",\"inLanguage\":\"es\",\"@id\":\"https:\/\/blogs.uninter.edu.mx\/difusioncultural\/#\/schema\/logo\/image\/\",\"url\":\"https:\/\/blogs.uninter.edu.mx\/difusioncultural\/wp-content\/uploads\/2022\/09\/uninter.jpg\",\"contentUrl\":\"https:\/\/blogs.uninter.edu.mx\/difusioncultural\/wp-content\/uploads\/2022\/09\/uninter.jpg\",\"width\":2048,\"height\":2048,\"caption\":\"Difusi\u00f3n Cultural\"},\"image\":{\"@id\":\"https:\/\/blogs.uninter.edu.mx\/difusioncultural\/#\/schema\/logo\/image\/\"}},{\"@type\":\"Person\",\"@id\":\"https:\/\/blogs.uninter.edu.mx\/difusioncultural\/#\/schema\/person\/c710e37686022500827405824a08a18c\",\"name\":\"Aslhey Alejandra Gonz\u00e1lez Castro\",\"image\":{\"@type\":\"ImageObject\",\"inLanguage\":\"es\",\"@id\":\"https:\/\/blogs.uninter.edu.mx\/difusioncultural\/#\/schema\/person\/image\/\",\"url\":\"https:\/\/secure.gravatar.com\/avatar\/1905d6ed47b47ccbfb53e4b64f72f2017309e25d96ef418088d4f998ecf6552e?s=96&d=mm&r=g\",\"contentUrl\":\"https:\/\/secure.gravatar.com\/avatar\/1905d6ed47b47ccbfb53e4b64f72f2017309e25d96ef418088d4f998ecf6552e?s=96&d=mm&r=g\",\"caption\":\"Aslhey Alejandra Gonz\u00e1lez Castro\"},\"url\":\"https:\/\/blogs.uninter.edu.mx\/difusioncultural\/?author=24\"}]}<\/script>\r\n<!-- \/ Yoast SEO plugin. -->","yoast_head_json":{"title":"13 de Julio D\u00eda Internacional del Rock - Difusi\u00f3n Cultural","robots":{"index":"index","follow":"follow","max-snippet":"max-snippet:-1","max-image-preview":"max-image-preview:large","max-video-preview":"max-video-preview:-1"},"canonical":"https:\/\/blogs.uninter.edu.mx\/difusioncultural\/?p=1928","og_locale":"es_MX","og_type":"article","og_title":"13 de Julio D\u00eda Internacional del Rock - Difusi\u00f3n Cultural","og_description":"Hoy 13 de Julio es el D\u00eda Internacional del Rock ,\u00a0una de las corrientes musicales m\u00e1s populares en el mundo y ha jugado un papel fundamental en acontecimientos sociales y culturales desde la segunda mitad del siglo veinte. Surgido a ra\u00edz del Rock and Roll y Rockabilly de la d\u00e9cada de los cincuenta, poco a&hellip;","og_url":"https:\/\/blogs.uninter.edu.mx\/difusioncultural\/?p=1928","og_site_name":"Difusi\u00f3n Cultural","article_published_time":"2013-07-13T16:02:29+00:00","og_image":[{"url":"http:\/\/lh4.ggpht.com\/-tt8HBVQshTE\/Th1UhGF6DyI\/AAAAAAAAP_Q\/NYPxQLD21YY\/rock-day_thumb2.jpg?imgmax=800","type":"","width":"","height":""}],"author":"Aslhey Alejandra Gonz\u00e1lez Castro","twitter_card":"summary_large_image","twitter_misc":{"Escrito por":"Aslhey Alejandra Gonz\u00e1lez Castro","Tiempo de lectura":"2 minutos"},"schema":{"@context":"https:\/\/schema.org","@graph":[{"@type":"Article","@id":"https:\/\/blogs.uninter.edu.mx\/difusioncultural\/?p=1928#article","isPartOf":{"@id":"https:\/\/blogs.uninter.edu.mx\/difusioncultural\/?p=1928"},"author":{"name":"Aslhey Alejandra Gonz\u00e1lez Castro","@id":"https:\/\/blogs.uninter.edu.mx\/difusioncultural\/#\/schema\/person\/c710e37686022500827405824a08a18c"},"headline":"13 de Julio D\u00eda Internacional del Rock","datePublished":"2013-07-13T16:02:29+00:00","mainEntityOfPage":{"@id":"https:\/\/blogs.uninter.edu.mx\/difusioncultural\/?p=1928"},"wordCount":307,"commentCount":0,"publisher":{"@id":"https:\/\/blogs.uninter.edu.mx\/difusioncultural\/#organization"},"image":{"@id":"https:\/\/blogs.uninter.edu.mx\/difusioncultural\/?p=1928#primaryimage"},"thumbnailUrl":"http:\/\/lh4.ggpht.com\/-tt8HBVQshTE\/Th1UhGF6DyI\/AAAAAAAAP_Q\/NYPxQLD21YY\/rock-day_thumb2.jpg?imgmax=800","articleSection":["Eventos"],"inLanguage":"es","potentialAction":[{"@type":"CommentAction","name":"Comment","target":["https:\/\/blogs.uninter.edu.mx\/difusioncultural\/?p=1928#respond"]}]},{"@type":"WebPage","@id":"https:\/\/blogs.uninter.edu.mx\/difusioncultural\/?p=1928","url":"https:\/\/blogs.uninter.edu.mx\/difusioncultural\/?p=1928","name":"13 de Julio D\u00eda Internacional del Rock - Difusi\u00f3n Cultural","isPartOf":{"@id":"https:\/\/blogs.uninter.edu.mx\/difusioncultural\/#website"},"primaryImageOfPage":{"@id":"https:\/\/blogs.uninter.edu.mx\/difusioncultural\/?p=1928#primaryimage"},"image":{"@id":"https:\/\/blogs.uninter.edu.mx\/difusioncultural\/?p=1928#primaryimage"},"thumbnailUrl":"http:\/\/lh4.ggpht.com\/-tt8HBVQshTE\/Th1UhGF6DyI\/AAAAAAAAP_Q\/NYPxQLD21YY\/rock-day_thumb2.jpg?imgmax=800","datePublished":"2013-07-13T16:02:29+00:00","breadcrumb":{"@id":"https:\/\/blogs.uninter.edu.mx\/difusioncultural\/?p=1928#breadcrumb"},"inLanguage":"es","potentialAction":[{"@type":"ReadAction","target":["https:\/\/blogs.uninter.edu.mx\/difusioncultural\/?p=1928"]}]},{"@type":"ImageObject","inLanguage":"es","@id":"https:\/\/blogs.uninter.edu.mx\/difusioncultural\/?p=1928#primaryimage","url":"http:\/\/lh4.ggpht.com\/-tt8HBVQshTE\/Th1UhGF6DyI\/AAAAAAAAP_Q\/NYPxQLD21YY\/rock-day_thumb2.jpg?imgmax=800","contentUrl":"http:\/\/lh4.ggpht.com\/-tt8HBVQshTE\/Th1UhGF6DyI\/AAAAAAAAP_Q\/NYPxQLD21YY\/rock-day_thumb2.jpg?imgmax=800"},{"@type":"BreadcrumbList","@id":"https:\/\/blogs.uninter.edu.mx\/difusioncultural\/?p=1928#breadcrumb","itemListElement":[{"@type":"ListItem","position":1,"name":"Inicio","item":"https:\/\/blogs.uninter.edu.mx\/difusioncultural\/"},{"@type":"ListItem","position":2,"name":"13 de Julio D\u00eda Internacional del Rock"}]},{"@type":"WebSite","@id":"https:\/\/blogs.uninter.edu.mx\/difusioncultural\/#website","url":"https:\/\/blogs.uninter.edu.mx\/difusioncultural\/","name":"Difusi\u00f3n Cultural","description":"UNINTER","publisher":{"@id":"https:\/\/blogs.uninter.edu.mx\/difusioncultural\/#organization"},"potentialAction":[{"@type":"SearchAction","target":{"@type":"EntryPoint","urlTemplate":"https:\/\/blogs.uninter.edu.mx\/difusioncultural\/?s={search_term_string}"},"query-input":{"@type":"PropertyValueSpecification","valueRequired":true,"valueName":"search_term_string"}}],"inLanguage":"es"},{"@type":"Organization","@id":"https:\/\/blogs.uninter.edu.mx\/difusioncultural\/#organization","name":"Difusi\u00f3n Cultural","url":"https:\/\/blogs.uninter.edu.mx\/difusioncultural\/","logo":{"@type":"ImageObject","inLanguage":"es","@id":"https:\/\/blogs.uninter.edu.mx\/difusioncultural\/#\/schema\/logo\/image\/","url":"https:\/\/blogs.uninter.edu.mx\/difusioncultural\/wp-content\/uploads\/2022\/09\/uninter.jpg","contentUrl":"https:\/\/blogs.uninter.edu.mx\/difusioncultural\/wp-content\/uploads\/2022\/09\/uninter.jpg","width":2048,"height":2048,"caption":"Difusi\u00f3n Cultural"},"image":{"@id":"https:\/\/blogs.uninter.edu.mx\/difusioncultural\/#\/schema\/logo\/image\/"}},{"@type":"Person","@id":"https:\/\/blogs.uninter.edu.mx\/difusioncultural\/#\/schema\/person\/c710e37686022500827405824a08a18c","name":"Aslhey Alejandra Gonz\u00e1lez Castro","image":{"@type":"ImageObject","inLanguage":"es","@id":"https:\/\/blogs.uninter.edu.mx\/difusioncultural\/#\/schema\/person\/image\/","url":"https:\/\/secure.gravatar.com\/avatar\/1905d6ed47b47ccbfb53e4b64f72f2017309e25d96ef418088d4f998ecf6552e?s=96&d=mm&r=g","contentUrl":"https:\/\/secure.gravatar.com\/avatar\/1905d6ed47b47ccbfb53e4b64f72f2017309e25d96ef418088d4f998ecf6552e?s=96&d=mm&r=g","caption":"Aslhey Alejandra Gonz\u00e1lez Castro"},"url":"https:\/\/blogs.uninter.edu.mx\/difusioncultural\/?author=24"}]}},"jetpack_publicize_connections":[],"jetpack_featured_media_url":"","jetpack_sharing_enabled":true,"_links":{"self":[{"href":"https:\/\/blogs.uninter.edu.mx\/difusioncultural\/index.php?rest_route=\/wp\/v2\/posts\/1928","targetHints":{"allow":["GET"]}}],"collection":[{"href":"https:\/\/blogs.uninter.edu.mx\/difusioncultural\/index.php?rest_route=\/wp\/v2\/posts"}],"about":[{"href":"https:\/\/blogs.uninter.edu.mx\/difusioncultural\/index.php?rest_route=\/wp\/v2\/types\/post"}],"author":[{"embeddable":true,"href":"https:\/\/blogs.uninter.edu.mx\/difusioncultural\/index.php?rest_route=\/wp\/v2\/users\/24"}],"replies":[{"embeddable":true,"href":"https:\/\/blogs.uninter.edu.mx\/difusioncultural\/index.php?rest_route=%2Fwp%2Fv2%2Fcomments&post=1928"}],"version-history":[{"count":0,"href":"https:\/\/blogs.uninter.edu.mx\/difusioncultural\/index.php?rest_route=\/wp\/v2\/posts\/1928\/revisions"}],"wp:attachment":[{"href":"https:\/\/blogs.uninter.edu.mx\/difusioncultural\/index.php?rest_route=%2Fwp%2Fv2%2Fmedia&parent=1928"}],"wp:term":[{"taxonomy":"category","embeddable":true,"href":"https:\/\/blogs.uninter.edu.mx\/difusioncultural\/index.php?rest_route=%2Fwp%2Fv2%2Fcategories&post=1928"},{"taxonomy":"post_tag","embeddable":true,"href":"https:\/\/blogs.uninter.edu.mx\/difusioncultural\/index.php?rest_route=%2Fwp%2Fv2%2Ftags&post=1928"}],"curies":[{"name":"wp","href":"https:\/\/api.w.org\/{rel}","templated":true}]}}