{"id":1942,"date":"2013-07-18T02:58:57","date_gmt":"2013-07-18T02:58:57","guid":{"rendered":"http:\/\/difusionculturaluninter.wordpress.com\/?p=1942"},"modified":"2013-07-18T02:58:57","modified_gmt":"2013-07-18T02:58:57","slug":"1942","status":"publish","type":"post","link":"https:\/\/blogs.uninter.edu.mx\/difusioncultural\/?p=1942","title":{"rendered":"18 de Julio D\u00eda Internacional de Nelson Mandela"},"content":{"rendered":"<blockquote><p>&#8220;Porque ser libre no es solamente desamarrarse las propias cadenas, sino vivir en una forma que respete y mejore la libertad de los dem\u00e1s.&#8221;<\/p>\n<p>Nelson Mandela<\/p><\/blockquote>\n<p>Durante 67 a\u00f1os Nelson Mandela dedic\u00f3 su vida al servicio de la humanidad &#8211; como abogado defensor de los derechos humanos, como preso de conciencia, trabajando por la paz y como primer presidente elegido democr\u00e1ticamente de una Sud\u00e1frica libre.<\/p>\n<p>En noviembre de 2009, la Asamblea General de las Naciones Unidas proclam\u00f3 el 18 de julio\u00a0<b>\u00abD\u00eda Internacional de Nelson Mandela\u00bb<\/b>\u00a0en reconocimiento de la contribuci\u00f3n aportada por el ex Presidente de Sud\u00e1frica a la cultura de la paz y la libertad.<\/p>\n<p>Este a\u00f1o en que se celebra el 94 cumplea\u00f1os de Nelson Mandela las Naciones Unidas se unieron al llamamiento de la fundaci\u00f3n que lleva su nombre para dedicar 67 minutos de nuestro tiempo\u00a0\u00a0a ayudar a los dem\u00e1s, homenajeando a Nelson Mandela en su d\u00eda.<\/p>\n<p>He aqu\u00ed s\u00f3lo unos ejemplos de c\u00f3mo puede movilizarse y suscitar el cambio, como lo hicieron muchos en el d\u00eda de Nelson Mandela:<\/p>\n<ul>\n<li>Haga una nueva amistad. Conozca a alguien nuevo de una cultura diferente. Solamente comprendi\u00e9ndonos podemos eliminar de nuestras comunidades la intolerancia y la xenofobia.<\/li>\n<li>L\u00e9ale al que no puede. Visite una casa para ciegos y \u00e1brale las puertas de un mundo nuevo a otra persona.<\/li>\n<li>Muchas personas enfermas de muerte no tienen a nadie con quien hablar. T\u00f3mese el tiempo de conversar con ellas y llevarles un poco de alegr\u00eda.<\/li>\n<li>H\u00e1gase la prueba del\u00a0VIH\u00a0y anime a su compa\u00f1ero(a) a que tambi\u00e9n se la haga.<\/li>\n<li>Regale una silla de ruedas o un perro gu\u00eda a alguien que lo necesite.<\/li>\n<li>Compre unas cuantas cobijas o agarre algunas suyas que ya no necesite y reg\u00e1leselas a un necesitado.<\/li>\n<\/ul>\n<p><img fetchpriority=\"high\" decoding=\"async\" alt=\"\" src=\"http:\/\/www.sjdh.gob.hn\/sites\/default\/files\/2012%20-%2018%20de%20Julio%20-%20D%C3%ADa%20Internacional%20de%20Nelson%20Mandela_0.JPG\" width=\"994\" height=\"210\" \/><\/p>\n","protected":false},"excerpt":{"rendered":"<p>&#8220;Porque ser libre no es solamente desamarrarse las propias cadenas, sino vivir en una forma que respete y mejore la libertad de los dem\u00e1s.&#8221; Nelson Mandela Durante 67 a\u00f1os Nelson Mandela dedic\u00f3 su vida al servicio de la humanidad &#8211; como abogado defensor de los derechos humanos, como preso de conciencia, trabajando por la paz&hellip;<\/p>\n","protected":false},"author":24,"featured_media":0,"comment_status":"open","ping_status":"open","sticky":false,"template":"","format":"standard","meta":{"_jetpack_memberships_contains_paid_content":false,"footnotes":"","jetpack_publicize_message":"","jetpack_publicize_feature_enabled":true,"jetpack_social_post_already_shared":false,"jetpack_social_options":{"image_generator_settings":{"template":"highway","default_image_id":0,"font":"","enabled":false},"version":2}},"categories":[8],"tags":[],"class_list":["post-1942","post","type-post","status-publish","format-standard","hentry","category-eventos"],"yoast_head":"<!-- This site is optimized with the Yoast SEO plugin v26.3 - https:\/\/yoast.com\/wordpress\/plugins\/seo\/ -->\r\n<title>18 de Julio D\u00eda Internacional de Nelson Mandela - Difusi\u00f3n Cultural<\/title>\r\n<meta name=\"robots\" content=\"index, follow, max-snippet:-1, max-image-preview:large, max-video-preview:-1\" \/>\r\n<link rel=\"canonical\" href=\"https:\/\/blogs.uninter.edu.mx\/difusioncultural\/?p=1942\" \/>\r\n<meta property=\"og:locale\" content=\"es_MX\" \/>\r\n<meta property=\"og:type\" content=\"article\" \/>\r\n<meta property=\"og:title\" content=\"18 de Julio D\u00eda Internacional de Nelson Mandela - Difusi\u00f3n Cultural\" \/>\r\n<meta property=\"og:description\" content=\"&#8220;Porque ser libre no es solamente desamarrarse las propias cadenas, sino vivir en una forma que respete y mejore la libertad de los dem\u00e1s.&#8221; Nelson Mandela Durante 67 a\u00f1os Nelson Mandela dedic\u00f3 su vida al servicio de la humanidad &#8211; como abogado defensor de los derechos humanos, como preso de conciencia, trabajando por la paz&hellip;\" \/>\r\n<meta property=\"og:url\" content=\"https:\/\/blogs.uninter.edu.mx\/difusioncultural\/?p=1942\" \/>\r\n<meta property=\"og:site_name\" content=\"Difusi\u00f3n Cultural\" \/>\r\n<meta property=\"article:published_time\" content=\"2013-07-18T02:58:57+00:00\" \/>\r\n<meta property=\"og:image\" content=\"http:\/\/www.sjdh.gob.hn\/sites\/default\/files\/2012%20-%2018%20de%20Julio%20-%20D%C3%ADa%20Internacional%20de%20Nelson%20Mandela_0.JPG\" \/>\r\n<meta name=\"author\" content=\"Aslhey Alejandra Gonz\u00e1lez Castro\" \/>\r\n<meta name=\"twitter:card\" content=\"summary_large_image\" \/>\r\n<meta name=\"twitter:label1\" content=\"Escrito por\" \/>\n\t<meta name=\"twitter:data1\" content=\"Aslhey Alejandra Gonz\u00e1lez Castro\" \/>\n\t<meta name=\"twitter:label2\" content=\"Tiempo de lectura\" \/>\n\t<meta name=\"twitter:data2\" content=\"2 minutos\" \/>\r\n<script type=\"application\/ld+json\" class=\"yoast-schema-graph\">{\"@context\":\"https:\/\/schema.org\",\"@graph\":[{\"@type\":\"Article\",\"@id\":\"https:\/\/blogs.uninter.edu.mx\/difusioncultural\/?p=1942#article\",\"isPartOf\":{\"@id\":\"https:\/\/blogs.uninter.edu.mx\/difusioncultural\/?p=1942\"},\"author\":{\"name\":\"Aslhey Alejandra Gonz\u00e1lez Castro\",\"@id\":\"https:\/\/blogs.uninter.edu.mx\/difusioncultural\/#\/schema\/person\/c710e37686022500827405824a08a18c\"},\"headline\":\"18 de Julio D\u00eda Internacional de Nelson Mandela\",\"datePublished\":\"2013-07-18T02:58:57+00:00\",\"mainEntityOfPage\":{\"@id\":\"https:\/\/blogs.uninter.edu.mx\/difusioncultural\/?p=1942\"},\"wordCount\":320,\"commentCount\":0,\"publisher\":{\"@id\":\"https:\/\/blogs.uninter.edu.mx\/difusioncultural\/#organization\"},\"image\":{\"@id\":\"https:\/\/blogs.uninter.edu.mx\/difusioncultural\/?p=1942#primaryimage\"},\"thumbnailUrl\":\"http:\/\/www.sjdh.gob.hn\/sites\/default\/files\/2012%20-%2018%20de%20Julio%20-%20D%C3%ADa%20Internacional%20de%20Nelson%20Mandela_0.JPG\",\"articleSection\":[\"Eventos\"],\"inLanguage\":\"es\",\"potentialAction\":[{\"@type\":\"CommentAction\",\"name\":\"Comment\",\"target\":[\"https:\/\/blogs.uninter.edu.mx\/difusioncultural\/?p=1942#respond\"]}]},{\"@type\":\"WebPage\",\"@id\":\"https:\/\/blogs.uninter.edu.mx\/difusioncultural\/?p=1942\",\"url\":\"https:\/\/blogs.uninter.edu.mx\/difusioncultural\/?p=1942\",\"name\":\"18 de Julio D\u00eda Internacional de Nelson Mandela - Difusi\u00f3n Cultural\",\"isPartOf\":{\"@id\":\"https:\/\/blogs.uninter.edu.mx\/difusioncultural\/#website\"},\"primaryImageOfPage\":{\"@id\":\"https:\/\/blogs.uninter.edu.mx\/difusioncultural\/?p=1942#primaryimage\"},\"image\":{\"@id\":\"https:\/\/blogs.uninter.edu.mx\/difusioncultural\/?p=1942#primaryimage\"},\"thumbnailUrl\":\"http:\/\/www.sjdh.gob.hn\/sites\/default\/files\/2012%20-%2018%20de%20Julio%20-%20D%C3%ADa%20Internacional%20de%20Nelson%20Mandela_0.JPG\",\"datePublished\":\"2013-07-18T02:58:57+00:00\",\"breadcrumb\":{\"@id\":\"https:\/\/blogs.uninter.edu.mx\/difusioncultural\/?p=1942#breadcrumb\"},\"inLanguage\":\"es\",\"potentialAction\":[{\"@type\":\"ReadAction\",\"target\":[\"https:\/\/blogs.uninter.edu.mx\/difusioncultural\/?p=1942\"]}]},{\"@type\":\"ImageObject\",\"inLanguage\":\"es\",\"@id\":\"https:\/\/blogs.uninter.edu.mx\/difusioncultural\/?p=1942#primaryimage\",\"url\":\"http:\/\/www.sjdh.gob.hn\/sites\/default\/files\/2012%20-%2018%20de%20Julio%20-%20D%C3%ADa%20Internacional%20de%20Nelson%20Mandela_0.JPG\",\"contentUrl\":\"http:\/\/www.sjdh.gob.hn\/sites\/default\/files\/2012%20-%2018%20de%20Julio%20-%20D%C3%ADa%20Internacional%20de%20Nelson%20Mandela_0.JPG\"},{\"@type\":\"BreadcrumbList\",\"@id\":\"https:\/\/blogs.uninter.edu.mx\/difusioncultural\/?p=1942#breadcrumb\",\"itemListElement\":[{\"@type\":\"ListItem\",\"position\":1,\"name\":\"Inicio\",\"item\":\"https:\/\/blogs.uninter.edu.mx\/difusioncultural\/\"},{\"@type\":\"ListItem\",\"position\":2,\"name\":\"18 de Julio D\u00eda Internacional de Nelson Mandela\"}]},{\"@type\":\"WebSite\",\"@id\":\"https:\/\/blogs.uninter.edu.mx\/difusioncultural\/#website\",\"url\":\"https:\/\/blogs.uninter.edu.mx\/difusioncultural\/\",\"name\":\"Difusi\u00f3n Cultural\",\"description\":\"UNINTER\",\"publisher\":{\"@id\":\"https:\/\/blogs.uninter.edu.mx\/difusioncultural\/#organization\"},\"potentialAction\":[{\"@type\":\"SearchAction\",\"target\":{\"@type\":\"EntryPoint\",\"urlTemplate\":\"https:\/\/blogs.uninter.edu.mx\/difusioncultural\/?s={search_term_string}\"},\"query-input\":{\"@type\":\"PropertyValueSpecification\",\"valueRequired\":true,\"valueName\":\"search_term_string\"}}],\"inLanguage\":\"es\"},{\"@type\":\"Organization\",\"@id\":\"https:\/\/blogs.uninter.edu.mx\/difusioncultural\/#organization\",\"name\":\"Difusi\u00f3n Cultural\",\"url\":\"https:\/\/blogs.uninter.edu.mx\/difusioncultural\/\",\"logo\":{\"@type\":\"ImageObject\",\"inLanguage\":\"es\",\"@id\":\"https:\/\/blogs.uninter.edu.mx\/difusioncultural\/#\/schema\/logo\/image\/\",\"url\":\"https:\/\/blogs.uninter.edu.mx\/difusioncultural\/wp-content\/uploads\/2022\/09\/uninter.jpg\",\"contentUrl\":\"https:\/\/blogs.uninter.edu.mx\/difusioncultural\/wp-content\/uploads\/2022\/09\/uninter.jpg\",\"width\":2048,\"height\":2048,\"caption\":\"Difusi\u00f3n Cultural\"},\"image\":{\"@id\":\"https:\/\/blogs.uninter.edu.mx\/difusioncultural\/#\/schema\/logo\/image\/\"}},{\"@type\":\"Person\",\"@id\":\"https:\/\/blogs.uninter.edu.mx\/difusioncultural\/#\/schema\/person\/c710e37686022500827405824a08a18c\",\"name\":\"Aslhey Alejandra Gonz\u00e1lez Castro\",\"image\":{\"@type\":\"ImageObject\",\"inLanguage\":\"es\",\"@id\":\"https:\/\/blogs.uninter.edu.mx\/difusioncultural\/#\/schema\/person\/image\/\",\"url\":\"https:\/\/secure.gravatar.com\/avatar\/1905d6ed47b47ccbfb53e4b64f72f2017309e25d96ef418088d4f998ecf6552e?s=96&d=mm&r=g\",\"contentUrl\":\"https:\/\/secure.gravatar.com\/avatar\/1905d6ed47b47ccbfb53e4b64f72f2017309e25d96ef418088d4f998ecf6552e?s=96&d=mm&r=g\",\"caption\":\"Aslhey Alejandra Gonz\u00e1lez Castro\"},\"url\":\"https:\/\/blogs.uninter.edu.mx\/difusioncultural\/?author=24\"}]}<\/script>\r\n<!-- \/ Yoast SEO plugin. -->","yoast_head_json":{"title":"18 de Julio D\u00eda Internacional de Nelson Mandela - Difusi\u00f3n Cultural","robots":{"index":"index","follow":"follow","max-snippet":"max-snippet:-1","max-image-preview":"max-image-preview:large","max-video-preview":"max-video-preview:-1"},"canonical":"https:\/\/blogs.uninter.edu.mx\/difusioncultural\/?p=1942","og_locale":"es_MX","og_type":"article","og_title":"18 de Julio D\u00eda Internacional de Nelson Mandela - Difusi\u00f3n Cultural","og_description":"&#8220;Porque ser libre no es solamente desamarrarse las propias cadenas, sino vivir en una forma que respete y mejore la libertad de los dem\u00e1s.&#8221; Nelson Mandela Durante 67 a\u00f1os Nelson Mandela dedic\u00f3 su vida al servicio de la humanidad &#8211; como abogado defensor de los derechos humanos, como preso de conciencia, trabajando por la paz&hellip;","og_url":"https:\/\/blogs.uninter.edu.mx\/difusioncultural\/?p=1942","og_site_name":"Difusi\u00f3n Cultural","article_published_time":"2013-07-18T02:58:57+00:00","og_image":[{"url":"http:\/\/www.sjdh.gob.hn\/sites\/default\/files\/2012%20-%2018%20de%20Julio%20-%20D%C3%ADa%20Internacional%20de%20Nelson%20Mandela_0.JPG","type":"","width":"","height":""}],"author":"Aslhey Alejandra Gonz\u00e1lez Castro","twitter_card":"summary_large_image","twitter_misc":{"Escrito por":"Aslhey Alejandra Gonz\u00e1lez Castro","Tiempo de lectura":"2 minutos"},"schema":{"@context":"https:\/\/schema.org","@graph":[{"@type":"Article","@id":"https:\/\/blogs.uninter.edu.mx\/difusioncultural\/?p=1942#article","isPartOf":{"@id":"https:\/\/blogs.uninter.edu.mx\/difusioncultural\/?p=1942"},"author":{"name":"Aslhey Alejandra Gonz\u00e1lez Castro","@id":"https:\/\/blogs.uninter.edu.mx\/difusioncultural\/#\/schema\/person\/c710e37686022500827405824a08a18c"},"headline":"18 de Julio D\u00eda Internacional de Nelson Mandela","datePublished":"2013-07-18T02:58:57+00:00","mainEntityOfPage":{"@id":"https:\/\/blogs.uninter.edu.mx\/difusioncultural\/?p=1942"},"wordCount":320,"commentCount":0,"publisher":{"@id":"https:\/\/blogs.uninter.edu.mx\/difusioncultural\/#organization"},"image":{"@id":"https:\/\/blogs.uninter.edu.mx\/difusioncultural\/?p=1942#primaryimage"},"thumbnailUrl":"http:\/\/www.sjdh.gob.hn\/sites\/default\/files\/2012%20-%2018%20de%20Julio%20-%20D%C3%ADa%20Internacional%20de%20Nelson%20Mandela_0.JPG","articleSection":["Eventos"],"inLanguage":"es","potentialAction":[{"@type":"CommentAction","name":"Comment","target":["https:\/\/blogs.uninter.edu.mx\/difusioncultural\/?p=1942#respond"]}]},{"@type":"WebPage","@id":"https:\/\/blogs.uninter.edu.mx\/difusioncultural\/?p=1942","url":"https:\/\/blogs.uninter.edu.mx\/difusioncultural\/?p=1942","name":"18 de Julio D\u00eda Internacional de Nelson Mandela - Difusi\u00f3n Cultural","isPartOf":{"@id":"https:\/\/blogs.uninter.edu.mx\/difusioncultural\/#website"},"primaryImageOfPage":{"@id":"https:\/\/blogs.uninter.edu.mx\/difusioncultural\/?p=1942#primaryimage"},"image":{"@id":"https:\/\/blogs.uninter.edu.mx\/difusioncultural\/?p=1942#primaryimage"},"thumbnailUrl":"http:\/\/www.sjdh.gob.hn\/sites\/default\/files\/2012%20-%2018%20de%20Julio%20-%20D%C3%ADa%20Internacional%20de%20Nelson%20Mandela_0.JPG","datePublished":"2013-07-18T02:58:57+00:00","breadcrumb":{"@id":"https:\/\/blogs.uninter.edu.mx\/difusioncultural\/?p=1942#breadcrumb"},"inLanguage":"es","potentialAction":[{"@type":"ReadAction","target":["https:\/\/blogs.uninter.edu.mx\/difusioncultural\/?p=1942"]}]},{"@type":"ImageObject","inLanguage":"es","@id":"https:\/\/blogs.uninter.edu.mx\/difusioncultural\/?p=1942#primaryimage","url":"http:\/\/www.sjdh.gob.hn\/sites\/default\/files\/2012%20-%2018%20de%20Julio%20-%20D%C3%ADa%20Internacional%20de%20Nelson%20Mandela_0.JPG","contentUrl":"http:\/\/www.sjdh.gob.hn\/sites\/default\/files\/2012%20-%2018%20de%20Julio%20-%20D%C3%ADa%20Internacional%20de%20Nelson%20Mandela_0.JPG"},{"@type":"BreadcrumbList","@id":"https:\/\/blogs.uninter.edu.mx\/difusioncultural\/?p=1942#breadcrumb","itemListElement":[{"@type":"ListItem","position":1,"name":"Inicio","item":"https:\/\/blogs.uninter.edu.mx\/difusioncultural\/"},{"@type":"ListItem","position":2,"name":"18 de Julio D\u00eda Internacional de Nelson Mandela"}]},{"@type":"WebSite","@id":"https:\/\/blogs.uninter.edu.mx\/difusioncultural\/#website","url":"https:\/\/blogs.uninter.edu.mx\/difusioncultural\/","name":"Difusi\u00f3n Cultural","description":"UNINTER","publisher":{"@id":"https:\/\/blogs.uninter.edu.mx\/difusioncultural\/#organization"},"potentialAction":[{"@type":"SearchAction","target":{"@type":"EntryPoint","urlTemplate":"https:\/\/blogs.uninter.edu.mx\/difusioncultural\/?s={search_term_string}"},"query-input":{"@type":"PropertyValueSpecification","valueRequired":true,"valueName":"search_term_string"}}],"inLanguage":"es"},{"@type":"Organization","@id":"https:\/\/blogs.uninter.edu.mx\/difusioncultural\/#organization","name":"Difusi\u00f3n Cultural","url":"https:\/\/blogs.uninter.edu.mx\/difusioncultural\/","logo":{"@type":"ImageObject","inLanguage":"es","@id":"https:\/\/blogs.uninter.edu.mx\/difusioncultural\/#\/schema\/logo\/image\/","url":"https:\/\/blogs.uninter.edu.mx\/difusioncultural\/wp-content\/uploads\/2022\/09\/uninter.jpg","contentUrl":"https:\/\/blogs.uninter.edu.mx\/difusioncultural\/wp-content\/uploads\/2022\/09\/uninter.jpg","width":2048,"height":2048,"caption":"Difusi\u00f3n Cultural"},"image":{"@id":"https:\/\/blogs.uninter.edu.mx\/difusioncultural\/#\/schema\/logo\/image\/"}},{"@type":"Person","@id":"https:\/\/blogs.uninter.edu.mx\/difusioncultural\/#\/schema\/person\/c710e37686022500827405824a08a18c","name":"Aslhey Alejandra Gonz\u00e1lez Castro","image":{"@type":"ImageObject","inLanguage":"es","@id":"https:\/\/blogs.uninter.edu.mx\/difusioncultural\/#\/schema\/person\/image\/","url":"https:\/\/secure.gravatar.com\/avatar\/1905d6ed47b47ccbfb53e4b64f72f2017309e25d96ef418088d4f998ecf6552e?s=96&d=mm&r=g","contentUrl":"https:\/\/secure.gravatar.com\/avatar\/1905d6ed47b47ccbfb53e4b64f72f2017309e25d96ef418088d4f998ecf6552e?s=96&d=mm&r=g","caption":"Aslhey Alejandra Gonz\u00e1lez Castro"},"url":"https:\/\/blogs.uninter.edu.mx\/difusioncultural\/?author=24"}]}},"jetpack_publicize_connections":[],"jetpack_featured_media_url":"","jetpack_sharing_enabled":true,"_links":{"self":[{"href":"https:\/\/blogs.uninter.edu.mx\/difusioncultural\/index.php?rest_route=\/wp\/v2\/posts\/1942","targetHints":{"allow":["GET"]}}],"collection":[{"href":"https:\/\/blogs.uninter.edu.mx\/difusioncultural\/index.php?rest_route=\/wp\/v2\/posts"}],"about":[{"href":"https:\/\/blogs.uninter.edu.mx\/difusioncultural\/index.php?rest_route=\/wp\/v2\/types\/post"}],"author":[{"embeddable":true,"href":"https:\/\/blogs.uninter.edu.mx\/difusioncultural\/index.php?rest_route=\/wp\/v2\/users\/24"}],"replies":[{"embeddable":true,"href":"https:\/\/blogs.uninter.edu.mx\/difusioncultural\/index.php?rest_route=%2Fwp%2Fv2%2Fcomments&post=1942"}],"version-history":[{"count":0,"href":"https:\/\/blogs.uninter.edu.mx\/difusioncultural\/index.php?rest_route=\/wp\/v2\/posts\/1942\/revisions"}],"wp:attachment":[{"href":"https:\/\/blogs.uninter.edu.mx\/difusioncultural\/index.php?rest_route=%2Fwp%2Fv2%2Fmedia&parent=1942"}],"wp:term":[{"taxonomy":"category","embeddable":true,"href":"https:\/\/blogs.uninter.edu.mx\/difusioncultural\/index.php?rest_route=%2Fwp%2Fv2%2Fcategories&post=1942"},{"taxonomy":"post_tag","embeddable":true,"href":"https:\/\/blogs.uninter.edu.mx\/difusioncultural\/index.php?rest_route=%2Fwp%2Fv2%2Ftags&post=1942"}],"curies":[{"name":"wp","href":"https:\/\/api.w.org\/{rel}","templated":true}]}}